{"id":69130,"date":"2024-11-13T16:06:31","date_gmt":"2024-11-13T13:06:31","guid":{"rendered":"https:\/\/kibrisdakik.com\/index.php\/2024\/11\/13\/denktas-in-london-sergisi-16-kasimda-acilacak\/"},"modified":"2024-11-13T16:06:31","modified_gmt":"2024-11-13T13:06:31","slug":"denktas-in-london-sergisi-16-kasimda-acilacak","status":"publish","type":"post","link":"https:\/\/kibrisdakik.com\/?p=69130","title":{"rendered":"\u201cDenkta\u015f in London Sergisi\u201d 16 Kas\u0131m\u2019da a\u00e7\u0131lacak"},"content":{"rendered":"<p> <br \/>\n<\/p>\n<div>\n<div class=\"mariselle-image-container none\">\n                <img loading=\"lazy\" decoding=\"async\" width=\"1600\" height=\"1600\" class=\"lazy-image\" alt=\"\" sizes=\"auto, (max-width: 1600px) 100vw, 1600px\" src=\"https:\/\/brtk.net\/wp-content\/uploads\/2024\/11\/13\/sergi-davetiyesi.jpg?ver=5bd5cf3b9e58e31f6003a231904bf216\" srcset=\"https:\/\/brtk.net\/wp-content\/uploads\/2024\/11\/13\/sergi-davetiyesi.jpg?ver=5bd5cf3b9e58e31f6003a231904bf216 1600w, https:\/\/brtk.net\/wp-content\/uploads\/2024\/11\/13\/sergi-davetiyesi-300x300.jpg?ver=5bd5cf3b9e58e31f6003a231904bf216 300w, https:\/\/brtk.net\/wp-content\/uploads\/2024\/11\/13\/sergi-davetiyesi-1024x1024.jpg?ver=7f418b98427daa3eb28e1bef767c6086 1024w, https:\/\/brtk.net\/wp-content\/uploads\/2024\/11\/13\/sergi-davetiyesi-150x150.jpg?ver=7f418b98427daa3eb28e1bef767c6086 150w, https:\/\/brtk.net\/wp-content\/uploads\/2024\/11\/13\/sergi-davetiyesi-768x768.jpg?ver=7f418b98427daa3eb28e1bef767c6086 768w, https:\/\/brtk.net\/wp-content\/uploads\/2024\/11\/13\/sergi-davetiyesi-1536x1536.jpg?ver=4068bf11738afb0b3a5c490bea348a04 1536w, https:\/\/brtk.net\/wp-content\/uploads\/2024\/11\/13\/sergi-davetiyesi-800x800.jpg?ver=96e91fc96859b4e9158c2bab918ffd91 800w\"\/>                            <\/div>\n<p>Kurucu Cumhurba\u015fkan\u0131 Rauf R. Denkta\u015f\u2019\u0131n hayat\u0131n\u0131 konu alan \u201cDenkta\u015f in London Sergisi\u201d 16 Kas\u0131m\u2019da Londra\u2019da a\u00e7\u0131lacak.<\/p>\n<p><a href=\"https:\/\/brtk.net\/\"\/><a href=\"https:\/\/brtk.net\/\"\/><a href=\"https:\/\/brtk.net\/\">KKTC<\/a> Londra Temsilcili\u011fi\u2019nden verilen bilgiye g\u00f6re, Mine Kar ve Cem Kar taraf\u0131ndan haz\u0131rlanan sergi, 16 Kas\u0131m Cumartesi g\u00fcn\u00fc saat 16.30\u2019da Londra Yunus Emre Enstit\u00fcs\u00fc\u2019nde a\u00e7\u0131lacak. Sergi, 30 Kas\u0131m\u2019a kadar 10.00 ile 16.00 saatleri aras\u0131nda gezilebilecek.<\/p>\n<p>Daha \u00f6nce <a href=\"https:\/\/brtk.net\/\"\/><a href=\"https:\/\/brtk.net\/\"\/><a href=\"https:\/\/brtk.net\/\">KKTC<\/a> ve T\u00fcrkiye\u2019nin \u00e7e\u015fitli illerinde a\u00e7\u0131lan sergi, Kurucu Cumhurba\u015fkan\u0131 Rauf Raif Denkta\u015f\u2019\u0131n foto\u011fraf ar\u015fivinde yer alan 50 bin foto\u011fraf aras\u0131ndan se\u00e7ilen 250 foto\u011fraftan olu\u015fuyor.<\/p>\n<p>Sergide, <a href=\"https:\/\/brtk.net\/\"\/><a href=\"https:\/\/brtk.net\/\"\/><a href=\"https:\/\/brtk.net\/\">KKTC<\/a> Kurucu Cumhurba\u015fkan\u0131 Rauf R. Denkta\u015f\u2019\u0131n \u00f6zel ya\u015fam\u0131 ve K\u0131br\u0131s tarihine \u0131\u015f\u0131k tutan s\u00f6zleri ile daha \u00f6nce yay\u0131nlanmam\u0131\u015f foto\u011fraflar\u0131n\u0131n yan\u0131 s\u0131ra \u00e7ocuklu\u011fu, ailesi, m\u00fccadele y\u0131llar\u0131 ve kendi objektifinden olu\u015fan foto\u011fraflar yer al\u0131yor.<\/p>\n<p>Sergi bu \u00f6zellikleri ile Kurucu Cumhurba\u015fkan\u0131 Denkta\u015f\u2019\u0131 ve K\u0131br\u0131s T\u00fcrk halk\u0131n\u0131n \u00f6zg\u00fcrl\u00fck ve ba\u011f\u0131ms\u0131zl\u0131k m\u00fccadelesini foto\u011fraflarla anlatmas\u0131yla ayr\u0131 bir \u00f6nem ta\u015f\u0131yor.<\/p>\n<p>Sergi ayn\u0131 zamanda sanal sergi olarak denktassergi.com web sitesinden gezilebiliyor.<\/p>\n<p>Pools Plus Cyprus ana sponsorlu\u011funda, D\u0131\u015fi\u015fleri Bakanl\u0131\u011f\u0131, T\u00fcrkiye Cumhuriyeti Londra B\u00fcy\u00fckel\u00e7ili\u011fi, <a href=\"https:\/\/brtk.net\/\"\/><a href=\"https:\/\/brtk.net\/\"\/><a href=\"https:\/\/brtk.net\/\">KKTC<\/a> Londra Temsilcili\u011fi ve Londra Yunus Emre Enstit\u00fcs\u00fc\u2019n\u00fcn organizasyonuyla ger\u00e7ekle\u015ftirilecek serginin kargosunu T\u00fcrk Hava Yollar\u0131, tasar\u0131mlar\u0131n\u0131 Abrakadabra \u0130leti\u015fim Y\u00f6netimi (ACM Cyprus), bask\u0131lar\u0131n\u0131 ise Tanman Reklam yapt\u0131.<\/p>\n<\/p><\/div>\n<p><script async\n                    defer\n                    crossorigin=\"anonymous\"\n                    src=\"https:\/\/connect.facebook.net\/tr_TR\/sdk.js#xfbml=1&#038;version=v3.3\"\n            ><\/script><br \/>\n<br \/><br \/>\n<br \/><a href=\"https:\/\/brtk.net\/denktas-in-london-sergisi-16-kasimda-acilacak\/\">kpostasi <\/a><\/p>\n","protected":false},"excerpt":{"rendered":"<p>Kurucu Cumhurba\u015fkan\u0131 Rauf R. Denkta\u015f\u2019\u0131n hayat\u0131n\u0131 konu alan \u201cDenkta\u015f in London Sergisi\u201d 16 Kas\u0131m\u2019da Londra\u2019da a\u00e7\u0131lacak. KKTC Londra Temsilcili\u011fi\u2019nden verilen bilgiye g\u00f6re, Mine Kar ve Cem Kar taraf\u0131ndan haz\u0131rlanan sergi, 16 Kas\u0131m Cumartesi g\u00fcn\u00fc saat 16.30\u2019da Londra Yunus Emre Enstit\u00fcs\u00fc\u2019nde a\u00e7\u0131lacak. Sergi, 30 Kas\u0131m\u2019a kadar 10.00 ile 16.00 saatleri aras\u0131nda gezilebilecek. Daha \u00f6nce KKTC ve<\/p>\n","protected":false},"author":1,"featured_media":69131,"comment_status":"open","ping_status":"open","sticky":false,"template":"","format":"standard","meta":{"footnotes":""},"categories":[1,81],"tags":[],"class_list":["post-69130","post","type-post","status-publish","format-standard","has-post-thumbnail","hentry","category-gundem","category-kibris"],"yoast_head":"<!-- This site is optimized with the Yoast SEO plugin v27.4 - https:\/\/yoast.com\/product\/yoast-seo-wordpress\/ -->\n<title>\u201cDenkta\u015f in London Sergisi\u201d 16 Kas\u0131m\u2019da a\u00e7\u0131lacak -<\/title>\n<meta name=\"robots\" content=\"index, follow, max-snippet:-1, max-image-preview:large, max-video-preview:-1\" \/>\n<link rel=\"canonical\" href=\"https:\/\/kibrisdakik.com\/?p=69130\" \/>\n<meta property=\"og:locale\" content=\"tr_TR\" \/>\n<meta property=\"og:type\" content=\"article\" \/>\n<meta property=\"og:title\" content=\"\u201cDenkta\u015f in London Sergisi\u201d 16 Kas\u0131m\u2019da a\u00e7\u0131lacak -\" \/>\n<meta property=\"og:description\" content=\"Kurucu Cumhurba\u015fkan\u0131 Rauf R. Denkta\u015f\u2019\u0131n hayat\u0131n\u0131 konu alan \u201cDenkta\u015f in London Sergisi\u201d 16 Kas\u0131m\u2019da Londra\u2019da a\u00e7\u0131lacak. KKTC Londra Temsilcili\u011fi\u2019nden verilen bilgiye g\u00f6re, Mine Kar ve Cem Kar taraf\u0131ndan haz\u0131rlanan sergi, 16 Kas\u0131m Cumartesi g\u00fcn\u00fc saat 16.30\u2019da Londra Yunus Emre Enstit\u00fcs\u00fc\u2019nde a\u00e7\u0131lacak. Sergi, 30 Kas\u0131m\u2019a kadar 10.00 ile 16.00 saatleri aras\u0131nda gezilebilecek. Daha \u00f6nce KKTC ve\" \/>\n<meta property=\"og:url\" content=\"https:\/\/kibrisdakik.com\/?p=69130\" \/>\n<meta property=\"article:published_time\" content=\"2024-11-13T13:06:31+00:00\" \/>\n<meta property=\"og:image\" content=\"https:\/\/kibrisdakik.com\/wp-content\/uploads\/2024\/11\/sergi-davetiyesi-740x420.jpg\" \/>\n\t<meta property=\"og:image:width\" content=\"1600\" \/>\n\t<meta property=\"og:image:height\" content=\"1600\" \/>\n\t<meta property=\"og:image:type\" content=\"image\/jpeg\" \/>\n<meta name=\"author\" content=\"admin\" \/>\n<meta name=\"twitter:card\" content=\"summary_large_image\" \/>\n<meta name=\"twitter:label1\" content=\"Yazan:\" \/>\n\t<meta name=\"twitter:data1\" content=\"admin\" \/>\n\t<meta name=\"twitter:label2\" content=\"Tahmini okuma s\u00fcresi\" \/>\n\t<meta name=\"twitter:data2\" content=\"1 dakika\" \/>\n<script type=\"application\/ld+json\" class=\"yoast-schema-graph\">{\"@context\":\"https:\\\/\\\/schema.org\",\"@graph\":[{\"@type\":\"Article\",\"@id\":\"https:\\\/\\\/kibrisdakik.com\\\/?p=69130#article\",\"isPartOf\":{\"@id\":\"https:\\\/\\\/kibrisdakik.com\\\/?p=69130\"},\"author\":{\"name\":\"admin\",\"@id\":\"https:\\\/\\\/kibrisdakik.com\\\/#\\\/schema\\\/person\\\/9cd9d437bbb44f72b73ba127e06d8e79\"},\"headline\":\"\u201cDenkta\u015f in London Sergisi\u201d 16 Kas\u0131m\u2019da a\u00e7\u0131lacak\",\"datePublished\":\"2024-11-13T13:06:31+00:00\",\"mainEntityOfPage\":{\"@id\":\"https:\\\/\\\/kibrisdakik.com\\\/?p=69130\"},\"wordCount\":270,\"commentCount\":0,\"image\":{\"@id\":\"https:\\\/\\\/kibrisdakik.com\\\/?p=69130#primaryimage\"},\"thumbnailUrl\":\"https:\\\/\\\/kibrisdakik.com\\\/wp-content\\\/uploads\\\/2024\\\/11\\\/sergi-davetiyesi-740x420.jpg\",\"articleSection\":[\"G\u00fcndem\",\"K\u0131br\u0131s\"],\"inLanguage\":\"tr\",\"potentialAction\":[{\"@type\":\"CommentAction\",\"name\":\"Comment\",\"target\":[\"https:\\\/\\\/kibrisdakik.com\\\/?p=69130#respond\"]}]},{\"@type\":\"WebPage\",\"@id\":\"https:\\\/\\\/kibrisdakik.com\\\/?p=69130\",\"url\":\"https:\\\/\\\/kibrisdakik.com\\\/?p=69130\",\"name\":\"\u201cDenkta\u015f in London Sergisi\u201d 16 Kas\u0131m\u2019da a\u00e7\u0131lacak -\",\"isPartOf\":{\"@id\":\"https:\\\/\\\/kibrisdakik.com\\\/#website\"},\"primaryImageOfPage\":{\"@id\":\"https:\\\/\\\/kibrisdakik.com\\\/?p=69130#primaryimage\"},\"image\":{\"@id\":\"https:\\\/\\\/kibrisdakik.com\\\/?p=69130#primaryimage\"},\"thumbnailUrl\":\"https:\\\/\\\/kibrisdakik.com\\\/wp-content\\\/uploads\\\/2024\\\/11\\\/sergi-davetiyesi-740x420.jpg\",\"datePublished\":\"2024-11-13T13:06:31+00:00\",\"author\":{\"@id\":\"https:\\\/\\\/kibrisdakik.com\\\/#\\\/schema\\\/person\\\/9cd9d437bbb44f72b73ba127e06d8e79\"},\"breadcrumb\":{\"@id\":\"https:\\\/\\\/kibrisdakik.com\\\/?p=69130#breadcrumb\"},\"inLanguage\":\"tr\",\"potentialAction\":[{\"@type\":\"ReadAction\",\"target\":[\"https:\\\/\\\/kibrisdakik.com\\\/?p=69130\"]}]},{\"@type\":\"ImageObject\",\"inLanguage\":\"tr\",\"@id\":\"https:\\\/\\\/kibrisdakik.com\\\/?p=69130#primaryimage\",\"url\":\"https:\\\/\\\/kibrisdakik.com\\\/wp-content\\\/uploads\\\/2024\\\/11\\\/sergi-davetiyesi-740x420.jpg\",\"contentUrl\":\"https:\\\/\\\/kibrisdakik.com\\\/wp-content\\\/uploads\\\/2024\\\/11\\\/sergi-davetiyesi-740x420.jpg\",\"width\":1600,\"height\":1600},{\"@type\":\"BreadcrumbList\",\"@id\":\"https:\\\/\\\/kibrisdakik.com\\\/?p=69130#breadcrumb\",\"itemListElement\":[{\"@type\":\"ListItem\",\"position\":1,\"name\":\"Home\",\"item\":\"https:\\\/\\\/kibrisdakik.com\\\/\"},{\"@type\":\"ListItem\",\"position\":2,\"name\":\"\u201cDenkta\u015f in London Sergisi\u201d 16 Kas\u0131m\u2019da a\u00e7\u0131lacak\"}]},{\"@type\":\"WebSite\",\"@id\":\"https:\\\/\\\/kibrisdakik.com\\\/#website\",\"url\":\"https:\\\/\\\/kibrisdakik.com\\\/\",\"name\":\"\",\"description\":\"Tam vaktinde haber\",\"potentialAction\":[{\"@type\":\"SearchAction\",\"target\":{\"@type\":\"EntryPoint\",\"urlTemplate\":\"https:\\\/\\\/kibrisdakik.com\\\/?s={search_term_string}\"},\"query-input\":{\"@type\":\"PropertyValueSpecification\",\"valueRequired\":true,\"valueName\":\"search_term_string\"}}],\"inLanguage\":\"tr\"},{\"@type\":\"Person\",\"@id\":\"https:\\\/\\\/kibrisdakik.com\\\/#\\\/schema\\\/person\\\/9cd9d437bbb44f72b73ba127e06d8e79\",\"name\":\"admin\",\"image\":{\"@type\":\"ImageObject\",\"inLanguage\":\"tr\",\"@id\":\"https:\\\/\\\/secure.gravatar.com\\\/avatar\\\/ccc17943b9d660506c869530f897617f7cb1c21a4bf30023f252596d83e1f007?s=96&d=mm&r=g\",\"url\":\"https:\\\/\\\/secure.gravatar.com\\\/avatar\\\/ccc17943b9d660506c869530f897617f7cb1c21a4bf30023f252596d83e1f007?s=96&d=mm&r=g\",\"contentUrl\":\"https:\\\/\\\/secure.gravatar.com\\\/avatar\\\/ccc17943b9d660506c869530f897617f7cb1c21a4bf30023f252596d83e1f007?s=96&d=mm&r=g\",\"caption\":\"admin\"},\"sameAs\":[\"https:\\\/\\\/kibrisdakik.com\"],\"url\":\"https:\\\/\\\/kibrisdakik.com\\\/?author=1\"}]}<\/script>\n<!-- \/ Yoast SEO plugin. -->","yoast_head_json":{"title":"\u201cDenkta\u015f in London Sergisi\u201d 16 Kas\u0131m\u2019da a\u00e7\u0131lacak -","robots":{"index":"index","follow":"follow","max-snippet":"max-snippet:-1","max-image-preview":"max-image-preview:large","max-video-preview":"max-video-preview:-1"},"canonical":"https:\/\/kibrisdakik.com\/?p=69130","og_locale":"tr_TR","og_type":"article","og_title":"\u201cDenkta\u015f in London Sergisi\u201d 16 Kas\u0131m\u2019da a\u00e7\u0131lacak -","og_description":"Kurucu Cumhurba\u015fkan\u0131 Rauf R. Denkta\u015f\u2019\u0131n hayat\u0131n\u0131 konu alan \u201cDenkta\u015f in London Sergisi\u201d 16 Kas\u0131m\u2019da Londra\u2019da a\u00e7\u0131lacak. KKTC Londra Temsilcili\u011fi\u2019nden verilen bilgiye g\u00f6re, Mine Kar ve Cem Kar taraf\u0131ndan haz\u0131rlanan sergi, 16 Kas\u0131m Cumartesi g\u00fcn\u00fc saat 16.30\u2019da Londra Yunus Emre Enstit\u00fcs\u00fc\u2019nde a\u00e7\u0131lacak. Sergi, 30 Kas\u0131m\u2019a kadar 10.00 ile 16.00 saatleri aras\u0131nda gezilebilecek. Daha \u00f6nce KKTC ve","og_url":"https:\/\/kibrisdakik.com\/?p=69130","article_published_time":"2024-11-13T13:06:31+00:00","og_image":[{"width":1600,"height":1600,"url":"https:\/\/kibrisdakik.com\/wp-content\/uploads\/2024\/11\/sergi-davetiyesi-740x420.jpg","type":"image\/jpeg"}],"author":"admin","twitter_card":"summary_large_image","twitter_misc":{"Yazan:":"admin","Tahmini okuma s\u00fcresi":"1 dakika"},"schema":{"@context":"https:\/\/schema.org","@graph":[{"@type":"Article","@id":"https:\/\/kibrisdakik.com\/?p=69130#article","isPartOf":{"@id":"https:\/\/kibrisdakik.com\/?p=69130"},"author":{"name":"admin","@id":"https:\/\/kibrisdakik.com\/#\/schema\/person\/9cd9d437bbb44f72b73ba127e06d8e79"},"headline":"\u201cDenkta\u015f in London Sergisi\u201d 16 Kas\u0131m\u2019da a\u00e7\u0131lacak","datePublished":"2024-11-13T13:06:31+00:00","mainEntityOfPage":{"@id":"https:\/\/kibrisdakik.com\/?p=69130"},"wordCount":270,"commentCount":0,"image":{"@id":"https:\/\/kibrisdakik.com\/?p=69130#primaryimage"},"thumbnailUrl":"https:\/\/kibrisdakik.com\/wp-content\/uploads\/2024\/11\/sergi-davetiyesi-740x420.jpg","articleSection":["G\u00fcndem","K\u0131br\u0131s"],"inLanguage":"tr","potentialAction":[{"@type":"CommentAction","name":"Comment","target":["https:\/\/kibrisdakik.com\/?p=69130#respond"]}]},{"@type":"WebPage","@id":"https:\/\/kibrisdakik.com\/?p=69130","url":"https:\/\/kibrisdakik.com\/?p=69130","name":"\u201cDenkta\u015f in London Sergisi\u201d 16 Kas\u0131m\u2019da a\u00e7\u0131lacak -","isPartOf":{"@id":"https:\/\/kibrisdakik.com\/#website"},"primaryImageOfPage":{"@id":"https:\/\/kibrisdakik.com\/?p=69130#primaryimage"},"image":{"@id":"https:\/\/kibrisdakik.com\/?p=69130#primaryimage"},"thumbnailUrl":"https:\/\/kibrisdakik.com\/wp-content\/uploads\/2024\/11\/sergi-davetiyesi-740x420.jpg","datePublished":"2024-11-13T13:06:31+00:00","author":{"@id":"https:\/\/kibrisdakik.com\/#\/schema\/person\/9cd9d437bbb44f72b73ba127e06d8e79"},"breadcrumb":{"@id":"https:\/\/kibrisdakik.com\/?p=69130#breadcrumb"},"inLanguage":"tr","potentialAction":[{"@type":"ReadAction","target":["https:\/\/kibrisdakik.com\/?p=69130"]}]},{"@type":"ImageObject","inLanguage":"tr","@id":"https:\/\/kibrisdakik.com\/?p=69130#primaryimage","url":"https:\/\/kibrisdakik.com\/wp-content\/uploads\/2024\/11\/sergi-davetiyesi-740x420.jpg","contentUrl":"https:\/\/kibrisdakik.com\/wp-content\/uploads\/2024\/11\/sergi-davetiyesi-740x420.jpg","width":1600,"height":1600},{"@type":"BreadcrumbList","@id":"https:\/\/kibrisdakik.com\/?p=69130#breadcrumb","itemListElement":[{"@type":"ListItem","position":1,"name":"Home","item":"https:\/\/kibrisdakik.com\/"},{"@type":"ListItem","position":2,"name":"\u201cDenkta\u015f in London Sergisi\u201d 16 Kas\u0131m\u2019da a\u00e7\u0131lacak"}]},{"@type":"WebSite","@id":"https:\/\/kibrisdakik.com\/#website","url":"https:\/\/kibrisdakik.com\/","name":"","description":"Tam vaktinde haber","potentialAction":[{"@type":"SearchAction","target":{"@type":"EntryPoint","urlTemplate":"https:\/\/kibrisdakik.com\/?s={search_term_string}"},"query-input":{"@type":"PropertyValueSpecification","valueRequired":true,"valueName":"search_term_string"}}],"inLanguage":"tr"},{"@type":"Person","@id":"https:\/\/kibrisdakik.com\/#\/schema\/person\/9cd9d437bbb44f72b73ba127e06d8e79","name":"admin","image":{"@type":"ImageObject","inLanguage":"tr","@id":"https:\/\/secure.gravatar.com\/avatar\/ccc17943b9d660506c869530f897617f7cb1c21a4bf30023f252596d83e1f007?s=96&d=mm&r=g","url":"https:\/\/secure.gravatar.com\/avatar\/ccc17943b9d660506c869530f897617f7cb1c21a4bf30023f252596d83e1f007?s=96&d=mm&r=g","contentUrl":"https:\/\/secure.gravatar.com\/avatar\/ccc17943b9d660506c869530f897617f7cb1c21a4bf30023f252596d83e1f007?s=96&d=mm&r=g","caption":"admin"},"sameAs":["https:\/\/kibrisdakik.com"],"url":"https:\/\/kibrisdakik.com\/?author=1"}]}},"_links":{"self":[{"href":"https:\/\/kibrisdakik.com\/index.php?rest_route=\/wp\/v2\/posts\/69130","targetHints":{"allow":["GET"]}}],"collection":[{"href":"https:\/\/kibrisdakik.com\/index.php?rest_route=\/wp\/v2\/posts"}],"about":[{"href":"https:\/\/kibrisdakik.com\/index.php?rest_route=\/wp\/v2\/types\/post"}],"author":[{"embeddable":true,"href":"https:\/\/kibrisdakik.com\/index.php?rest_route=\/wp\/v2\/users\/1"}],"replies":[{"embeddable":true,"href":"https:\/\/kibrisdakik.com\/index.php?rest_route=%2Fwp%2Fv2%2Fcomments&post=69130"}],"version-history":[{"count":0,"href":"https:\/\/kibrisdakik.com\/index.php?rest_route=\/wp\/v2\/posts\/69130\/revisions"}],"wp:featuredmedia":[{"embeddable":true,"href":"https:\/\/kibrisdakik.com\/index.php?rest_route=\/wp\/v2\/media\/69131"}],"wp:attachment":[{"href":"https:\/\/kibrisdakik.com\/index.php?rest_route=%2Fwp%2Fv2%2Fmedia&parent=69130"}],"wp:term":[{"taxonomy":"category","embeddable":true,"href":"https:\/\/kibrisdakik.com\/index.php?rest_route=%2Fwp%2Fv2%2Fcategories&post=69130"},{"taxonomy":"post_tag","embeddable":true,"href":"https:\/\/kibrisdakik.com\/index.php?rest_route=%2Fwp%2Fv2%2Ftags&post=69130"}],"curies":[{"name":"wp","href":"https:\/\/api.w.org\/{rel}","templated":true}]}}