{"id":69134,"date":"2024-11-14T15:13:45","date_gmt":"2024-11-14T12:13:45","guid":{"rendered":"https:\/\/kibrisdakik.com\/index.php\/2024\/11\/14\/kktc-41-yasinda-dr-fazil-kucuk-anit-mezarinda-toren-duzenlendi\/"},"modified":"2024-11-14T15:13:45","modified_gmt":"2024-11-14T12:13:45","slug":"kktc-41-yasinda-dr-fazil-kucuk-anit-mezarinda-toren-duzenlendi","status":"publish","type":"post","link":"https:\/\/kibrisdakik.com\/?p=69134","title":{"rendered":"KKTC 41 ya\u015f\u0131nda\u2026 Dr. Faz\u0131l K\u00fc\u00e7\u00fck An\u0131t Mezar\u0131\u2019nda t\u00f6ren d\u00fczenlendi"},"content":{"rendered":"<div>\n<div class=\"mariselle-image-container center\">\n                                            <\/div>\n<p>\nKKTC\u2018nin kurulu\u015funun 41. y\u0131l d\u00f6n\u00fcm\u00fc nedeniyle Hamitk\u00f6y\u2019de bulunan Dr. Faz\u0131l K\u00fc\u00e7\u00fck An\u0131t Mezar\u0131\u2019nda t\u00f6ren d\u00fczenlendi.<\/p>\n<p>Cumhurba\u015fkan\u0131 Ersin Tatar\u2018\u0131n yan\u0131 s\u0131ra Meclis Ba\u015fkan\u0131 Ziya \u00d6zt\u00fcrkler, Ba\u015fbakan \u00dcnal \u00dcstel, Y\u00fcksek Mahkeme Ba\u015fkan\u0131 Bertan \u00d6zerda\u011f, 2. Cumhurba\u015fkan\u0131 Mehmet Ali Talat, Meclis Ba\u015fkan Yard\u0131mc\u0131s\u0131 Fazilet \u00d6zdenefe, ana muhalefet CTP Genel Ba\u015fkan\u0131 Tufan Erh\u00fcrman, baz\u0131 bakanlar, milletvekilleri di\u011fer sivil ve askeri zevat kat\u0131ld\u0131.<\/p>\n<p>An\u0131ta \u00e7elenk sunulmas\u0131yla ba\u015flayan t\u00f6rende, sayg\u0131 duru\u015fu ve \u0130stikl\u00e2l Mar\u015f\u0131 e\u015fli\u011finde bayraklar\u0131n g\u00f6ndere \u00e7ekilmesinin ard\u0131ndan an\u0131t \u00f6zel defteri imzaland\u0131.<\/p>\n<p>Cumhurba\u015fkan\u0131 Ersin Tatar an\u0131t \u00f6zel defterine \u015funlar\u0131 yazd\u0131:<\/p>\n<p>\u201cK\u0131br\u0131s T\u00fcrk m\u00fccadele tarihinin unutulmaz Lideri Doktor F\u00e2z\u0131l K\u00fc\u00e7\u00fck; hekim, yay\u0131mc\u0131 ve siyaset\u00e7i kimli\u011finizle K\u0131br\u0131s T\u00fcrk halk\u0131na uzun y\u0131llar boyunca \u00f6zveriyle \u00fcst\u00fcn hizmetler sundunuz. K\u0131br\u0131s T\u00fcrk halk\u0131n\u0131n ba\u011f\u0131ms\u0131zl\u0131k ve varolu\u015f m\u00fccadelesinde simgele\u015fmi\u015f bir \u00f6nc\u00fc oldunuz; bug\u00fcn 41. y\u0131l\u0131n\u0131 kutlad\u0131\u011f\u0131m\u0131z devletimizin temellerini atan isimler aras\u0131ndas\u0131n\u0131z.<\/p>\n<p>K\u0131br\u0131s T\u00fcrk halk\u0131n\u0131n \u00f6zg\u00fcrl\u00fck, g\u00fcvenlik ve e\u015fitli\u011fini sa\u011flayacak, egemen e\u015fitlik ve e\u015fit uluslararas\u0131 stat\u00fc, hedefiyle bir \u00e7\u00f6z\u00fcm aray\u0131\u015f\u0131ndaysak, bu arzumuzun k\u00f6kleri sizin liderli\u011finizde y\u00fcr\u00fct\u00fclen onurlu varolu\u015f m\u00fccadelesinde yatmaktad\u0131r.<\/p>\n<p>Bug\u00fcn bizlere b\u0131rakt\u0131\u011f\u0131n\u0131z bu mutlu miras do\u011frultusunda, T\u00fcrkiye Cumhuriyeti\u2019nin etkin ve fiili garantisi ile uluslararas\u0131 alanda KKTC\u2018ye sundu\u011fu destekle ayn\u0131 kararl\u0131l\u0131kla yolumuza devam etmekteyiz.<\/p>\n<p>Emsalsiz katk\u0131lar\u0131n\u0131z ve halk\u0131m\u0131z i\u00e7in g\u00f6sterdi\u011finiz fedak\u00e2rl\u0131klar her zaman minnetle an\u0131lacak; sizin \u00e7izdi\u011finiz yolda y\u00fcr\u00fcmeye kararl\u0131l\u0131kla devam edece\u011fiz. Ruhunuz \u015fad olsun.\u201d<\/p>\n<\/p><\/div>\n<p><script async\n                    defer\n                    crossorigin=\"anonymous\"\n                    src=\"https:\/\/connect.facebook.net\/tr_TR\/sdk.js#xfbml=1&#038;version=v3.3\"\n            ><\/script><\/p>\n","protected":false},"excerpt":{"rendered":"<p>KKTC\u2018nin kurulu\u015funun 41. y\u0131l d\u00f6n\u00fcm\u00fc nedeniyle Hamitk\u00f6y\u2019de bulunan Dr. Faz\u0131l K\u00fc\u00e7\u00fck An\u0131t Mezar\u0131\u2019nda t\u00f6ren d\u00fczenlendi. Cumhurba\u015fkan\u0131 Ersin Tatar\u2018\u0131n yan\u0131 s\u0131ra Meclis Ba\u015fkan\u0131 Ziya \u00d6zt\u00fcrkler, Ba\u015fbakan \u00dcnal \u00dcstel, Y\u00fcksek Mahkeme Ba\u015fkan\u0131 Bertan \u00d6zerda\u011f, 2. Cumhurba\u015fkan\u0131 Mehmet Ali Talat, Meclis Ba\u015fkan Yard\u0131mc\u0131s\u0131 Fazilet \u00d6zdenefe, ana muhalefet CTP Genel Ba\u015fkan\u0131 Tufan Erh\u00fcrman, baz\u0131 bakanlar, milletvekilleri di\u011fer sivil ve<\/p>\n","protected":false},"author":1,"featured_media":69135,"comment_status":"open","ping_status":"open","sticky":false,"template":"","format":"standard","meta":{"footnotes":""},"categories":[81],"tags":[],"class_list":["post-69134","post","type-post","status-publish","format-standard","has-post-thumbnail","hentry","category-kibris"],"yoast_head":"<!-- This site is optimized with the Yoast SEO plugin v27.4 - https:\/\/yoast.com\/product\/yoast-seo-wordpress\/ -->\n<title>KKTC 41 ya\u015f\u0131nda\u2026 Dr. Faz\u0131l K\u00fc\u00e7\u00fck An\u0131t Mezar\u0131\u2019nda t\u00f6ren d\u00fczenlendi -<\/title>\n<meta name=\"robots\" content=\"index, follow, max-snippet:-1, max-image-preview:large, max-video-preview:-1\" \/>\n<link rel=\"canonical\" href=\"https:\/\/kibrisdakik.com\/?p=69134\" \/>\n<meta property=\"og:locale\" content=\"tr_TR\" \/>\n<meta property=\"og:type\" content=\"article\" \/>\n<meta property=\"og:title\" content=\"KKTC 41 ya\u015f\u0131nda\u2026 Dr. Faz\u0131l K\u00fc\u00e7\u00fck An\u0131t Mezar\u0131\u2019nda t\u00f6ren d\u00fczenlendi -\" \/>\n<meta property=\"og:description\" content=\"KKTC\u2018nin kurulu\u015funun 41. y\u0131l d\u00f6n\u00fcm\u00fc nedeniyle Hamitk\u00f6y\u2019de bulunan Dr. Faz\u0131l K\u00fc\u00e7\u00fck An\u0131t Mezar\u0131\u2019nda t\u00f6ren d\u00fczenlendi. Cumhurba\u015fkan\u0131 Ersin Tatar\u2018\u0131n yan\u0131 s\u0131ra Meclis Ba\u015fkan\u0131 Ziya \u00d6zt\u00fcrkler, Ba\u015fbakan \u00dcnal \u00dcstel, Y\u00fcksek Mahkeme Ba\u015fkan\u0131 Bertan \u00d6zerda\u011f, 2. Cumhurba\u015fkan\u0131 Mehmet Ali Talat, Meclis Ba\u015fkan Yard\u0131mc\u0131s\u0131 Fazilet \u00d6zdenefe, ana muhalefet CTP Genel Ba\u015fkan\u0131 Tufan Erh\u00fcrman, baz\u0131 bakanlar, milletvekilleri di\u011fer sivil ve\" \/>\n<meta property=\"og:url\" content=\"https:\/\/kibrisdakik.com\/?p=69134\" \/>\n<meta property=\"article:published_time\" content=\"2024-11-14T12:13:45+00:00\" \/>\n<meta property=\"og:image\" content=\"https:\/\/kibrisdakik.com\/wp-content\/uploads\/2024\/11\/dr-kucuk-anit-mezarinda-toren-3--740x420.jpg\" \/>\n\t<meta property=\"og:image:width\" content=\"1691\" \/>\n\t<meta property=\"og:image:height\" content=\"1119\" \/>\n\t<meta property=\"og:image:type\" content=\"image\/jpeg\" \/>\n<meta name=\"author\" content=\"admin\" \/>\n<meta name=\"twitter:card\" content=\"summary_large_image\" \/>\n<meta name=\"twitter:label1\" content=\"Yazan:\" \/>\n\t<meta name=\"twitter:data1\" content=\"admin\" \/>\n\t<meta name=\"twitter:label2\" content=\"Tahmini okuma s\u00fcresi\" \/>\n\t<meta name=\"twitter:data2\" content=\"2 dakika\" \/>\n<script type=\"application\/ld+json\" class=\"yoast-schema-graph\">{\"@context\":\"https:\\\/\\\/schema.org\",\"@graph\":[{\"@type\":\"Article\",\"@id\":\"https:\\\/\\\/kibrisdakik.com\\\/?p=69134#article\",\"isPartOf\":{\"@id\":\"https:\\\/\\\/kibrisdakik.com\\\/?p=69134\"},\"author\":{\"name\":\"admin\",\"@id\":\"https:\\\/\\\/kibrisdakik.com\\\/#\\\/schema\\\/person\\\/9cd9d437bbb44f72b73ba127e06d8e79\"},\"headline\":\"KKTC 41 ya\u015f\u0131nda\u2026 Dr. Faz\u0131l K\u00fc\u00e7\u00fck An\u0131t Mezar\u0131\u2019nda t\u00f6ren d\u00fczenlendi\",\"datePublished\":\"2024-11-14T12:13:45+00:00\",\"mainEntityOfPage\":{\"@id\":\"https:\\\/\\\/kibrisdakik.com\\\/?p=69134\"},\"wordCount\":342,\"commentCount\":0,\"image\":{\"@id\":\"https:\\\/\\\/kibrisdakik.com\\\/?p=69134#primaryimage\"},\"thumbnailUrl\":\"https:\\\/\\\/kibrisdakik.com\\\/wp-content\\\/uploads\\\/2024\\\/11\\\/dr-kucuk-anit-mezarinda-toren-3--740x420.jpg\",\"articleSection\":[\"K\u0131br\u0131s\"],\"inLanguage\":\"tr\",\"potentialAction\":[{\"@type\":\"CommentAction\",\"name\":\"Comment\",\"target\":[\"https:\\\/\\\/kibrisdakik.com\\\/?p=69134#respond\"]}]},{\"@type\":\"WebPage\",\"@id\":\"https:\\\/\\\/kibrisdakik.com\\\/?p=69134\",\"url\":\"https:\\\/\\\/kibrisdakik.com\\\/?p=69134\",\"name\":\"KKTC 41 ya\u015f\u0131nda\u2026 Dr. Faz\u0131l K\u00fc\u00e7\u00fck An\u0131t Mezar\u0131\u2019nda t\u00f6ren d\u00fczenlendi -\",\"isPartOf\":{\"@id\":\"https:\\\/\\\/kibrisdakik.com\\\/#website\"},\"primaryImageOfPage\":{\"@id\":\"https:\\\/\\\/kibrisdakik.com\\\/?p=69134#primaryimage\"},\"image\":{\"@id\":\"https:\\\/\\\/kibrisdakik.com\\\/?p=69134#primaryimage\"},\"thumbnailUrl\":\"https:\\\/\\\/kibrisdakik.com\\\/wp-content\\\/uploads\\\/2024\\\/11\\\/dr-kucuk-anit-mezarinda-toren-3--740x420.jpg\",\"datePublished\":\"2024-11-14T12:13:45+00:00\",\"author\":{\"@id\":\"https:\\\/\\\/kibrisdakik.com\\\/#\\\/schema\\\/person\\\/9cd9d437bbb44f72b73ba127e06d8e79\"},\"breadcrumb\":{\"@id\":\"https:\\\/\\\/kibrisdakik.com\\\/?p=69134#breadcrumb\"},\"inLanguage\":\"tr\",\"potentialAction\":[{\"@type\":\"ReadAction\",\"target\":[\"https:\\\/\\\/kibrisdakik.com\\\/?p=69134\"]}]},{\"@type\":\"ImageObject\",\"inLanguage\":\"tr\",\"@id\":\"https:\\\/\\\/kibrisdakik.com\\\/?p=69134#primaryimage\",\"url\":\"https:\\\/\\\/kibrisdakik.com\\\/wp-content\\\/uploads\\\/2024\\\/11\\\/dr-kucuk-anit-mezarinda-toren-3--740x420.jpg\",\"contentUrl\":\"https:\\\/\\\/kibrisdakik.com\\\/wp-content\\\/uploads\\\/2024\\\/11\\\/dr-kucuk-anit-mezarinda-toren-3--740x420.jpg\",\"width\":1691,\"height\":1119},{\"@type\":\"BreadcrumbList\",\"@id\":\"https:\\\/\\\/kibrisdakik.com\\\/?p=69134#breadcrumb\",\"itemListElement\":[{\"@type\":\"ListItem\",\"position\":1,\"name\":\"Home\",\"item\":\"https:\\\/\\\/kibrisdakik.com\\\/\"},{\"@type\":\"ListItem\",\"position\":2,\"name\":\"KKTC 41 ya\u015f\u0131nda\u2026 Dr. Faz\u0131l K\u00fc\u00e7\u00fck An\u0131t Mezar\u0131\u2019nda t\u00f6ren d\u00fczenlendi\"}]},{\"@type\":\"WebSite\",\"@id\":\"https:\\\/\\\/kibrisdakik.com\\\/#website\",\"url\":\"https:\\\/\\\/kibrisdakik.com\\\/\",\"name\":\"\",\"description\":\"Tam vaktinde haber\",\"potentialAction\":[{\"@type\":\"SearchAction\",\"target\":{\"@type\":\"EntryPoint\",\"urlTemplate\":\"https:\\\/\\\/kibrisdakik.com\\\/?s={search_term_string}\"},\"query-input\":{\"@type\":\"PropertyValueSpecification\",\"valueRequired\":true,\"valueName\":\"search_term_string\"}}],\"inLanguage\":\"tr\"},{\"@type\":\"Person\",\"@id\":\"https:\\\/\\\/kibrisdakik.com\\\/#\\\/schema\\\/person\\\/9cd9d437bbb44f72b73ba127e06d8e79\",\"name\":\"admin\",\"image\":{\"@type\":\"ImageObject\",\"inLanguage\":\"tr\",\"@id\":\"https:\\\/\\\/secure.gravatar.com\\\/avatar\\\/ccc17943b9d660506c869530f897617f7cb1c21a4bf30023f252596d83e1f007?s=96&d=mm&r=g\",\"url\":\"https:\\\/\\\/secure.gravatar.com\\\/avatar\\\/ccc17943b9d660506c869530f897617f7cb1c21a4bf30023f252596d83e1f007?s=96&d=mm&r=g\",\"contentUrl\":\"https:\\\/\\\/secure.gravatar.com\\\/avatar\\\/ccc17943b9d660506c869530f897617f7cb1c21a4bf30023f252596d83e1f007?s=96&d=mm&r=g\",\"caption\":\"admin\"},\"sameAs\":[\"https:\\\/\\\/kibrisdakik.com\"],\"url\":\"https:\\\/\\\/kibrisdakik.com\\\/?author=1\"}]}<\/script>\n<!-- \/ Yoast SEO plugin. -->","yoast_head_json":{"title":"KKTC 41 ya\u015f\u0131nda\u2026 Dr. Faz\u0131l K\u00fc\u00e7\u00fck An\u0131t Mezar\u0131\u2019nda t\u00f6ren d\u00fczenlendi -","robots":{"index":"index","follow":"follow","max-snippet":"max-snippet:-1","max-image-preview":"max-image-preview:large","max-video-preview":"max-video-preview:-1"},"canonical":"https:\/\/kibrisdakik.com\/?p=69134","og_locale":"tr_TR","og_type":"article","og_title":"KKTC 41 ya\u015f\u0131nda\u2026 Dr. Faz\u0131l K\u00fc\u00e7\u00fck An\u0131t Mezar\u0131\u2019nda t\u00f6ren d\u00fczenlendi -","og_description":"KKTC\u2018nin kurulu\u015funun 41. y\u0131l d\u00f6n\u00fcm\u00fc nedeniyle Hamitk\u00f6y\u2019de bulunan Dr. Faz\u0131l K\u00fc\u00e7\u00fck An\u0131t Mezar\u0131\u2019nda t\u00f6ren d\u00fczenlendi. Cumhurba\u015fkan\u0131 Ersin Tatar\u2018\u0131n yan\u0131 s\u0131ra Meclis Ba\u015fkan\u0131 Ziya \u00d6zt\u00fcrkler, Ba\u015fbakan \u00dcnal \u00dcstel, Y\u00fcksek Mahkeme Ba\u015fkan\u0131 Bertan \u00d6zerda\u011f, 2. Cumhurba\u015fkan\u0131 Mehmet Ali Talat, Meclis Ba\u015fkan Yard\u0131mc\u0131s\u0131 Fazilet \u00d6zdenefe, ana muhalefet CTP Genel Ba\u015fkan\u0131 Tufan Erh\u00fcrman, baz\u0131 bakanlar, milletvekilleri di\u011fer sivil ve","og_url":"https:\/\/kibrisdakik.com\/?p=69134","article_published_time":"2024-11-14T12:13:45+00:00","og_image":[{"width":1691,"height":1119,"url":"https:\/\/kibrisdakik.com\/wp-content\/uploads\/2024\/11\/dr-kucuk-anit-mezarinda-toren-3--740x420.jpg","type":"image\/jpeg"}],"author":"admin","twitter_card":"summary_large_image","twitter_misc":{"Yazan:":"admin","Tahmini okuma s\u00fcresi":"2 dakika"},"schema":{"@context":"https:\/\/schema.org","@graph":[{"@type":"Article","@id":"https:\/\/kibrisdakik.com\/?p=69134#article","isPartOf":{"@id":"https:\/\/kibrisdakik.com\/?p=69134"},"author":{"name":"admin","@id":"https:\/\/kibrisdakik.com\/#\/schema\/person\/9cd9d437bbb44f72b73ba127e06d8e79"},"headline":"KKTC 41 ya\u015f\u0131nda\u2026 Dr. Faz\u0131l K\u00fc\u00e7\u00fck An\u0131t Mezar\u0131\u2019nda t\u00f6ren d\u00fczenlendi","datePublished":"2024-11-14T12:13:45+00:00","mainEntityOfPage":{"@id":"https:\/\/kibrisdakik.com\/?p=69134"},"wordCount":342,"commentCount":0,"image":{"@id":"https:\/\/kibrisdakik.com\/?p=69134#primaryimage"},"thumbnailUrl":"https:\/\/kibrisdakik.com\/wp-content\/uploads\/2024\/11\/dr-kucuk-anit-mezarinda-toren-3--740x420.jpg","articleSection":["K\u0131br\u0131s"],"inLanguage":"tr","potentialAction":[{"@type":"CommentAction","name":"Comment","target":["https:\/\/kibrisdakik.com\/?p=69134#respond"]}]},{"@type":"WebPage","@id":"https:\/\/kibrisdakik.com\/?p=69134","url":"https:\/\/kibrisdakik.com\/?p=69134","name":"KKTC 41 ya\u015f\u0131nda\u2026 Dr. Faz\u0131l K\u00fc\u00e7\u00fck An\u0131t Mezar\u0131\u2019nda t\u00f6ren d\u00fczenlendi -","isPartOf":{"@id":"https:\/\/kibrisdakik.com\/#website"},"primaryImageOfPage":{"@id":"https:\/\/kibrisdakik.com\/?p=69134#primaryimage"},"image":{"@id":"https:\/\/kibrisdakik.com\/?p=69134#primaryimage"},"thumbnailUrl":"https:\/\/kibrisdakik.com\/wp-content\/uploads\/2024\/11\/dr-kucuk-anit-mezarinda-toren-3--740x420.jpg","datePublished":"2024-11-14T12:13:45+00:00","author":{"@id":"https:\/\/kibrisdakik.com\/#\/schema\/person\/9cd9d437bbb44f72b73ba127e06d8e79"},"breadcrumb":{"@id":"https:\/\/kibrisdakik.com\/?p=69134#breadcrumb"},"inLanguage":"tr","potentialAction":[{"@type":"ReadAction","target":["https:\/\/kibrisdakik.com\/?p=69134"]}]},{"@type":"ImageObject","inLanguage":"tr","@id":"https:\/\/kibrisdakik.com\/?p=69134#primaryimage","url":"https:\/\/kibrisdakik.com\/wp-content\/uploads\/2024\/11\/dr-kucuk-anit-mezarinda-toren-3--740x420.jpg","contentUrl":"https:\/\/kibrisdakik.com\/wp-content\/uploads\/2024\/11\/dr-kucuk-anit-mezarinda-toren-3--740x420.jpg","width":1691,"height":1119},{"@type":"BreadcrumbList","@id":"https:\/\/kibrisdakik.com\/?p=69134#breadcrumb","itemListElement":[{"@type":"ListItem","position":1,"name":"Home","item":"https:\/\/kibrisdakik.com\/"},{"@type":"ListItem","position":2,"name":"KKTC 41 ya\u015f\u0131nda\u2026 Dr. Faz\u0131l K\u00fc\u00e7\u00fck An\u0131t Mezar\u0131\u2019nda t\u00f6ren d\u00fczenlendi"}]},{"@type":"WebSite","@id":"https:\/\/kibrisdakik.com\/#website","url":"https:\/\/kibrisdakik.com\/","name":"","description":"Tam vaktinde haber","potentialAction":[{"@type":"SearchAction","target":{"@type":"EntryPoint","urlTemplate":"https:\/\/kibrisdakik.com\/?s={search_term_string}"},"query-input":{"@type":"PropertyValueSpecification","valueRequired":true,"valueName":"search_term_string"}}],"inLanguage":"tr"},{"@type":"Person","@id":"https:\/\/kibrisdakik.com\/#\/schema\/person\/9cd9d437bbb44f72b73ba127e06d8e79","name":"admin","image":{"@type":"ImageObject","inLanguage":"tr","@id":"https:\/\/secure.gravatar.com\/avatar\/ccc17943b9d660506c869530f897617f7cb1c21a4bf30023f252596d83e1f007?s=96&d=mm&r=g","url":"https:\/\/secure.gravatar.com\/avatar\/ccc17943b9d660506c869530f897617f7cb1c21a4bf30023f252596d83e1f007?s=96&d=mm&r=g","contentUrl":"https:\/\/secure.gravatar.com\/avatar\/ccc17943b9d660506c869530f897617f7cb1c21a4bf30023f252596d83e1f007?s=96&d=mm&r=g","caption":"admin"},"sameAs":["https:\/\/kibrisdakik.com"],"url":"https:\/\/kibrisdakik.com\/?author=1"}]}},"_links":{"self":[{"href":"https:\/\/kibrisdakik.com\/index.php?rest_route=\/wp\/v2\/posts\/69134","targetHints":{"allow":["GET"]}}],"collection":[{"href":"https:\/\/kibrisdakik.com\/index.php?rest_route=\/wp\/v2\/posts"}],"about":[{"href":"https:\/\/kibrisdakik.com\/index.php?rest_route=\/wp\/v2\/types\/post"}],"author":[{"embeddable":true,"href":"https:\/\/kibrisdakik.com\/index.php?rest_route=\/wp\/v2\/users\/1"}],"replies":[{"embeddable":true,"href":"https:\/\/kibrisdakik.com\/index.php?rest_route=%2Fwp%2Fv2%2Fcomments&post=69134"}],"version-history":[{"count":0,"href":"https:\/\/kibrisdakik.com\/index.php?rest_route=\/wp\/v2\/posts\/69134\/revisions"}],"wp:featuredmedia":[{"embeddable":true,"href":"https:\/\/kibrisdakik.com\/index.php?rest_route=\/wp\/v2\/media\/69135"}],"wp:attachment":[{"href":"https:\/\/kibrisdakik.com\/index.php?rest_route=%2Fwp%2Fv2%2Fmedia&parent=69134"}],"wp:term":[{"taxonomy":"category","embeddable":true,"href":"https:\/\/kibrisdakik.com\/index.php?rest_route=%2Fwp%2Fv2%2Fcategories&post=69134"},{"taxonomy":"post_tag","embeddable":true,"href":"https:\/\/kibrisdakik.com\/index.php?rest_route=%2Fwp%2Fv2%2Ftags&post=69134"}],"curies":[{"name":"wp","href":"https:\/\/api.w.org\/{rel}","templated":true}]}}