{"id":69173,"date":"2024-11-14T19:07:36","date_gmt":"2024-11-14T16:07:36","guid":{"rendered":"https:\/\/kibrisdakik.com\/index.php\/2024\/11\/14\/cumhurbaskani-tatar-turkpa-genel-sekreteri-sureyya-eri-kabul-etti\/"},"modified":"2024-11-14T19:07:36","modified_gmt":"2024-11-14T16:07:36","slug":"cumhurbaskani-tatar-turkpa-genel-sekreteri-sureyya-eri-kabul-etti","status":"publish","type":"post","link":"https:\/\/kibrisdakik.com\/?p=69173","title":{"rendered":"Cumhurba\u015fkan\u0131 Tatar, T\u00dcRKPA Genel Sekreteri S\u00fcreyya Er\u2019i kabul etti"},"content":{"rendered":"<div>\n<div class=\"mariselle-image-container center\">\n                                            <\/div>\n<p>\nCumhurba\u015fkan\u0131 Ersin Tatar, T\u00fcrk Devletleri Parlamenter Asamblesi (T\u00dcRKPA) Genel Sekreteri S\u00fcreyya Er ve beraberindeki heyeti kabul etti.<\/p>\n<p>Cumhurba\u015fkanl\u0131\u011f\u0131\u2019ndan yap\u0131lan a\u00e7\u0131klamaya g\u00f6re Tatar, ziyaretten duydu\u011fu memnuniyeti ifade ederek, gelen heyete te\u015fekk\u00fcrlerini sundu.<\/p>\n<p>Cumhurba\u015fkan\u0131 Tatar, 2022 y\u0131l\u0131nda Semerkant\u2019ta Kuzey K\u0131br\u0131s T\u00fcrk Cumhuriyeti\u2019nin g\u00f6zlemci \u00fcye olarak kabul edilmesinin d\u00f6n\u00fcm noktas\u0131 oldu\u011funu belirtti ve bununla birlikte kurum kurulu\u015flar\u0131m\u0131z farkl\u0131 \u00fclkelerde temsiliyet kazand\u0131\u011f\u0131n\u0131 vurgulayarak, bunun KKTC\u2019nin g\u00f6r\u00fcn\u00fcrl\u00fc\u011f\u00fc a\u00e7\u0131s\u0131ndan \u00f6nemli oldu\u011funu belirtti. At\u0131lan bu ad\u0131mlar\u0131n, K\u0131br\u0131s\u2019ta iki ayr\u0131 devlet iki ayr\u0131 halk oldu\u011funu t\u00fcm d\u00fcnyaya duyuran bir mesaj niteli\u011finde oldu\u011funu kaydetti.<\/p>\n<p>Cumhurba\u015fkan\u0131 Tatar, T\u00fcrk Birli\u011finin, t\u00fcm T\u00fcrk devletlerine katk\u0131 sa\u011flayaca\u011f\u0131na olan inanc\u0131n\u0131 dile getirerek, i\u00e7inde bulunulan ileti\u015fim \u00e7a\u011f\u0131nda i\u015f birli\u011finin ve temaslar\u0131n artmas\u0131n\u0131n \u00f6nemine ve gereklili\u011fine de\u011findi.<\/p>\n<p>-\u201cAlfabe birli\u011fi \u00f6nemli ad\u0131m\u201d<\/p>\n<p>Cumhurba\u015fkan\u0131 Tatar, alfabe birli\u011fine at\u0131fta bulunarak bunun \u00f6nemli bir ad\u0131m oldu\u011funun alt\u0131n\u0131 \u00e7izdi. Bu ad\u0131m\u0131n dil birli\u011fini cesaretlendirecek bir geli\u015fme oldu\u011funu belirten Cumhurba\u015fkan\u0131 Tatar, T\u00fcrkiye Cumhuriyeti Cumhurba\u015fkan\u0131 Recep Tayyip Erdo\u011fan\u2019\u0131 bu at\u0131l\u0131mdan dolay\u0131 kutlad\u0131.<\/p>\n<p>Bunun bir irade meselesi oldu\u011funu da s\u00f6yleyen Cumhurba\u015fkan\u0131 Tatar, bu sayede t\u00fcm T\u00fcrk devletlerinin ayn\u0131 alfabeyi kullanmas\u0131 ile birlikte aralar\u0131ndaki ba\u011flar\u0131n g\u00fc\u00e7lenece\u011fini belirtti.<\/p>\n<p>Kutupla\u015fmalar\u0131n ya\u015fand\u0131\u011f\u0131 bu d\u00f6nemde, T\u00fcrk Birli\u011finin \u00f6nemli bir de\u011fer oldu\u011funun alt\u0131n\u0131 \u00e7izen Cumhurba\u015fkan\u0131, bu anlamda y\u00fcr\u00fct\u00fclen t\u00fcm \u00e7al\u0131\u015fmalar\u0131 yak\u0131ndan takip etti\u011fini, y\u00fcr\u00fct\u00fclen \u00e7al\u0131\u015fmalarda eme\u011fi ge\u00e7en herkesi tebrik etti\u011fini belirtti. Cumhurba\u015fkan\u0131 Tatar, K\u0131br\u0131s T\u00fcrk\u00fc\u2019ne g\u00f6sterilen yak\u0131nl\u0131k ve destekten dolay\u0131 T\u00dcRKPA yetkililerine te\u015fekk\u00fcrlerini sundu.<\/p>\n<p>Kuzey K\u0131br\u0131s T\u00fcrk Cumhuriyeti\u2019nin 41. kurulu\u015f y\u0131l d\u00f6n\u00fcm\u00fc nedeniyle yap\u0131lacak kutlamalara da de\u011finen Cumhurba\u015fkan\u0131 Tatar, burada verilen m\u00fccadelenin destans\u0131 bir varolu\u015f simgeledi\u011fi. K\u0131br\u0131s T\u00fcrk halk\u0131n\u0131n ba\u011f\u0131ms\u0131zl\u0131\u011f\u0131n\u0131n g\u00fcn\u00fc oldu\u011funu belirtti.<\/p>\n<\/p><\/div>\n<p><script async\n                    defer\n                    crossorigin=\"anonymous\"\n                    src=\"https:\/\/connect.facebook.net\/tr_TR\/sdk.js#xfbml=1&#038;version=v3.3\"\n            ><\/script><\/p>\n","protected":false},"excerpt":{"rendered":"<p>Cumhurba\u015fkan\u0131 Ersin Tatar, T\u00fcrk Devletleri Parlamenter Asamblesi (T\u00dcRKPA) Genel Sekreteri S\u00fcreyya Er ve beraberindeki heyeti kabul etti. Cumhurba\u015fkanl\u0131\u011f\u0131\u2019ndan yap\u0131lan a\u00e7\u0131klamaya g\u00f6re Tatar, ziyaretten duydu\u011fu memnuniyeti ifade ederek, gelen heyete te\u015fekk\u00fcrlerini sundu. Cumhurba\u015fkan\u0131 Tatar, 2022 y\u0131l\u0131nda Semerkant\u2019ta Kuzey K\u0131br\u0131s T\u00fcrk Cumhuriyeti\u2019nin g\u00f6zlemci \u00fcye olarak kabul edilmesinin d\u00f6n\u00fcm noktas\u0131 oldu\u011funu belirtti ve bununla birlikte kurum kurulu\u015flar\u0131m\u0131z farkl\u0131<\/p>\n","protected":false},"author":1,"featured_media":69174,"comment_status":"open","ping_status":"open","sticky":false,"template":"","format":"standard","meta":{"footnotes":""},"categories":[81],"tags":[],"class_list":["post-69173","post","type-post","status-publish","format-standard","has-post-thumbnail","hentry","category-kibris"],"yoast_head":"<!-- This site is optimized with the Yoast SEO plugin v27.5 - https:\/\/yoast.com\/product\/yoast-seo-wordpress\/ -->\n<title>Cumhurba\u015fkan\u0131 Tatar, T\u00dcRKPA Genel Sekreteri S\u00fcreyya Er\u2019i kabul etti -<\/title>\n<meta name=\"robots\" content=\"index, follow, max-snippet:-1, max-image-preview:large, max-video-preview:-1\" \/>\n<link rel=\"canonical\" href=\"https:\/\/kibrisdakik.com\/?p=69173\" \/>\n<meta property=\"og:locale\" content=\"tr_TR\" \/>\n<meta property=\"og:type\" content=\"article\" \/>\n<meta property=\"og:title\" content=\"Cumhurba\u015fkan\u0131 Tatar, T\u00dcRKPA Genel Sekreteri S\u00fcreyya Er\u2019i kabul etti -\" \/>\n<meta property=\"og:description\" content=\"Cumhurba\u015fkan\u0131 Ersin Tatar, T\u00fcrk Devletleri Parlamenter Asamblesi (T\u00dcRKPA) Genel Sekreteri S\u00fcreyya Er ve beraberindeki heyeti kabul etti. Cumhurba\u015fkanl\u0131\u011f\u0131\u2019ndan yap\u0131lan a\u00e7\u0131klamaya g\u00f6re Tatar, ziyaretten duydu\u011fu memnuniyeti ifade ederek, gelen heyete te\u015fekk\u00fcrlerini sundu. Cumhurba\u015fkan\u0131 Tatar, 2022 y\u0131l\u0131nda Semerkant\u2019ta Kuzey K\u0131br\u0131s T\u00fcrk Cumhuriyeti\u2019nin g\u00f6zlemci \u00fcye olarak kabul edilmesinin d\u00f6n\u00fcm noktas\u0131 oldu\u011funu belirtti ve bununla birlikte kurum kurulu\u015flar\u0131m\u0131z farkl\u0131\" \/>\n<meta property=\"og:url\" content=\"https:\/\/kibrisdakik.com\/?p=69173\" \/>\n<meta property=\"article:published_time\" content=\"2024-11-14T16:07:36+00:00\" \/>\n<meta property=\"og:image\" content=\"https:\/\/kibrisdakik.com\/wp-content\/uploads\/2024\/11\/tatar-tdt-sureyya-er-1--740x420.jpg\" \/>\n\t<meta property=\"og:image:width\" content=\"2560\" \/>\n\t<meta property=\"og:image:height\" content=\"1706\" \/>\n\t<meta property=\"og:image:type\" content=\"image\/jpeg\" \/>\n<meta name=\"author\" content=\"admin\" \/>\n<meta name=\"twitter:card\" content=\"summary_large_image\" \/>\n<meta name=\"twitter:label1\" content=\"Yazan:\" \/>\n\t<meta name=\"twitter:data1\" content=\"admin\" \/>\n\t<meta name=\"twitter:label2\" content=\"Tahmini okuma s\u00fcresi\" \/>\n\t<meta name=\"twitter:data2\" content=\"2 dakika\" \/>\n<script type=\"application\/ld+json\" class=\"yoast-schema-graph\">{\"@context\":\"https:\\\/\\\/schema.org\",\"@graph\":[{\"@type\":\"Article\",\"@id\":\"https:\\\/\\\/kibrisdakik.com\\\/?p=69173#article\",\"isPartOf\":{\"@id\":\"https:\\\/\\\/kibrisdakik.com\\\/?p=69173\"},\"author\":{\"name\":\"admin\",\"@id\":\"https:\\\/\\\/kibrisdakik.com\\\/#\\\/schema\\\/person\\\/9cd9d437bbb44f72b73ba127e06d8e79\"},\"headline\":\"Cumhurba\u015fkan\u0131 Tatar, T\u00dcRKPA Genel Sekreteri S\u00fcreyya Er\u2019i kabul etti\",\"datePublished\":\"2024-11-14T16:07:36+00:00\",\"mainEntityOfPage\":{\"@id\":\"https:\\\/\\\/kibrisdakik.com\\\/?p=69173\"},\"wordCount\":405,\"commentCount\":0,\"image\":{\"@id\":\"https:\\\/\\\/kibrisdakik.com\\\/?p=69173#primaryimage\"},\"thumbnailUrl\":\"https:\\\/\\\/kibrisdakik.com\\\/wp-content\\\/uploads\\\/2024\\\/11\\\/tatar-tdt-sureyya-er-1--740x420.jpg\",\"articleSection\":[\"K\u0131br\u0131s\"],\"inLanguage\":\"tr\",\"potentialAction\":[{\"@type\":\"CommentAction\",\"name\":\"Comment\",\"target\":[\"https:\\\/\\\/kibrisdakik.com\\\/?p=69173#respond\"]}]},{\"@type\":\"WebPage\",\"@id\":\"https:\\\/\\\/kibrisdakik.com\\\/?p=69173\",\"url\":\"https:\\\/\\\/kibrisdakik.com\\\/?p=69173\",\"name\":\"Cumhurba\u015fkan\u0131 Tatar, T\u00dcRKPA Genel Sekreteri S\u00fcreyya Er\u2019i kabul etti -\",\"isPartOf\":{\"@id\":\"https:\\\/\\\/kibrisdakik.com\\\/#website\"},\"primaryImageOfPage\":{\"@id\":\"https:\\\/\\\/kibrisdakik.com\\\/?p=69173#primaryimage\"},\"image\":{\"@id\":\"https:\\\/\\\/kibrisdakik.com\\\/?p=69173#primaryimage\"},\"thumbnailUrl\":\"https:\\\/\\\/kibrisdakik.com\\\/wp-content\\\/uploads\\\/2024\\\/11\\\/tatar-tdt-sureyya-er-1--740x420.jpg\",\"datePublished\":\"2024-11-14T16:07:36+00:00\",\"author\":{\"@id\":\"https:\\\/\\\/kibrisdakik.com\\\/#\\\/schema\\\/person\\\/9cd9d437bbb44f72b73ba127e06d8e79\"},\"breadcrumb\":{\"@id\":\"https:\\\/\\\/kibrisdakik.com\\\/?p=69173#breadcrumb\"},\"inLanguage\":\"tr\",\"potentialAction\":[{\"@type\":\"ReadAction\",\"target\":[\"https:\\\/\\\/kibrisdakik.com\\\/?p=69173\"]}]},{\"@type\":\"ImageObject\",\"inLanguage\":\"tr\",\"@id\":\"https:\\\/\\\/kibrisdakik.com\\\/?p=69173#primaryimage\",\"url\":\"https:\\\/\\\/kibrisdakik.com\\\/wp-content\\\/uploads\\\/2024\\\/11\\\/tatar-tdt-sureyya-er-1--740x420.jpg\",\"contentUrl\":\"https:\\\/\\\/kibrisdakik.com\\\/wp-content\\\/uploads\\\/2024\\\/11\\\/tatar-tdt-sureyya-er-1--740x420.jpg\",\"width\":2560,\"height\":1706},{\"@type\":\"BreadcrumbList\",\"@id\":\"https:\\\/\\\/kibrisdakik.com\\\/?p=69173#breadcrumb\",\"itemListElement\":[{\"@type\":\"ListItem\",\"position\":1,\"name\":\"Home\",\"item\":\"https:\\\/\\\/kibrisdakik.com\\\/\"},{\"@type\":\"ListItem\",\"position\":2,\"name\":\"Cumhurba\u015fkan\u0131 Tatar, T\u00dcRKPA Genel Sekreteri S\u00fcreyya Er\u2019i kabul etti\"}]},{\"@type\":\"WebSite\",\"@id\":\"https:\\\/\\\/kibrisdakik.com\\\/#website\",\"url\":\"https:\\\/\\\/kibrisdakik.com\\\/\",\"name\":\"\",\"description\":\"Tam vaktinde haber\",\"potentialAction\":[{\"@type\":\"SearchAction\",\"target\":{\"@type\":\"EntryPoint\",\"urlTemplate\":\"https:\\\/\\\/kibrisdakik.com\\\/?s={search_term_string}\"},\"query-input\":{\"@type\":\"PropertyValueSpecification\",\"valueRequired\":true,\"valueName\":\"search_term_string\"}}],\"inLanguage\":\"tr\"},{\"@type\":\"Person\",\"@id\":\"https:\\\/\\\/kibrisdakik.com\\\/#\\\/schema\\\/person\\\/9cd9d437bbb44f72b73ba127e06d8e79\",\"name\":\"admin\",\"image\":{\"@type\":\"ImageObject\",\"inLanguage\":\"tr\",\"@id\":\"https:\\\/\\\/secure.gravatar.com\\\/avatar\\\/ccc17943b9d660506c869530f897617f7cb1c21a4bf30023f252596d83e1f007?s=96&d=mm&r=g\",\"url\":\"https:\\\/\\\/secure.gravatar.com\\\/avatar\\\/ccc17943b9d660506c869530f897617f7cb1c21a4bf30023f252596d83e1f007?s=96&d=mm&r=g\",\"contentUrl\":\"https:\\\/\\\/secure.gravatar.com\\\/avatar\\\/ccc17943b9d660506c869530f897617f7cb1c21a4bf30023f252596d83e1f007?s=96&d=mm&r=g\",\"caption\":\"admin\"},\"sameAs\":[\"https:\\\/\\\/kibrisdakik.com\"],\"url\":\"https:\\\/\\\/kibrisdakik.com\\\/?author=1\"}]}<\/script>\n<!-- \/ Yoast SEO plugin. -->","yoast_head_json":{"title":"Cumhurba\u015fkan\u0131 Tatar, T\u00dcRKPA Genel Sekreteri S\u00fcreyya Er\u2019i kabul etti -","robots":{"index":"index","follow":"follow","max-snippet":"max-snippet:-1","max-image-preview":"max-image-preview:large","max-video-preview":"max-video-preview:-1"},"canonical":"https:\/\/kibrisdakik.com\/?p=69173","og_locale":"tr_TR","og_type":"article","og_title":"Cumhurba\u015fkan\u0131 Tatar, T\u00dcRKPA Genel Sekreteri S\u00fcreyya Er\u2019i kabul etti -","og_description":"Cumhurba\u015fkan\u0131 Ersin Tatar, T\u00fcrk Devletleri Parlamenter Asamblesi (T\u00dcRKPA) Genel Sekreteri S\u00fcreyya Er ve beraberindeki heyeti kabul etti. Cumhurba\u015fkanl\u0131\u011f\u0131\u2019ndan yap\u0131lan a\u00e7\u0131klamaya g\u00f6re Tatar, ziyaretten duydu\u011fu memnuniyeti ifade ederek, gelen heyete te\u015fekk\u00fcrlerini sundu. Cumhurba\u015fkan\u0131 Tatar, 2022 y\u0131l\u0131nda Semerkant\u2019ta Kuzey K\u0131br\u0131s T\u00fcrk Cumhuriyeti\u2019nin g\u00f6zlemci \u00fcye olarak kabul edilmesinin d\u00f6n\u00fcm noktas\u0131 oldu\u011funu belirtti ve bununla birlikte kurum kurulu\u015flar\u0131m\u0131z farkl\u0131","og_url":"https:\/\/kibrisdakik.com\/?p=69173","article_published_time":"2024-11-14T16:07:36+00:00","og_image":[{"width":2560,"height":1706,"url":"https:\/\/kibrisdakik.com\/wp-content\/uploads\/2024\/11\/tatar-tdt-sureyya-er-1--740x420.jpg","type":"image\/jpeg"}],"author":"admin","twitter_card":"summary_large_image","twitter_misc":{"Yazan:":"admin","Tahmini okuma s\u00fcresi":"2 dakika"},"schema":{"@context":"https:\/\/schema.org","@graph":[{"@type":"Article","@id":"https:\/\/kibrisdakik.com\/?p=69173#article","isPartOf":{"@id":"https:\/\/kibrisdakik.com\/?p=69173"},"author":{"name":"admin","@id":"https:\/\/kibrisdakik.com\/#\/schema\/person\/9cd9d437bbb44f72b73ba127e06d8e79"},"headline":"Cumhurba\u015fkan\u0131 Tatar, T\u00dcRKPA Genel Sekreteri S\u00fcreyya Er\u2019i kabul etti","datePublished":"2024-11-14T16:07:36+00:00","mainEntityOfPage":{"@id":"https:\/\/kibrisdakik.com\/?p=69173"},"wordCount":405,"commentCount":0,"image":{"@id":"https:\/\/kibrisdakik.com\/?p=69173#primaryimage"},"thumbnailUrl":"https:\/\/kibrisdakik.com\/wp-content\/uploads\/2024\/11\/tatar-tdt-sureyya-er-1--740x420.jpg","articleSection":["K\u0131br\u0131s"],"inLanguage":"tr","potentialAction":[{"@type":"CommentAction","name":"Comment","target":["https:\/\/kibrisdakik.com\/?p=69173#respond"]}]},{"@type":"WebPage","@id":"https:\/\/kibrisdakik.com\/?p=69173","url":"https:\/\/kibrisdakik.com\/?p=69173","name":"Cumhurba\u015fkan\u0131 Tatar, T\u00dcRKPA Genel Sekreteri S\u00fcreyya Er\u2019i kabul etti -","isPartOf":{"@id":"https:\/\/kibrisdakik.com\/#website"},"primaryImageOfPage":{"@id":"https:\/\/kibrisdakik.com\/?p=69173#primaryimage"},"image":{"@id":"https:\/\/kibrisdakik.com\/?p=69173#primaryimage"},"thumbnailUrl":"https:\/\/kibrisdakik.com\/wp-content\/uploads\/2024\/11\/tatar-tdt-sureyya-er-1--740x420.jpg","datePublished":"2024-11-14T16:07:36+00:00","author":{"@id":"https:\/\/kibrisdakik.com\/#\/schema\/person\/9cd9d437bbb44f72b73ba127e06d8e79"},"breadcrumb":{"@id":"https:\/\/kibrisdakik.com\/?p=69173#breadcrumb"},"inLanguage":"tr","potentialAction":[{"@type":"ReadAction","target":["https:\/\/kibrisdakik.com\/?p=69173"]}]},{"@type":"ImageObject","inLanguage":"tr","@id":"https:\/\/kibrisdakik.com\/?p=69173#primaryimage","url":"https:\/\/kibrisdakik.com\/wp-content\/uploads\/2024\/11\/tatar-tdt-sureyya-er-1--740x420.jpg","contentUrl":"https:\/\/kibrisdakik.com\/wp-content\/uploads\/2024\/11\/tatar-tdt-sureyya-er-1--740x420.jpg","width":2560,"height":1706},{"@type":"BreadcrumbList","@id":"https:\/\/kibrisdakik.com\/?p=69173#breadcrumb","itemListElement":[{"@type":"ListItem","position":1,"name":"Home","item":"https:\/\/kibrisdakik.com\/"},{"@type":"ListItem","position":2,"name":"Cumhurba\u015fkan\u0131 Tatar, T\u00dcRKPA Genel Sekreteri S\u00fcreyya Er\u2019i kabul etti"}]},{"@type":"WebSite","@id":"https:\/\/kibrisdakik.com\/#website","url":"https:\/\/kibrisdakik.com\/","name":"","description":"Tam vaktinde haber","potentialAction":[{"@type":"SearchAction","target":{"@type":"EntryPoint","urlTemplate":"https:\/\/kibrisdakik.com\/?s={search_term_string}"},"query-input":{"@type":"PropertyValueSpecification","valueRequired":true,"valueName":"search_term_string"}}],"inLanguage":"tr"},{"@type":"Person","@id":"https:\/\/kibrisdakik.com\/#\/schema\/person\/9cd9d437bbb44f72b73ba127e06d8e79","name":"admin","image":{"@type":"ImageObject","inLanguage":"tr","@id":"https:\/\/secure.gravatar.com\/avatar\/ccc17943b9d660506c869530f897617f7cb1c21a4bf30023f252596d83e1f007?s=96&d=mm&r=g","url":"https:\/\/secure.gravatar.com\/avatar\/ccc17943b9d660506c869530f897617f7cb1c21a4bf30023f252596d83e1f007?s=96&d=mm&r=g","contentUrl":"https:\/\/secure.gravatar.com\/avatar\/ccc17943b9d660506c869530f897617f7cb1c21a4bf30023f252596d83e1f007?s=96&d=mm&r=g","caption":"admin"},"sameAs":["https:\/\/kibrisdakik.com"],"url":"https:\/\/kibrisdakik.com\/?author=1"}]}},"_links":{"self":[{"href":"https:\/\/kibrisdakik.com\/index.php?rest_route=\/wp\/v2\/posts\/69173","targetHints":{"allow":["GET"]}}],"collection":[{"href":"https:\/\/kibrisdakik.com\/index.php?rest_route=\/wp\/v2\/posts"}],"about":[{"href":"https:\/\/kibrisdakik.com\/index.php?rest_route=\/wp\/v2\/types\/post"}],"author":[{"embeddable":true,"href":"https:\/\/kibrisdakik.com\/index.php?rest_route=\/wp\/v2\/users\/1"}],"replies":[{"embeddable":true,"href":"https:\/\/kibrisdakik.com\/index.php?rest_route=%2Fwp%2Fv2%2Fcomments&post=69173"}],"version-history":[{"count":0,"href":"https:\/\/kibrisdakik.com\/index.php?rest_route=\/wp\/v2\/posts\/69173\/revisions"}],"wp:featuredmedia":[{"embeddable":true,"href":"https:\/\/kibrisdakik.com\/index.php?rest_route=\/wp\/v2\/media\/69174"}],"wp:attachment":[{"href":"https:\/\/kibrisdakik.com\/index.php?rest_route=%2Fwp%2Fv2%2Fmedia&parent=69173"}],"wp:term":[{"taxonomy":"category","embeddable":true,"href":"https:\/\/kibrisdakik.com\/index.php?rest_route=%2Fwp%2Fv2%2Fcategories&post=69173"},{"taxonomy":"post_tag","embeddable":true,"href":"https:\/\/kibrisdakik.com\/index.php?rest_route=%2Fwp%2Fv2%2Ftags&post=69173"}],"curies":[{"name":"wp","href":"https:\/\/api.w.org\/{rel}","templated":true}]}}