{"id":69181,"date":"2024-11-14T20:34:07","date_gmt":"2024-11-14T17:34:07","guid":{"rendered":"https:\/\/kibrisdakik.com\/index.php\/2024\/11\/14\/hasipoglu-kktcnin-41-kurulus-yildonumu-dolayisiyla-mesaj-yayimladi\/"},"modified":"2024-11-14T20:34:07","modified_gmt":"2024-11-14T17:34:07","slug":"hasipoglu-kktcnin-41-kurulus-yildonumu-dolayisiyla-mesaj-yayimladi","status":"publish","type":"post","link":"https:\/\/kibrisdakik.com\/?p=69181","title":{"rendered":"Hasipo\u011flu, KKTC\u2019nin 41. kurulu\u015f y\u0131ld\u00f6n\u00fcm\u00fc dolay\u0131s\u0131yla mesaj yay\u0131mlad\u0131"},"content":{"rendered":"<div>\n<div class=\"mariselle-image-container center\">\n                                            <\/div>\n<p>\nUlusal Birlik Partisi (UBP) Genel Sekreteri O\u011fuzhan Hasipo\u011flu, KKTC\u2019nin 41. kurulu\u015f y\u0131l d\u00f6n\u00fcm\u00fc dolay\u0131s\u0131yla mesaj yay\u0131mlad\u0131.<\/p>\n<p>Hasipo\u011flu mesaj\u0131nda, \u201cEgemenli\u011fimizin, kendi kendimizi y\u00f6netme erkimizin yegane simgesi Kuzey K\u0131br\u0131s T\u00fcrk Cumhuriyeti\u2019nin 41. kurulu\u015f y\u0131l d\u00f6n\u00fcm\u00fcn\u00fc kutluyoruz. Anayasas\u0131, kurumsal yap\u0131s\u0131, yasama, y\u00fcr\u00fctme ve yarg\u0131s\u0131, savunma mekanizmas\u0131yla i\u015flevsel bir devletin t\u00fcm yap\u0131 ta\u015flar\u0131yla 41. y\u0131l\u0131na ula\u015fm\u0131\u015ft\u0131r KKTC\u201d ifadelerini kulland\u0131.<\/p>\n<p>Ad\u0131nda hem co\u011frafik hem stratejik bir saptama bar\u0131nd\u0131ran KKTC\u2019nin ayr\u0131ca b\u00f6lgesel konumuna, son T\u00fcrk devleti olma \u00f6zelli\u011fini de ekledi\u011fini belirten Hasipo\u011flu, \u015funlar\u0131 kaydetti:<\/p>\n<p>\u201cKKTC, ilk etapta K\u0131br\u0131s\u2019ta olas\u0131 bir federasyonun par\u00e7as\u0131 olmas\u0131 d\u00fc\u015f\u00fcn\u00fclse de, bunun gere\u011fi olarak Anavatan T\u00fcrkiye Cumhuriyeti ile isti\u015fare i\u00e7erisinde her K\u0131br\u0131s zirvesinde bir anla\u015fma i\u00e7in elinden geleni yapan taraf olma \u00f6zelli\u011fini ta\u015f\u0131sa da, Rum Taraf\u0131n\u0131n hakimiyetci ve uzla\u015fma tavr\u0131 nedeniyle sonu\u00e7 al\u0131namam\u0131\u015ft\u0131r.<\/p>\n<p>2017 y\u0131l\u0131nda Crans Montana\u2019da son K\u0131br\u0131s Zirvesi\u2019nde yine Rum taraf\u0131n\u0131n masadan ka\u00e7mas\u0131yla, 2021 y\u0131l\u0131ndan itibaren olu\u015fan konjonkt\u00fcr a\u00e7\u0131k ve sarihtir.<\/p>\n<p>2021 y\u0131l\u0131nda Cumhurba\u015fkan\u0131 Say\u0131n Ersin Tatar\u2019\u0131n Cenevre\u2019de g\u00fcndeme getirdi\u011fi egemen e\u015fitlik ve e\u015fit uluslararas\u0131 stat\u00fc talebi, KKTC ger\u00e7e\u011finin uluslararas\u0131 platformda resmi olarak g\u00fcndeme getirilmesinin yolunu a\u00e7m\u0131\u015ft\u0131r.<\/p>\n<p>Pe\u015fi s\u0131ra Anavatan T\u00fcrkiye Cumhuriyeti Cumhurba\u015fkan\u0131 Say\u0131n Recep Tayyip Erdo\u011fan\u2019\u0131n tam 3 kez BM Genel Kurulu\u2019nda KKTC\u2019nin tan\u0131nma \u00e7a\u011fr\u0131s\u0131 gelmi\u015ftir.<\/p>\n<p>Bu paralelde, KKTC\u2019nin T\u00fcrk Devletleri Te\u015fkilat\u0131 g\u00f6zlemci \u00fcyeli\u011fi ad\u0131mlar\u0131 at\u0131lm\u0131\u015ft\u0131r<\/p>\n<p>Cumhurba\u015fkan\u0131m\u0131z, Ba\u015fbakan\u0131m\u0131z, Bakanlar\u0131m\u0131z, ST\u00d6\u2019ler, Anayasal Kurumlar\u0131m\u0131z\u0131n TDT kapsam\u0131nda resmi temaslar\u0131 ba\u015flam\u0131\u015ft\u0131r.<\/p>\n<p>Bu ad\u0131mlar, uluslararas\u0131 giri\u015fimler her ge\u00e7en g\u00fcn artmaktad\u0131r. T\u00fcrk taraf\u0131n\u0131n kararl\u0131l\u0131\u011f\u0131n\u0131 g\u00f6rd\u00fck\u00e7e, Rum taraf\u0131n\u0131n ilerleyi\u015fi engelleme ad\u0131mlar\u0131 gelmektedir. 41. y\u0131l\u0131nda KKTC\u2019nin art\u0131k d\u00fcnyada g\u00f6r\u00fcn\u00fcrl\u00fc\u011f\u00fc daha da artm\u0131\u015ft\u0131r.<\/p>\n<p>Bu duygu ve d\u00fc\u015f\u00fcncelerle, halk\u0131m\u0131z\u0131n 15 Kas\u0131m Cumhuriyet Bayram\u0131\u2019n\u0131 candan kutlar bug\u00fcnlere gelmemizi sa\u011flayan herkesi, t\u00fcm \u015fehitlerimizi, \u00f6zg\u00fcrl\u00fck ve varolu\u015f m\u00fccadelemiz lideri Doktor Faz\u0131l K\u00fc\u00e7\u00fck ve Kurucu Cumhurba\u015fkan\u0131m\u0131z Rauf Denkta\u015f ba\u015fta olmak \u00fczere halk\u0131m\u0131za, devletimize hizmet verenlerin t\u00fcm\u00fcn\u00fc, rahmet, minnet, \u015f\u00fckranla anar\u0131m.\u201d<\/p>\n<\/p><\/div>\n<p><script async\n                    defer\n                    crossorigin=\"anonymous\"\n                    src=\"https:\/\/connect.facebook.net\/tr_TR\/sdk.js#xfbml=1&#038;version=v3.3\"\n            ><\/script><\/p>\n","protected":false},"excerpt":{"rendered":"<p>Ulusal Birlik Partisi (UBP) Genel Sekreteri O\u011fuzhan Hasipo\u011flu, KKTC\u2019nin 41. kurulu\u015f y\u0131l d\u00f6n\u00fcm\u00fc dolay\u0131s\u0131yla mesaj yay\u0131mlad\u0131. Hasipo\u011flu mesaj\u0131nda, \u201cEgemenli\u011fimizin, kendi kendimizi y\u00f6netme erkimizin yegane simgesi Kuzey K\u0131br\u0131s T\u00fcrk Cumhuriyeti\u2019nin 41. kurulu\u015f y\u0131l d\u00f6n\u00fcm\u00fcn\u00fc kutluyoruz. Anayasas\u0131, kurumsal yap\u0131s\u0131, yasama, y\u00fcr\u00fctme ve yarg\u0131s\u0131, savunma mekanizmas\u0131yla i\u015flevsel bir devletin t\u00fcm yap\u0131 ta\u015flar\u0131yla 41. y\u0131l\u0131na ula\u015fm\u0131\u015ft\u0131r KKTC\u201d ifadelerini kulland\u0131.<\/p>\n","protected":false},"author":1,"featured_media":69182,"comment_status":"open","ping_status":"open","sticky":false,"template":"","format":"standard","meta":{"footnotes":""},"categories":[81],"tags":[],"class_list":["post-69181","post","type-post","status-publish","format-standard","has-post-thumbnail","hentry","category-kibris"],"yoast_head":"<!-- This site is optimized with the Yoast SEO plugin v27.5 - https:\/\/yoast.com\/product\/yoast-seo-wordpress\/ -->\n<title>Hasipo\u011flu, KKTC\u2019nin 41. kurulu\u015f y\u0131ld\u00f6n\u00fcm\u00fc dolay\u0131s\u0131yla mesaj yay\u0131mlad\u0131 -<\/title>\n<meta name=\"robots\" content=\"index, follow, max-snippet:-1, max-image-preview:large, max-video-preview:-1\" \/>\n<link rel=\"canonical\" href=\"https:\/\/kibrisdakik.com\/?p=69181\" \/>\n<meta property=\"og:locale\" content=\"tr_TR\" \/>\n<meta property=\"og:type\" content=\"article\" \/>\n<meta property=\"og:title\" content=\"Hasipo\u011flu, KKTC\u2019nin 41. kurulu\u015f y\u0131ld\u00f6n\u00fcm\u00fc dolay\u0131s\u0131yla mesaj yay\u0131mlad\u0131 -\" \/>\n<meta property=\"og:description\" content=\"Ulusal Birlik Partisi (UBP) Genel Sekreteri O\u011fuzhan Hasipo\u011flu, KKTC\u2019nin 41. kurulu\u015f y\u0131l d\u00f6n\u00fcm\u00fc dolay\u0131s\u0131yla mesaj yay\u0131mlad\u0131. Hasipo\u011flu mesaj\u0131nda, \u201cEgemenli\u011fimizin, kendi kendimizi y\u00f6netme erkimizin yegane simgesi Kuzey K\u0131br\u0131s T\u00fcrk Cumhuriyeti\u2019nin 41. kurulu\u015f y\u0131l d\u00f6n\u00fcm\u00fcn\u00fc kutluyoruz. Anayasas\u0131, kurumsal yap\u0131s\u0131, yasama, y\u00fcr\u00fctme ve yarg\u0131s\u0131, savunma mekanizmas\u0131yla i\u015flevsel bir devletin t\u00fcm yap\u0131 ta\u015flar\u0131yla 41. y\u0131l\u0131na ula\u015fm\u0131\u015ft\u0131r KKTC\u201d ifadelerini kulland\u0131.\" \/>\n<meta property=\"og:url\" content=\"https:\/\/kibrisdakik.com\/?p=69181\" \/>\n<meta property=\"article:published_time\" content=\"2024-11-14T17:34:07+00:00\" \/>\n<meta property=\"og:image\" content=\"https:\/\/kibrisdakik.com\/wp-content\/uploads\/2024\/11\/hasipoglu-mesaj-740x420.png\" \/>\n\t<meta property=\"og:image:width\" content=\"1280\" \/>\n\t<meta property=\"og:image:height\" content=\"720\" \/>\n\t<meta property=\"og:image:type\" content=\"image\/png\" \/>\n<meta name=\"author\" content=\"admin\" \/>\n<meta name=\"twitter:card\" content=\"summary_large_image\" \/>\n<meta name=\"twitter:label1\" content=\"Yazan:\" \/>\n\t<meta name=\"twitter:data1\" content=\"admin\" \/>\n\t<meta name=\"twitter:label2\" content=\"Tahmini okuma s\u00fcresi\" \/>\n\t<meta name=\"twitter:data2\" content=\"2 dakika\" \/>\n<script type=\"application\/ld+json\" class=\"yoast-schema-graph\">{\"@context\":\"https:\\\/\\\/schema.org\",\"@graph\":[{\"@type\":\"Article\",\"@id\":\"https:\\\/\\\/kibrisdakik.com\\\/?p=69181#article\",\"isPartOf\":{\"@id\":\"https:\\\/\\\/kibrisdakik.com\\\/?p=69181\"},\"author\":{\"name\":\"admin\",\"@id\":\"https:\\\/\\\/kibrisdakik.com\\\/#\\\/schema\\\/person\\\/9cd9d437bbb44f72b73ba127e06d8e79\"},\"headline\":\"Hasipo\u011flu, KKTC\u2019nin 41. kurulu\u015f y\u0131ld\u00f6n\u00fcm\u00fc dolay\u0131s\u0131yla mesaj yay\u0131mlad\u0131\",\"datePublished\":\"2024-11-14T17:34:07+00:00\",\"mainEntityOfPage\":{\"@id\":\"https:\\\/\\\/kibrisdakik.com\\\/?p=69181\"},\"wordCount\":470,\"commentCount\":0,\"image\":{\"@id\":\"https:\\\/\\\/kibrisdakik.com\\\/?p=69181#primaryimage\"},\"thumbnailUrl\":\"https:\\\/\\\/kibrisdakik.com\\\/wp-content\\\/uploads\\\/2024\\\/11\\\/hasipoglu-mesaj-740x420.png\",\"articleSection\":[\"K\u0131br\u0131s\"],\"inLanguage\":\"tr\",\"potentialAction\":[{\"@type\":\"CommentAction\",\"name\":\"Comment\",\"target\":[\"https:\\\/\\\/kibrisdakik.com\\\/?p=69181#respond\"]}]},{\"@type\":\"WebPage\",\"@id\":\"https:\\\/\\\/kibrisdakik.com\\\/?p=69181\",\"url\":\"https:\\\/\\\/kibrisdakik.com\\\/?p=69181\",\"name\":\"Hasipo\u011flu, KKTC\u2019nin 41. kurulu\u015f y\u0131ld\u00f6n\u00fcm\u00fc dolay\u0131s\u0131yla mesaj yay\u0131mlad\u0131 -\",\"isPartOf\":{\"@id\":\"https:\\\/\\\/kibrisdakik.com\\\/#website\"},\"primaryImageOfPage\":{\"@id\":\"https:\\\/\\\/kibrisdakik.com\\\/?p=69181#primaryimage\"},\"image\":{\"@id\":\"https:\\\/\\\/kibrisdakik.com\\\/?p=69181#primaryimage\"},\"thumbnailUrl\":\"https:\\\/\\\/kibrisdakik.com\\\/wp-content\\\/uploads\\\/2024\\\/11\\\/hasipoglu-mesaj-740x420.png\",\"datePublished\":\"2024-11-14T17:34:07+00:00\",\"author\":{\"@id\":\"https:\\\/\\\/kibrisdakik.com\\\/#\\\/schema\\\/person\\\/9cd9d437bbb44f72b73ba127e06d8e79\"},\"breadcrumb\":{\"@id\":\"https:\\\/\\\/kibrisdakik.com\\\/?p=69181#breadcrumb\"},\"inLanguage\":\"tr\",\"potentialAction\":[{\"@type\":\"ReadAction\",\"target\":[\"https:\\\/\\\/kibrisdakik.com\\\/?p=69181\"]}]},{\"@type\":\"ImageObject\",\"inLanguage\":\"tr\",\"@id\":\"https:\\\/\\\/kibrisdakik.com\\\/?p=69181#primaryimage\",\"url\":\"https:\\\/\\\/kibrisdakik.com\\\/wp-content\\\/uploads\\\/2024\\\/11\\\/hasipoglu-mesaj-740x420.png\",\"contentUrl\":\"https:\\\/\\\/kibrisdakik.com\\\/wp-content\\\/uploads\\\/2024\\\/11\\\/hasipoglu-mesaj-740x420.png\",\"width\":1280,\"height\":720},{\"@type\":\"BreadcrumbList\",\"@id\":\"https:\\\/\\\/kibrisdakik.com\\\/?p=69181#breadcrumb\",\"itemListElement\":[{\"@type\":\"ListItem\",\"position\":1,\"name\":\"Home\",\"item\":\"https:\\\/\\\/kibrisdakik.com\\\/\"},{\"@type\":\"ListItem\",\"position\":2,\"name\":\"Hasipo\u011flu, KKTC\u2019nin 41. kurulu\u015f y\u0131ld\u00f6n\u00fcm\u00fc dolay\u0131s\u0131yla mesaj yay\u0131mlad\u0131\"}]},{\"@type\":\"WebSite\",\"@id\":\"https:\\\/\\\/kibrisdakik.com\\\/#website\",\"url\":\"https:\\\/\\\/kibrisdakik.com\\\/\",\"name\":\"\",\"description\":\"Tam vaktinde haber\",\"potentialAction\":[{\"@type\":\"SearchAction\",\"target\":{\"@type\":\"EntryPoint\",\"urlTemplate\":\"https:\\\/\\\/kibrisdakik.com\\\/?s={search_term_string}\"},\"query-input\":{\"@type\":\"PropertyValueSpecification\",\"valueRequired\":true,\"valueName\":\"search_term_string\"}}],\"inLanguage\":\"tr\"},{\"@type\":\"Person\",\"@id\":\"https:\\\/\\\/kibrisdakik.com\\\/#\\\/schema\\\/person\\\/9cd9d437bbb44f72b73ba127e06d8e79\",\"name\":\"admin\",\"image\":{\"@type\":\"ImageObject\",\"inLanguage\":\"tr\",\"@id\":\"https:\\\/\\\/secure.gravatar.com\\\/avatar\\\/ccc17943b9d660506c869530f897617f7cb1c21a4bf30023f252596d83e1f007?s=96&d=mm&r=g\",\"url\":\"https:\\\/\\\/secure.gravatar.com\\\/avatar\\\/ccc17943b9d660506c869530f897617f7cb1c21a4bf30023f252596d83e1f007?s=96&d=mm&r=g\",\"contentUrl\":\"https:\\\/\\\/secure.gravatar.com\\\/avatar\\\/ccc17943b9d660506c869530f897617f7cb1c21a4bf30023f252596d83e1f007?s=96&d=mm&r=g\",\"caption\":\"admin\"},\"sameAs\":[\"https:\\\/\\\/kibrisdakik.com\"],\"url\":\"https:\\\/\\\/kibrisdakik.com\\\/?author=1\"}]}<\/script>\n<!-- \/ Yoast SEO plugin. -->","yoast_head_json":{"title":"Hasipo\u011flu, KKTC\u2019nin 41. kurulu\u015f y\u0131ld\u00f6n\u00fcm\u00fc dolay\u0131s\u0131yla mesaj yay\u0131mlad\u0131 -","robots":{"index":"index","follow":"follow","max-snippet":"max-snippet:-1","max-image-preview":"max-image-preview:large","max-video-preview":"max-video-preview:-1"},"canonical":"https:\/\/kibrisdakik.com\/?p=69181","og_locale":"tr_TR","og_type":"article","og_title":"Hasipo\u011flu, KKTC\u2019nin 41. kurulu\u015f y\u0131ld\u00f6n\u00fcm\u00fc dolay\u0131s\u0131yla mesaj yay\u0131mlad\u0131 -","og_description":"Ulusal Birlik Partisi (UBP) Genel Sekreteri O\u011fuzhan Hasipo\u011flu, KKTC\u2019nin 41. kurulu\u015f y\u0131l d\u00f6n\u00fcm\u00fc dolay\u0131s\u0131yla mesaj yay\u0131mlad\u0131. Hasipo\u011flu mesaj\u0131nda, \u201cEgemenli\u011fimizin, kendi kendimizi y\u00f6netme erkimizin yegane simgesi Kuzey K\u0131br\u0131s T\u00fcrk Cumhuriyeti\u2019nin 41. kurulu\u015f y\u0131l d\u00f6n\u00fcm\u00fcn\u00fc kutluyoruz. Anayasas\u0131, kurumsal yap\u0131s\u0131, yasama, y\u00fcr\u00fctme ve yarg\u0131s\u0131, savunma mekanizmas\u0131yla i\u015flevsel bir devletin t\u00fcm yap\u0131 ta\u015flar\u0131yla 41. y\u0131l\u0131na ula\u015fm\u0131\u015ft\u0131r KKTC\u201d ifadelerini kulland\u0131.","og_url":"https:\/\/kibrisdakik.com\/?p=69181","article_published_time":"2024-11-14T17:34:07+00:00","og_image":[{"width":1280,"height":720,"url":"https:\/\/kibrisdakik.com\/wp-content\/uploads\/2024\/11\/hasipoglu-mesaj-740x420.png","type":"image\/png"}],"author":"admin","twitter_card":"summary_large_image","twitter_misc":{"Yazan:":"admin","Tahmini okuma s\u00fcresi":"2 dakika"},"schema":{"@context":"https:\/\/schema.org","@graph":[{"@type":"Article","@id":"https:\/\/kibrisdakik.com\/?p=69181#article","isPartOf":{"@id":"https:\/\/kibrisdakik.com\/?p=69181"},"author":{"name":"admin","@id":"https:\/\/kibrisdakik.com\/#\/schema\/person\/9cd9d437bbb44f72b73ba127e06d8e79"},"headline":"Hasipo\u011flu, KKTC\u2019nin 41. kurulu\u015f y\u0131ld\u00f6n\u00fcm\u00fc dolay\u0131s\u0131yla mesaj yay\u0131mlad\u0131","datePublished":"2024-11-14T17:34:07+00:00","mainEntityOfPage":{"@id":"https:\/\/kibrisdakik.com\/?p=69181"},"wordCount":470,"commentCount":0,"image":{"@id":"https:\/\/kibrisdakik.com\/?p=69181#primaryimage"},"thumbnailUrl":"https:\/\/kibrisdakik.com\/wp-content\/uploads\/2024\/11\/hasipoglu-mesaj-740x420.png","articleSection":["K\u0131br\u0131s"],"inLanguage":"tr","potentialAction":[{"@type":"CommentAction","name":"Comment","target":["https:\/\/kibrisdakik.com\/?p=69181#respond"]}]},{"@type":"WebPage","@id":"https:\/\/kibrisdakik.com\/?p=69181","url":"https:\/\/kibrisdakik.com\/?p=69181","name":"Hasipo\u011flu, KKTC\u2019nin 41. kurulu\u015f y\u0131ld\u00f6n\u00fcm\u00fc dolay\u0131s\u0131yla mesaj yay\u0131mlad\u0131 -","isPartOf":{"@id":"https:\/\/kibrisdakik.com\/#website"},"primaryImageOfPage":{"@id":"https:\/\/kibrisdakik.com\/?p=69181#primaryimage"},"image":{"@id":"https:\/\/kibrisdakik.com\/?p=69181#primaryimage"},"thumbnailUrl":"https:\/\/kibrisdakik.com\/wp-content\/uploads\/2024\/11\/hasipoglu-mesaj-740x420.png","datePublished":"2024-11-14T17:34:07+00:00","author":{"@id":"https:\/\/kibrisdakik.com\/#\/schema\/person\/9cd9d437bbb44f72b73ba127e06d8e79"},"breadcrumb":{"@id":"https:\/\/kibrisdakik.com\/?p=69181#breadcrumb"},"inLanguage":"tr","potentialAction":[{"@type":"ReadAction","target":["https:\/\/kibrisdakik.com\/?p=69181"]}]},{"@type":"ImageObject","inLanguage":"tr","@id":"https:\/\/kibrisdakik.com\/?p=69181#primaryimage","url":"https:\/\/kibrisdakik.com\/wp-content\/uploads\/2024\/11\/hasipoglu-mesaj-740x420.png","contentUrl":"https:\/\/kibrisdakik.com\/wp-content\/uploads\/2024\/11\/hasipoglu-mesaj-740x420.png","width":1280,"height":720},{"@type":"BreadcrumbList","@id":"https:\/\/kibrisdakik.com\/?p=69181#breadcrumb","itemListElement":[{"@type":"ListItem","position":1,"name":"Home","item":"https:\/\/kibrisdakik.com\/"},{"@type":"ListItem","position":2,"name":"Hasipo\u011flu, KKTC\u2019nin 41. kurulu\u015f y\u0131ld\u00f6n\u00fcm\u00fc dolay\u0131s\u0131yla mesaj yay\u0131mlad\u0131"}]},{"@type":"WebSite","@id":"https:\/\/kibrisdakik.com\/#website","url":"https:\/\/kibrisdakik.com\/","name":"","description":"Tam vaktinde haber","potentialAction":[{"@type":"SearchAction","target":{"@type":"EntryPoint","urlTemplate":"https:\/\/kibrisdakik.com\/?s={search_term_string}"},"query-input":{"@type":"PropertyValueSpecification","valueRequired":true,"valueName":"search_term_string"}}],"inLanguage":"tr"},{"@type":"Person","@id":"https:\/\/kibrisdakik.com\/#\/schema\/person\/9cd9d437bbb44f72b73ba127e06d8e79","name":"admin","image":{"@type":"ImageObject","inLanguage":"tr","@id":"https:\/\/secure.gravatar.com\/avatar\/ccc17943b9d660506c869530f897617f7cb1c21a4bf30023f252596d83e1f007?s=96&d=mm&r=g","url":"https:\/\/secure.gravatar.com\/avatar\/ccc17943b9d660506c869530f897617f7cb1c21a4bf30023f252596d83e1f007?s=96&d=mm&r=g","contentUrl":"https:\/\/secure.gravatar.com\/avatar\/ccc17943b9d660506c869530f897617f7cb1c21a4bf30023f252596d83e1f007?s=96&d=mm&r=g","caption":"admin"},"sameAs":["https:\/\/kibrisdakik.com"],"url":"https:\/\/kibrisdakik.com\/?author=1"}]}},"_links":{"self":[{"href":"https:\/\/kibrisdakik.com\/index.php?rest_route=\/wp\/v2\/posts\/69181","targetHints":{"allow":["GET"]}}],"collection":[{"href":"https:\/\/kibrisdakik.com\/index.php?rest_route=\/wp\/v2\/posts"}],"about":[{"href":"https:\/\/kibrisdakik.com\/index.php?rest_route=\/wp\/v2\/types\/post"}],"author":[{"embeddable":true,"href":"https:\/\/kibrisdakik.com\/index.php?rest_route=\/wp\/v2\/users\/1"}],"replies":[{"embeddable":true,"href":"https:\/\/kibrisdakik.com\/index.php?rest_route=%2Fwp%2Fv2%2Fcomments&post=69181"}],"version-history":[{"count":0,"href":"https:\/\/kibrisdakik.com\/index.php?rest_route=\/wp\/v2\/posts\/69181\/revisions"}],"wp:featuredmedia":[{"embeddable":true,"href":"https:\/\/kibrisdakik.com\/index.php?rest_route=\/wp\/v2\/media\/69182"}],"wp:attachment":[{"href":"https:\/\/kibrisdakik.com\/index.php?rest_route=%2Fwp%2Fv2%2Fmedia&parent=69181"}],"wp:term":[{"taxonomy":"category","embeddable":true,"href":"https:\/\/kibrisdakik.com\/index.php?rest_route=%2Fwp%2Fv2%2Fcategories&post=69181"},{"taxonomy":"post_tag","embeddable":true,"href":"https:\/\/kibrisdakik.com\/index.php?rest_route=%2Fwp%2Fv2%2Ftags&post=69181"}],"curies":[{"name":"wp","href":"https:\/\/api.w.org\/{rel}","templated":true}]}}