{"id":69235,"date":"2024-11-15T13:35:20","date_gmt":"2024-11-15T10:35:20","guid":{"rendered":"https:\/\/kibrisdakik.com\/index.php\/2024\/11\/15\/saglik-bakani-dr-dincyurek-istanbulda-duzenlenen-10-turk-tip-dunyasi-kurultayina-katildi\/"},"modified":"2024-11-15T13:35:20","modified_gmt":"2024-11-15T10:35:20","slug":"saglik-bakani-dr-dincyurek-istanbulda-duzenlenen-10-turk-tip-dunyasi-kurultayina-katildi","status":"publish","type":"post","link":"https:\/\/kibrisdakik.com\/?p=69235","title":{"rendered":"Sa\u011fl\u0131k Bakan\u0131 Dr. Din\u00e7y\u00fcrek, \u0130stanbul\u2019da d\u00fczenlenen 10. T\u00fcrk T\u0131p D\u00fcnyas\u0131 Kurultay\u0131\u2019na kat\u0131ld\u0131"},"content":{"rendered":"<div>\n<div class=\"mariselle-image-container none\">\n                                            <\/div>\n<p>Sa\u011fl\u0131k Bakan\u0131 Dr. Hakan Din\u00e7y\u00fcrek, T\u00fcrkiye Cumhuriyeti Cumhurba\u015fkanl\u0131\u011f\u0131 himayelerinde, T.C. Sa\u011fl\u0131k Bakanl\u0131\u011f\u0131 ve T\u00fcrkiye Sa\u011fl\u0131k Enstit\u00fcleri Ba\u015fkanl\u0131\u011f\u0131 (T\u00dcSEB) taraf\u0131ndan \u201cAfetlerde Sa\u011fl\u0131k ve Sa\u011fl\u0131\u011f\u0131n Gelece\u011fi\u201d ana temas\u0131yla \u0130stanbul\u2019da d\u00fczenlenen 10. T\u00fcrk T\u0131p D\u00fcnyas\u0131 Kurultay\u0131 ve T\u00dcSEB Aziz Sancar Bilim, Hizmet ve Te\u015fvik \u00d6d\u00fcl T\u00f6reni\u2019ne kat\u0131ld\u0131.<\/p>\n<p>Sa\u011fl\u0131k Bakanl\u0131\u011f\u0131ndan yap\u0131lan yaz\u0131l\u0131 a\u00e7\u0131klamaya g\u00f6re, 10. T\u00fcrk T\u0131p Kurultay\u0131 a\u00e7\u0131l\u0131\u015f\u0131nda konu\u015fma yapan Din\u00e7y\u00fcrek, b\u00fcy\u00fck bir ailenin, b\u00fcy\u00fck bir milletin ayr\u0131lmaz bir par\u00e7as\u0131 olmaktan mutluluk duydu\u011funu kaydetti.<\/p>\n<p>\u201cKuzey K\u0131br\u0131s T\u00fcrk Cumhuriyeti\u2019nin 41\u2019inci kurulu\u015f y\u0131l d\u00f6n\u00fcm\u00fcnde, bu \u00f6zel g\u00fcnde sizlerle birlikte olmaktan gurur duyuyorum\u201d diyen Din\u00e7y\u00fcrek,\u00a0K\u0131br\u0131s T\u00fcrk halk\u0131n\u0131n ba\u011f\u0131ms\u0131zl\u0131\u011f\u0131n\u0131n, \u00f6zg\u00fcrl\u00fc\u011f\u00fcn\u00fcn ve varolu\u015funun teminat\u0131 ve simgesi olan Kuzey K\u0131br\u0131s T\u00fcrk Cumhuriyeti\u2019ni, egemenlik temelinde ya\u015fatmak amac\u0131yla ba\u015fta Anavatan T\u00fcrkiye\u2019nin ve T\u00fcrk Devletleri Te\u015fkilat\u0131\u2019n\u0131n deste\u011fiyle m\u00fccadelelerine kararl\u0131l\u0131kla devam edeceklerini vurgulad\u0131. \u00a0<\/p>\n<p>T\u00fcrkiye Cumhuriyeti Cumhurba\u015fkanl\u0131\u011f\u0131 himayelerinde TC Sa\u011fl\u0131k Bakanl\u0131\u011f\u0131 ve T\u00fcrkiye Sa\u011fl\u0131k Enstit\u00fcleri Ba\u015fkanl\u0131\u011f\u0131 (T\u00dcSEB) taraf\u0131ndan d\u00fczenlenen kurultayda \u201cAfetlerde Sa\u011fl\u0131k ve Sa\u011fl\u0131\u011f\u0131n Gelece\u011fi\u201d gibi hayati bir teman\u0131n ele al\u0131nmas\u0131na dikkat \u00e7eken Din\u00e7y\u00fcrek, \u201c10. T\u00fcrk T\u0131p D\u00fcnyas\u0131 Kurultay\u0131, sa\u011fl\u0131k alan\u0131nda ileri d\u00fczey bilimsel \u00e7al\u0131\u015fmalar y\u00fcr\u00fcten T\u00fcrk ara\u015ft\u0131rmac\u0131lar\u0131n bilgi payla\u015f\u0131m\u0131 yapmalar\u0131 ve dayan\u0131\u015fmalar\u0131n\u0131 g\u00fc\u00e7lendirmeleri a\u00e7\u0131s\u0131ndan b\u00fcy\u00fck bir \u00f6neme sahiptir.\u201d \u015feklinde konu\u015ftu.<\/p>\n<p>T\u00fcrk t\u0131p d\u00fcnyas\u0131n\u0131n gururu, Nobel \u00f6d\u00fcll\u00fc bilim insan\u0131 Prof. Dr. Aziz Sancar ad\u0131na verilen Aziz Sancar Bilim, Hizmet ve Te\u015fvik \u00d6d\u00fclleri\u2019nin de bug\u00fcn bu kurultay kapsam\u0131nda sahiplerini bulmas\u0131n\u0131n ayr\u0131 bir \u00f6nem arz etti\u011fini idle getiren Din\u00e7y\u00fcrek, \u201cBu \u00f6d\u00fcller, bilim insanlar\u0131m\u0131z\u0131n sa\u011fl\u0131k ve t\u0131p alan\u0131ndaki \u00e7al\u0131\u015fmalar\u0131na \u0131\u015f\u0131k tutmakta ve gelecekteki ara\u015ft\u0131rmalar i\u00e7in bir ilham kayna\u011f\u0131 olmaktad\u0131r. \u00d6d\u00fcl alan t\u00fcm bilim insanlar\u0131n\u0131 i\u00e7tenlikle kutluyor, ba\u015far\u0131lar\u0131n\u0131n devam\u0131n\u0131 diliyorum.\u201d dedi.<\/p>\n<p>Kurultay\u0131n, yurtd\u0131\u015f\u0131nda ya\u015fayan T\u00fcrk ara\u015ft\u0131rmac\u0131lar ile T\u00fcrkiye\u2019deki bilim insanlar\u0131 aras\u0131nda kal\u0131c\u0131 bilimsel k\u00f6pr\u00fcler kurmas\u0131n\u0131 ve afetlerde sa\u011fl\u0131k konusundaki bilgi birikimini art\u0131rmas\u0131n\u0131 dileyen Din\u00e7y\u00fcrek, afetlerde sa\u011fl\u0131k hizmetlerinin etkinli\u011fini art\u0131rmak, bu hizmetleri insan odakl\u0131 bir yakla\u015f\u0131mla geli\u015ftirmek ve gelece\u011fin ihtiya\u00e7lar\u0131na uyumlu hale getirmenin herkesin ortak hedefi olmas\u0131 gerekti\u011fini vurgulad\u0131. \u00a0<\/p>\n<p>KKTC Sa\u011fl\u0131k Bakanl\u0131\u011f\u0131 himayesinde, T\u00fcrkiye Cumhuriyeti Sa\u011fl\u0131k Bakanl\u0131\u011f\u0131\u2019n\u0131n Ulusal Medikal Kurtarma Ekibi (UMKE) taraf\u0131ndan ger\u00e7ekle\u015ftirilen e\u011fitim program\u0131n\u0131n \u00f6nemine de de\u011finen Din\u00e7y\u00fcrek, afet ve acil durumlarda e\u011fitimin \u00f6nemine dikkat \u00e7ekerek, bu t\u00fcr e\u011fitimlerin d\u00fczenli olarak yap\u0131lmas\u0131, e\u011fitimli sa\u011fl\u0131k personelinin say\u0131s\u0131n\u0131n art\u0131r\u0131lmas\u0131 ve sa\u011fl\u0131k personelinin bu konudaki bilgi ve becerilerini g\u00fcncel tutmalar\u0131n\u0131n gereklili\u011fini vurgulad\u0131.<\/p>\n<p>\u201cBu sayede afet anlar\u0131nda daha h\u0131zl\u0131 ve etkili m\u00fcdahalelerle vatanda\u015flar\u0131m\u0131z\u0131n sa\u011fl\u0131\u011f\u0131na destek olabiliriz.\u00a0\u00dclkemizde ve T\u00fcrkiye\u2019de afetlere kar\u015f\u0131 bilin\u00e7lenmenin ve e\u011fitimin \u00f6nemi, hepimizin bildi\u011fi \u00fczere ge\u00e7en y\u0131l \u015fubat ay\u0131nda T\u00fcrkiye\u2019de ya\u015fanan b\u00fcy\u00fck depremle daha da belirgin hale gelmi\u015ftir. Bu felaket, sa\u011fl\u0131k sekt\u00f6r\u00fcnde de daha haz\u0131rl\u0131kl\u0131 ve etkili \u00e7\u00f6z\u00fcmler \u00fcretme gereklili\u011fini hepimize hat\u0131rlatm\u0131\u015ft\u0131r.\u201d ifadelerini kullanan Din\u00e7y\u00fcrek, bu vesileyle 6 \u015eubat depreminde hayatlar\u0131n\u0131 kaybedenlere Allah\u2019tan rahmet diledi.\u00a0<\/p>\n<p>Ya\u015fanan bu ac\u0131 depremde \u201c\u015eampiyon Melekleri\u201d ve KKTC vatanda\u015flar\u0131n\u0131n hayatlar\u0131n\u0131 kaybetti\u011fini an\u0131msatan Din\u00e7y\u00fcrek, T\u00fcm kay\u0131plara rahmet, ailelerine tekrardan ba\u015f sa\u011fl\u0131\u011f\u0131 diledi.\u00a0\u00a0<\/p>\n<p>Kurultay\u0131n sa\u011fl\u0131k hizmetlerinde dayan\u0131kl\u0131l\u0131\u011f\u0131 art\u0131rma konusunda herkese ilham verece\u011fine inand\u0131\u011f\u0131n\u0131 dile getiren Din\u00e7y\u00fcrek s\u00f6zlerini \u015f\u00f6yle tamamlad\u0131:<\/p>\n<p>\u201cAnavatan T\u00fcrkiye Cumhuriyeti her alanda oldu\u011fu gibi sa\u011fl\u0131k alan\u0131nda da \u00fclkemize her noktada katk\u0131 koymaya devam etmektedir. Bu duygu ve d\u00fc\u015f\u00fcncelerle ba\u015fta T\u00fcrkiye Cumhuriyeti Cumhurba\u015fkan\u0131\u00a0Say\u0131n Recep Tayyip\u00a0Erdo\u011fan olmak \u00fczere bu anlaml\u0131 kurultaya ev sahipli\u011fi yapan Sa\u011fl\u0131k Bakan\u0131 Say\u0131n Prof. Dr. Kemal Memi\u015fo\u011flu ve katk\u0131 koyan herkese \u015f\u00fckranlar\u0131m\u0131 sunar\u0131m.\u00a0T\u00fcrkiye Cumhuriyeti\u2019nin T\u00fcrk Devletleri Te\u015fkilat\u0131\u2019na verdi\u011fi \u00f6nemi bizler de KKTC olarak selaml\u0131yoruz.<\/p>\n<p>T\u00fcrk d\u00fcnyas\u0131n\u0131n birlikte hareket etme refleksinin geli\u015fmesi son derece \u00f6nemlidir.\u00a0\u00a0Bu kurultay sadece sa\u011fl\u0131k alan\u0131nda olumlu sonu\u00e7lar do\u011furmakla kalmayacak, T\u00fcrk d\u00fcnyas\u0131n\u0131n birlikteli\u011fine ve gelece\u011fine katk\u0131lar sa\u011flayacakt\u0131r.\u00a0 \u015eahs\u0131m ad\u0131na, KKTC Sa\u011fl\u0131k Bakan\u0131 olarak sa\u011fl\u0131k alan\u0131nda bu birlikteli\u011fi ileriye ta\u015f\u0131yacak her t\u00fcrl\u00fc katk\u0131 ve fedakarl\u0131\u011f\u0131 ortaya koymaya haz\u0131r oldu\u011fumuzu belirtmek isterim.\u00a0Sa\u011fl\u0131k sekt\u00f6r\u00fcn\u00fcn gelece\u011fini \u015fekillendirmek i\u00e7in birlikte \u00e7al\u0131\u015fmaya devam etmeli, dayan\u0131\u015fmam\u0131z\u0131 g\u00fc\u00e7lendirmeliyiz. Kat\u0131l\u0131mc\u0131lara \u015fimdiden verimli \u00e7al\u0131\u015fmalar ve ba\u015far\u0131l\u0131 bir kurultay diliyorum.\u201d<\/p>\n<\/p><\/div>\n<p><script async\n                    defer\n                    crossorigin=\"anonymous\"\n                    src=\"https:\/\/connect.facebook.net\/tr_TR\/sdk.js#xfbml=1&#038;version=v3.3\"\n            ><\/script><\/p>\n","protected":false},"excerpt":{"rendered":"<p>Sa\u011fl\u0131k Bakan\u0131 Dr. Hakan Din\u00e7y\u00fcrek, T\u00fcrkiye Cumhuriyeti Cumhurba\u015fkanl\u0131\u011f\u0131 himayelerinde, T.C. Sa\u011fl\u0131k Bakanl\u0131\u011f\u0131 ve T\u00fcrkiye Sa\u011fl\u0131k Enstit\u00fcleri Ba\u015fkanl\u0131\u011f\u0131 (T\u00dcSEB) taraf\u0131ndan \u201cAfetlerde Sa\u011fl\u0131k ve Sa\u011fl\u0131\u011f\u0131n Gelece\u011fi\u201d ana temas\u0131yla \u0130stanbul\u2019da d\u00fczenlenen 10. T\u00fcrk T\u0131p D\u00fcnyas\u0131 Kurultay\u0131 ve T\u00dcSEB Aziz Sancar Bilim, Hizmet ve Te\u015fvik \u00d6d\u00fcl T\u00f6reni\u2019ne kat\u0131ld\u0131. Sa\u011fl\u0131k Bakanl\u0131\u011f\u0131ndan yap\u0131lan yaz\u0131l\u0131 a\u00e7\u0131klamaya g\u00f6re, 10. T\u00fcrk T\u0131p Kurultay\u0131 a\u00e7\u0131l\u0131\u015f\u0131nda<\/p>\n","protected":false},"author":1,"featured_media":69236,"comment_status":"open","ping_status":"open","sticky":false,"template":"","format":"standard","meta":{"footnotes":""},"categories":[81],"tags":[],"class_list":["post-69235","post","type-post","status-publish","format-standard","has-post-thumbnail","hentry","category-kibris"],"yoast_head":"<!-- This site is optimized with the Yoast SEO plugin v27.5 - https:\/\/yoast.com\/product\/yoast-seo-wordpress\/ -->\n<title>Sa\u011fl\u0131k Bakan\u0131 Dr. Din\u00e7y\u00fcrek, \u0130stanbul\u2019da d\u00fczenlenen 10. T\u00fcrk T\u0131p D\u00fcnyas\u0131 Kurultay\u0131\u2019na kat\u0131ld\u0131 -<\/title>\n<meta name=\"robots\" content=\"index, follow, max-snippet:-1, max-image-preview:large, max-video-preview:-1\" \/>\n<link rel=\"canonical\" href=\"https:\/\/kibrisdakik.com\/?p=69235\" \/>\n<meta property=\"og:locale\" content=\"tr_TR\" \/>\n<meta property=\"og:type\" content=\"article\" \/>\n<meta property=\"og:title\" content=\"Sa\u011fl\u0131k Bakan\u0131 Dr. Din\u00e7y\u00fcrek, \u0130stanbul\u2019da d\u00fczenlenen 10. T\u00fcrk T\u0131p D\u00fcnyas\u0131 Kurultay\u0131\u2019na kat\u0131ld\u0131 -\" \/>\n<meta property=\"og:description\" content=\"Sa\u011fl\u0131k Bakan\u0131 Dr. Hakan Din\u00e7y\u00fcrek, T\u00fcrkiye Cumhuriyeti Cumhurba\u015fkanl\u0131\u011f\u0131 himayelerinde, T.C. Sa\u011fl\u0131k Bakanl\u0131\u011f\u0131 ve T\u00fcrkiye Sa\u011fl\u0131k Enstit\u00fcleri Ba\u015fkanl\u0131\u011f\u0131 (T\u00dcSEB) taraf\u0131ndan \u201cAfetlerde Sa\u011fl\u0131k ve Sa\u011fl\u0131\u011f\u0131n Gelece\u011fi\u201d ana temas\u0131yla \u0130stanbul\u2019da d\u00fczenlenen 10. T\u00fcrk T\u0131p D\u00fcnyas\u0131 Kurultay\u0131 ve T\u00dcSEB Aziz Sancar Bilim, Hizmet ve Te\u015fvik \u00d6d\u00fcl T\u00f6reni\u2019ne kat\u0131ld\u0131. Sa\u011fl\u0131k Bakanl\u0131\u011f\u0131ndan yap\u0131lan yaz\u0131l\u0131 a\u00e7\u0131klamaya g\u00f6re, 10. T\u00fcrk T\u0131p Kurultay\u0131 a\u00e7\u0131l\u0131\u015f\u0131nda\" \/>\n<meta property=\"og:url\" content=\"https:\/\/kibrisdakik.com\/?p=69235\" \/>\n<meta property=\"article:published_time\" content=\"2024-11-15T10:35:20+00:00\" \/>\n<meta property=\"og:image\" content=\"https:\/\/kibrisdakik.com\/wp-content\/uploads\/2024\/11\/e-dincyurek-istanbul-2-740x420.jpg\" \/>\n\t<meta property=\"og:image:width\" content=\"1096\" \/>\n\t<meta property=\"og:image:height\" content=\"709\" \/>\n\t<meta property=\"og:image:type\" content=\"image\/jpeg\" \/>\n<meta name=\"author\" content=\"admin\" \/>\n<meta name=\"twitter:card\" content=\"summary_large_image\" \/>\n<meta name=\"twitter:label1\" content=\"Yazan:\" \/>\n\t<meta name=\"twitter:data1\" content=\"admin\" \/>\n\t<meta name=\"twitter:label2\" content=\"Tahmini okuma s\u00fcresi\" \/>\n\t<meta name=\"twitter:data2\" content=\"5 dakika\" \/>\n<script type=\"application\/ld+json\" class=\"yoast-schema-graph\">{\"@context\":\"https:\\\/\\\/schema.org\",\"@graph\":[{\"@type\":\"Article\",\"@id\":\"https:\\\/\\\/kibrisdakik.com\\\/?p=69235#article\",\"isPartOf\":{\"@id\":\"https:\\\/\\\/kibrisdakik.com\\\/?p=69235\"},\"author\":{\"name\":\"admin\",\"@id\":\"https:\\\/\\\/kibrisdakik.com\\\/#\\\/schema\\\/person\\\/9cd9d437bbb44f72b73ba127e06d8e79\"},\"headline\":\"Sa\u011fl\u0131k Bakan\u0131 Dr. Din\u00e7y\u00fcrek, \u0130stanbul\u2019da d\u00fczenlenen 10. T\u00fcrk T\u0131p D\u00fcnyas\u0131 Kurultay\u0131\u2019na kat\u0131ld\u0131\",\"datePublished\":\"2024-11-15T10:35:20+00:00\",\"mainEntityOfPage\":{\"@id\":\"https:\\\/\\\/kibrisdakik.com\\\/?p=69235\"},\"wordCount\":975,\"commentCount\":0,\"image\":{\"@id\":\"https:\\\/\\\/kibrisdakik.com\\\/?p=69235#primaryimage\"},\"thumbnailUrl\":\"https:\\\/\\\/kibrisdakik.com\\\/wp-content\\\/uploads\\\/2024\\\/11\\\/e-dincyurek-istanbul-2-740x420.jpg\",\"articleSection\":[\"K\u0131br\u0131s\"],\"inLanguage\":\"tr\",\"potentialAction\":[{\"@type\":\"CommentAction\",\"name\":\"Comment\",\"target\":[\"https:\\\/\\\/kibrisdakik.com\\\/?p=69235#respond\"]}]},{\"@type\":\"WebPage\",\"@id\":\"https:\\\/\\\/kibrisdakik.com\\\/?p=69235\",\"url\":\"https:\\\/\\\/kibrisdakik.com\\\/?p=69235\",\"name\":\"Sa\u011fl\u0131k Bakan\u0131 Dr. Din\u00e7y\u00fcrek, \u0130stanbul\u2019da d\u00fczenlenen 10. T\u00fcrk T\u0131p D\u00fcnyas\u0131 Kurultay\u0131\u2019na kat\u0131ld\u0131 -\",\"isPartOf\":{\"@id\":\"https:\\\/\\\/kibrisdakik.com\\\/#website\"},\"primaryImageOfPage\":{\"@id\":\"https:\\\/\\\/kibrisdakik.com\\\/?p=69235#primaryimage\"},\"image\":{\"@id\":\"https:\\\/\\\/kibrisdakik.com\\\/?p=69235#primaryimage\"},\"thumbnailUrl\":\"https:\\\/\\\/kibrisdakik.com\\\/wp-content\\\/uploads\\\/2024\\\/11\\\/e-dincyurek-istanbul-2-740x420.jpg\",\"datePublished\":\"2024-11-15T10:35:20+00:00\",\"author\":{\"@id\":\"https:\\\/\\\/kibrisdakik.com\\\/#\\\/schema\\\/person\\\/9cd9d437bbb44f72b73ba127e06d8e79\"},\"breadcrumb\":{\"@id\":\"https:\\\/\\\/kibrisdakik.com\\\/?p=69235#breadcrumb\"},\"inLanguage\":\"tr\",\"potentialAction\":[{\"@type\":\"ReadAction\",\"target\":[\"https:\\\/\\\/kibrisdakik.com\\\/?p=69235\"]}]},{\"@type\":\"ImageObject\",\"inLanguage\":\"tr\",\"@id\":\"https:\\\/\\\/kibrisdakik.com\\\/?p=69235#primaryimage\",\"url\":\"https:\\\/\\\/kibrisdakik.com\\\/wp-content\\\/uploads\\\/2024\\\/11\\\/e-dincyurek-istanbul-2-740x420.jpg\",\"contentUrl\":\"https:\\\/\\\/kibrisdakik.com\\\/wp-content\\\/uploads\\\/2024\\\/11\\\/e-dincyurek-istanbul-2-740x420.jpg\",\"width\":1096,\"height\":709},{\"@type\":\"BreadcrumbList\",\"@id\":\"https:\\\/\\\/kibrisdakik.com\\\/?p=69235#breadcrumb\",\"itemListElement\":[{\"@type\":\"ListItem\",\"position\":1,\"name\":\"Home\",\"item\":\"https:\\\/\\\/kibrisdakik.com\\\/\"},{\"@type\":\"ListItem\",\"position\":2,\"name\":\"Sa\u011fl\u0131k Bakan\u0131 Dr. Din\u00e7y\u00fcrek, \u0130stanbul\u2019da d\u00fczenlenen 10. T\u00fcrk T\u0131p D\u00fcnyas\u0131 Kurultay\u0131\u2019na kat\u0131ld\u0131\"}]},{\"@type\":\"WebSite\",\"@id\":\"https:\\\/\\\/kibrisdakik.com\\\/#website\",\"url\":\"https:\\\/\\\/kibrisdakik.com\\\/\",\"name\":\"\",\"description\":\"Tam vaktinde haber\",\"potentialAction\":[{\"@type\":\"SearchAction\",\"target\":{\"@type\":\"EntryPoint\",\"urlTemplate\":\"https:\\\/\\\/kibrisdakik.com\\\/?s={search_term_string}\"},\"query-input\":{\"@type\":\"PropertyValueSpecification\",\"valueRequired\":true,\"valueName\":\"search_term_string\"}}],\"inLanguage\":\"tr\"},{\"@type\":\"Person\",\"@id\":\"https:\\\/\\\/kibrisdakik.com\\\/#\\\/schema\\\/person\\\/9cd9d437bbb44f72b73ba127e06d8e79\",\"name\":\"admin\",\"image\":{\"@type\":\"ImageObject\",\"inLanguage\":\"tr\",\"@id\":\"https:\\\/\\\/secure.gravatar.com\\\/avatar\\\/ccc17943b9d660506c869530f897617f7cb1c21a4bf30023f252596d83e1f007?s=96&d=mm&r=g\",\"url\":\"https:\\\/\\\/secure.gravatar.com\\\/avatar\\\/ccc17943b9d660506c869530f897617f7cb1c21a4bf30023f252596d83e1f007?s=96&d=mm&r=g\",\"contentUrl\":\"https:\\\/\\\/secure.gravatar.com\\\/avatar\\\/ccc17943b9d660506c869530f897617f7cb1c21a4bf30023f252596d83e1f007?s=96&d=mm&r=g\",\"caption\":\"admin\"},\"sameAs\":[\"https:\\\/\\\/kibrisdakik.com\"],\"url\":\"https:\\\/\\\/kibrisdakik.com\\\/?author=1\"}]}<\/script>\n<!-- \/ Yoast SEO plugin. -->","yoast_head_json":{"title":"Sa\u011fl\u0131k Bakan\u0131 Dr. Din\u00e7y\u00fcrek, \u0130stanbul\u2019da d\u00fczenlenen 10. T\u00fcrk T\u0131p D\u00fcnyas\u0131 Kurultay\u0131\u2019na kat\u0131ld\u0131 -","robots":{"index":"index","follow":"follow","max-snippet":"max-snippet:-1","max-image-preview":"max-image-preview:large","max-video-preview":"max-video-preview:-1"},"canonical":"https:\/\/kibrisdakik.com\/?p=69235","og_locale":"tr_TR","og_type":"article","og_title":"Sa\u011fl\u0131k Bakan\u0131 Dr. Din\u00e7y\u00fcrek, \u0130stanbul\u2019da d\u00fczenlenen 10. T\u00fcrk T\u0131p D\u00fcnyas\u0131 Kurultay\u0131\u2019na kat\u0131ld\u0131 -","og_description":"Sa\u011fl\u0131k Bakan\u0131 Dr. Hakan Din\u00e7y\u00fcrek, T\u00fcrkiye Cumhuriyeti Cumhurba\u015fkanl\u0131\u011f\u0131 himayelerinde, T.C. Sa\u011fl\u0131k Bakanl\u0131\u011f\u0131 ve T\u00fcrkiye Sa\u011fl\u0131k Enstit\u00fcleri Ba\u015fkanl\u0131\u011f\u0131 (T\u00dcSEB) taraf\u0131ndan \u201cAfetlerde Sa\u011fl\u0131k ve Sa\u011fl\u0131\u011f\u0131n Gelece\u011fi\u201d ana temas\u0131yla \u0130stanbul\u2019da d\u00fczenlenen 10. T\u00fcrk T\u0131p D\u00fcnyas\u0131 Kurultay\u0131 ve T\u00dcSEB Aziz Sancar Bilim, Hizmet ve Te\u015fvik \u00d6d\u00fcl T\u00f6reni\u2019ne kat\u0131ld\u0131. Sa\u011fl\u0131k Bakanl\u0131\u011f\u0131ndan yap\u0131lan yaz\u0131l\u0131 a\u00e7\u0131klamaya g\u00f6re, 10. T\u00fcrk T\u0131p Kurultay\u0131 a\u00e7\u0131l\u0131\u015f\u0131nda","og_url":"https:\/\/kibrisdakik.com\/?p=69235","article_published_time":"2024-11-15T10:35:20+00:00","og_image":[{"width":1096,"height":709,"url":"https:\/\/kibrisdakik.com\/wp-content\/uploads\/2024\/11\/e-dincyurek-istanbul-2-740x420.jpg","type":"image\/jpeg"}],"author":"admin","twitter_card":"summary_large_image","twitter_misc":{"Yazan:":"admin","Tahmini okuma s\u00fcresi":"5 dakika"},"schema":{"@context":"https:\/\/schema.org","@graph":[{"@type":"Article","@id":"https:\/\/kibrisdakik.com\/?p=69235#article","isPartOf":{"@id":"https:\/\/kibrisdakik.com\/?p=69235"},"author":{"name":"admin","@id":"https:\/\/kibrisdakik.com\/#\/schema\/person\/9cd9d437bbb44f72b73ba127e06d8e79"},"headline":"Sa\u011fl\u0131k Bakan\u0131 Dr. Din\u00e7y\u00fcrek, \u0130stanbul\u2019da d\u00fczenlenen 10. T\u00fcrk T\u0131p D\u00fcnyas\u0131 Kurultay\u0131\u2019na kat\u0131ld\u0131","datePublished":"2024-11-15T10:35:20+00:00","mainEntityOfPage":{"@id":"https:\/\/kibrisdakik.com\/?p=69235"},"wordCount":975,"commentCount":0,"image":{"@id":"https:\/\/kibrisdakik.com\/?p=69235#primaryimage"},"thumbnailUrl":"https:\/\/kibrisdakik.com\/wp-content\/uploads\/2024\/11\/e-dincyurek-istanbul-2-740x420.jpg","articleSection":["K\u0131br\u0131s"],"inLanguage":"tr","potentialAction":[{"@type":"CommentAction","name":"Comment","target":["https:\/\/kibrisdakik.com\/?p=69235#respond"]}]},{"@type":"WebPage","@id":"https:\/\/kibrisdakik.com\/?p=69235","url":"https:\/\/kibrisdakik.com\/?p=69235","name":"Sa\u011fl\u0131k Bakan\u0131 Dr. Din\u00e7y\u00fcrek, \u0130stanbul\u2019da d\u00fczenlenen 10. T\u00fcrk T\u0131p D\u00fcnyas\u0131 Kurultay\u0131\u2019na kat\u0131ld\u0131 -","isPartOf":{"@id":"https:\/\/kibrisdakik.com\/#website"},"primaryImageOfPage":{"@id":"https:\/\/kibrisdakik.com\/?p=69235#primaryimage"},"image":{"@id":"https:\/\/kibrisdakik.com\/?p=69235#primaryimage"},"thumbnailUrl":"https:\/\/kibrisdakik.com\/wp-content\/uploads\/2024\/11\/e-dincyurek-istanbul-2-740x420.jpg","datePublished":"2024-11-15T10:35:20+00:00","author":{"@id":"https:\/\/kibrisdakik.com\/#\/schema\/person\/9cd9d437bbb44f72b73ba127e06d8e79"},"breadcrumb":{"@id":"https:\/\/kibrisdakik.com\/?p=69235#breadcrumb"},"inLanguage":"tr","potentialAction":[{"@type":"ReadAction","target":["https:\/\/kibrisdakik.com\/?p=69235"]}]},{"@type":"ImageObject","inLanguage":"tr","@id":"https:\/\/kibrisdakik.com\/?p=69235#primaryimage","url":"https:\/\/kibrisdakik.com\/wp-content\/uploads\/2024\/11\/e-dincyurek-istanbul-2-740x420.jpg","contentUrl":"https:\/\/kibrisdakik.com\/wp-content\/uploads\/2024\/11\/e-dincyurek-istanbul-2-740x420.jpg","width":1096,"height":709},{"@type":"BreadcrumbList","@id":"https:\/\/kibrisdakik.com\/?p=69235#breadcrumb","itemListElement":[{"@type":"ListItem","position":1,"name":"Home","item":"https:\/\/kibrisdakik.com\/"},{"@type":"ListItem","position":2,"name":"Sa\u011fl\u0131k Bakan\u0131 Dr. Din\u00e7y\u00fcrek, \u0130stanbul\u2019da d\u00fczenlenen 10. T\u00fcrk T\u0131p D\u00fcnyas\u0131 Kurultay\u0131\u2019na kat\u0131ld\u0131"}]},{"@type":"WebSite","@id":"https:\/\/kibrisdakik.com\/#website","url":"https:\/\/kibrisdakik.com\/","name":"","description":"Tam vaktinde haber","potentialAction":[{"@type":"SearchAction","target":{"@type":"EntryPoint","urlTemplate":"https:\/\/kibrisdakik.com\/?s={search_term_string}"},"query-input":{"@type":"PropertyValueSpecification","valueRequired":true,"valueName":"search_term_string"}}],"inLanguage":"tr"},{"@type":"Person","@id":"https:\/\/kibrisdakik.com\/#\/schema\/person\/9cd9d437bbb44f72b73ba127e06d8e79","name":"admin","image":{"@type":"ImageObject","inLanguage":"tr","@id":"https:\/\/secure.gravatar.com\/avatar\/ccc17943b9d660506c869530f897617f7cb1c21a4bf30023f252596d83e1f007?s=96&d=mm&r=g","url":"https:\/\/secure.gravatar.com\/avatar\/ccc17943b9d660506c869530f897617f7cb1c21a4bf30023f252596d83e1f007?s=96&d=mm&r=g","contentUrl":"https:\/\/secure.gravatar.com\/avatar\/ccc17943b9d660506c869530f897617f7cb1c21a4bf30023f252596d83e1f007?s=96&d=mm&r=g","caption":"admin"},"sameAs":["https:\/\/kibrisdakik.com"],"url":"https:\/\/kibrisdakik.com\/?author=1"}]}},"_links":{"self":[{"href":"https:\/\/kibrisdakik.com\/index.php?rest_route=\/wp\/v2\/posts\/69235","targetHints":{"allow":["GET"]}}],"collection":[{"href":"https:\/\/kibrisdakik.com\/index.php?rest_route=\/wp\/v2\/posts"}],"about":[{"href":"https:\/\/kibrisdakik.com\/index.php?rest_route=\/wp\/v2\/types\/post"}],"author":[{"embeddable":true,"href":"https:\/\/kibrisdakik.com\/index.php?rest_route=\/wp\/v2\/users\/1"}],"replies":[{"embeddable":true,"href":"https:\/\/kibrisdakik.com\/index.php?rest_route=%2Fwp%2Fv2%2Fcomments&post=69235"}],"version-history":[{"count":0,"href":"https:\/\/kibrisdakik.com\/index.php?rest_route=\/wp\/v2\/posts\/69235\/revisions"}],"wp:featuredmedia":[{"embeddable":true,"href":"https:\/\/kibrisdakik.com\/index.php?rest_route=\/wp\/v2\/media\/69236"}],"wp:attachment":[{"href":"https:\/\/kibrisdakik.com\/index.php?rest_route=%2Fwp%2Fv2%2Fmedia&parent=69235"}],"wp:term":[{"taxonomy":"category","embeddable":true,"href":"https:\/\/kibrisdakik.com\/index.php?rest_route=%2Fwp%2Fv2%2Fcategories&post=69235"},{"taxonomy":"post_tag","embeddable":true,"href":"https:\/\/kibrisdakik.com\/index.php?rest_route=%2Fwp%2Fv2%2Ftags&post=69235"}],"curies":[{"name":"wp","href":"https:\/\/api.w.org\/{rel}","templated":true}]}}