{"id":69243,"date":"2024-11-15T13:49:17","date_gmt":"2024-11-15T10:49:17","guid":{"rendered":"https:\/\/kibrisdakik.com\/index.php\/2024\/11\/15\/dr-fazil-kucuk-bulvarinda-resmigecit-toreni-duzenlendi-2\/"},"modified":"2024-11-15T13:49:17","modified_gmt":"2024-11-15T10:49:17","slug":"dr-fazil-kucuk-bulvarinda-resmigecit-toreni-duzenlendi-2","status":"publish","type":"post","link":"https:\/\/kibrisdakik.com\/?p=69243","title":{"rendered":"Dr. Faz\u0131l K\u00fc\u00e7\u00fck Bulvar\u0131\u2019nda resmige\u00e7it t\u00f6reni d\u00fczenlendi"},"content":{"rendered":"<div>\n<div class=\"mariselle-image-container center\">\n                                            <\/div>\n<p>15 Kas\u0131m Cumhuriyet Bayram\u0131 kutlamalar\u0131 kapsam\u0131nda Dr. Faz\u0131l K\u00fc\u00e7\u00fck Bulvar\u0131\u2019nda resmi ge\u00e7it t\u00f6reni d\u00fczenlendi.<br \/>T\u00f6ren, \u0130stiklal Mar\u015f\u0131\u2019n\u0131n okunmas\u0131n\u0131n ard\u0131ndan Cumhurba\u015fkan\u0131 Ersin Tatar\u2019\u0131n t\u00f6ren birliklerini denetlemesi ve halk\u0131n bayramlar\u0131n\u0131 kutlamas\u0131yla ba\u015flad\u0131.<\/p>\n<p>\tT\u00fcrkiye Cumhurba\u015fkan\u0131 Recep Tayyip Erdo\u011fan\u2019\u0131n mesaj\u0131 ve Cumhurba\u015fkan\u0131 Tatar\u2019\u0131n cevabi mesaj\u0131n\u0131n teatisinin ard\u0131ndan Lefke ve Erenk\u00f6y\u2019den getirilen bayraklar Cumhurba\u015fkan\u0131\u2019na takdim edildi.<\/p>\n<div class=\"mariselle-image-container center\">\n                <img loading=\"lazy\" decoding=\"async\" width=\"767\" height=\"452\" class=\"lazy-image\" alt=\"\" sizes=\"auto, (max-width: 767px) 100vw, 767px\" src=\"https:\/\/brtk.net\/wp-content\/uploads\/2024\/11\/15\/cevdet-yilmaz8.jpg?ver=4b7c6364b3a8c5238e2e7d6e118ad80c\" srcset=\"https:\/\/brtk.net\/wp-content\/uploads\/2024\/11\/15\/cevdet-yilmaz8.jpg?ver=4b7c6364b3a8c5238e2e7d6e118ad80c 767w, https:\/\/brtk.net\/wp-content\/uploads\/2024\/11\/15\/cevdet-yilmaz8-300x177.jpg?ver=6d133bef0eafcb7b5defb00ef09c9909 300w, https:\/\/brtk.net\/wp-content\/uploads\/2024\/11\/15\/cevdet-yilmaz8-379x222.jpg?ver=475f8e80ee96a5bc906f9314e92d6a86 379w\"\/>                            <\/div>\n<p>\tT\u00fcrkiye Cumhurba\u015fkan\u0131 Yard\u0131mc\u0131s\u0131 Cevdet Y\u0131lmaz,KKTC\u2019nin 41\u2019inci kurulu\u015f y\u0131l\u0131n\u0131 kutlayarak ba\u015flad\u0131\u011f\u0131 konu\u015fmas\u0131nda, T\u00fcrkiye Cumhuriyeti Cumhurba\u015fkan\u0131 Recep Tayyip Erdo\u011fan ve T\u00fcrk milletinin selam ve sevgilerini iletti, \u201cKKTC\u2019ye 41 kere ma\u015fallah\u201d dedi.<br \/>15 Kas\u0131m\u2019\u0131n K\u0131br\u0131s T\u00fcrk\u00fc i\u00e7in bir d\u00f6n\u00fcm noktas\u0131 oldu\u011funu s\u00f6yleyen Y\u0131lmaz, \u201c15 Kas\u0131m sahip oldu\u011fu m\u00fccadele ruhundan \u00f6d\u00fcn vermeyen K\u0131br\u0131s T\u00fcrk\u00fc\u2019n\u00fcn egemenli\u011fini ilan etti\u011fi, ba\u011f\u0131ms\u0131zl\u0131\u011f\u0131ndan taviz vermeyece\u011fini ve asla esaret alt\u0131na ya\u015famayaca\u011f\u0131n\u0131 ilan etti\u011fi g\u00fcnd\u00fcr\u201d vurgusu yapt\u0131.<br \/>K\u0131br\u0131s T\u00fcrk\u00fc\u2019n\u00fcn adadaki asli unsurlardan biri oldu\u011funu ve 20 Temmuz 1974\u2019\u00fcn\u2019de 50\u2019nci y\u0131l\u0131n\u0131n idrak edildi\u011fini an\u0131msatan Y\u0131lmaz,1974 Mutlu Bar\u0131\u015f Harekat\u0131\u2019n\u0131n d\u00fczenlenmesinde \u00f6nc\u00fcl\u00fck eden merhum y\u00f6neticiler B\u00fclent Ecevit ve Necmettin Erbakan\u2019\u0131 da and\u0131.<br \/>Bar\u0131\u015f harekat\u0131n\u0131n yaratt\u0131\u011f\u0131 \u00f6zg\u00fcrl\u00fck ortam\u0131n\u0131n KKTC\u2019nin ilan\u0131na imkan sa\u011flad\u0131\u011f\u0131n\u0131 ve t\u00fcm adaya bar\u0131\u015f getirdi\u011fini s\u00f6yleyen Y\u0131lmaz, K\u0131br\u0131s T\u00fcrkleri ba\u011f\u0131ms\u0131zl\u0131k yolunda ad\u0131m atarak milli bir irade ortaya koydu\u011funu s\u00f6yledi.<\/p>\n<p>Adadaki tek me\u015fru devletin KKTC oldu\u011funu, dalgalanan bayraklar\u0131n da huzur ve g\u00fcvenli\u011fin teminat\u0131 oldu\u011funu kaydeden Y\u0131lmaz, Kurucu Cumhurba\u015fkan\u0131 Rauf Raif Denkta\u015f, \u00d6zg\u00fcrl\u00fck M\u00fccadelesi Lideri Dr. K\u00fc\u00e7\u00fck, Mehmet\u00e7ik, M\u00fccahit ve t\u00fcm kahramanlar\u0131 rahmet, minnet ve \u015f\u00fckranla and\u0131.<br \/>K\u0131br\u0131s meselesinin milli bir dava oldu\u011funu ifade eden Y\u0131lmaz, Rumlar\u0131n ortakl\u0131k devletini gasb\u0131n\u0131n \u00fczerinden 60 y\u0131l ge\u00e7ti\u011fini hat\u0131rlatt\u0131.<br \/>T\u00fcm m\u00fczakere s\u00fcre\u00e7lerinde adil, kal\u0131c\u0131 ve s\u00fcrd\u00fcr\u00fclebilir bir anla\u015fma i\u00e7in \u00e7al\u0131\u015fan taraf\u0131n da daima K\u0131br\u0131s T\u00fcrk taraf\u0131 oldu\u011funa i\u015faret eden Y\u0131lmaz, \u201cRumlar\u0131n ise uzla\u015fmaz bir tav\u0131r sergiledikleri tarih kay\u0131tlar\u0131na ge\u00e7mi\u015ftir\u201d dedi.<\/p>\n<p>\t1963\u2019te ortakl\u0131k devletini silah zoruyla y\u0131kan, Annan Plan\u0131\u2019n\u0131 reddeden ve Crans Montana\u2019da masada ka\u00e7an\u0131n da Rum taraf\u0131 oldu\u011funu an\u0131msatan Y\u0131lmaz, hakikati g\u00f6ren g\u00f6zlere, tarih \u015fuuruna sahip T\u00fcrk milletiyle Rumlar\u0131n siyasi e\u015fitli\u011fi asla payla\u015fmak istemedi\u011fine vurgu yapt\u0131.<br \/>Y\u0131lmaz, \u201cDenenmi\u015f ve ba\u015far\u0131s\u0131zl\u0131\u011f\u0131 kan\u0131tlanm\u0131\u015f, eski s\u00fcr\u00fcm BM parametreleri ile kaybedecek vakit yoktur. Cumhurba\u015fkan\u0131 Tatar\u2019\u0131n ortaya koydu\u011fu 2 devletli \u00e7\u00f6z\u00fcm vizyonunun yan\u0131nda ve arkas\u0131nday\u0131z. Federal \u00e7\u00f6z\u00fcm modeli art\u0131k s\u00f6z konusu de\u011fildir. Ger\u00e7e\u011fi duymak istemeyenler olsa da, adada 2 ayr\u0131 halk ve 41 y\u0131ll\u0131k bir KKTC devleti vard\u0131r. Uluslararas\u0131 toplum da bunu kabul etmelidir. Topluluk ilkelerini \u00e7i\u011fneme pahas\u0131na Rum taraf\u0131 Avrupa Birli\u011fi\u2019ne kabul edilmi\u015f, K\u0131br\u0131s T\u00fcrkleri haks\u0131z izolasyonlara maruz b\u0131rak\u0131lm\u0131\u015ft\u0131r. Tan\u0131nmay\u0131 istemek de en do\u011fal hakt\u0131r. TC Cumhurba\u015fkan\u0131 Erdo\u011fan\u2019\u0131n BM Genel Kurulu\u2019na hitab\u0131nda da ifade etti\u011fi gibi \u2018Uluslararas\u0131 toplum KKTC\u2019yi tan\u0131mal\u0131, diplomatik ve sosyal ve siyasi ili\u015fki kurmal\u0131d\u0131r\u2019 \u201d dedi.<\/p>\n<p>\tCumhurba\u015fkan\u0131 Tatar\u2019\u0131n,Azerbaycan ve Bi\u015fkek\u2019teki TDT zirvelerine kat\u0131lmas\u0131n\u0131n da K\u0131br\u0131s T\u00fcrk\u00fc\u2019n\u00fcn hakl\u0131 davas\u0131na destek i\u00e7in verilen bir mesa oldu\u011funu ifade eden Y\u0131lmaz, bu hakl\u0131 davadan vazge\u00e7ilmesini kimsenin beklememesi gerekti\u011fini s\u00f6yledi.<br \/>Y\u0131lmaz, Anavatan ve garant\u00f6r T\u00fcrkiye Cumhuriyeti\u2019nin KKTC\u2019nin ve K\u0131br\u0131s T\u00fcrk\u00fc\u2019n\u00fcn her zaman yan\u0131nda olaca\u011f\u0131n\u0131 ve \u00e7\u0131karlar\u0131n\u0131n korunmas\u0131 i\u00e7in var g\u00fcc\u00fcyle deste\u011fe devam edece\u011fini de belirtti.<\/p>\n<p>\tDo\u011fu Akdeniz\u2019in bir bar\u0131\u015f denizi olmas\u0131 i\u00e7in \u00e7al\u0131\u015fmalar\u0131n s\u00fcrece\u011fini de dile getiren Cevdet Y\u0131lmaz, \u201cB\u00f6lge g\u00fc\u00e7leri ve d\u0131\u015f emperyalist \u00e7abalar sonu\u00e7 vermeyecek, Filistin davas\u0131na da deste\u011fimiz s\u00fcrecek, Gazze\u2019deki katliamlara kar\u015f\u0131 duru\u015fumuzu s\u00fcrd\u00fcrece\u011fiz, mazlumun yan\u0131na durmak ak\u0131lc\u0131 oldu\u011fu kadar onurlu bir davran\u0131\u015ft\u0131r. Ba\u015fkalar\u0131ndan yard\u0131m beklemeden \u00e7al\u0131\u015facak, K\u0131br\u0131s\u2019taki dayan\u0131\u015fmam\u0131z gibi Filistin\u2019dede dayan\u0131\u015fmam\u0131z\u0131 s\u00fcrd\u00fcrece\u011fiz\u201d dedi.<\/p>\n<p>K\u0131br\u0131s T\u00fcr\u00fc\u2019n\u00fcn kendi vatan\u0131nda hak etti\u011fi refah i\u00e7inde ya\u015famas\u0131 ve s\u00fcrd\u00fcr\u00fclebilir bir ekonomik yap\u0131n\u0131n \u00f6ncelikleri oldu\u011funu da s\u00f6yleyen Y\u0131lmaz, \u201cUlu \u00f6nder Atat\u00fcrk\u2019\u00fcn de dedi\u011fi gibi; askeri zaferler ne kadar b\u00fcy\u00fck olursa olsun iktisadi zaferlerle ta\u00e7land\u0131r\u0131lmad\u0131k\u00e7a eksik olur. \u0130zolasyonlara kar\u015f\u0131 el birli\u011fi ile \u00e7al\u0131\u015f\u0131yoruz. Mali i\u015fbirli\u011fi anla\u015fmas\u0131, tar\u0131msal sulama, enerji arz g\u00fcveli\u011fi, sosyal konutlar ve e-devlet \u00e7al\u0131\u015fmalar\u0131na yenileri de eklenecek.D\u00fcn in\u015fa edilen ve donat\u0131lan 24 Aral\u0131k 1963 Girne Aker Hastanesi askerler, TC ve KKTC vatanda\u015flar\u0131n\u0131n kullan\u0131m\u0131na sunuldu, hay\u0131rl\u0131 olsun. Bu \u00f6nemli tarih de hastane ile \u00f6l\u00fcms\u00fczle\u015fmi\u015f oldu.<\/p>\n<p> Anavatan\u2019\u0131n deste\u011fi ile KKTC her y\u0131l daha da ileri gidecek. KKTC\u2019nin ya\u015fam standarlar\u0131n\u0131 y\u00fckselterek,gelece\u011fi g\u00fcven alt\u0131na alaca\u011f\u0131z.T\u00fcrkiye Cumhuriyeti\u2019nin 2\u2019nciy\u00fczy\u0131l\u0131nda da T\u00fcrkiye yan\u0131n\u0131zda olmaya devam edecek ve bu K\u0131br\u0131s T\u00fcrkleri\u2019nin de y\u00fczy\u0131l\u0131 olacak. KKTC\u2019nin as\u0131rl\u0131k bir \u00e7\u0131nara d\u00f6n\u00fc\u015fmesini diliyorum Ya\u015fas\u0131n TC, ya\u015fas\u0131n KKTC\u201d dedi.<\/p>\n<div class=\"mariselle-image-container center\">\n                <img loading=\"lazy\" decoding=\"async\" width=\"1599\" height=\"1066\" class=\"lazy-image\" alt=\"\" sizes=\"auto, (max-width: 1599px) 100vw, 1599px\" src=\"https:\/\/brtk.net\/wp-content\/uploads\/2024\/11\/15\/tata.jpeg?ver=596fc48b374ebdc3722e4906272d77a9\" srcset=\"https:\/\/brtk.net\/wp-content\/uploads\/2024\/11\/15\/tata.jpeg?ver=596fc48b374ebdc3722e4906272d77a9 1599w, https:\/\/brtk.net\/wp-content\/uploads\/2024\/11\/15\/tata-300x200.jpeg?ver=b4d6e84da55b75fb3a7031f26527ad07 300w, https:\/\/brtk.net\/wp-content\/uploads\/2024\/11\/15\/tata-1024x683.jpeg?ver=b4d6e84da55b75fb3a7031f26527ad07 1024w, https:\/\/brtk.net\/wp-content\/uploads\/2024\/11\/15\/tata-768x512.jpeg?ver=b4d6e84da55b75fb3a7031f26527ad07 768w, https:\/\/brtk.net\/wp-content\/uploads\/2024\/11\/15\/tata-1536x1024.jpeg?ver=3d1f06cb539b749ac0c25c4414aa18f8 1536w\"\/>                            <\/div>\n<p>Cumhurba\u015fkan\u0131 Ersin Tatar da t\u00f6rende yapt\u0131\u011f\u0131 konu\u015fmada, K\u0131br\u0131s T\u00fcrk Halk\u0131\u2019n\u0131n bu topraklarda \u00e7ok ac\u0131lar \u00e7ekti\u011fini, g\u00f6\u00e7ler ya\u015fad\u0131\u011f\u0131n\u0131 ve soyk\u0131r\u0131mlardan ge\u00e7ti\u011fini ama hi\u00e7 y\u0131lmad\u0131\u011f\u0131n\u0131 belirtti.<\/p>\n<p>K\u0131br\u0131s T\u00fcrk Halk\u0131\u2019n\u0131n ba\u015fka milletlerin esareti alt\u0131nda ya\u015famamak i\u00e7in, Ulu \u00d6nder Mustafa Kemal Atat\u00fcrk ve silah arkada\u015flar\u0131n\u0131n Kurtulu\u015f ve \u0130stiklal sava\u015flar\u0131nda verdi\u011fi m\u00fccadele gibi Rum Yunan ikilisine kar\u015f\u0131 direndi\u011fini s\u00f6yleyen Tatar, 41 y\u0131l \u00f6nce Rauf Raif Denkta\u015f \u00f6nc\u00fcl\u00fc\u011f\u00fcnde K\u0131br\u0131s T\u00fcrk Federe Devleti\u2019nin oy birli\u011fi ile K\u0131br\u0131s T\u00fcrk\u00fc\u2019n\u00fcn me\u015fru istek ve iradesine uygun olarak KKTC\u2019yi ba\u011f\u0131ms\u0131z bir devlet olarak ilan etti\u011fini anlatt\u0131.<\/p>\n<p>K\u0131br\u0131s T\u00fcrk Halk\u0131\u2019n\u0131n, zor s\u00fcre\u00e7lerden ge\u00e7mi\u015f, kendi devletini kurmu\u015f ve ba\u011f\u0131ms\u0131zl\u0131k ve h\u00fcrr\u00fcyetin ne oldu\u011funu bilen bir halk oldu\u011funu ifade eden Cumhurba\u015fkan\u0131 Tatar, K\u0131br\u0131s T\u00fcrk Halk\u0131\u2019n\u0131n zor s\u00fcre\u00e7leri Anavatan T\u00fcrkiye  sevgisi ile y\u00fcr\u00fctebildi\u011fini kaydetti\u2026<br \/>Cumhurba\u015fkan\u0131 Tatar, Egemenlik temelinde s\u00fcrd\u00fcr\u00fclen milli davan\u0131n dayana\u011f\u0131n\u0131n K\u0131br\u0131s T\u00fcrk Halk\u0131\u2019n\u0131n \u00f6zden gelen hakk\u0131 oldu\u011funu ve pazarl\u0131\u011fa tabi olmad\u0131\u011f\u0131n\u0131n alt\u0131n\u0131 \u00e7izdi.<\/p>\n<p>Tatar \u201cArt\u0131k egemen e\u015fitlik ve e\u015fit uluslararas\u0131 stat\u00fcm\u00fcz kabul edilirse  ancak masaya oturaca\u011f\u0131m\u0131z\u0131 her platformda hayk\u0131r\u0131yoruz\u201d diyerek T\u00fcrkiye Cumhurba\u015fkan\u0131 Recep Tayyip Erdo\u011fan\u2019\u0131n da bunu her platformda seslendirmesi ile yeni siyasetin zeminin g\u00fc\u00e7lendi\u011fini s\u00f6yledi.<\/p>\n<p>S\u00fcrd\u00fcr\u00fclen yeni siyaseti T\u00fcrk Devletleri Te\u015fkilat\u0131, \u0130slam \u0130\u015fbirli\u011fi Te\u015fkilat\u0131 ve di\u011fer platformlarda anlatmaya devam ettiklerine dikkati \u00e7eken Tatar, her ortamda K\u0131br\u0131s T\u00fcrk Halk\u0131\u2019na destek veren ve hakl\u0131 davas\u0131n\u0131 anlatan T\u00fcrkiye Cumhuriyeti\u2019nin t\u00fcm B\u00fcy\u00fckel\u00e7ileri\u2019ne de te\u015fekk\u00fcr etti. <\/p>\n<p>Tatar, Ekim ay\u0131nda Birle\u015fmi\u015f Milletler Genel Sekreteri Antonio Guterres\u2019in davetiyle ger\u00e7ekle\u015ftirilen gayr\u0131resmi yemekte izolasyonlar\u0131n art\u0131k kalkmas\u0131 gerekti\u011fini ifade etti\u011fini ancak aksine son zamanlarda Rum taraf\u0131n\u0131n turizm, e\u011fitim, in\u015faat ve emlak sekt\u00f6r\u00fcne sald\u0131rmas\u0131n\u0131n KKTC\u2019ye zarar verme niyetinde olduklar\u0131n\u0131 ama bu giri\u015fimlerinin beyhude oldu\u011funu s\u00f6yledi.<\/p>\n<p>KKTC\u2018nin hakl\u0131 davas\u0131ndan ve temel ilkelerinden asla vazge\u00e7meyeceklerini de s\u00f6yleyen Tatar, kar\u015f\u0131 taraf ile egemenlik temelinde i\u015f birli\u011fine haz\u0131r olduklar\u0131n\u0131 vurgulad\u0131.<\/p>\n<p>Tatar, BM Genel Sekreteri\u2019nin anavatanlar\u0131n da yer alaca\u011f\u0131 geni\u015f kat\u0131l\u0131ml\u0131 bir toplant\u0131 i\u00e7in aray\u0131\u015f i\u00e7erisinde oldu\u011funu da aktard\u0131. <\/p>\n<p> \u201cK\u0131br\u0131sta iki e\u015fit devlet modeli bizler i\u00e7in art\u0131k vazge\u00e7ilmezdir\u201d diyen Tatar, adan\u0131n ne g\u00fczelliklerini ne de zenginliklerini payla\u015fmak istemeyenin Rum taraf\u0131 oldu\u011funu vurgulad\u0131.<br \/>Tatar \u201cBizim yolumuz M\u00fccahidin yoludur, T\u00fcrkiye ile birlikte yolumuzdur. K\u0131br\u0131s T\u00fcrk Halk\u0131 olarak bu topraklarda tek istedi\u011fimiz umutla gelece\u011fe y\u00fcr\u00fcyebilmek, bar\u0131\u015f ve huzur i\u00e7inde ya\u015fayabilmektir. Kimsenin hakk\u0131nda g\u00f6z\u00fcm\u00fcz yok Biz kendi hakk\u0131m\u0131z\u0131n aray\u0131\u015f\u0131 i\u00e7erisindeyiz\u201d diye konu\u015ftu.<\/p>\n<p>KKTC\u2019nin ekonomik geli\u015fimi, refah\u0131 ve geli\u015fmi\u015fli\u011fini art\u0131rmak i\u00e7in her t\u00fcrl\u00fc \u00e7aba i\u00e7erisinde olduklar\u0131n\u0131 da s\u00f6yleyen Cumhurba\u015fkan\u0131 Tatar, Ba\u015fbakan \u00dcnal \u00dcstel ve T\u00fcrkiye Cumhuriyeti h\u00fck\u00fcmetinin g\u00fc\u00e7l\u00fc i\u015fbirlikleri yapt\u0131klar\u0131n\u0131 anlatt\u0131 ve yeni mali protokol\u00fcn bir an \u00f6nce haz\u0131rlanarak y\u00fcr\u00fcrl\u00fc\u011fe girmesinin en b\u00fcy\u00fck temennisi oldu\u011funu ifade etti.<\/p>\n<p>Tatar \u201cD\u00fcnyada krizlerin oldu\u011fu bir d\u00f6nemde KKTC\u2019nin mali durumunun daha da g\u00fc\u00e7lenmesi \u00f6nem ta\u015f\u0131yor\u201d diyerek, KKTC\u2019nin geli\u015fmesinin ona olan inanc\u0131 daha da art\u0131raca\u011f\u0131n\u0131 belirtti.<\/p>\n<p>Tatar konu\u015fmas\u0131nda, T\u00fcrkiye Cumhuriyeti ile yap\u0131lan i\u015fbirliklerine de i\u015faret etti\u2026<\/p>\n<div class=\"mariselle-image-container center\">\n                <img loading=\"lazy\" decoding=\"async\" width=\"1600\" height=\"1200\" class=\"lazy-image\" alt=\"\" sizes=\"auto, (max-width: 1600px) 100vw, 1600px\" src=\"https:\/\/brtk.net\/wp-content\/uploads\/2024\/11\/15\/whatsapp-image-2024-11-15-at-11-41-28.jpeg?ver=cdf0bfa68020625543bf9147f844a99d\" srcset=\"https:\/\/brtk.net\/wp-content\/uploads\/2024\/11\/15\/whatsapp-image-2024-11-15-at-11-41-28.jpeg?ver=cdf0bfa68020625543bf9147f844a99d 1600w, https:\/\/brtk.net\/wp-content\/uploads\/2024\/11\/15\/whatsapp-image-2024-11-15-at-11-41-28-300x225.jpeg?ver=4ea9e7494b3e0bc8c2bdd448dff1f164 300w, https:\/\/brtk.net\/wp-content\/uploads\/2024\/11\/15\/whatsapp-image-2024-11-15-at-11-41-28-1024x768.jpeg?ver=4ea9e7494b3e0bc8c2bdd448dff1f164 1024w, https:\/\/brtk.net\/wp-content\/uploads\/2024\/11\/15\/whatsapp-image-2024-11-15-at-11-41-28-768x576.jpeg?ver=4e569fb4361a36fd8b889ef5dd28e838 768w, https:\/\/brtk.net\/wp-content\/uploads\/2024\/11\/15\/whatsapp-image-2024-11-15-at-11-41-28-1536x1152.jpeg?ver=4e569fb4361a36fd8b889ef5dd28e838 1536w\"\/>                            <\/div>\n<p>\nT\u00fcrkiye Cumhuriyeti ile yap\u0131lan temas ve i\u015fbirlikleri sayesinde KKTC\u2019ye yat\u0131r\u0131mlar\u0131n artt\u0131\u011f\u0131na da i\u015faret eden Tatar, bunun da T\u00fcrkiye Cumhuriyeti\u2019nin KKTC\u2019ye sahip \u00e7\u0131kt\u0131\u011f\u0131n\u0131n bir g\u00f6stergesi oldu\u011funu ifade etti ve \u201cT\u00fcrkiye Cumhuriyeti ile yapt\u0131\u011f\u0131m\u0131z bir tak\u0131m anla\u015fmalar \u00e7ok daha g\u00fc\u00e7l\u00fc ad\u0131mlarla y\u00fcr\u00fctebilmemizin garantisidir\u201d dedi.<\/p>\n<p>Tatar, b\u00f6lgede ya\u015fananlara bak\u0131ld\u0131\u011f\u0131nda Mavi Vatan\u0131n ne kadar \u00f6nemli oldu\u011funun g\u00f6r\u00fcld\u00fc\u011f\u00fcn\u00fc kaydederek, KKTC\u2019nin b\u00fct\u00fcn T\u00fcrk d\u00fcnyas\u0131n\u0131n en g\u00fcneydeki bir serhat vatan\u0131 oldu\u011funu belirtti.<\/p>\n<p>K\u0131br\u0131s T\u00fcrk Halk\u0131\u2019n\u0131n yaln\u0131z olmad\u0131\u011f\u0131na da i\u015faret eden Tatar, \u201cBizim arkam\u0131zda 85 milyon T\u00fcrkiye ve yurt d\u0131\u015f\u0131nda ya\u015fayan binlerce K\u0131br\u0131sl\u0131 T\u00fcrk vatanda\u015f\u0131m\u0131z vard\u0131r\u201d dedi.<\/p>\n<p>Konu\u015fmalar\u0131n ard\u0131nda t\u00f6ren halk danslar\u0131 g\u00f6sterileri, T\u00fcrkiye Cumhuriyeti Milli Savunma Bakanl\u0131\u011f\u0131 Mehteran Birli\u011fi Konseri ve resmi ge\u00e7it ile tamamland\u0131.<\/p>\n<div class=\"mariselle-image-container center\">\n                <img loading=\"lazy\" decoding=\"async\" width=\"1599\" height=\"1066\" class=\"lazy-image\" alt=\"\" sizes=\"auto, (max-width: 1599px) 100vw, 1599px\" src=\"https:\/\/brtk.net\/wp-content\/uploads\/2024\/11\/15\/whatsapp-image-2024-11-15-at-11-47-56-1-.jpeg?ver=834bc666bbb71f45f0e2ff60295fea6f\" srcset=\"https:\/\/brtk.net\/wp-content\/uploads\/2024\/11\/15\/whatsapp-image-2024-11-15-at-11-47-56-1-.jpeg?ver=834bc666bbb71f45f0e2ff60295fea6f 1599w, https:\/\/brtk.net\/wp-content\/uploads\/2024\/11\/15\/whatsapp-image-2024-11-15-at-11-47-56-1--300x200.jpeg?ver=6e8f1253d8b2c2f1f133dd9658604dc8 300w, https:\/\/brtk.net\/wp-content\/uploads\/2024\/11\/15\/whatsapp-image-2024-11-15-at-11-47-56-1--1024x683.jpeg?ver=6e8f1253d8b2c2f1f133dd9658604dc8 1024w, https:\/\/brtk.net\/wp-content\/uploads\/2024\/11\/15\/whatsapp-image-2024-11-15-at-11-47-56-1--768x512.jpeg?ver=6e8f1253d8b2c2f1f133dd9658604dc8 768w, https:\/\/brtk.net\/wp-content\/uploads\/2024\/11\/15\/whatsapp-image-2024-11-15-at-11-47-56-1--1536x1024.jpeg?ver=f72b9ac4f10302b32e1f6ae3faa5a1ce 1536w\"\/>                            <\/div>\n<\/p><\/div>\n<p><script async\n                    defer\n                    crossorigin=\"anonymous\"\n                    src=\"https:\/\/connect.facebook.net\/tr_TR\/sdk.js#xfbml=1&#038;version=v3.3\"\n            ><\/script><\/p>\n","protected":false},"excerpt":{"rendered":"<p>15 Kas\u0131m Cumhuriyet Bayram\u0131 kutlamalar\u0131 kapsam\u0131nda Dr. Faz\u0131l K\u00fc\u00e7\u00fck Bulvar\u0131\u2019nda resmi ge\u00e7it t\u00f6reni d\u00fczenlendi.T\u00f6ren, \u0130stiklal Mar\u015f\u0131\u2019n\u0131n okunmas\u0131n\u0131n ard\u0131ndan Cumhurba\u015fkan\u0131 Ersin Tatar\u2019\u0131n t\u00f6ren birliklerini denetlemesi ve halk\u0131n bayramlar\u0131n\u0131 kutlamas\u0131yla ba\u015flad\u0131. T\u00fcrkiye Cumhurba\u015fkan\u0131 Recep Tayyip Erdo\u011fan\u2019\u0131n mesaj\u0131 ve Cumhurba\u015fkan\u0131 Tatar\u2019\u0131n cevabi mesaj\u0131n\u0131n teatisinin ard\u0131ndan Lefke ve Erenk\u00f6y\u2019den getirilen bayraklar Cumhurba\u015fkan\u0131\u2019na takdim edildi. T\u00fcrkiye Cumhurba\u015fkan\u0131 Yard\u0131mc\u0131s\u0131 Cevdet Y\u0131lmaz,KKTC\u2019nin<\/p>\n","protected":false},"author":1,"featured_media":69244,"comment_status":"open","ping_status":"open","sticky":false,"template":"","format":"standard","meta":{"footnotes":""},"categories":[81],"tags":[],"class_list":["post-69243","post","type-post","status-publish","format-standard","has-post-thumbnail","hentry","category-kibris"],"yoast_head":"<!-- This site is optimized with the Yoast SEO plugin v27.5 - https:\/\/yoast.com\/product\/yoast-seo-wordpress\/ -->\n<title>Dr. Faz\u0131l K\u00fc\u00e7\u00fck Bulvar\u0131\u2019nda resmige\u00e7it t\u00f6reni d\u00fczenlendi -<\/title>\n<meta name=\"robots\" content=\"index, follow, max-snippet:-1, max-image-preview:large, max-video-preview:-1\" \/>\n<link rel=\"canonical\" href=\"https:\/\/kibrisdakik.com\/?p=69243\" \/>\n<meta property=\"og:locale\" content=\"tr_TR\" \/>\n<meta property=\"og:type\" content=\"article\" \/>\n<meta property=\"og:title\" content=\"Dr. Faz\u0131l K\u00fc\u00e7\u00fck Bulvar\u0131\u2019nda resmige\u00e7it t\u00f6reni d\u00fczenlendi -\" \/>\n<meta property=\"og:description\" content=\"15 Kas\u0131m Cumhuriyet Bayram\u0131 kutlamalar\u0131 kapsam\u0131nda Dr. Faz\u0131l K\u00fc\u00e7\u00fck Bulvar\u0131\u2019nda resmi ge\u00e7it t\u00f6reni d\u00fczenlendi.T\u00f6ren, \u0130stiklal Mar\u015f\u0131\u2019n\u0131n okunmas\u0131n\u0131n ard\u0131ndan Cumhurba\u015fkan\u0131 Ersin Tatar\u2019\u0131n t\u00f6ren birliklerini denetlemesi ve halk\u0131n bayramlar\u0131n\u0131 kutlamas\u0131yla ba\u015flad\u0131. T\u00fcrkiye Cumhurba\u015fkan\u0131 Recep Tayyip Erdo\u011fan\u2019\u0131n mesaj\u0131 ve Cumhurba\u015fkan\u0131 Tatar\u2019\u0131n cevabi mesaj\u0131n\u0131n teatisinin ard\u0131ndan Lefke ve Erenk\u00f6y\u2019den getirilen bayraklar Cumhurba\u015fkan\u0131\u2019na takdim edildi. T\u00fcrkiye Cumhurba\u015fkan\u0131 Yard\u0131mc\u0131s\u0131 Cevdet Y\u0131lmaz,KKTC\u2019nin\" \/>\n<meta property=\"og:url\" content=\"https:\/\/kibrisdakik.com\/?p=69243\" \/>\n<meta property=\"article:published_time\" content=\"2024-11-15T10:49:17+00:00\" \/>\n<meta property=\"og:image\" content=\"https:\/\/kibrisdakik.com\/wp-content\/uploads\/2024\/11\/TORENN-740x420.jpeg\" \/>\n\t<meta property=\"og:image:width\" content=\"1599\" \/>\n\t<meta property=\"og:image:height\" content=\"1066\" \/>\n\t<meta property=\"og:image:type\" content=\"image\/jpeg\" \/>\n<meta name=\"author\" content=\"admin\" \/>\n<meta name=\"twitter:card\" content=\"summary_large_image\" \/>\n<meta name=\"twitter:label1\" content=\"Yazan:\" \/>\n\t<meta name=\"twitter:data1\" content=\"admin\" \/>\n\t<meta name=\"twitter:label2\" content=\"Tahmini okuma s\u00fcresi\" \/>\n\t<meta name=\"twitter:data2\" content=\"9 dakika\" \/>\n<script type=\"application\/ld+json\" class=\"yoast-schema-graph\">{\"@context\":\"https:\\\/\\\/schema.org\",\"@graph\":[{\"@type\":\"Article\",\"@id\":\"https:\\\/\\\/kibrisdakik.com\\\/?p=69243#article\",\"isPartOf\":{\"@id\":\"https:\\\/\\\/kibrisdakik.com\\\/?p=69243\"},\"author\":{\"name\":\"admin\",\"@id\":\"https:\\\/\\\/kibrisdakik.com\\\/#\\\/schema\\\/person\\\/9cd9d437bbb44f72b73ba127e06d8e79\"},\"headline\":\"Dr. Faz\u0131l K\u00fc\u00e7\u00fck Bulvar\u0131\u2019nda resmige\u00e7it t\u00f6reni d\u00fczenlendi\",\"datePublished\":\"2024-11-15T10:49:17+00:00\",\"mainEntityOfPage\":{\"@id\":\"https:\\\/\\\/kibrisdakik.com\\\/?p=69243\"},\"wordCount\":1895,\"commentCount\":0,\"image\":{\"@id\":\"https:\\\/\\\/kibrisdakik.com\\\/?p=69243#primaryimage\"},\"thumbnailUrl\":\"https:\\\/\\\/kibrisdakik.com\\\/wp-content\\\/uploads\\\/2024\\\/11\\\/TORENN-740x420.jpeg\",\"articleSection\":[\"K\u0131br\u0131s\"],\"inLanguage\":\"tr\",\"potentialAction\":[{\"@type\":\"CommentAction\",\"name\":\"Comment\",\"target\":[\"https:\\\/\\\/kibrisdakik.com\\\/?p=69243#respond\"]}]},{\"@type\":\"WebPage\",\"@id\":\"https:\\\/\\\/kibrisdakik.com\\\/?p=69243\",\"url\":\"https:\\\/\\\/kibrisdakik.com\\\/?p=69243\",\"name\":\"Dr. Faz\u0131l K\u00fc\u00e7\u00fck Bulvar\u0131\u2019nda resmige\u00e7it t\u00f6reni d\u00fczenlendi -\",\"isPartOf\":{\"@id\":\"https:\\\/\\\/kibrisdakik.com\\\/#website\"},\"primaryImageOfPage\":{\"@id\":\"https:\\\/\\\/kibrisdakik.com\\\/?p=69243#primaryimage\"},\"image\":{\"@id\":\"https:\\\/\\\/kibrisdakik.com\\\/?p=69243#primaryimage\"},\"thumbnailUrl\":\"https:\\\/\\\/kibrisdakik.com\\\/wp-content\\\/uploads\\\/2024\\\/11\\\/TORENN-740x420.jpeg\",\"datePublished\":\"2024-11-15T10:49:17+00:00\",\"author\":{\"@id\":\"https:\\\/\\\/kibrisdakik.com\\\/#\\\/schema\\\/person\\\/9cd9d437bbb44f72b73ba127e06d8e79\"},\"breadcrumb\":{\"@id\":\"https:\\\/\\\/kibrisdakik.com\\\/?p=69243#breadcrumb\"},\"inLanguage\":\"tr\",\"potentialAction\":[{\"@type\":\"ReadAction\",\"target\":[\"https:\\\/\\\/kibrisdakik.com\\\/?p=69243\"]}]},{\"@type\":\"ImageObject\",\"inLanguage\":\"tr\",\"@id\":\"https:\\\/\\\/kibrisdakik.com\\\/?p=69243#primaryimage\",\"url\":\"https:\\\/\\\/kibrisdakik.com\\\/wp-content\\\/uploads\\\/2024\\\/11\\\/TORENN-740x420.jpeg\",\"contentUrl\":\"https:\\\/\\\/kibrisdakik.com\\\/wp-content\\\/uploads\\\/2024\\\/11\\\/TORENN-740x420.jpeg\",\"width\":1599,\"height\":1066},{\"@type\":\"BreadcrumbList\",\"@id\":\"https:\\\/\\\/kibrisdakik.com\\\/?p=69243#breadcrumb\",\"itemListElement\":[{\"@type\":\"ListItem\",\"position\":1,\"name\":\"Home\",\"item\":\"https:\\\/\\\/kibrisdakik.com\\\/\"},{\"@type\":\"ListItem\",\"position\":2,\"name\":\"Dr. Faz\u0131l K\u00fc\u00e7\u00fck Bulvar\u0131\u2019nda resmige\u00e7it t\u00f6reni d\u00fczenlendi\"}]},{\"@type\":\"WebSite\",\"@id\":\"https:\\\/\\\/kibrisdakik.com\\\/#website\",\"url\":\"https:\\\/\\\/kibrisdakik.com\\\/\",\"name\":\"\",\"description\":\"Tam vaktinde haber\",\"potentialAction\":[{\"@type\":\"SearchAction\",\"target\":{\"@type\":\"EntryPoint\",\"urlTemplate\":\"https:\\\/\\\/kibrisdakik.com\\\/?s={search_term_string}\"},\"query-input\":{\"@type\":\"PropertyValueSpecification\",\"valueRequired\":true,\"valueName\":\"search_term_string\"}}],\"inLanguage\":\"tr\"},{\"@type\":\"Person\",\"@id\":\"https:\\\/\\\/kibrisdakik.com\\\/#\\\/schema\\\/person\\\/9cd9d437bbb44f72b73ba127e06d8e79\",\"name\":\"admin\",\"image\":{\"@type\":\"ImageObject\",\"inLanguage\":\"tr\",\"@id\":\"https:\\\/\\\/secure.gravatar.com\\\/avatar\\\/ccc17943b9d660506c869530f897617f7cb1c21a4bf30023f252596d83e1f007?s=96&d=mm&r=g\",\"url\":\"https:\\\/\\\/secure.gravatar.com\\\/avatar\\\/ccc17943b9d660506c869530f897617f7cb1c21a4bf30023f252596d83e1f007?s=96&d=mm&r=g\",\"contentUrl\":\"https:\\\/\\\/secure.gravatar.com\\\/avatar\\\/ccc17943b9d660506c869530f897617f7cb1c21a4bf30023f252596d83e1f007?s=96&d=mm&r=g\",\"caption\":\"admin\"},\"sameAs\":[\"https:\\\/\\\/kibrisdakik.com\"],\"url\":\"https:\\\/\\\/kibrisdakik.com\\\/?author=1\"}]}<\/script>\n<!-- \/ Yoast SEO plugin. -->","yoast_head_json":{"title":"Dr. Faz\u0131l K\u00fc\u00e7\u00fck Bulvar\u0131\u2019nda resmige\u00e7it t\u00f6reni d\u00fczenlendi -","robots":{"index":"index","follow":"follow","max-snippet":"max-snippet:-1","max-image-preview":"max-image-preview:large","max-video-preview":"max-video-preview:-1"},"canonical":"https:\/\/kibrisdakik.com\/?p=69243","og_locale":"tr_TR","og_type":"article","og_title":"Dr. Faz\u0131l K\u00fc\u00e7\u00fck Bulvar\u0131\u2019nda resmige\u00e7it t\u00f6reni d\u00fczenlendi -","og_description":"15 Kas\u0131m Cumhuriyet Bayram\u0131 kutlamalar\u0131 kapsam\u0131nda Dr. Faz\u0131l K\u00fc\u00e7\u00fck Bulvar\u0131\u2019nda resmi ge\u00e7it t\u00f6reni d\u00fczenlendi.T\u00f6ren, \u0130stiklal Mar\u015f\u0131\u2019n\u0131n okunmas\u0131n\u0131n ard\u0131ndan Cumhurba\u015fkan\u0131 Ersin Tatar\u2019\u0131n t\u00f6ren birliklerini denetlemesi ve halk\u0131n bayramlar\u0131n\u0131 kutlamas\u0131yla ba\u015flad\u0131. T\u00fcrkiye Cumhurba\u015fkan\u0131 Recep Tayyip Erdo\u011fan\u2019\u0131n mesaj\u0131 ve Cumhurba\u015fkan\u0131 Tatar\u2019\u0131n cevabi mesaj\u0131n\u0131n teatisinin ard\u0131ndan Lefke ve Erenk\u00f6y\u2019den getirilen bayraklar Cumhurba\u015fkan\u0131\u2019na takdim edildi. T\u00fcrkiye Cumhurba\u015fkan\u0131 Yard\u0131mc\u0131s\u0131 Cevdet Y\u0131lmaz,KKTC\u2019nin","og_url":"https:\/\/kibrisdakik.com\/?p=69243","article_published_time":"2024-11-15T10:49:17+00:00","og_image":[{"width":1599,"height":1066,"url":"https:\/\/kibrisdakik.com\/wp-content\/uploads\/2024\/11\/TORENN-740x420.jpeg","type":"image\/jpeg"}],"author":"admin","twitter_card":"summary_large_image","twitter_misc":{"Yazan:":"admin","Tahmini okuma s\u00fcresi":"9 dakika"},"schema":{"@context":"https:\/\/schema.org","@graph":[{"@type":"Article","@id":"https:\/\/kibrisdakik.com\/?p=69243#article","isPartOf":{"@id":"https:\/\/kibrisdakik.com\/?p=69243"},"author":{"name":"admin","@id":"https:\/\/kibrisdakik.com\/#\/schema\/person\/9cd9d437bbb44f72b73ba127e06d8e79"},"headline":"Dr. Faz\u0131l K\u00fc\u00e7\u00fck Bulvar\u0131\u2019nda resmige\u00e7it t\u00f6reni d\u00fczenlendi","datePublished":"2024-11-15T10:49:17+00:00","mainEntityOfPage":{"@id":"https:\/\/kibrisdakik.com\/?p=69243"},"wordCount":1895,"commentCount":0,"image":{"@id":"https:\/\/kibrisdakik.com\/?p=69243#primaryimage"},"thumbnailUrl":"https:\/\/kibrisdakik.com\/wp-content\/uploads\/2024\/11\/TORENN-740x420.jpeg","articleSection":["K\u0131br\u0131s"],"inLanguage":"tr","potentialAction":[{"@type":"CommentAction","name":"Comment","target":["https:\/\/kibrisdakik.com\/?p=69243#respond"]}]},{"@type":"WebPage","@id":"https:\/\/kibrisdakik.com\/?p=69243","url":"https:\/\/kibrisdakik.com\/?p=69243","name":"Dr. Faz\u0131l K\u00fc\u00e7\u00fck Bulvar\u0131\u2019nda resmige\u00e7it t\u00f6reni d\u00fczenlendi -","isPartOf":{"@id":"https:\/\/kibrisdakik.com\/#website"},"primaryImageOfPage":{"@id":"https:\/\/kibrisdakik.com\/?p=69243#primaryimage"},"image":{"@id":"https:\/\/kibrisdakik.com\/?p=69243#primaryimage"},"thumbnailUrl":"https:\/\/kibrisdakik.com\/wp-content\/uploads\/2024\/11\/TORENN-740x420.jpeg","datePublished":"2024-11-15T10:49:17+00:00","author":{"@id":"https:\/\/kibrisdakik.com\/#\/schema\/person\/9cd9d437bbb44f72b73ba127e06d8e79"},"breadcrumb":{"@id":"https:\/\/kibrisdakik.com\/?p=69243#breadcrumb"},"inLanguage":"tr","potentialAction":[{"@type":"ReadAction","target":["https:\/\/kibrisdakik.com\/?p=69243"]}]},{"@type":"ImageObject","inLanguage":"tr","@id":"https:\/\/kibrisdakik.com\/?p=69243#primaryimage","url":"https:\/\/kibrisdakik.com\/wp-content\/uploads\/2024\/11\/TORENN-740x420.jpeg","contentUrl":"https:\/\/kibrisdakik.com\/wp-content\/uploads\/2024\/11\/TORENN-740x420.jpeg","width":1599,"height":1066},{"@type":"BreadcrumbList","@id":"https:\/\/kibrisdakik.com\/?p=69243#breadcrumb","itemListElement":[{"@type":"ListItem","position":1,"name":"Home","item":"https:\/\/kibrisdakik.com\/"},{"@type":"ListItem","position":2,"name":"Dr. Faz\u0131l K\u00fc\u00e7\u00fck Bulvar\u0131\u2019nda resmige\u00e7it t\u00f6reni d\u00fczenlendi"}]},{"@type":"WebSite","@id":"https:\/\/kibrisdakik.com\/#website","url":"https:\/\/kibrisdakik.com\/","name":"","description":"Tam vaktinde haber","potentialAction":[{"@type":"SearchAction","target":{"@type":"EntryPoint","urlTemplate":"https:\/\/kibrisdakik.com\/?s={search_term_string}"},"query-input":{"@type":"PropertyValueSpecification","valueRequired":true,"valueName":"search_term_string"}}],"inLanguage":"tr"},{"@type":"Person","@id":"https:\/\/kibrisdakik.com\/#\/schema\/person\/9cd9d437bbb44f72b73ba127e06d8e79","name":"admin","image":{"@type":"ImageObject","inLanguage":"tr","@id":"https:\/\/secure.gravatar.com\/avatar\/ccc17943b9d660506c869530f897617f7cb1c21a4bf30023f252596d83e1f007?s=96&d=mm&r=g","url":"https:\/\/secure.gravatar.com\/avatar\/ccc17943b9d660506c869530f897617f7cb1c21a4bf30023f252596d83e1f007?s=96&d=mm&r=g","contentUrl":"https:\/\/secure.gravatar.com\/avatar\/ccc17943b9d660506c869530f897617f7cb1c21a4bf30023f252596d83e1f007?s=96&d=mm&r=g","caption":"admin"},"sameAs":["https:\/\/kibrisdakik.com"],"url":"https:\/\/kibrisdakik.com\/?author=1"}]}},"_links":{"self":[{"href":"https:\/\/kibrisdakik.com\/index.php?rest_route=\/wp\/v2\/posts\/69243","targetHints":{"allow":["GET"]}}],"collection":[{"href":"https:\/\/kibrisdakik.com\/index.php?rest_route=\/wp\/v2\/posts"}],"about":[{"href":"https:\/\/kibrisdakik.com\/index.php?rest_route=\/wp\/v2\/types\/post"}],"author":[{"embeddable":true,"href":"https:\/\/kibrisdakik.com\/index.php?rest_route=\/wp\/v2\/users\/1"}],"replies":[{"embeddable":true,"href":"https:\/\/kibrisdakik.com\/index.php?rest_route=%2Fwp%2Fv2%2Fcomments&post=69243"}],"version-history":[{"count":0,"href":"https:\/\/kibrisdakik.com\/index.php?rest_route=\/wp\/v2\/posts\/69243\/revisions"}],"wp:featuredmedia":[{"embeddable":true,"href":"https:\/\/kibrisdakik.com\/index.php?rest_route=\/wp\/v2\/media\/69244"}],"wp:attachment":[{"href":"https:\/\/kibrisdakik.com\/index.php?rest_route=%2Fwp%2Fv2%2Fmedia&parent=69243"}],"wp:term":[{"taxonomy":"category","embeddable":true,"href":"https:\/\/kibrisdakik.com\/index.php?rest_route=%2Fwp%2Fv2%2Fcategories&post=69243"},{"taxonomy":"post_tag","embeddable":true,"href":"https:\/\/kibrisdakik.com\/index.php?rest_route=%2Fwp%2Fv2%2Ftags&post=69243"}],"curies":[{"name":"wp","href":"https:\/\/api.w.org\/{rel}","templated":true}]}}