{"id":69245,"date":"2024-11-15T13:49:01","date_gmt":"2024-11-15T10:49:01","guid":{"rendered":"https:\/\/kibrisdakik.com\/index.php\/2024\/11\/15\/tc-cumhurbaskani-erdogan-akdenizde-barisin-adaletin-ve-huzurun-teminati-kktcdir\/"},"modified":"2024-11-15T13:49:01","modified_gmt":"2024-11-15T10:49:01","slug":"tc-cumhurbaskani-erdogan-akdenizde-barisin-adaletin-ve-huzurun-teminati-kktcdir","status":"publish","type":"post","link":"https:\/\/kibrisdakik.com\/?p=69245","title":{"rendered":"TC Cumhurba\u015fkan\u0131 Erdo\u011fan: Akdeniz\u2019de bar\u0131\u015f\u0131n, adaletin ve huzurun teminat\u0131 KKTC\u2019dir"},"content":{"rendered":"<p><\/p>\n<div>\n<div class=\"mariselle-image-container none\">\n                <img loading=\"lazy\" decoding=\"async\" width=\"1200\" height=\"834\" class=\"lazy-image\" alt=\"\" sizes=\"auto, (max-width: 1200px) 100vw, 1200px\" src=\"https:\/\/brtk.net\/wp-content\/uploads\/2024\/11\/15\/erdogan1.jpeg?ver=b16516154407b7a4c51f922d214bf467\" srcset=\"https:\/\/brtk.net\/wp-content\/uploads\/2024\/11\/15\/erdogan1.jpeg?ver=b16516154407b7a4c51f922d214bf467 1200w, https:\/\/brtk.net\/wp-content\/uploads\/2024\/11\/15\/erdogan1-300x209.jpeg?ver=b16516154407b7a4c51f922d214bf467 300w, https:\/\/brtk.net\/wp-content\/uploads\/2024\/11\/15\/erdogan1-1024x712.jpeg?ver=b16516154407b7a4c51f922d214bf467 1024w, https:\/\/brtk.net\/wp-content\/uploads\/2024\/11\/15\/erdogan1-768x534.jpeg?ver=b16516154407b7a4c51f922d214bf467 768w\"\/>                            <\/div>\n<p>TC Cumhurba\u015fkan\u0131 Recep Tayip Erdo\u011fan, <a href=\"https:\/\/brtk.net\/\">KKTC<\/a>\u2019nin Akdeniz\u2019de bar\u0131\u015f\u0131n, adaletin ve huzurun teminat\u0131 oldu\u011funu belirtti.<\/p>\n<p>Erdo\u011fan, sosyal medya hesab\u0131ndan,\u00a0<a href=\"https:\/\/brtk.net\/\">KKTC<\/a>\u2018nin kurulu\u015funun 41. y\u0131l\u0131 dolay\u0131s\u0131yla payla\u015f\u0131mda bulundu.<\/p>\n<p>TC Cumhurba\u015fkan\u0131 Erdo\u011fan mesaj\u0131nda \u201cDostumuz, karde\u015fimiz; Akdeniz\u2019de bar\u0131\u015f\u0131n, adaletin ve huzurun teminat\u0131 Kuzey K\u0131br\u0131s T\u00fcrk Cumhuriyeti\u2019nin 41\u2019inci kurulu\u015f y\u0131l d\u00f6n\u00fcm\u00fcn\u00fc tebrik ediyorum. Kahraman \u015fehitlerimizi rahmetle, gazilerimizi h\u00fcrmetle y\u00e2d ediyor; K\u0131br\u0131s T\u00fcrk\u00fc karde\u015flerime selam ve muhabbetlerimi iletiyorum\u201d ifadelerine yer verdi.<\/p>\n<\/p><\/div>\n<p><script async\n                    defer\n                    crossorigin=\"anonymous\"\n                    src=\"https:\/\/connect.facebook.net\/tr_TR\/sdk.js#xfbml=1&#038;version=v3.3\"\n            ><\/script><\/p>\n","protected":false},"excerpt":{"rendered":"<p>TC Cumhurba\u015fkan\u0131 Recep Tayip Erdo\u011fan, KKTC\u2019nin Akdeniz\u2019de bar\u0131\u015f\u0131n, adaletin ve huzurun teminat\u0131 oldu\u011funu belirtti. Erdo\u011fan, sosyal medya hesab\u0131ndan,\u00a0KKTC\u2018nin kurulu\u015funun 41. y\u0131l\u0131 dolay\u0131s\u0131yla payla\u015f\u0131mda bulundu. TC Cumhurba\u015fkan\u0131 Erdo\u011fan mesaj\u0131nda \u201cDostumuz, karde\u015fimiz; Akdeniz\u2019de bar\u0131\u015f\u0131n, adaletin ve huzurun teminat\u0131 Kuzey K\u0131br\u0131s T\u00fcrk Cumhuriyeti\u2019nin 41\u2019inci kurulu\u015f y\u0131l d\u00f6n\u00fcm\u00fcn\u00fc tebrik ediyorum. Kahraman \u015fehitlerimizi rahmetle, gazilerimizi h\u00fcrmetle y\u00e2d ediyor; K\u0131br\u0131s T\u00fcrk\u00fc<\/p>\n","protected":false},"author":1,"featured_media":69246,"comment_status":"open","ping_status":"open","sticky":false,"template":"","format":"standard","meta":{"footnotes":""},"categories":[86],"tags":[],"class_list":["post-69245","post","type-post","status-publish","format-standard","has-post-thumbnail","hentry","category-turkiye"],"yoast_head":"<!-- This site is optimized with the Yoast SEO plugin v27.5 - https:\/\/yoast.com\/product\/yoast-seo-wordpress\/ -->\n<title>TC Cumhurba\u015fkan\u0131 Erdo\u011fan: Akdeniz\u2019de bar\u0131\u015f\u0131n, adaletin ve huzurun teminat\u0131 KKTC\u2019dir -<\/title>\n<meta name=\"robots\" content=\"index, follow, max-snippet:-1, max-image-preview:large, max-video-preview:-1\" \/>\n<link rel=\"canonical\" href=\"https:\/\/kibrisdakik.com\/?p=69245\" \/>\n<meta property=\"og:locale\" content=\"tr_TR\" \/>\n<meta property=\"og:type\" content=\"article\" \/>\n<meta property=\"og:title\" content=\"TC Cumhurba\u015fkan\u0131 Erdo\u011fan: Akdeniz\u2019de bar\u0131\u015f\u0131n, adaletin ve huzurun teminat\u0131 KKTC\u2019dir -\" \/>\n<meta property=\"og:description\" content=\"TC Cumhurba\u015fkan\u0131 Recep Tayip Erdo\u011fan, KKTC\u2019nin Akdeniz\u2019de bar\u0131\u015f\u0131n, adaletin ve huzurun teminat\u0131 oldu\u011funu belirtti. Erdo\u011fan, sosyal medya hesab\u0131ndan,\u00a0KKTC\u2018nin kurulu\u015funun 41. y\u0131l\u0131 dolay\u0131s\u0131yla payla\u015f\u0131mda bulundu. TC Cumhurba\u015fkan\u0131 Erdo\u011fan mesaj\u0131nda \u201cDostumuz, karde\u015fimiz; Akdeniz\u2019de bar\u0131\u015f\u0131n, adaletin ve huzurun teminat\u0131 Kuzey K\u0131br\u0131s T\u00fcrk Cumhuriyeti\u2019nin 41\u2019inci kurulu\u015f y\u0131l d\u00f6n\u00fcm\u00fcn\u00fc tebrik ediyorum. Kahraman \u015fehitlerimizi rahmetle, gazilerimizi h\u00fcrmetle y\u00e2d ediyor; K\u0131br\u0131s T\u00fcrk\u00fc\" \/>\n<meta property=\"og:url\" content=\"https:\/\/kibrisdakik.com\/?p=69245\" \/>\n<meta property=\"article:published_time\" content=\"2024-11-15T10:49:01+00:00\" \/>\n<meta property=\"og:image\" content=\"https:\/\/kibrisdakik.com\/wp-content\/uploads\/2024\/11\/erdogan1-740x420.jpeg\" \/>\n\t<meta property=\"og:image:width\" content=\"1200\" \/>\n\t<meta property=\"og:image:height\" content=\"834\" \/>\n\t<meta property=\"og:image:type\" content=\"image\/jpeg\" \/>\n<meta name=\"author\" content=\"admin\" \/>\n<meta name=\"twitter:card\" content=\"summary_large_image\" \/>\n<meta name=\"twitter:label1\" content=\"Yazan:\" \/>\n\t<meta name=\"twitter:data1\" content=\"admin\" \/>\n<script type=\"application\/ld+json\" class=\"yoast-schema-graph\">{\"@context\":\"https:\\\/\\\/schema.org\",\"@graph\":[{\"@type\":\"Article\",\"@id\":\"https:\\\/\\\/kibrisdakik.com\\\/?p=69245#article\",\"isPartOf\":{\"@id\":\"https:\\\/\\\/kibrisdakik.com\\\/?p=69245\"},\"author\":{\"name\":\"admin\",\"@id\":\"https:\\\/\\\/kibrisdakik.com\\\/#\\\/schema\\\/person\\\/9cd9d437bbb44f72b73ba127e06d8e79\"},\"headline\":\"TC Cumhurba\u015fkan\u0131 Erdo\u011fan: Akdeniz\u2019de bar\u0131\u015f\u0131n, adaletin ve huzurun teminat\u0131 KKTC\u2019dir\",\"datePublished\":\"2024-11-15T10:49:01+00:00\",\"mainEntityOfPage\":{\"@id\":\"https:\\\/\\\/kibrisdakik.com\\\/?p=69245\"},\"wordCount\":112,\"commentCount\":0,\"image\":{\"@id\":\"https:\\\/\\\/kibrisdakik.com\\\/?p=69245#primaryimage\"},\"thumbnailUrl\":\"https:\\\/\\\/kibrisdakik.com\\\/wp-content\\\/uploads\\\/2024\\\/11\\\/erdogan1-740x420.jpeg\",\"articleSection\":[\"T\u00fcrkiye\"],\"inLanguage\":\"tr\",\"potentialAction\":[{\"@type\":\"CommentAction\",\"name\":\"Comment\",\"target\":[\"https:\\\/\\\/kibrisdakik.com\\\/?p=69245#respond\"]}]},{\"@type\":\"WebPage\",\"@id\":\"https:\\\/\\\/kibrisdakik.com\\\/?p=69245\",\"url\":\"https:\\\/\\\/kibrisdakik.com\\\/?p=69245\",\"name\":\"TC Cumhurba\u015fkan\u0131 Erdo\u011fan: Akdeniz\u2019de bar\u0131\u015f\u0131n, adaletin ve huzurun teminat\u0131 KKTC\u2019dir -\",\"isPartOf\":{\"@id\":\"https:\\\/\\\/kibrisdakik.com\\\/#website\"},\"primaryImageOfPage\":{\"@id\":\"https:\\\/\\\/kibrisdakik.com\\\/?p=69245#primaryimage\"},\"image\":{\"@id\":\"https:\\\/\\\/kibrisdakik.com\\\/?p=69245#primaryimage\"},\"thumbnailUrl\":\"https:\\\/\\\/kibrisdakik.com\\\/wp-content\\\/uploads\\\/2024\\\/11\\\/erdogan1-740x420.jpeg\",\"datePublished\":\"2024-11-15T10:49:01+00:00\",\"author\":{\"@id\":\"https:\\\/\\\/kibrisdakik.com\\\/#\\\/schema\\\/person\\\/9cd9d437bbb44f72b73ba127e06d8e79\"},\"breadcrumb\":{\"@id\":\"https:\\\/\\\/kibrisdakik.com\\\/?p=69245#breadcrumb\"},\"inLanguage\":\"tr\",\"potentialAction\":[{\"@type\":\"ReadAction\",\"target\":[\"https:\\\/\\\/kibrisdakik.com\\\/?p=69245\"]}]},{\"@type\":\"ImageObject\",\"inLanguage\":\"tr\",\"@id\":\"https:\\\/\\\/kibrisdakik.com\\\/?p=69245#primaryimage\",\"url\":\"https:\\\/\\\/kibrisdakik.com\\\/wp-content\\\/uploads\\\/2024\\\/11\\\/erdogan1-740x420.jpeg\",\"contentUrl\":\"https:\\\/\\\/kibrisdakik.com\\\/wp-content\\\/uploads\\\/2024\\\/11\\\/erdogan1-740x420.jpeg\",\"width\":1200,\"height\":834},{\"@type\":\"BreadcrumbList\",\"@id\":\"https:\\\/\\\/kibrisdakik.com\\\/?p=69245#breadcrumb\",\"itemListElement\":[{\"@type\":\"ListItem\",\"position\":1,\"name\":\"Home\",\"item\":\"https:\\\/\\\/kibrisdakik.com\\\/\"},{\"@type\":\"ListItem\",\"position\":2,\"name\":\"TC Cumhurba\u015fkan\u0131 Erdo\u011fan: Akdeniz\u2019de bar\u0131\u015f\u0131n, adaletin ve huzurun teminat\u0131 KKTC\u2019dir\"}]},{\"@type\":\"WebSite\",\"@id\":\"https:\\\/\\\/kibrisdakik.com\\\/#website\",\"url\":\"https:\\\/\\\/kibrisdakik.com\\\/\",\"name\":\"\",\"description\":\"Tam vaktinde haber\",\"potentialAction\":[{\"@type\":\"SearchAction\",\"target\":{\"@type\":\"EntryPoint\",\"urlTemplate\":\"https:\\\/\\\/kibrisdakik.com\\\/?s={search_term_string}\"},\"query-input\":{\"@type\":\"PropertyValueSpecification\",\"valueRequired\":true,\"valueName\":\"search_term_string\"}}],\"inLanguage\":\"tr\"},{\"@type\":\"Person\",\"@id\":\"https:\\\/\\\/kibrisdakik.com\\\/#\\\/schema\\\/person\\\/9cd9d437bbb44f72b73ba127e06d8e79\",\"name\":\"admin\",\"image\":{\"@type\":\"ImageObject\",\"inLanguage\":\"tr\",\"@id\":\"https:\\\/\\\/secure.gravatar.com\\\/avatar\\\/ccc17943b9d660506c869530f897617f7cb1c21a4bf30023f252596d83e1f007?s=96&d=mm&r=g\",\"url\":\"https:\\\/\\\/secure.gravatar.com\\\/avatar\\\/ccc17943b9d660506c869530f897617f7cb1c21a4bf30023f252596d83e1f007?s=96&d=mm&r=g\",\"contentUrl\":\"https:\\\/\\\/secure.gravatar.com\\\/avatar\\\/ccc17943b9d660506c869530f897617f7cb1c21a4bf30023f252596d83e1f007?s=96&d=mm&r=g\",\"caption\":\"admin\"},\"sameAs\":[\"https:\\\/\\\/kibrisdakik.com\"],\"url\":\"https:\\\/\\\/kibrisdakik.com\\\/?author=1\"}]}<\/script>\n<!-- \/ Yoast SEO plugin. -->","yoast_head_json":{"title":"TC Cumhurba\u015fkan\u0131 Erdo\u011fan: Akdeniz\u2019de bar\u0131\u015f\u0131n, adaletin ve huzurun teminat\u0131 KKTC\u2019dir -","robots":{"index":"index","follow":"follow","max-snippet":"max-snippet:-1","max-image-preview":"max-image-preview:large","max-video-preview":"max-video-preview:-1"},"canonical":"https:\/\/kibrisdakik.com\/?p=69245","og_locale":"tr_TR","og_type":"article","og_title":"TC Cumhurba\u015fkan\u0131 Erdo\u011fan: Akdeniz\u2019de bar\u0131\u015f\u0131n, adaletin ve huzurun teminat\u0131 KKTC\u2019dir -","og_description":"TC Cumhurba\u015fkan\u0131 Recep Tayip Erdo\u011fan, KKTC\u2019nin Akdeniz\u2019de bar\u0131\u015f\u0131n, adaletin ve huzurun teminat\u0131 oldu\u011funu belirtti. Erdo\u011fan, sosyal medya hesab\u0131ndan,\u00a0KKTC\u2018nin kurulu\u015funun 41. y\u0131l\u0131 dolay\u0131s\u0131yla payla\u015f\u0131mda bulundu. TC Cumhurba\u015fkan\u0131 Erdo\u011fan mesaj\u0131nda \u201cDostumuz, karde\u015fimiz; Akdeniz\u2019de bar\u0131\u015f\u0131n, adaletin ve huzurun teminat\u0131 Kuzey K\u0131br\u0131s T\u00fcrk Cumhuriyeti\u2019nin 41\u2019inci kurulu\u015f y\u0131l d\u00f6n\u00fcm\u00fcn\u00fc tebrik ediyorum. Kahraman \u015fehitlerimizi rahmetle, gazilerimizi h\u00fcrmetle y\u00e2d ediyor; K\u0131br\u0131s T\u00fcrk\u00fc","og_url":"https:\/\/kibrisdakik.com\/?p=69245","article_published_time":"2024-11-15T10:49:01+00:00","og_image":[{"width":1200,"height":834,"url":"https:\/\/kibrisdakik.com\/wp-content\/uploads\/2024\/11\/erdogan1-740x420.jpeg","type":"image\/jpeg"}],"author":"admin","twitter_card":"summary_large_image","twitter_misc":{"Yazan:":"admin"},"schema":{"@context":"https:\/\/schema.org","@graph":[{"@type":"Article","@id":"https:\/\/kibrisdakik.com\/?p=69245#article","isPartOf":{"@id":"https:\/\/kibrisdakik.com\/?p=69245"},"author":{"name":"admin","@id":"https:\/\/kibrisdakik.com\/#\/schema\/person\/9cd9d437bbb44f72b73ba127e06d8e79"},"headline":"TC Cumhurba\u015fkan\u0131 Erdo\u011fan: Akdeniz\u2019de bar\u0131\u015f\u0131n, adaletin ve huzurun teminat\u0131 KKTC\u2019dir","datePublished":"2024-11-15T10:49:01+00:00","mainEntityOfPage":{"@id":"https:\/\/kibrisdakik.com\/?p=69245"},"wordCount":112,"commentCount":0,"image":{"@id":"https:\/\/kibrisdakik.com\/?p=69245#primaryimage"},"thumbnailUrl":"https:\/\/kibrisdakik.com\/wp-content\/uploads\/2024\/11\/erdogan1-740x420.jpeg","articleSection":["T\u00fcrkiye"],"inLanguage":"tr","potentialAction":[{"@type":"CommentAction","name":"Comment","target":["https:\/\/kibrisdakik.com\/?p=69245#respond"]}]},{"@type":"WebPage","@id":"https:\/\/kibrisdakik.com\/?p=69245","url":"https:\/\/kibrisdakik.com\/?p=69245","name":"TC Cumhurba\u015fkan\u0131 Erdo\u011fan: Akdeniz\u2019de bar\u0131\u015f\u0131n, adaletin ve huzurun teminat\u0131 KKTC\u2019dir -","isPartOf":{"@id":"https:\/\/kibrisdakik.com\/#website"},"primaryImageOfPage":{"@id":"https:\/\/kibrisdakik.com\/?p=69245#primaryimage"},"image":{"@id":"https:\/\/kibrisdakik.com\/?p=69245#primaryimage"},"thumbnailUrl":"https:\/\/kibrisdakik.com\/wp-content\/uploads\/2024\/11\/erdogan1-740x420.jpeg","datePublished":"2024-11-15T10:49:01+00:00","author":{"@id":"https:\/\/kibrisdakik.com\/#\/schema\/person\/9cd9d437bbb44f72b73ba127e06d8e79"},"breadcrumb":{"@id":"https:\/\/kibrisdakik.com\/?p=69245#breadcrumb"},"inLanguage":"tr","potentialAction":[{"@type":"ReadAction","target":["https:\/\/kibrisdakik.com\/?p=69245"]}]},{"@type":"ImageObject","inLanguage":"tr","@id":"https:\/\/kibrisdakik.com\/?p=69245#primaryimage","url":"https:\/\/kibrisdakik.com\/wp-content\/uploads\/2024\/11\/erdogan1-740x420.jpeg","contentUrl":"https:\/\/kibrisdakik.com\/wp-content\/uploads\/2024\/11\/erdogan1-740x420.jpeg","width":1200,"height":834},{"@type":"BreadcrumbList","@id":"https:\/\/kibrisdakik.com\/?p=69245#breadcrumb","itemListElement":[{"@type":"ListItem","position":1,"name":"Home","item":"https:\/\/kibrisdakik.com\/"},{"@type":"ListItem","position":2,"name":"TC Cumhurba\u015fkan\u0131 Erdo\u011fan: Akdeniz\u2019de bar\u0131\u015f\u0131n, adaletin ve huzurun teminat\u0131 KKTC\u2019dir"}]},{"@type":"WebSite","@id":"https:\/\/kibrisdakik.com\/#website","url":"https:\/\/kibrisdakik.com\/","name":"","description":"Tam vaktinde haber","potentialAction":[{"@type":"SearchAction","target":{"@type":"EntryPoint","urlTemplate":"https:\/\/kibrisdakik.com\/?s={search_term_string}"},"query-input":{"@type":"PropertyValueSpecification","valueRequired":true,"valueName":"search_term_string"}}],"inLanguage":"tr"},{"@type":"Person","@id":"https:\/\/kibrisdakik.com\/#\/schema\/person\/9cd9d437bbb44f72b73ba127e06d8e79","name":"admin","image":{"@type":"ImageObject","inLanguage":"tr","@id":"https:\/\/secure.gravatar.com\/avatar\/ccc17943b9d660506c869530f897617f7cb1c21a4bf30023f252596d83e1f007?s=96&d=mm&r=g","url":"https:\/\/secure.gravatar.com\/avatar\/ccc17943b9d660506c869530f897617f7cb1c21a4bf30023f252596d83e1f007?s=96&d=mm&r=g","contentUrl":"https:\/\/secure.gravatar.com\/avatar\/ccc17943b9d660506c869530f897617f7cb1c21a4bf30023f252596d83e1f007?s=96&d=mm&r=g","caption":"admin"},"sameAs":["https:\/\/kibrisdakik.com"],"url":"https:\/\/kibrisdakik.com\/?author=1"}]}},"_links":{"self":[{"href":"https:\/\/kibrisdakik.com\/index.php?rest_route=\/wp\/v2\/posts\/69245","targetHints":{"allow":["GET"]}}],"collection":[{"href":"https:\/\/kibrisdakik.com\/index.php?rest_route=\/wp\/v2\/posts"}],"about":[{"href":"https:\/\/kibrisdakik.com\/index.php?rest_route=\/wp\/v2\/types\/post"}],"author":[{"embeddable":true,"href":"https:\/\/kibrisdakik.com\/index.php?rest_route=\/wp\/v2\/users\/1"}],"replies":[{"embeddable":true,"href":"https:\/\/kibrisdakik.com\/index.php?rest_route=%2Fwp%2Fv2%2Fcomments&post=69245"}],"version-history":[{"count":0,"href":"https:\/\/kibrisdakik.com\/index.php?rest_route=\/wp\/v2\/posts\/69245\/revisions"}],"wp:featuredmedia":[{"embeddable":true,"href":"https:\/\/kibrisdakik.com\/index.php?rest_route=\/wp\/v2\/media\/69246"}],"wp:attachment":[{"href":"https:\/\/kibrisdakik.com\/index.php?rest_route=%2Fwp%2Fv2%2Fmedia&parent=69245"}],"wp:term":[{"taxonomy":"category","embeddable":true,"href":"https:\/\/kibrisdakik.com\/index.php?rest_route=%2Fwp%2Fv2%2Fcategories&post=69245"},{"taxonomy":"post_tag","embeddable":true,"href":"https:\/\/kibrisdakik.com\/index.php?rest_route=%2Fwp%2Fv2%2Ftags&post=69245"}],"curies":[{"name":"wp","href":"https:\/\/api.w.org\/{rel}","templated":true}]}}