{"id":69263,"date":"2024-11-15T13:27:25","date_gmt":"2024-11-15T10:27:25","guid":{"rendered":"https:\/\/kibrisdakik.com\/index.php\/2024\/11\/15\/tc-cumhurbaskanligi-iletisim-baskani-altun-kktcnin-kurulusunun-41-yilini-kutladi\/"},"modified":"2024-11-15T13:27:25","modified_gmt":"2024-11-15T10:27:25","slug":"tc-cumhurbaskanligi-iletisim-baskani-altun-kktcnin-kurulusunun-41-yilini-kutladi","status":"publish","type":"post","link":"https:\/\/kibrisdakik.com\/?p=69263","title":{"rendered":"TC Cumhurba\u015fkanl\u0131\u011f\u0131 \u0130leti\u015fim Ba\u015fkan\u0131 Altun, KKTC\u2019nin kurulu\u015funun 41. y\u0131l\u0131n\u0131 kutlad\u0131"},"content":{"rendered":"<p><\/p>\n<div>\n<div class=\"mariselle-image-container none\">\n                <img loading=\"lazy\" decoding=\"async\" width=\"864\" height=\"486\" class=\"lazy-image\" alt=\"\" sizes=\"auto, (max-width: 864px) 100vw, 864px\" src=\"https:\/\/brtk.net\/wp-content\/uploads\/2024\/11\/15\/ALTUNKKTC.jpg?ver=ec98af75602e68a89d33eb7068eed4aa\" srcset=\"https:\/\/brtk.net\/wp-content\/uploads\/2024\/11\/15\/ALTUNKKTC.jpg?ver=ec98af75602e68a89d33eb7068eed4aa 864w, https:\/\/brtk.net\/wp-content\/uploads\/2024\/11\/15\/ALTUNKKTC-300x169.jpg?ver=27efb0d909fc627cb9677f4be6bbb5f4 300w, https:\/\/brtk.net\/wp-content\/uploads\/2024\/11\/15\/ALTUNKKTC-768x432.jpg?ver=27efb0d909fc627cb9677f4be6bbb5f4 768w\"\/>                            <\/div>\n<p>Cumhurba\u015fkanl\u0131\u011f\u0131 \u0130leti\u015fim Ba\u015fkan\u0131 Fahrettin Altun, Kuzey K\u0131br\u0131s T\u00fcrk Cumhuriyeti\u2019nin (<a href=\"https:\/\/brtk.net\/\"\/><a href=\"https:\/\/brtk.net\/\"\/><a href=\"https:\/\/brtk.net\/\">KKTC<\/a>) 41. y\u0131l d\u00f6n\u00fcm\u00fcn\u00fc ve 15 Kas\u0131m Cumhuriyet Bayram\u0131\u2019n\u0131 kutlayarak, \u201cK\u0131br\u0131s, milletimizin vazge\u00e7ilmez milli davas\u0131d\u0131r.\u201d ifadesini kulland\u0131.<\/p>\n<p>Altun, sosyal medya hesab\u0131ndan,\u00a0<a href=\"https:\/\/brtk.net\/\"\/><a href=\"https:\/\/brtk.net\/\"\/><a href=\"https:\/\/brtk.net\/\">KKTC<\/a>\u2018nin kurulu\u015funun 41. y\u0131l\u0131 dolay\u0131s\u0131yla payla\u015f\u0131mda bulundu.<\/p>\n<p><a href=\"https:\/\/brtk.net\/\"\/><a href=\"https:\/\/brtk.net\/\"\/><a href=\"https:\/\/brtk.net\/\">KKTC<\/a>\u2018nin kurulu\u015funun 41. y\u0131l d\u00f6n\u00fcm\u00fcn\u00fc ve 15 Kas\u0131m Cumhuriyet Bayram\u0131\u2019n\u0131 en i\u00e7ten dileklerle kutlad\u0131\u011f\u0131n\u0131 belirten Altun, \u015funlar\u0131 kaydetti:<\/p>\n<p>\u201c<a href=\"https:\/\/brtk.net\/\"\/><a href=\"https:\/\/brtk.net\/\"\/><a href=\"https:\/\/brtk.net\/\">KKTC<\/a>\u2018nin ba\u011f\u0131ms\u0131zl\u0131k m\u00fccadelesinde canlar\u0131n\u0131 feda eden aziz \u015fehitlerimizi rahmetle, kahraman gazilerimizi ise minnet ve sayg\u0131yla an\u0131yorum. K\u0131br\u0131s, milletimizin vazge\u00e7ilmez milli davas\u0131d\u0131r. K\u0131br\u0131s T\u00fcrk\u00fc\u2019n\u00fcn hak ve hukukunu ge\u00e7mi\u015fte oldu\u011fu gibi bug\u00fcn de ayn\u0131 kararl\u0131l\u0131kla savunmaya devam edece\u011fiz.\u201d<\/p>\n<\/p><\/div>\n<p><script async\n                    defer\n                    crossorigin=\"anonymous\"\n                    src=\"https:\/\/connect.facebook.net\/tr_TR\/sdk.js#xfbml=1&#038;version=v3.3\"\n            ><\/script><\/p>\n","protected":false},"excerpt":{"rendered":"<p>Cumhurba\u015fkanl\u0131\u011f\u0131 \u0130leti\u015fim Ba\u015fkan\u0131 Fahrettin Altun, Kuzey K\u0131br\u0131s T\u00fcrk Cumhuriyeti\u2019nin (KKTC) 41. y\u0131l d\u00f6n\u00fcm\u00fcn\u00fc ve 15 Kas\u0131m Cumhuriyet Bayram\u0131\u2019n\u0131 kutlayarak, \u201cK\u0131br\u0131s, milletimizin vazge\u00e7ilmez milli davas\u0131d\u0131r.\u201d ifadesini kulland\u0131. Altun, sosyal medya hesab\u0131ndan,\u00a0KKTC\u2018nin kurulu\u015funun 41. y\u0131l\u0131 dolay\u0131s\u0131yla payla\u015f\u0131mda bulundu. KKTC\u2018nin kurulu\u015funun 41. y\u0131l d\u00f6n\u00fcm\u00fcn\u00fc ve 15 Kas\u0131m Cumhuriyet Bayram\u0131\u2019n\u0131 en i\u00e7ten dileklerle kutlad\u0131\u011f\u0131n\u0131 belirten Altun, \u015funlar\u0131 kaydetti: \u201cKKTC\u2018nin<\/p>\n","protected":false},"author":1,"featured_media":69264,"comment_status":"open","ping_status":"open","sticky":false,"template":"","format":"standard","meta":{"footnotes":""},"categories":[86],"tags":[],"class_list":["post-69263","post","type-post","status-publish","format-standard","has-post-thumbnail","hentry","category-turkiye"],"yoast_head":"<!-- This site is optimized with the Yoast SEO plugin v27.5 - https:\/\/yoast.com\/product\/yoast-seo-wordpress\/ -->\n<title>TC Cumhurba\u015fkanl\u0131\u011f\u0131 \u0130leti\u015fim Ba\u015fkan\u0131 Altun, KKTC\u2019nin kurulu\u015funun 41. y\u0131l\u0131n\u0131 kutlad\u0131 -<\/title>\n<meta name=\"robots\" content=\"index, follow, max-snippet:-1, max-image-preview:large, max-video-preview:-1\" \/>\n<link rel=\"canonical\" href=\"https:\/\/kibrisdakik.com\/?p=69263\" \/>\n<meta property=\"og:locale\" content=\"tr_TR\" \/>\n<meta property=\"og:type\" content=\"article\" \/>\n<meta property=\"og:title\" content=\"TC Cumhurba\u015fkanl\u0131\u011f\u0131 \u0130leti\u015fim Ba\u015fkan\u0131 Altun, KKTC\u2019nin kurulu\u015funun 41. y\u0131l\u0131n\u0131 kutlad\u0131 -\" \/>\n<meta property=\"og:description\" content=\"Cumhurba\u015fkanl\u0131\u011f\u0131 \u0130leti\u015fim Ba\u015fkan\u0131 Fahrettin Altun, Kuzey K\u0131br\u0131s T\u00fcrk Cumhuriyeti\u2019nin (KKTC) 41. y\u0131l d\u00f6n\u00fcm\u00fcn\u00fc ve 15 Kas\u0131m Cumhuriyet Bayram\u0131\u2019n\u0131 kutlayarak, \u201cK\u0131br\u0131s, milletimizin vazge\u00e7ilmez milli davas\u0131d\u0131r.\u201d ifadesini kulland\u0131. Altun, sosyal medya hesab\u0131ndan,\u00a0KKTC\u2018nin kurulu\u015funun 41. y\u0131l\u0131 dolay\u0131s\u0131yla payla\u015f\u0131mda bulundu. KKTC\u2018nin kurulu\u015funun 41. y\u0131l d\u00f6n\u00fcm\u00fcn\u00fc ve 15 Kas\u0131m Cumhuriyet Bayram\u0131\u2019n\u0131 en i\u00e7ten dileklerle kutlad\u0131\u011f\u0131n\u0131 belirten Altun, \u015funlar\u0131 kaydetti: \u201cKKTC\u2018nin\" \/>\n<meta property=\"og:url\" content=\"https:\/\/kibrisdakik.com\/?p=69263\" \/>\n<meta property=\"article:published_time\" content=\"2024-11-15T10:27:25+00:00\" \/>\n<meta property=\"og:image\" content=\"https:\/\/kibrisdakik.com\/wp-content\/uploads\/2024\/11\/ALTUNKKTC-740x420.jpg\" \/>\n\t<meta property=\"og:image:width\" content=\"864\" \/>\n\t<meta property=\"og:image:height\" content=\"486\" \/>\n\t<meta property=\"og:image:type\" content=\"image\/jpeg\" \/>\n<meta name=\"author\" content=\"admin\" \/>\n<meta name=\"twitter:card\" content=\"summary_large_image\" \/>\n<meta name=\"twitter:label1\" content=\"Yazan:\" \/>\n\t<meta name=\"twitter:data1\" content=\"admin\" \/>\n\t<meta name=\"twitter:label2\" content=\"Tahmini okuma s\u00fcresi\" \/>\n\t<meta name=\"twitter:data2\" content=\"1 dakika\" \/>\n<script type=\"application\/ld+json\" class=\"yoast-schema-graph\">{\"@context\":\"https:\\\/\\\/schema.org\",\"@graph\":[{\"@type\":\"Article\",\"@id\":\"https:\\\/\\\/kibrisdakik.com\\\/?p=69263#article\",\"isPartOf\":{\"@id\":\"https:\\\/\\\/kibrisdakik.com\\\/?p=69263\"},\"author\":{\"name\":\"admin\",\"@id\":\"https:\\\/\\\/kibrisdakik.com\\\/#\\\/schema\\\/person\\\/9cd9d437bbb44f72b73ba127e06d8e79\"},\"headline\":\"TC Cumhurba\u015fkanl\u0131\u011f\u0131 \u0130leti\u015fim Ba\u015fkan\u0131 Altun, KKTC\u2019nin kurulu\u015funun 41. y\u0131l\u0131n\u0131 kutlad\u0131\",\"datePublished\":\"2024-11-15T10:27:25+00:00\",\"mainEntityOfPage\":{\"@id\":\"https:\\\/\\\/kibrisdakik.com\\\/?p=69263\"},\"wordCount\":162,\"commentCount\":0,\"image\":{\"@id\":\"https:\\\/\\\/kibrisdakik.com\\\/?p=69263#primaryimage\"},\"thumbnailUrl\":\"https:\\\/\\\/kibrisdakik.com\\\/wp-content\\\/uploads\\\/2024\\\/11\\\/ALTUNKKTC-740x420.jpg\",\"articleSection\":[\"T\u00fcrkiye\"],\"inLanguage\":\"tr\",\"potentialAction\":[{\"@type\":\"CommentAction\",\"name\":\"Comment\",\"target\":[\"https:\\\/\\\/kibrisdakik.com\\\/?p=69263#respond\"]}]},{\"@type\":\"WebPage\",\"@id\":\"https:\\\/\\\/kibrisdakik.com\\\/?p=69263\",\"url\":\"https:\\\/\\\/kibrisdakik.com\\\/?p=69263\",\"name\":\"TC Cumhurba\u015fkanl\u0131\u011f\u0131 \u0130leti\u015fim Ba\u015fkan\u0131 Altun, KKTC\u2019nin kurulu\u015funun 41. y\u0131l\u0131n\u0131 kutlad\u0131 -\",\"isPartOf\":{\"@id\":\"https:\\\/\\\/kibrisdakik.com\\\/#website\"},\"primaryImageOfPage\":{\"@id\":\"https:\\\/\\\/kibrisdakik.com\\\/?p=69263#primaryimage\"},\"image\":{\"@id\":\"https:\\\/\\\/kibrisdakik.com\\\/?p=69263#primaryimage\"},\"thumbnailUrl\":\"https:\\\/\\\/kibrisdakik.com\\\/wp-content\\\/uploads\\\/2024\\\/11\\\/ALTUNKKTC-740x420.jpg\",\"datePublished\":\"2024-11-15T10:27:25+00:00\",\"author\":{\"@id\":\"https:\\\/\\\/kibrisdakik.com\\\/#\\\/schema\\\/person\\\/9cd9d437bbb44f72b73ba127e06d8e79\"},\"breadcrumb\":{\"@id\":\"https:\\\/\\\/kibrisdakik.com\\\/?p=69263#breadcrumb\"},\"inLanguage\":\"tr\",\"potentialAction\":[{\"@type\":\"ReadAction\",\"target\":[\"https:\\\/\\\/kibrisdakik.com\\\/?p=69263\"]}]},{\"@type\":\"ImageObject\",\"inLanguage\":\"tr\",\"@id\":\"https:\\\/\\\/kibrisdakik.com\\\/?p=69263#primaryimage\",\"url\":\"https:\\\/\\\/kibrisdakik.com\\\/wp-content\\\/uploads\\\/2024\\\/11\\\/ALTUNKKTC-740x420.jpg\",\"contentUrl\":\"https:\\\/\\\/kibrisdakik.com\\\/wp-content\\\/uploads\\\/2024\\\/11\\\/ALTUNKKTC-740x420.jpg\",\"width\":864,\"height\":486},{\"@type\":\"BreadcrumbList\",\"@id\":\"https:\\\/\\\/kibrisdakik.com\\\/?p=69263#breadcrumb\",\"itemListElement\":[{\"@type\":\"ListItem\",\"position\":1,\"name\":\"Home\",\"item\":\"https:\\\/\\\/kibrisdakik.com\\\/\"},{\"@type\":\"ListItem\",\"position\":2,\"name\":\"TC Cumhurba\u015fkanl\u0131\u011f\u0131 \u0130leti\u015fim Ba\u015fkan\u0131 Altun, KKTC\u2019nin kurulu\u015funun 41. y\u0131l\u0131n\u0131 kutlad\u0131\"}]},{\"@type\":\"WebSite\",\"@id\":\"https:\\\/\\\/kibrisdakik.com\\\/#website\",\"url\":\"https:\\\/\\\/kibrisdakik.com\\\/\",\"name\":\"\",\"description\":\"Tam vaktinde haber\",\"potentialAction\":[{\"@type\":\"SearchAction\",\"target\":{\"@type\":\"EntryPoint\",\"urlTemplate\":\"https:\\\/\\\/kibrisdakik.com\\\/?s={search_term_string}\"},\"query-input\":{\"@type\":\"PropertyValueSpecification\",\"valueRequired\":true,\"valueName\":\"search_term_string\"}}],\"inLanguage\":\"tr\"},{\"@type\":\"Person\",\"@id\":\"https:\\\/\\\/kibrisdakik.com\\\/#\\\/schema\\\/person\\\/9cd9d437bbb44f72b73ba127e06d8e79\",\"name\":\"admin\",\"image\":{\"@type\":\"ImageObject\",\"inLanguage\":\"tr\",\"@id\":\"https:\\\/\\\/secure.gravatar.com\\\/avatar\\\/ccc17943b9d660506c869530f897617f7cb1c21a4bf30023f252596d83e1f007?s=96&d=mm&r=g\",\"url\":\"https:\\\/\\\/secure.gravatar.com\\\/avatar\\\/ccc17943b9d660506c869530f897617f7cb1c21a4bf30023f252596d83e1f007?s=96&d=mm&r=g\",\"contentUrl\":\"https:\\\/\\\/secure.gravatar.com\\\/avatar\\\/ccc17943b9d660506c869530f897617f7cb1c21a4bf30023f252596d83e1f007?s=96&d=mm&r=g\",\"caption\":\"admin\"},\"sameAs\":[\"https:\\\/\\\/kibrisdakik.com\"],\"url\":\"https:\\\/\\\/kibrisdakik.com\\\/?author=1\"}]}<\/script>\n<!-- \/ Yoast SEO plugin. -->","yoast_head_json":{"title":"TC Cumhurba\u015fkanl\u0131\u011f\u0131 \u0130leti\u015fim Ba\u015fkan\u0131 Altun, KKTC\u2019nin kurulu\u015funun 41. y\u0131l\u0131n\u0131 kutlad\u0131 -","robots":{"index":"index","follow":"follow","max-snippet":"max-snippet:-1","max-image-preview":"max-image-preview:large","max-video-preview":"max-video-preview:-1"},"canonical":"https:\/\/kibrisdakik.com\/?p=69263","og_locale":"tr_TR","og_type":"article","og_title":"TC Cumhurba\u015fkanl\u0131\u011f\u0131 \u0130leti\u015fim Ba\u015fkan\u0131 Altun, KKTC\u2019nin kurulu\u015funun 41. y\u0131l\u0131n\u0131 kutlad\u0131 -","og_description":"Cumhurba\u015fkanl\u0131\u011f\u0131 \u0130leti\u015fim Ba\u015fkan\u0131 Fahrettin Altun, Kuzey K\u0131br\u0131s T\u00fcrk Cumhuriyeti\u2019nin (KKTC) 41. y\u0131l d\u00f6n\u00fcm\u00fcn\u00fc ve 15 Kas\u0131m Cumhuriyet Bayram\u0131\u2019n\u0131 kutlayarak, \u201cK\u0131br\u0131s, milletimizin vazge\u00e7ilmez milli davas\u0131d\u0131r.\u201d ifadesini kulland\u0131. Altun, sosyal medya hesab\u0131ndan,\u00a0KKTC\u2018nin kurulu\u015funun 41. y\u0131l\u0131 dolay\u0131s\u0131yla payla\u015f\u0131mda bulundu. KKTC\u2018nin kurulu\u015funun 41. y\u0131l d\u00f6n\u00fcm\u00fcn\u00fc ve 15 Kas\u0131m Cumhuriyet Bayram\u0131\u2019n\u0131 en i\u00e7ten dileklerle kutlad\u0131\u011f\u0131n\u0131 belirten Altun, \u015funlar\u0131 kaydetti: \u201cKKTC\u2018nin","og_url":"https:\/\/kibrisdakik.com\/?p=69263","article_published_time":"2024-11-15T10:27:25+00:00","og_image":[{"width":864,"height":486,"url":"https:\/\/kibrisdakik.com\/wp-content\/uploads\/2024\/11\/ALTUNKKTC-740x420.jpg","type":"image\/jpeg"}],"author":"admin","twitter_card":"summary_large_image","twitter_misc":{"Yazan:":"admin","Tahmini okuma s\u00fcresi":"1 dakika"},"schema":{"@context":"https:\/\/schema.org","@graph":[{"@type":"Article","@id":"https:\/\/kibrisdakik.com\/?p=69263#article","isPartOf":{"@id":"https:\/\/kibrisdakik.com\/?p=69263"},"author":{"name":"admin","@id":"https:\/\/kibrisdakik.com\/#\/schema\/person\/9cd9d437bbb44f72b73ba127e06d8e79"},"headline":"TC Cumhurba\u015fkanl\u0131\u011f\u0131 \u0130leti\u015fim Ba\u015fkan\u0131 Altun, KKTC\u2019nin kurulu\u015funun 41. y\u0131l\u0131n\u0131 kutlad\u0131","datePublished":"2024-11-15T10:27:25+00:00","mainEntityOfPage":{"@id":"https:\/\/kibrisdakik.com\/?p=69263"},"wordCount":162,"commentCount":0,"image":{"@id":"https:\/\/kibrisdakik.com\/?p=69263#primaryimage"},"thumbnailUrl":"https:\/\/kibrisdakik.com\/wp-content\/uploads\/2024\/11\/ALTUNKKTC-740x420.jpg","articleSection":["T\u00fcrkiye"],"inLanguage":"tr","potentialAction":[{"@type":"CommentAction","name":"Comment","target":["https:\/\/kibrisdakik.com\/?p=69263#respond"]}]},{"@type":"WebPage","@id":"https:\/\/kibrisdakik.com\/?p=69263","url":"https:\/\/kibrisdakik.com\/?p=69263","name":"TC Cumhurba\u015fkanl\u0131\u011f\u0131 \u0130leti\u015fim Ba\u015fkan\u0131 Altun, KKTC\u2019nin kurulu\u015funun 41. y\u0131l\u0131n\u0131 kutlad\u0131 -","isPartOf":{"@id":"https:\/\/kibrisdakik.com\/#website"},"primaryImageOfPage":{"@id":"https:\/\/kibrisdakik.com\/?p=69263#primaryimage"},"image":{"@id":"https:\/\/kibrisdakik.com\/?p=69263#primaryimage"},"thumbnailUrl":"https:\/\/kibrisdakik.com\/wp-content\/uploads\/2024\/11\/ALTUNKKTC-740x420.jpg","datePublished":"2024-11-15T10:27:25+00:00","author":{"@id":"https:\/\/kibrisdakik.com\/#\/schema\/person\/9cd9d437bbb44f72b73ba127e06d8e79"},"breadcrumb":{"@id":"https:\/\/kibrisdakik.com\/?p=69263#breadcrumb"},"inLanguage":"tr","potentialAction":[{"@type":"ReadAction","target":["https:\/\/kibrisdakik.com\/?p=69263"]}]},{"@type":"ImageObject","inLanguage":"tr","@id":"https:\/\/kibrisdakik.com\/?p=69263#primaryimage","url":"https:\/\/kibrisdakik.com\/wp-content\/uploads\/2024\/11\/ALTUNKKTC-740x420.jpg","contentUrl":"https:\/\/kibrisdakik.com\/wp-content\/uploads\/2024\/11\/ALTUNKKTC-740x420.jpg","width":864,"height":486},{"@type":"BreadcrumbList","@id":"https:\/\/kibrisdakik.com\/?p=69263#breadcrumb","itemListElement":[{"@type":"ListItem","position":1,"name":"Home","item":"https:\/\/kibrisdakik.com\/"},{"@type":"ListItem","position":2,"name":"TC Cumhurba\u015fkanl\u0131\u011f\u0131 \u0130leti\u015fim Ba\u015fkan\u0131 Altun, KKTC\u2019nin kurulu\u015funun 41. y\u0131l\u0131n\u0131 kutlad\u0131"}]},{"@type":"WebSite","@id":"https:\/\/kibrisdakik.com\/#website","url":"https:\/\/kibrisdakik.com\/","name":"","description":"Tam vaktinde haber","potentialAction":[{"@type":"SearchAction","target":{"@type":"EntryPoint","urlTemplate":"https:\/\/kibrisdakik.com\/?s={search_term_string}"},"query-input":{"@type":"PropertyValueSpecification","valueRequired":true,"valueName":"search_term_string"}}],"inLanguage":"tr"},{"@type":"Person","@id":"https:\/\/kibrisdakik.com\/#\/schema\/person\/9cd9d437bbb44f72b73ba127e06d8e79","name":"admin","image":{"@type":"ImageObject","inLanguage":"tr","@id":"https:\/\/secure.gravatar.com\/avatar\/ccc17943b9d660506c869530f897617f7cb1c21a4bf30023f252596d83e1f007?s=96&d=mm&r=g","url":"https:\/\/secure.gravatar.com\/avatar\/ccc17943b9d660506c869530f897617f7cb1c21a4bf30023f252596d83e1f007?s=96&d=mm&r=g","contentUrl":"https:\/\/secure.gravatar.com\/avatar\/ccc17943b9d660506c869530f897617f7cb1c21a4bf30023f252596d83e1f007?s=96&d=mm&r=g","caption":"admin"},"sameAs":["https:\/\/kibrisdakik.com"],"url":"https:\/\/kibrisdakik.com\/?author=1"}]}},"_links":{"self":[{"href":"https:\/\/kibrisdakik.com\/index.php?rest_route=\/wp\/v2\/posts\/69263","targetHints":{"allow":["GET"]}}],"collection":[{"href":"https:\/\/kibrisdakik.com\/index.php?rest_route=\/wp\/v2\/posts"}],"about":[{"href":"https:\/\/kibrisdakik.com\/index.php?rest_route=\/wp\/v2\/types\/post"}],"author":[{"embeddable":true,"href":"https:\/\/kibrisdakik.com\/index.php?rest_route=\/wp\/v2\/users\/1"}],"replies":[{"embeddable":true,"href":"https:\/\/kibrisdakik.com\/index.php?rest_route=%2Fwp%2Fv2%2Fcomments&post=69263"}],"version-history":[{"count":0,"href":"https:\/\/kibrisdakik.com\/index.php?rest_route=\/wp\/v2\/posts\/69263\/revisions"}],"wp:featuredmedia":[{"embeddable":true,"href":"https:\/\/kibrisdakik.com\/index.php?rest_route=\/wp\/v2\/media\/69264"}],"wp:attachment":[{"href":"https:\/\/kibrisdakik.com\/index.php?rest_route=%2Fwp%2Fv2%2Fmedia&parent=69263"}],"wp:term":[{"taxonomy":"category","embeddable":true,"href":"https:\/\/kibrisdakik.com\/index.php?rest_route=%2Fwp%2Fv2%2Fcategories&post=69263"},{"taxonomy":"post_tag","embeddable":true,"href":"https:\/\/kibrisdakik.com\/index.php?rest_route=%2Fwp%2Fv2%2Ftags&post=69263"}],"curies":[{"name":"wp","href":"https:\/\/api.w.org\/{rel}","templated":true}]}}