{"id":69268,"date":"2024-11-15T16:31:40","date_gmt":"2024-11-15T13:31:40","guid":{"rendered":"https:\/\/kibrisdakik.com\/index.php\/2024\/11\/15\/ozersay-kktcnin-41-kurulus-yildonumu-dolayisiyla-mesaj-yayimladi\/"},"modified":"2024-11-15T16:31:40","modified_gmt":"2024-11-15T13:31:40","slug":"ozersay-kktcnin-41-kurulus-yildonumu-dolayisiyla-mesaj-yayimladi","status":"publish","type":"post","link":"https:\/\/kibrisdakik.com\/?p=69268","title":{"rendered":"\u00d6zersay, KKTC\u2019nin 41. kurulu\u015f y\u0131ld\u00f6n\u00fcm\u00fc dolay\u0131s\u0131yla mesaj yay\u0131mlad\u0131"},"content":{"rendered":"<div>\n<div class=\"mariselle-image-container none\">\n                                            <\/div>\n<p>Halk\u0131n Partisi (HP) Genel Ba\u015fkan\u0131 Kudret \u00d6zersay, Kuzey K\u0131br\u0131s T\u00fcrk Cumhuriyeti\u2019nin 41. kurulu\u015f y\u0131ld\u00f6n\u00fcm\u00fc dolay\u0131s\u0131yla mesaj yay\u0131mlad\u0131.<\/p>\n<p>HP\u2019den yap\u0131lan a\u00e7\u0131klamaya g\u00f6re, \u00d6zersay, devletin varl\u0131\u011f\u0131n\u0131 tehdit eden en b\u00fcy\u00fck tehlikenin siyasetteki ve toplumdaki yozla\u015fma oldu\u011funu savundu.<\/p>\n<p>Devletin g\u00fc\u00e7lendirilmesi i\u00e7in zihniyet de\u011fi\u015fikli\u011fine ve kurumlar\u0131n yeniden yap\u0131land\u0131r\u0131lmas\u0131na ihtiya\u00e7 duyuldu\u011funu belirten \u00d6zersay, \u201cDevlete sahip \u00e7\u0131kmak ve toplumsal dayan\u0131\u015fma ruhuyla hareket etmek, art\u0131k bir zorunluluk haline gelmi\u015ftir.\u201d dedi.<\/p>\n<p>Bireysel \u00e7\u0131karlar\u0131n bir kenara b\u0131rak\u0131lmas\u0131 gerekti\u011fini ifade eden \u00d6zersay, \u015f\u00f6yle devam etti:<\/p>\n<p>\u201cMilli var olu\u015f m\u00fccadelesinin sonucunda K\u0131br\u0131s T\u00fcrk Halk\u0131n\u0131n kendi kaderini tayin etme hakk\u0131n\u0131n do\u011fal sonucu olan KKTC, \u00e7ok zor \u015fartlarda b\u00fcy\u00fck fedakarl\u0131klarla yarat\u0131lm\u0131\u015ft\u0131r. Ancak maalesef 41 y\u0131l\u0131n sonunda verilen var olu\u015f m\u00fccadelesine yak\u0131\u015fan bir noktada de\u011filiz. Devlete laf ola de\u011fil ger\u00e7ekten sahip \u00e7\u0131kmak ve devlete olan inanc\u0131 g\u00fc\u00e7lendirmek i\u00e7in art\u0131k bireysel menfaatleri bir kenara koyarak toplumsal d\u00fc\u015f\u00fcnmeli ve davranmal\u0131y\u0131z. Bug\u00fcn devletin varl\u0131\u011f\u0131n\u0131 tehdit eden en \u00f6nemli tehlikelerden biri siyasetteki ve toplumdaki \u00e7\u00fcr\u00fcme ve yozla\u015fmad\u0131r. KKTC devleti, bu adada bir \u00e7\u00f6z\u00fcm halinde de, stat\u00fckonun devam\u0131 halinde de her hal ve \u015fartta kendi kendimizi y\u00f6netme hak ve iddiam\u0131z\u0131n yegane zeminidir. Ancak bu halimizle devlet olma iddiam\u0131z\u0131 kendi elimizle zay\u0131flatm\u0131\u015f oluyoruz ve bu \u015fekilde devam edemeyiz.\u201d<\/p>\n<p>\u00d6zersay, devleti aya\u011fa kald\u0131rmak i\u00e7in kurumlar\u0131 ve kamu \u00f6rg\u00fctlenmesini yeniden yap\u0131land\u0131rmaya, baz\u0131 noktalarda sil ba\u015ftan ba\u015flamaya ve y\u00f6netsel anlamda bir zihniyet de\u011fi\u015fimine gitmeye ihtiya\u00e7 oldu\u011funu belirtti.<\/p>\n<p>Milli var olu\u015f m\u00fccadelesine inanan herkesin bu devlete sahip \u00e7\u0131kmas\u0131, bizi biz yapan ancak son y\u0131llarda y\u0131pranan de\u011ferleri yeniden hat\u0131rlamas\u0131 ve toplumsal dayan\u0131\u015fmayla hareket etmesinin en \u00f6nemli ihtiya\u00e7 oldu\u011funu kaydeden \u00d6zersay, \u201cBu d\u00fc\u015f\u00fcncelerle KKTC\u2019nin 41. Y\u0131ld\u00f6n\u00fcm\u00fcn\u00fc kutluyorum.\u201d diye konu\u015ftu.<\/p>\n<\/p><\/div>\n<p><script async\n                    defer\n                    crossorigin=\"anonymous\"\n                    src=\"https:\/\/connect.facebook.net\/tr_TR\/sdk.js#xfbml=1&#038;version=v3.3\"\n            ><\/script><\/p>\n","protected":false},"excerpt":{"rendered":"<p>Halk\u0131n Partisi (HP) Genel Ba\u015fkan\u0131 Kudret \u00d6zersay, Kuzey K\u0131br\u0131s T\u00fcrk Cumhuriyeti\u2019nin 41. kurulu\u015f y\u0131ld\u00f6n\u00fcm\u00fc dolay\u0131s\u0131yla mesaj yay\u0131mlad\u0131. HP\u2019den yap\u0131lan a\u00e7\u0131klamaya g\u00f6re, \u00d6zersay, devletin varl\u0131\u011f\u0131n\u0131 tehdit eden en b\u00fcy\u00fck tehlikenin siyasetteki ve toplumdaki yozla\u015fma oldu\u011funu savundu. Devletin g\u00fc\u00e7lendirilmesi i\u00e7in zihniyet de\u011fi\u015fikli\u011fine ve kurumlar\u0131n yeniden yap\u0131land\u0131r\u0131lmas\u0131na ihtiya\u00e7 duyuldu\u011funu belirten \u00d6zersay, \u201cDevlete sahip \u00e7\u0131kmak ve toplumsal dayan\u0131\u015fma ruhuyla<\/p>\n","protected":false},"author":1,"featured_media":69269,"comment_status":"open","ping_status":"open","sticky":false,"template":"","format":"standard","meta":{"footnotes":""},"categories":[81],"tags":[],"class_list":["post-69268","post","type-post","status-publish","format-standard","has-post-thumbnail","hentry","category-kibris"],"yoast_head":"<!-- This site is optimized with the Yoast SEO plugin v27.5 - https:\/\/yoast.com\/product\/yoast-seo-wordpress\/ -->\n<title>\u00d6zersay, KKTC\u2019nin 41. kurulu\u015f y\u0131ld\u00f6n\u00fcm\u00fc dolay\u0131s\u0131yla mesaj yay\u0131mlad\u0131 -<\/title>\n<meta name=\"robots\" content=\"index, follow, max-snippet:-1, max-image-preview:large, max-video-preview:-1\" \/>\n<link rel=\"canonical\" href=\"https:\/\/kibrisdakik.com\/?p=69268\" \/>\n<meta property=\"og:locale\" content=\"tr_TR\" \/>\n<meta property=\"og:type\" content=\"article\" \/>\n<meta property=\"og:title\" content=\"\u00d6zersay, KKTC\u2019nin 41. kurulu\u015f y\u0131ld\u00f6n\u00fcm\u00fc dolay\u0131s\u0131yla mesaj yay\u0131mlad\u0131 -\" \/>\n<meta property=\"og:description\" content=\"Halk\u0131n Partisi (HP) Genel Ba\u015fkan\u0131 Kudret \u00d6zersay, Kuzey K\u0131br\u0131s T\u00fcrk Cumhuriyeti\u2019nin 41. kurulu\u015f y\u0131ld\u00f6n\u00fcm\u00fc dolay\u0131s\u0131yla mesaj yay\u0131mlad\u0131. HP\u2019den yap\u0131lan a\u00e7\u0131klamaya g\u00f6re, \u00d6zersay, devletin varl\u0131\u011f\u0131n\u0131 tehdit eden en b\u00fcy\u00fck tehlikenin siyasetteki ve toplumdaki yozla\u015fma oldu\u011funu savundu. Devletin g\u00fc\u00e7lendirilmesi i\u00e7in zihniyet de\u011fi\u015fikli\u011fine ve kurumlar\u0131n yeniden yap\u0131land\u0131r\u0131lmas\u0131na ihtiya\u00e7 duyuldu\u011funu belirten \u00d6zersay, \u201cDevlete sahip \u00e7\u0131kmak ve toplumsal dayan\u0131\u015fma ruhuyla\" \/>\n<meta property=\"og:url\" content=\"https:\/\/kibrisdakik.com\/?p=69268\" \/>\n<meta property=\"article:published_time\" content=\"2024-11-15T13:31:40+00:00\" \/>\n<meta property=\"og:image\" content=\"https:\/\/kibrisdakik.com\/wp-content\/uploads\/2024\/11\/ozersay461-706x420.jpg\" \/>\n\t<meta property=\"og:image:width\" content=\"706\" \/>\n\t<meta property=\"og:image:height\" content=\"431\" \/>\n\t<meta property=\"og:image:type\" content=\"image\/jpeg\" \/>\n<meta name=\"author\" content=\"admin\" \/>\n<meta name=\"twitter:card\" content=\"summary_large_image\" \/>\n<meta name=\"twitter:label1\" content=\"Yazan:\" \/>\n\t<meta name=\"twitter:data1\" content=\"admin\" \/>\n\t<meta name=\"twitter:label2\" content=\"Tahmini okuma s\u00fcresi\" \/>\n\t<meta name=\"twitter:data2\" content=\"2 dakika\" \/>\n<script type=\"application\/ld+json\" class=\"yoast-schema-graph\">{\"@context\":\"https:\\\/\\\/schema.org\",\"@graph\":[{\"@type\":\"Article\",\"@id\":\"https:\\\/\\\/kibrisdakik.com\\\/?p=69268#article\",\"isPartOf\":{\"@id\":\"https:\\\/\\\/kibrisdakik.com\\\/?p=69268\"},\"author\":{\"name\":\"admin\",\"@id\":\"https:\\\/\\\/kibrisdakik.com\\\/#\\\/schema\\\/person\\\/9cd9d437bbb44f72b73ba127e06d8e79\"},\"headline\":\"\u00d6zersay, KKTC\u2019nin 41. kurulu\u015f y\u0131ld\u00f6n\u00fcm\u00fc dolay\u0131s\u0131yla mesaj yay\u0131mlad\u0131\",\"datePublished\":\"2024-11-15T13:31:40+00:00\",\"mainEntityOfPage\":{\"@id\":\"https:\\\/\\\/kibrisdakik.com\\\/?p=69268\"},\"wordCount\":369,\"commentCount\":0,\"image\":{\"@id\":\"https:\\\/\\\/kibrisdakik.com\\\/?p=69268#primaryimage\"},\"thumbnailUrl\":\"https:\\\/\\\/kibrisdakik.com\\\/wp-content\\\/uploads\\\/2024\\\/11\\\/ozersay461-706x420.jpg\",\"articleSection\":[\"K\u0131br\u0131s\"],\"inLanguage\":\"tr\",\"potentialAction\":[{\"@type\":\"CommentAction\",\"name\":\"Comment\",\"target\":[\"https:\\\/\\\/kibrisdakik.com\\\/?p=69268#respond\"]}]},{\"@type\":\"WebPage\",\"@id\":\"https:\\\/\\\/kibrisdakik.com\\\/?p=69268\",\"url\":\"https:\\\/\\\/kibrisdakik.com\\\/?p=69268\",\"name\":\"\u00d6zersay, KKTC\u2019nin 41. kurulu\u015f y\u0131ld\u00f6n\u00fcm\u00fc dolay\u0131s\u0131yla mesaj yay\u0131mlad\u0131 -\",\"isPartOf\":{\"@id\":\"https:\\\/\\\/kibrisdakik.com\\\/#website\"},\"primaryImageOfPage\":{\"@id\":\"https:\\\/\\\/kibrisdakik.com\\\/?p=69268#primaryimage\"},\"image\":{\"@id\":\"https:\\\/\\\/kibrisdakik.com\\\/?p=69268#primaryimage\"},\"thumbnailUrl\":\"https:\\\/\\\/kibrisdakik.com\\\/wp-content\\\/uploads\\\/2024\\\/11\\\/ozersay461-706x420.jpg\",\"datePublished\":\"2024-11-15T13:31:40+00:00\",\"author\":{\"@id\":\"https:\\\/\\\/kibrisdakik.com\\\/#\\\/schema\\\/person\\\/9cd9d437bbb44f72b73ba127e06d8e79\"},\"breadcrumb\":{\"@id\":\"https:\\\/\\\/kibrisdakik.com\\\/?p=69268#breadcrumb\"},\"inLanguage\":\"tr\",\"potentialAction\":[{\"@type\":\"ReadAction\",\"target\":[\"https:\\\/\\\/kibrisdakik.com\\\/?p=69268\"]}]},{\"@type\":\"ImageObject\",\"inLanguage\":\"tr\",\"@id\":\"https:\\\/\\\/kibrisdakik.com\\\/?p=69268#primaryimage\",\"url\":\"https:\\\/\\\/kibrisdakik.com\\\/wp-content\\\/uploads\\\/2024\\\/11\\\/ozersay461-706x420.jpg\",\"contentUrl\":\"https:\\\/\\\/kibrisdakik.com\\\/wp-content\\\/uploads\\\/2024\\\/11\\\/ozersay461-706x420.jpg\",\"width\":706,\"height\":431},{\"@type\":\"BreadcrumbList\",\"@id\":\"https:\\\/\\\/kibrisdakik.com\\\/?p=69268#breadcrumb\",\"itemListElement\":[{\"@type\":\"ListItem\",\"position\":1,\"name\":\"Home\",\"item\":\"https:\\\/\\\/kibrisdakik.com\\\/\"},{\"@type\":\"ListItem\",\"position\":2,\"name\":\"\u00d6zersay, KKTC\u2019nin 41. kurulu\u015f y\u0131ld\u00f6n\u00fcm\u00fc dolay\u0131s\u0131yla mesaj yay\u0131mlad\u0131\"}]},{\"@type\":\"WebSite\",\"@id\":\"https:\\\/\\\/kibrisdakik.com\\\/#website\",\"url\":\"https:\\\/\\\/kibrisdakik.com\\\/\",\"name\":\"\",\"description\":\"Tam vaktinde haber\",\"potentialAction\":[{\"@type\":\"SearchAction\",\"target\":{\"@type\":\"EntryPoint\",\"urlTemplate\":\"https:\\\/\\\/kibrisdakik.com\\\/?s={search_term_string}\"},\"query-input\":{\"@type\":\"PropertyValueSpecification\",\"valueRequired\":true,\"valueName\":\"search_term_string\"}}],\"inLanguage\":\"tr\"},{\"@type\":\"Person\",\"@id\":\"https:\\\/\\\/kibrisdakik.com\\\/#\\\/schema\\\/person\\\/9cd9d437bbb44f72b73ba127e06d8e79\",\"name\":\"admin\",\"image\":{\"@type\":\"ImageObject\",\"inLanguage\":\"tr\",\"@id\":\"https:\\\/\\\/secure.gravatar.com\\\/avatar\\\/ccc17943b9d660506c869530f897617f7cb1c21a4bf30023f252596d83e1f007?s=96&d=mm&r=g\",\"url\":\"https:\\\/\\\/secure.gravatar.com\\\/avatar\\\/ccc17943b9d660506c869530f897617f7cb1c21a4bf30023f252596d83e1f007?s=96&d=mm&r=g\",\"contentUrl\":\"https:\\\/\\\/secure.gravatar.com\\\/avatar\\\/ccc17943b9d660506c869530f897617f7cb1c21a4bf30023f252596d83e1f007?s=96&d=mm&r=g\",\"caption\":\"admin\"},\"sameAs\":[\"https:\\\/\\\/kibrisdakik.com\"],\"url\":\"https:\\\/\\\/kibrisdakik.com\\\/?author=1\"}]}<\/script>\n<!-- \/ Yoast SEO plugin. -->","yoast_head_json":{"title":"\u00d6zersay, KKTC\u2019nin 41. kurulu\u015f y\u0131ld\u00f6n\u00fcm\u00fc dolay\u0131s\u0131yla mesaj yay\u0131mlad\u0131 -","robots":{"index":"index","follow":"follow","max-snippet":"max-snippet:-1","max-image-preview":"max-image-preview:large","max-video-preview":"max-video-preview:-1"},"canonical":"https:\/\/kibrisdakik.com\/?p=69268","og_locale":"tr_TR","og_type":"article","og_title":"\u00d6zersay, KKTC\u2019nin 41. kurulu\u015f y\u0131ld\u00f6n\u00fcm\u00fc dolay\u0131s\u0131yla mesaj yay\u0131mlad\u0131 -","og_description":"Halk\u0131n Partisi (HP) Genel Ba\u015fkan\u0131 Kudret \u00d6zersay, Kuzey K\u0131br\u0131s T\u00fcrk Cumhuriyeti\u2019nin 41. kurulu\u015f y\u0131ld\u00f6n\u00fcm\u00fc dolay\u0131s\u0131yla mesaj yay\u0131mlad\u0131. HP\u2019den yap\u0131lan a\u00e7\u0131klamaya g\u00f6re, \u00d6zersay, devletin varl\u0131\u011f\u0131n\u0131 tehdit eden en b\u00fcy\u00fck tehlikenin siyasetteki ve toplumdaki yozla\u015fma oldu\u011funu savundu. Devletin g\u00fc\u00e7lendirilmesi i\u00e7in zihniyet de\u011fi\u015fikli\u011fine ve kurumlar\u0131n yeniden yap\u0131land\u0131r\u0131lmas\u0131na ihtiya\u00e7 duyuldu\u011funu belirten \u00d6zersay, \u201cDevlete sahip \u00e7\u0131kmak ve toplumsal dayan\u0131\u015fma ruhuyla","og_url":"https:\/\/kibrisdakik.com\/?p=69268","article_published_time":"2024-11-15T13:31:40+00:00","og_image":[{"width":706,"height":431,"url":"https:\/\/kibrisdakik.com\/wp-content\/uploads\/2024\/11\/ozersay461-706x420.jpg","type":"image\/jpeg"}],"author":"admin","twitter_card":"summary_large_image","twitter_misc":{"Yazan:":"admin","Tahmini okuma s\u00fcresi":"2 dakika"},"schema":{"@context":"https:\/\/schema.org","@graph":[{"@type":"Article","@id":"https:\/\/kibrisdakik.com\/?p=69268#article","isPartOf":{"@id":"https:\/\/kibrisdakik.com\/?p=69268"},"author":{"name":"admin","@id":"https:\/\/kibrisdakik.com\/#\/schema\/person\/9cd9d437bbb44f72b73ba127e06d8e79"},"headline":"\u00d6zersay, KKTC\u2019nin 41. kurulu\u015f y\u0131ld\u00f6n\u00fcm\u00fc dolay\u0131s\u0131yla mesaj yay\u0131mlad\u0131","datePublished":"2024-11-15T13:31:40+00:00","mainEntityOfPage":{"@id":"https:\/\/kibrisdakik.com\/?p=69268"},"wordCount":369,"commentCount":0,"image":{"@id":"https:\/\/kibrisdakik.com\/?p=69268#primaryimage"},"thumbnailUrl":"https:\/\/kibrisdakik.com\/wp-content\/uploads\/2024\/11\/ozersay461-706x420.jpg","articleSection":["K\u0131br\u0131s"],"inLanguage":"tr","potentialAction":[{"@type":"CommentAction","name":"Comment","target":["https:\/\/kibrisdakik.com\/?p=69268#respond"]}]},{"@type":"WebPage","@id":"https:\/\/kibrisdakik.com\/?p=69268","url":"https:\/\/kibrisdakik.com\/?p=69268","name":"\u00d6zersay, KKTC\u2019nin 41. kurulu\u015f y\u0131ld\u00f6n\u00fcm\u00fc dolay\u0131s\u0131yla mesaj yay\u0131mlad\u0131 -","isPartOf":{"@id":"https:\/\/kibrisdakik.com\/#website"},"primaryImageOfPage":{"@id":"https:\/\/kibrisdakik.com\/?p=69268#primaryimage"},"image":{"@id":"https:\/\/kibrisdakik.com\/?p=69268#primaryimage"},"thumbnailUrl":"https:\/\/kibrisdakik.com\/wp-content\/uploads\/2024\/11\/ozersay461-706x420.jpg","datePublished":"2024-11-15T13:31:40+00:00","author":{"@id":"https:\/\/kibrisdakik.com\/#\/schema\/person\/9cd9d437bbb44f72b73ba127e06d8e79"},"breadcrumb":{"@id":"https:\/\/kibrisdakik.com\/?p=69268#breadcrumb"},"inLanguage":"tr","potentialAction":[{"@type":"ReadAction","target":["https:\/\/kibrisdakik.com\/?p=69268"]}]},{"@type":"ImageObject","inLanguage":"tr","@id":"https:\/\/kibrisdakik.com\/?p=69268#primaryimage","url":"https:\/\/kibrisdakik.com\/wp-content\/uploads\/2024\/11\/ozersay461-706x420.jpg","contentUrl":"https:\/\/kibrisdakik.com\/wp-content\/uploads\/2024\/11\/ozersay461-706x420.jpg","width":706,"height":431},{"@type":"BreadcrumbList","@id":"https:\/\/kibrisdakik.com\/?p=69268#breadcrumb","itemListElement":[{"@type":"ListItem","position":1,"name":"Home","item":"https:\/\/kibrisdakik.com\/"},{"@type":"ListItem","position":2,"name":"\u00d6zersay, KKTC\u2019nin 41. kurulu\u015f y\u0131ld\u00f6n\u00fcm\u00fc dolay\u0131s\u0131yla mesaj yay\u0131mlad\u0131"}]},{"@type":"WebSite","@id":"https:\/\/kibrisdakik.com\/#website","url":"https:\/\/kibrisdakik.com\/","name":"","description":"Tam vaktinde haber","potentialAction":[{"@type":"SearchAction","target":{"@type":"EntryPoint","urlTemplate":"https:\/\/kibrisdakik.com\/?s={search_term_string}"},"query-input":{"@type":"PropertyValueSpecification","valueRequired":true,"valueName":"search_term_string"}}],"inLanguage":"tr"},{"@type":"Person","@id":"https:\/\/kibrisdakik.com\/#\/schema\/person\/9cd9d437bbb44f72b73ba127e06d8e79","name":"admin","image":{"@type":"ImageObject","inLanguage":"tr","@id":"https:\/\/secure.gravatar.com\/avatar\/ccc17943b9d660506c869530f897617f7cb1c21a4bf30023f252596d83e1f007?s=96&d=mm&r=g","url":"https:\/\/secure.gravatar.com\/avatar\/ccc17943b9d660506c869530f897617f7cb1c21a4bf30023f252596d83e1f007?s=96&d=mm&r=g","contentUrl":"https:\/\/secure.gravatar.com\/avatar\/ccc17943b9d660506c869530f897617f7cb1c21a4bf30023f252596d83e1f007?s=96&d=mm&r=g","caption":"admin"},"sameAs":["https:\/\/kibrisdakik.com"],"url":"https:\/\/kibrisdakik.com\/?author=1"}]}},"_links":{"self":[{"href":"https:\/\/kibrisdakik.com\/index.php?rest_route=\/wp\/v2\/posts\/69268","targetHints":{"allow":["GET"]}}],"collection":[{"href":"https:\/\/kibrisdakik.com\/index.php?rest_route=\/wp\/v2\/posts"}],"about":[{"href":"https:\/\/kibrisdakik.com\/index.php?rest_route=\/wp\/v2\/types\/post"}],"author":[{"embeddable":true,"href":"https:\/\/kibrisdakik.com\/index.php?rest_route=\/wp\/v2\/users\/1"}],"replies":[{"embeddable":true,"href":"https:\/\/kibrisdakik.com\/index.php?rest_route=%2Fwp%2Fv2%2Fcomments&post=69268"}],"version-history":[{"count":0,"href":"https:\/\/kibrisdakik.com\/index.php?rest_route=\/wp\/v2\/posts\/69268\/revisions"}],"wp:featuredmedia":[{"embeddable":true,"href":"https:\/\/kibrisdakik.com\/index.php?rest_route=\/wp\/v2\/media\/69269"}],"wp:attachment":[{"href":"https:\/\/kibrisdakik.com\/index.php?rest_route=%2Fwp%2Fv2%2Fmedia&parent=69268"}],"wp:term":[{"taxonomy":"category","embeddable":true,"href":"https:\/\/kibrisdakik.com\/index.php?rest_route=%2Fwp%2Fv2%2Fcategories&post=69268"},{"taxonomy":"post_tag","embeddable":true,"href":"https:\/\/kibrisdakik.com\/index.php?rest_route=%2Fwp%2Fv2%2Ftags&post=69268"}],"curies":[{"name":"wp","href":"https:\/\/api.w.org\/{rel}","templated":true}]}}