{"id":69325,"date":"2024-11-16T12:57:17","date_gmt":"2024-11-16T09:57:17","guid":{"rendered":"https:\/\/kibrisdakik.com\/index.php\/2024\/11\/16\/izmirde-kktcnin-kurulusunun-41-yili-nedeniyle-resepsiyon-verildi\/"},"modified":"2024-11-16T12:57:17","modified_gmt":"2024-11-16T09:57:17","slug":"izmirde-kktcnin-kurulusunun-41-yili-nedeniyle-resepsiyon-verildi","status":"publish","type":"post","link":"https:\/\/kibrisdakik.com\/?p=69325","title":{"rendered":"\u0130zmir\u2019de KKTC\u2019nin kurulu\u015funun 41. y\u0131l\u0131 nedeniyle resepsiyon verildi"},"content":{"rendered":"<p><\/p>\n<div>\n<div class=\"mariselle-image-container center\">\n                <img loading=\"lazy\" decoding=\"async\" width=\"2560\" height=\"1707\" class=\"lazy-image\" alt=\"\" sizes=\"auto, (max-width: 2560px) 100vw, 2560px\" src=\"https:\/\/brtk.net\/wp-content\/uploads\/2024\/11\/16\/iz-scaled.jpg?ver=2676a786aa1a0b189b998c93bf88641b\" srcset=\"https:\/\/brtk.net\/wp-content\/uploads\/2024\/11\/16\/iz-scaled.jpg?ver=2676a786aa1a0b189b998c93bf88641b 2560w, https:\/\/brtk.net\/wp-content\/uploads\/2024\/11\/16\/iz-300x200.jpg?ver=2676a786aa1a0b189b998c93bf88641b 300w, https:\/\/brtk.net\/wp-content\/uploads\/2024\/11\/16\/iz-1024x683.jpg?ver=3ca6cca872919215b2e86edbb1d91da0 1024w, https:\/\/brtk.net\/wp-content\/uploads\/2024\/11\/16\/iz-768x512.jpg?ver=5df2369de32ae9eb7d4c2d6825355c8b 768w, https:\/\/brtk.net\/wp-content\/uploads\/2024\/11\/16\/iz-1536x1024.jpg?ver=bf6dbfa5b366a0a97040188d2bf642be 1536w, https:\/\/brtk.net\/wp-content\/uploads\/2024\/11\/16\/iz-2048x1365.jpg?ver=921ebadd29f81e183e82021eb0c05894 2048w\"\/>                            <\/div>\n<p>\u0130zmir\u2019de, Kuzey K\u0131br\u0131s T\u00fcrk Cumhuriyeti\u2019nin (<a href=\"https:\/\/brtk.net\/\"\/><a href=\"https:\/\/brtk.net\/\">KKTC<\/a>) 41. kurulu\u015f y\u0131l d\u00f6n\u00fcm\u00fc dolay\u0131s\u0131yla resepsiyon d\u00fczenlendi.<\/p>\n<p>Bal\u00e7ova\u2019da bir otelde verilen resepsiyona, \u0130zmir Valisi S\u00fcleyman Elban, Ege Ordusu ve Garnizon Komutan\u0131 Orgeneral \u0130rfan \u00d6zsert, Hava E\u011fitim Komutan\u0131 Hava Korgeneral Erdo\u011fan G\u00fcr, Donanma Komutan Yard\u0131mc\u0131s\u0131 Koramiral \u0130brahim \u00d6zdem Ko\u00e7er, \u0130l Emniyet M\u00fcd\u00fcr\u00fc Celal Sel, \u0130l Jandarma Komutan Yard\u0131mc\u0131s\u0131 Albay Dursun De\u011firmenci, T\u00fcrkiye D\u0131\u015fi\u015fleri Bakanl\u0131\u011f\u0131 \u0130zmir Temsilcisi B\u00fcy\u00fckel\u00e7i Ye\u015fim Kebap\u00e7\u0131o\u011flu, MHP \u0130l Ba\u015fkan\u0131 Veysel \u015eahin ile K\u0131br\u0131s gazileri ve aileleri kat\u0131ld\u0131.<\/p>\n<p><a href=\"https:\/\/brtk.net\/\"\/><a href=\"https:\/\/brtk.net\/\">KKTC<\/a> \u0130zmir Ba\u015fkonsolosu Ay\u015fen Volkan \u0130nan\u0131ro\u011flu, burada yapt\u0131\u011f\u0131 konu\u015fmada, T\u00fcrkiye\u2019nin deste\u011fiyle K\u0131br\u0131s T\u00fcrklerinin \u00f6zg\u00fcrl\u00fc\u011f\u00fcne kavu\u015ftu\u011funu belirterek, \u201cBug\u00fcn yak\u0131n co\u011frafyam\u0131zda, Filistin\u2019de ya\u015fanan insanl\u0131k d\u0131\u015f\u0131 olaylar, T\u00fcrkiye Cumhuriyeti\u2019nin etkin ve fiili garant\u00f6rl\u00fc\u011f\u00fcn\u00fcn ne kadar m\u00fchim ve hayati oldu\u011funu bir kez daha bizlere ispat etmektedir. 20 Temmuz 1974\u2019te bizleri yok olmaktan kurtaran ana vatan\u0131m\u0131z\u0131n garant\u00f6rl\u00fc\u011f\u00fc ve her a\u015famadaki deste\u011fi, K\u0131br\u0131s T\u00fcrkleri i\u00e7in asla vazge\u00e7ilmezdir. T\u00fcrk Silahl\u0131 Kuvvetlerinin varl\u0131\u011f\u0131, Ada\u2019daki bar\u0131\u015f ve huzurun en \u00f6nemli teminat\u0131d\u0131r.\u201d dedi.<\/p>\n<p>T\u00fcrkiye Cumhurba\u015fkan\u0131 Recep Tayyip Erdo\u011fan\u2019a, K\u0131br\u0131s T\u00fcrk halk\u0131na verdi\u011fi paha bi\u00e7ilmez destekleri i\u00e7in \u015f\u00fckranlar\u0131n\u0131 sunan \u0130nan\u0131ro\u011flu, \u201cGelinen noktada yaln\u0131zca anavatan T\u00fcrkiye taraf\u0131ndan tan\u0131nan devletimizin t\u00fcm d\u00fcnyada tan\u0131nmas\u0131, egemen, e\u015fitlik ve e\u015fit uluslararas\u0131 stat\u00fcde iki devletli \u00e7\u00f6z\u00fcm politikam\u0131z\u0131n uluslararas\u0131 toplumda kabul g\u00f6rmesi i\u00e7in m\u00fccadelemize devam edece\u011fiz.\u201d diye konu\u015ftu.<\/p>\n<p>Programda, <a href=\"https:\/\/brtk.net\/\"\/><a href=\"https:\/\/brtk.net\/\">KKTC<\/a>\u2018nin kurulu\u015funun anlat\u0131ld\u0131\u011f\u0131 sinevizyon sunuldu, hat\u0131ra foto\u011fraf\u0131 \u00e7ektirildi.<\/p>\n<\/p><\/div>\n<p><script async\n                    defer\n                    crossorigin=\"anonymous\"\n                    src=\"https:\/\/connect.facebook.net\/tr_TR\/sdk.js#xfbml=1&#038;version=v3.3\"\n            ><\/script><\/p>\n","protected":false},"excerpt":{"rendered":"<p>\u0130zmir\u2019de, Kuzey K\u0131br\u0131s T\u00fcrk Cumhuriyeti\u2019nin (KKTC) 41. kurulu\u015f y\u0131l d\u00f6n\u00fcm\u00fc dolay\u0131s\u0131yla resepsiyon d\u00fczenlendi. Bal\u00e7ova\u2019da bir otelde verilen resepsiyona, \u0130zmir Valisi S\u00fcleyman Elban, Ege Ordusu ve Garnizon Komutan\u0131 Orgeneral \u0130rfan \u00d6zsert, Hava E\u011fitim Komutan\u0131 Hava Korgeneral Erdo\u011fan G\u00fcr, Donanma Komutan Yard\u0131mc\u0131s\u0131 Koramiral \u0130brahim \u00d6zdem Ko\u00e7er, \u0130l Emniyet M\u00fcd\u00fcr\u00fc Celal Sel, \u0130l Jandarma Komutan Yard\u0131mc\u0131s\u0131 Albay Dursun<\/p>\n","protected":false},"author":1,"featured_media":69326,"comment_status":"open","ping_status":"open","sticky":false,"template":"","format":"standard","meta":{"footnotes":""},"categories":[86],"tags":[],"class_list":["post-69325","post","type-post","status-publish","format-standard","has-post-thumbnail","hentry","category-turkiye"],"yoast_head":"<!-- This site is optimized with the Yoast SEO plugin v27.5 - https:\/\/yoast.com\/product\/yoast-seo-wordpress\/ -->\n<title>\u0130zmir\u2019de KKTC\u2019nin kurulu\u015funun 41. y\u0131l\u0131 nedeniyle resepsiyon verildi -<\/title>\n<meta name=\"robots\" content=\"index, follow, max-snippet:-1, max-image-preview:large, max-video-preview:-1\" \/>\n<link rel=\"canonical\" href=\"https:\/\/kibrisdakik.com\/?p=69325\" \/>\n<meta property=\"og:locale\" content=\"tr_TR\" \/>\n<meta property=\"og:type\" content=\"article\" \/>\n<meta property=\"og:title\" content=\"\u0130zmir\u2019de KKTC\u2019nin kurulu\u015funun 41. y\u0131l\u0131 nedeniyle resepsiyon verildi -\" \/>\n<meta property=\"og:description\" content=\"\u0130zmir\u2019de, Kuzey K\u0131br\u0131s T\u00fcrk Cumhuriyeti\u2019nin (KKTC) 41. kurulu\u015f y\u0131l d\u00f6n\u00fcm\u00fc dolay\u0131s\u0131yla resepsiyon d\u00fczenlendi. Bal\u00e7ova\u2019da bir otelde verilen resepsiyona, \u0130zmir Valisi S\u00fcleyman Elban, Ege Ordusu ve Garnizon Komutan\u0131 Orgeneral \u0130rfan \u00d6zsert, Hava E\u011fitim Komutan\u0131 Hava Korgeneral Erdo\u011fan G\u00fcr, Donanma Komutan Yard\u0131mc\u0131s\u0131 Koramiral \u0130brahim \u00d6zdem Ko\u00e7er, \u0130l Emniyet M\u00fcd\u00fcr\u00fc Celal Sel, \u0130l Jandarma Komutan Yard\u0131mc\u0131s\u0131 Albay Dursun\" \/>\n<meta property=\"og:url\" content=\"https:\/\/kibrisdakik.com\/?p=69325\" \/>\n<meta property=\"article:published_time\" content=\"2024-11-16T09:57:17+00:00\" \/>\n<meta property=\"og:image\" content=\"https:\/\/kibrisdakik.com\/wp-content\/uploads\/2024\/11\/iz-scaled-740x420.jpg\" \/>\n\t<meta property=\"og:image:width\" content=\"2560\" \/>\n\t<meta property=\"og:image:height\" content=\"1707\" \/>\n\t<meta property=\"og:image:type\" content=\"image\/jpeg\" \/>\n<meta name=\"author\" content=\"admin\" \/>\n<meta name=\"twitter:card\" content=\"summary_large_image\" \/>\n<meta name=\"twitter:label1\" content=\"Yazan:\" \/>\n\t<meta name=\"twitter:data1\" content=\"admin\" \/>\n\t<meta name=\"twitter:label2\" content=\"Tahmini okuma s\u00fcresi\" \/>\n\t<meta name=\"twitter:data2\" content=\"2 dakika\" \/>\n<script type=\"application\/ld+json\" class=\"yoast-schema-graph\">{\"@context\":\"https:\\\/\\\/schema.org\",\"@graph\":[{\"@type\":\"Article\",\"@id\":\"https:\\\/\\\/kibrisdakik.com\\\/?p=69325#article\",\"isPartOf\":{\"@id\":\"https:\\\/\\\/kibrisdakik.com\\\/?p=69325\"},\"author\":{\"name\":\"admin\",\"@id\":\"https:\\\/\\\/kibrisdakik.com\\\/#\\\/schema\\\/person\\\/9cd9d437bbb44f72b73ba127e06d8e79\"},\"headline\":\"\u0130zmir\u2019de KKTC\u2019nin kurulu\u015funun 41. y\u0131l\u0131 nedeniyle resepsiyon verildi\",\"datePublished\":\"2024-11-16T09:57:17+00:00\",\"mainEntityOfPage\":{\"@id\":\"https:\\\/\\\/kibrisdakik.com\\\/?p=69325\"},\"wordCount\":332,\"commentCount\":0,\"image\":{\"@id\":\"https:\\\/\\\/kibrisdakik.com\\\/?p=69325#primaryimage\"},\"thumbnailUrl\":\"https:\\\/\\\/kibrisdakik.com\\\/wp-content\\\/uploads\\\/2024\\\/11\\\/iz-scaled-740x420.jpg\",\"articleSection\":[\"T\u00fcrkiye\"],\"inLanguage\":\"tr\",\"potentialAction\":[{\"@type\":\"CommentAction\",\"name\":\"Comment\",\"target\":[\"https:\\\/\\\/kibrisdakik.com\\\/?p=69325#respond\"]}]},{\"@type\":\"WebPage\",\"@id\":\"https:\\\/\\\/kibrisdakik.com\\\/?p=69325\",\"url\":\"https:\\\/\\\/kibrisdakik.com\\\/?p=69325\",\"name\":\"\u0130zmir\u2019de KKTC\u2019nin kurulu\u015funun 41. y\u0131l\u0131 nedeniyle resepsiyon verildi -\",\"isPartOf\":{\"@id\":\"https:\\\/\\\/kibrisdakik.com\\\/#website\"},\"primaryImageOfPage\":{\"@id\":\"https:\\\/\\\/kibrisdakik.com\\\/?p=69325#primaryimage\"},\"image\":{\"@id\":\"https:\\\/\\\/kibrisdakik.com\\\/?p=69325#primaryimage\"},\"thumbnailUrl\":\"https:\\\/\\\/kibrisdakik.com\\\/wp-content\\\/uploads\\\/2024\\\/11\\\/iz-scaled-740x420.jpg\",\"datePublished\":\"2024-11-16T09:57:17+00:00\",\"author\":{\"@id\":\"https:\\\/\\\/kibrisdakik.com\\\/#\\\/schema\\\/person\\\/9cd9d437bbb44f72b73ba127e06d8e79\"},\"breadcrumb\":{\"@id\":\"https:\\\/\\\/kibrisdakik.com\\\/?p=69325#breadcrumb\"},\"inLanguage\":\"tr\",\"potentialAction\":[{\"@type\":\"ReadAction\",\"target\":[\"https:\\\/\\\/kibrisdakik.com\\\/?p=69325\"]}]},{\"@type\":\"ImageObject\",\"inLanguage\":\"tr\",\"@id\":\"https:\\\/\\\/kibrisdakik.com\\\/?p=69325#primaryimage\",\"url\":\"https:\\\/\\\/kibrisdakik.com\\\/wp-content\\\/uploads\\\/2024\\\/11\\\/iz-scaled-740x420.jpg\",\"contentUrl\":\"https:\\\/\\\/kibrisdakik.com\\\/wp-content\\\/uploads\\\/2024\\\/11\\\/iz-scaled-740x420.jpg\",\"width\":2560,\"height\":1707},{\"@type\":\"BreadcrumbList\",\"@id\":\"https:\\\/\\\/kibrisdakik.com\\\/?p=69325#breadcrumb\",\"itemListElement\":[{\"@type\":\"ListItem\",\"position\":1,\"name\":\"Home\",\"item\":\"https:\\\/\\\/kibrisdakik.com\\\/\"},{\"@type\":\"ListItem\",\"position\":2,\"name\":\"\u0130zmir\u2019de KKTC\u2019nin kurulu\u015funun 41. y\u0131l\u0131 nedeniyle resepsiyon verildi\"}]},{\"@type\":\"WebSite\",\"@id\":\"https:\\\/\\\/kibrisdakik.com\\\/#website\",\"url\":\"https:\\\/\\\/kibrisdakik.com\\\/\",\"name\":\"\",\"description\":\"Tam vaktinde haber\",\"potentialAction\":[{\"@type\":\"SearchAction\",\"target\":{\"@type\":\"EntryPoint\",\"urlTemplate\":\"https:\\\/\\\/kibrisdakik.com\\\/?s={search_term_string}\"},\"query-input\":{\"@type\":\"PropertyValueSpecification\",\"valueRequired\":true,\"valueName\":\"search_term_string\"}}],\"inLanguage\":\"tr\"},{\"@type\":\"Person\",\"@id\":\"https:\\\/\\\/kibrisdakik.com\\\/#\\\/schema\\\/person\\\/9cd9d437bbb44f72b73ba127e06d8e79\",\"name\":\"admin\",\"image\":{\"@type\":\"ImageObject\",\"inLanguage\":\"tr\",\"@id\":\"https:\\\/\\\/secure.gravatar.com\\\/avatar\\\/ccc17943b9d660506c869530f897617f7cb1c21a4bf30023f252596d83e1f007?s=96&d=mm&r=g\",\"url\":\"https:\\\/\\\/secure.gravatar.com\\\/avatar\\\/ccc17943b9d660506c869530f897617f7cb1c21a4bf30023f252596d83e1f007?s=96&d=mm&r=g\",\"contentUrl\":\"https:\\\/\\\/secure.gravatar.com\\\/avatar\\\/ccc17943b9d660506c869530f897617f7cb1c21a4bf30023f252596d83e1f007?s=96&d=mm&r=g\",\"caption\":\"admin\"},\"sameAs\":[\"https:\\\/\\\/kibrisdakik.com\"],\"url\":\"https:\\\/\\\/kibrisdakik.com\\\/?author=1\"}]}<\/script>\n<!-- \/ Yoast SEO plugin. -->","yoast_head_json":{"title":"\u0130zmir\u2019de KKTC\u2019nin kurulu\u015funun 41. y\u0131l\u0131 nedeniyle resepsiyon verildi -","robots":{"index":"index","follow":"follow","max-snippet":"max-snippet:-1","max-image-preview":"max-image-preview:large","max-video-preview":"max-video-preview:-1"},"canonical":"https:\/\/kibrisdakik.com\/?p=69325","og_locale":"tr_TR","og_type":"article","og_title":"\u0130zmir\u2019de KKTC\u2019nin kurulu\u015funun 41. y\u0131l\u0131 nedeniyle resepsiyon verildi -","og_description":"\u0130zmir\u2019de, Kuzey K\u0131br\u0131s T\u00fcrk Cumhuriyeti\u2019nin (KKTC) 41. kurulu\u015f y\u0131l d\u00f6n\u00fcm\u00fc dolay\u0131s\u0131yla resepsiyon d\u00fczenlendi. Bal\u00e7ova\u2019da bir otelde verilen resepsiyona, \u0130zmir Valisi S\u00fcleyman Elban, Ege Ordusu ve Garnizon Komutan\u0131 Orgeneral \u0130rfan \u00d6zsert, Hava E\u011fitim Komutan\u0131 Hava Korgeneral Erdo\u011fan G\u00fcr, Donanma Komutan Yard\u0131mc\u0131s\u0131 Koramiral \u0130brahim \u00d6zdem Ko\u00e7er, \u0130l Emniyet M\u00fcd\u00fcr\u00fc Celal Sel, \u0130l Jandarma Komutan Yard\u0131mc\u0131s\u0131 Albay Dursun","og_url":"https:\/\/kibrisdakik.com\/?p=69325","article_published_time":"2024-11-16T09:57:17+00:00","og_image":[{"width":2560,"height":1707,"url":"https:\/\/kibrisdakik.com\/wp-content\/uploads\/2024\/11\/iz-scaled-740x420.jpg","type":"image\/jpeg"}],"author":"admin","twitter_card":"summary_large_image","twitter_misc":{"Yazan:":"admin","Tahmini okuma s\u00fcresi":"2 dakika"},"schema":{"@context":"https:\/\/schema.org","@graph":[{"@type":"Article","@id":"https:\/\/kibrisdakik.com\/?p=69325#article","isPartOf":{"@id":"https:\/\/kibrisdakik.com\/?p=69325"},"author":{"name":"admin","@id":"https:\/\/kibrisdakik.com\/#\/schema\/person\/9cd9d437bbb44f72b73ba127e06d8e79"},"headline":"\u0130zmir\u2019de KKTC\u2019nin kurulu\u015funun 41. y\u0131l\u0131 nedeniyle resepsiyon verildi","datePublished":"2024-11-16T09:57:17+00:00","mainEntityOfPage":{"@id":"https:\/\/kibrisdakik.com\/?p=69325"},"wordCount":332,"commentCount":0,"image":{"@id":"https:\/\/kibrisdakik.com\/?p=69325#primaryimage"},"thumbnailUrl":"https:\/\/kibrisdakik.com\/wp-content\/uploads\/2024\/11\/iz-scaled-740x420.jpg","articleSection":["T\u00fcrkiye"],"inLanguage":"tr","potentialAction":[{"@type":"CommentAction","name":"Comment","target":["https:\/\/kibrisdakik.com\/?p=69325#respond"]}]},{"@type":"WebPage","@id":"https:\/\/kibrisdakik.com\/?p=69325","url":"https:\/\/kibrisdakik.com\/?p=69325","name":"\u0130zmir\u2019de KKTC\u2019nin kurulu\u015funun 41. y\u0131l\u0131 nedeniyle resepsiyon verildi -","isPartOf":{"@id":"https:\/\/kibrisdakik.com\/#website"},"primaryImageOfPage":{"@id":"https:\/\/kibrisdakik.com\/?p=69325#primaryimage"},"image":{"@id":"https:\/\/kibrisdakik.com\/?p=69325#primaryimage"},"thumbnailUrl":"https:\/\/kibrisdakik.com\/wp-content\/uploads\/2024\/11\/iz-scaled-740x420.jpg","datePublished":"2024-11-16T09:57:17+00:00","author":{"@id":"https:\/\/kibrisdakik.com\/#\/schema\/person\/9cd9d437bbb44f72b73ba127e06d8e79"},"breadcrumb":{"@id":"https:\/\/kibrisdakik.com\/?p=69325#breadcrumb"},"inLanguage":"tr","potentialAction":[{"@type":"ReadAction","target":["https:\/\/kibrisdakik.com\/?p=69325"]}]},{"@type":"ImageObject","inLanguage":"tr","@id":"https:\/\/kibrisdakik.com\/?p=69325#primaryimage","url":"https:\/\/kibrisdakik.com\/wp-content\/uploads\/2024\/11\/iz-scaled-740x420.jpg","contentUrl":"https:\/\/kibrisdakik.com\/wp-content\/uploads\/2024\/11\/iz-scaled-740x420.jpg","width":2560,"height":1707},{"@type":"BreadcrumbList","@id":"https:\/\/kibrisdakik.com\/?p=69325#breadcrumb","itemListElement":[{"@type":"ListItem","position":1,"name":"Home","item":"https:\/\/kibrisdakik.com\/"},{"@type":"ListItem","position":2,"name":"\u0130zmir\u2019de KKTC\u2019nin kurulu\u015funun 41. y\u0131l\u0131 nedeniyle resepsiyon verildi"}]},{"@type":"WebSite","@id":"https:\/\/kibrisdakik.com\/#website","url":"https:\/\/kibrisdakik.com\/","name":"","description":"Tam vaktinde haber","potentialAction":[{"@type":"SearchAction","target":{"@type":"EntryPoint","urlTemplate":"https:\/\/kibrisdakik.com\/?s={search_term_string}"},"query-input":{"@type":"PropertyValueSpecification","valueRequired":true,"valueName":"search_term_string"}}],"inLanguage":"tr"},{"@type":"Person","@id":"https:\/\/kibrisdakik.com\/#\/schema\/person\/9cd9d437bbb44f72b73ba127e06d8e79","name":"admin","image":{"@type":"ImageObject","inLanguage":"tr","@id":"https:\/\/secure.gravatar.com\/avatar\/ccc17943b9d660506c869530f897617f7cb1c21a4bf30023f252596d83e1f007?s=96&d=mm&r=g","url":"https:\/\/secure.gravatar.com\/avatar\/ccc17943b9d660506c869530f897617f7cb1c21a4bf30023f252596d83e1f007?s=96&d=mm&r=g","contentUrl":"https:\/\/secure.gravatar.com\/avatar\/ccc17943b9d660506c869530f897617f7cb1c21a4bf30023f252596d83e1f007?s=96&d=mm&r=g","caption":"admin"},"sameAs":["https:\/\/kibrisdakik.com"],"url":"https:\/\/kibrisdakik.com\/?author=1"}]}},"_links":{"self":[{"href":"https:\/\/kibrisdakik.com\/index.php?rest_route=\/wp\/v2\/posts\/69325","targetHints":{"allow":["GET"]}}],"collection":[{"href":"https:\/\/kibrisdakik.com\/index.php?rest_route=\/wp\/v2\/posts"}],"about":[{"href":"https:\/\/kibrisdakik.com\/index.php?rest_route=\/wp\/v2\/types\/post"}],"author":[{"embeddable":true,"href":"https:\/\/kibrisdakik.com\/index.php?rest_route=\/wp\/v2\/users\/1"}],"replies":[{"embeddable":true,"href":"https:\/\/kibrisdakik.com\/index.php?rest_route=%2Fwp%2Fv2%2Fcomments&post=69325"}],"version-history":[{"count":0,"href":"https:\/\/kibrisdakik.com\/index.php?rest_route=\/wp\/v2\/posts\/69325\/revisions"}],"wp:featuredmedia":[{"embeddable":true,"href":"https:\/\/kibrisdakik.com\/index.php?rest_route=\/wp\/v2\/media\/69326"}],"wp:attachment":[{"href":"https:\/\/kibrisdakik.com\/index.php?rest_route=%2Fwp%2Fv2%2Fmedia&parent=69325"}],"wp:term":[{"taxonomy":"category","embeddable":true,"href":"https:\/\/kibrisdakik.com\/index.php?rest_route=%2Fwp%2Fv2%2Fcategories&post=69325"},{"taxonomy":"post_tag","embeddable":true,"href":"https:\/\/kibrisdakik.com\/index.php?rest_route=%2Fwp%2Fv2%2Ftags&post=69325"}],"curies":[{"name":"wp","href":"https:\/\/api.w.org\/{rel}","templated":true}]}}