{"id":69405,"date":"2024-11-17T21:11:02","date_gmt":"2024-11-17T18:11:02","guid":{"rendered":"https:\/\/kibrisdakik.com\/index.php\/2024\/11\/17\/cumhurbaskani-tatar-uluslararasi-cumhuriyet-klasik-otomobil-rallisinin-odul-torenine-katildi\/"},"modified":"2024-11-17T21:11:02","modified_gmt":"2024-11-17T18:11:02","slug":"cumhurbaskani-tatar-uluslararasi-cumhuriyet-klasik-otomobil-rallisinin-odul-torenine-katildi","status":"publish","type":"post","link":"https:\/\/kibrisdakik.com\/?p=69405","title":{"rendered":"Cumhurba\u015fkan\u0131  Tatar, Uluslararas\u0131 Cumhuriyet Klasik Otomobil Rallisi\u2019nin \u00f6d\u00fcl t\u00f6renine kat\u0131ld\u0131"},"content":{"rendered":"<div>\n<div class=\"mariselle-image-container center\">\n                                            <\/div>\n<p>Cumhurba\u015fkan\u0131 Ersin Tatar, Kuzey K\u0131br\u0131s T\u00fcrk Cumhuriyeti\u2019nin kurulu\u015f etkinlikleri kapsam\u0131nda Kuzey K\u0131br\u0131s Klasik ve Spor Otomobil Kul\u00fcb\u00fc ve D\u0131\u015fi\u015fleri Bakanl\u0131\u011f\u0131\u2019na ba\u011fl\u0131 Tan\u0131tma Dairesi himayesinde d\u00fczenlenen 14\u2019\u00fcnc\u00fc Uluslararas\u0131 Cumhuriyet Klasik Otomobil Rallisi\u2019nin \u00f6d\u00fcl t\u00f6renine kat\u0131ld\u0131.<\/p>\n<p>Cumhurba\u015fkan\u0131 Tatar t\u00f6rende yapt\u0131\u011f\u0131 konu\u015fmada, Kuzey K\u0131br\u0131s T\u00fcrk Cumhuriyeti\u2019nin kurulu\u015f etkinlikleri kapsam\u0131nda \u00fclke tan\u0131t\u0131m\u0131 yap\u0131lmas\u0131 amac\u0131yla d\u00fczenlenen etkinli\u011fin \u00f6nemine dikkat \u00e7ekti.<\/p>\n<div class=\"mariselle-image-container center\">\n                <img loading=\"lazy\" decoding=\"async\" width=\"1600\" height=\"1066\" class=\"lazy-image\" alt=\"\" sizes=\"auto, (max-width: 1600px) 100vw, 1600px\" src=\"https:\/\/brtk.net\/wp-content\/uploads\/2024\/11\/17\/IMG-20241117-WA0009.jpg?ver=276d297017dfb98f21881891ffce85a1\" srcset=\"https:\/\/brtk.net\/wp-content\/uploads\/2024\/11\/17\/IMG-20241117-WA0009.jpg?ver=276d297017dfb98f21881891ffce85a1 1600w, https:\/\/brtk.net\/wp-content\/uploads\/2024\/11\/17\/IMG-20241117-WA0009-300x200.jpg?ver=aac258436153f1ddc102756868cc6cd9 300w, https:\/\/brtk.net\/wp-content\/uploads\/2024\/11\/17\/IMG-20241117-WA0009-1024x682.jpg?ver=aac258436153f1ddc102756868cc6cd9 1024w, https:\/\/brtk.net\/wp-content\/uploads\/2024\/11\/17\/IMG-20241117-WA0009-768x512.jpg?ver=1070ba17a78530f273296ef426eb64e8 768w, https:\/\/brtk.net\/wp-content\/uploads\/2024\/11\/17\/IMG-20241117-WA0009-1536x1023.jpg?ver=1070ba17a78530f273296ef426eb64e8 1536w\"\/>                            <\/div>\n<p>Cumhurba\u015fkan\u0131 Tatar, klasik arabalar\u0131n yer alad\u0131\u011f\u0131 ayn\u0131 zamanda bir spor etkinli\u011fi olan ralli sayesinde, kat\u0131l\u0131mc\u0131lar aras\u0131nda dostluk, karde\u015flik ve yard\u0131mla\u015fman\u0131n geli\u015fti\u011fine i\u015faret etti.<\/p>\n<p>Cumhurba\u015fkan\u0131 Tatar, Kuzey K\u0131br\u0131s T\u00fcrk Cumhuriyeti\u2019nin kurulu\u015f kutlamalar\u0131 kapsam\u0131nda uluslararas\u0131 otomobil etkinli\u011fini d\u00fczenleyenlere ve etkinli\u011fe kat\u0131lanlara te\u015fekk\u00fcr etti.<\/p>\n<\/p><\/div>\n<p><script async\n                    defer\n                    crossorigin=\"anonymous\"\n                    src=\"https:\/\/connect.facebook.net\/tr_TR\/sdk.js#xfbml=1&#038;version=v3.3\"\n            ><\/script><\/p>\n","protected":false},"excerpt":{"rendered":"<p>Cumhurba\u015fkan\u0131 Ersin Tatar, Kuzey K\u0131br\u0131s T\u00fcrk Cumhuriyeti\u2019nin kurulu\u015f etkinlikleri kapsam\u0131nda Kuzey K\u0131br\u0131s Klasik ve Spor Otomobil Kul\u00fcb\u00fc ve D\u0131\u015fi\u015fleri Bakanl\u0131\u011f\u0131\u2019na ba\u011fl\u0131 Tan\u0131tma Dairesi himayesinde d\u00fczenlenen 14\u2019\u00fcnc\u00fc Uluslararas\u0131 Cumhuriyet Klasik Otomobil Rallisi\u2019nin \u00f6d\u00fcl t\u00f6renine kat\u0131ld\u0131. Cumhurba\u015fkan\u0131 Tatar t\u00f6rende yapt\u0131\u011f\u0131 konu\u015fmada, Kuzey K\u0131br\u0131s T\u00fcrk Cumhuriyeti\u2019nin kurulu\u015f etkinlikleri kapsam\u0131nda \u00fclke tan\u0131t\u0131m\u0131 yap\u0131lmas\u0131 amac\u0131yla d\u00fczenlenen etkinli\u011fin \u00f6nemine dikkat \u00e7ekti.<\/p>\n","protected":false},"author":1,"featured_media":69406,"comment_status":"open","ping_status":"open","sticky":false,"template":"","format":"standard","meta":{"footnotes":""},"categories":[81],"tags":[],"class_list":["post-69405","post","type-post","status-publish","format-standard","has-post-thumbnail","hentry","category-kibris"],"yoast_head":"<!-- This site is optimized with the Yoast SEO plugin v27.5 - https:\/\/yoast.com\/product\/yoast-seo-wordpress\/ -->\n<title>Cumhurba\u015fkan\u0131 Tatar, Uluslararas\u0131 Cumhuriyet Klasik Otomobil Rallisi\u2019nin \u00f6d\u00fcl t\u00f6renine kat\u0131ld\u0131 -<\/title>\n<meta name=\"robots\" content=\"index, follow, max-snippet:-1, max-image-preview:large, max-video-preview:-1\" \/>\n<link rel=\"canonical\" href=\"https:\/\/kibrisdakik.com\/?p=69405\" \/>\n<meta property=\"og:locale\" content=\"tr_TR\" \/>\n<meta property=\"og:type\" content=\"article\" \/>\n<meta property=\"og:title\" content=\"Cumhurba\u015fkan\u0131 Tatar, Uluslararas\u0131 Cumhuriyet Klasik Otomobil Rallisi\u2019nin \u00f6d\u00fcl t\u00f6renine kat\u0131ld\u0131 -\" \/>\n<meta property=\"og:description\" content=\"Cumhurba\u015fkan\u0131 Ersin Tatar, Kuzey K\u0131br\u0131s T\u00fcrk Cumhuriyeti\u2019nin kurulu\u015f etkinlikleri kapsam\u0131nda Kuzey K\u0131br\u0131s Klasik ve Spor Otomobil Kul\u00fcb\u00fc ve D\u0131\u015fi\u015fleri Bakanl\u0131\u011f\u0131\u2019na ba\u011fl\u0131 Tan\u0131tma Dairesi himayesinde d\u00fczenlenen 14\u2019\u00fcnc\u00fc Uluslararas\u0131 Cumhuriyet Klasik Otomobil Rallisi\u2019nin \u00f6d\u00fcl t\u00f6renine kat\u0131ld\u0131. Cumhurba\u015fkan\u0131 Tatar t\u00f6rende yapt\u0131\u011f\u0131 konu\u015fmada, Kuzey K\u0131br\u0131s T\u00fcrk Cumhuriyeti\u2019nin kurulu\u015f etkinlikleri kapsam\u0131nda \u00fclke tan\u0131t\u0131m\u0131 yap\u0131lmas\u0131 amac\u0131yla d\u00fczenlenen etkinli\u011fin \u00f6nemine dikkat \u00e7ekti.\" \/>\n<meta property=\"og:url\" content=\"https:\/\/kibrisdakik.com\/?p=69405\" \/>\n<meta property=\"article:published_time\" content=\"2024-11-17T18:11:02+00:00\" \/>\n<meta property=\"og:image\" content=\"https:\/\/kibrisdakik.com\/wp-content\/uploads\/2024\/11\/InShot_20241117_201604992-740x420.jpg\" \/>\n\t<meta property=\"og:image:width\" content=\"1920\" \/>\n\t<meta property=\"og:image:height\" content=\"1079\" \/>\n\t<meta property=\"og:image:type\" content=\"image\/jpeg\" \/>\n<meta name=\"author\" content=\"admin\" \/>\n<meta name=\"twitter:card\" content=\"summary_large_image\" \/>\n<meta name=\"twitter:label1\" content=\"Yazan:\" \/>\n\t<meta name=\"twitter:data1\" content=\"admin\" \/>\n\t<meta name=\"twitter:label2\" content=\"Tahmini okuma s\u00fcresi\" \/>\n\t<meta name=\"twitter:data2\" content=\"1 dakika\" \/>\n<script type=\"application\/ld+json\" class=\"yoast-schema-graph\">{\"@context\":\"https:\\\/\\\/schema.org\",\"@graph\":[{\"@type\":\"Article\",\"@id\":\"https:\\\/\\\/kibrisdakik.com\\\/?p=69405#article\",\"isPartOf\":{\"@id\":\"https:\\\/\\\/kibrisdakik.com\\\/?p=69405\"},\"author\":{\"name\":\"admin\",\"@id\":\"https:\\\/\\\/kibrisdakik.com\\\/#\\\/schema\\\/person\\\/9cd9d437bbb44f72b73ba127e06d8e79\"},\"headline\":\"Cumhurba\u015fkan\u0131 Tatar, Uluslararas\u0131 Cumhuriyet Klasik Otomobil Rallisi\u2019nin \u00f6d\u00fcl t\u00f6renine kat\u0131ld\u0131\",\"datePublished\":\"2024-11-17T18:11:02+00:00\",\"mainEntityOfPage\":{\"@id\":\"https:\\\/\\\/kibrisdakik.com\\\/?p=69405\"},\"wordCount\":170,\"commentCount\":0,\"image\":{\"@id\":\"https:\\\/\\\/kibrisdakik.com\\\/?p=69405#primaryimage\"},\"thumbnailUrl\":\"https:\\\/\\\/kibrisdakik.com\\\/wp-content\\\/uploads\\\/2024\\\/11\\\/InShot_20241117_201604992-740x420.jpg\",\"articleSection\":[\"K\u0131br\u0131s\"],\"inLanguage\":\"tr\",\"potentialAction\":[{\"@type\":\"CommentAction\",\"name\":\"Comment\",\"target\":[\"https:\\\/\\\/kibrisdakik.com\\\/?p=69405#respond\"]}]},{\"@type\":\"WebPage\",\"@id\":\"https:\\\/\\\/kibrisdakik.com\\\/?p=69405\",\"url\":\"https:\\\/\\\/kibrisdakik.com\\\/?p=69405\",\"name\":\"Cumhurba\u015fkan\u0131 Tatar, Uluslararas\u0131 Cumhuriyet Klasik Otomobil Rallisi\u2019nin \u00f6d\u00fcl t\u00f6renine kat\u0131ld\u0131 -\",\"isPartOf\":{\"@id\":\"https:\\\/\\\/kibrisdakik.com\\\/#website\"},\"primaryImageOfPage\":{\"@id\":\"https:\\\/\\\/kibrisdakik.com\\\/?p=69405#primaryimage\"},\"image\":{\"@id\":\"https:\\\/\\\/kibrisdakik.com\\\/?p=69405#primaryimage\"},\"thumbnailUrl\":\"https:\\\/\\\/kibrisdakik.com\\\/wp-content\\\/uploads\\\/2024\\\/11\\\/InShot_20241117_201604992-740x420.jpg\",\"datePublished\":\"2024-11-17T18:11:02+00:00\",\"author\":{\"@id\":\"https:\\\/\\\/kibrisdakik.com\\\/#\\\/schema\\\/person\\\/9cd9d437bbb44f72b73ba127e06d8e79\"},\"breadcrumb\":{\"@id\":\"https:\\\/\\\/kibrisdakik.com\\\/?p=69405#breadcrumb\"},\"inLanguage\":\"tr\",\"potentialAction\":[{\"@type\":\"ReadAction\",\"target\":[\"https:\\\/\\\/kibrisdakik.com\\\/?p=69405\"]}]},{\"@type\":\"ImageObject\",\"inLanguage\":\"tr\",\"@id\":\"https:\\\/\\\/kibrisdakik.com\\\/?p=69405#primaryimage\",\"url\":\"https:\\\/\\\/kibrisdakik.com\\\/wp-content\\\/uploads\\\/2024\\\/11\\\/InShot_20241117_201604992-740x420.jpg\",\"contentUrl\":\"https:\\\/\\\/kibrisdakik.com\\\/wp-content\\\/uploads\\\/2024\\\/11\\\/InShot_20241117_201604992-740x420.jpg\",\"width\":1920,\"height\":1079},{\"@type\":\"BreadcrumbList\",\"@id\":\"https:\\\/\\\/kibrisdakik.com\\\/?p=69405#breadcrumb\",\"itemListElement\":[{\"@type\":\"ListItem\",\"position\":1,\"name\":\"Home\",\"item\":\"https:\\\/\\\/kibrisdakik.com\\\/\"},{\"@type\":\"ListItem\",\"position\":2,\"name\":\"Cumhurba\u015fkan\u0131 Tatar, Uluslararas\u0131 Cumhuriyet Klasik Otomobil Rallisi\u2019nin \u00f6d\u00fcl t\u00f6renine kat\u0131ld\u0131\"}]},{\"@type\":\"WebSite\",\"@id\":\"https:\\\/\\\/kibrisdakik.com\\\/#website\",\"url\":\"https:\\\/\\\/kibrisdakik.com\\\/\",\"name\":\"\",\"description\":\"Tam vaktinde haber\",\"potentialAction\":[{\"@type\":\"SearchAction\",\"target\":{\"@type\":\"EntryPoint\",\"urlTemplate\":\"https:\\\/\\\/kibrisdakik.com\\\/?s={search_term_string}\"},\"query-input\":{\"@type\":\"PropertyValueSpecification\",\"valueRequired\":true,\"valueName\":\"search_term_string\"}}],\"inLanguage\":\"tr\"},{\"@type\":\"Person\",\"@id\":\"https:\\\/\\\/kibrisdakik.com\\\/#\\\/schema\\\/person\\\/9cd9d437bbb44f72b73ba127e06d8e79\",\"name\":\"admin\",\"image\":{\"@type\":\"ImageObject\",\"inLanguage\":\"tr\",\"@id\":\"https:\\\/\\\/secure.gravatar.com\\\/avatar\\\/ccc17943b9d660506c869530f897617f7cb1c21a4bf30023f252596d83e1f007?s=96&d=mm&r=g\",\"url\":\"https:\\\/\\\/secure.gravatar.com\\\/avatar\\\/ccc17943b9d660506c869530f897617f7cb1c21a4bf30023f252596d83e1f007?s=96&d=mm&r=g\",\"contentUrl\":\"https:\\\/\\\/secure.gravatar.com\\\/avatar\\\/ccc17943b9d660506c869530f897617f7cb1c21a4bf30023f252596d83e1f007?s=96&d=mm&r=g\",\"caption\":\"admin\"},\"sameAs\":[\"https:\\\/\\\/kibrisdakik.com\"],\"url\":\"https:\\\/\\\/kibrisdakik.com\\\/?author=1\"}]}<\/script>\n<!-- \/ Yoast SEO plugin. -->","yoast_head_json":{"title":"Cumhurba\u015fkan\u0131 Tatar, Uluslararas\u0131 Cumhuriyet Klasik Otomobil Rallisi\u2019nin \u00f6d\u00fcl t\u00f6renine kat\u0131ld\u0131 -","robots":{"index":"index","follow":"follow","max-snippet":"max-snippet:-1","max-image-preview":"max-image-preview:large","max-video-preview":"max-video-preview:-1"},"canonical":"https:\/\/kibrisdakik.com\/?p=69405","og_locale":"tr_TR","og_type":"article","og_title":"Cumhurba\u015fkan\u0131 Tatar, Uluslararas\u0131 Cumhuriyet Klasik Otomobil Rallisi\u2019nin \u00f6d\u00fcl t\u00f6renine kat\u0131ld\u0131 -","og_description":"Cumhurba\u015fkan\u0131 Ersin Tatar, Kuzey K\u0131br\u0131s T\u00fcrk Cumhuriyeti\u2019nin kurulu\u015f etkinlikleri kapsam\u0131nda Kuzey K\u0131br\u0131s Klasik ve Spor Otomobil Kul\u00fcb\u00fc ve D\u0131\u015fi\u015fleri Bakanl\u0131\u011f\u0131\u2019na ba\u011fl\u0131 Tan\u0131tma Dairesi himayesinde d\u00fczenlenen 14\u2019\u00fcnc\u00fc Uluslararas\u0131 Cumhuriyet Klasik Otomobil Rallisi\u2019nin \u00f6d\u00fcl t\u00f6renine kat\u0131ld\u0131. Cumhurba\u015fkan\u0131 Tatar t\u00f6rende yapt\u0131\u011f\u0131 konu\u015fmada, Kuzey K\u0131br\u0131s T\u00fcrk Cumhuriyeti\u2019nin kurulu\u015f etkinlikleri kapsam\u0131nda \u00fclke tan\u0131t\u0131m\u0131 yap\u0131lmas\u0131 amac\u0131yla d\u00fczenlenen etkinli\u011fin \u00f6nemine dikkat \u00e7ekti.","og_url":"https:\/\/kibrisdakik.com\/?p=69405","article_published_time":"2024-11-17T18:11:02+00:00","og_image":[{"width":1920,"height":1079,"url":"https:\/\/kibrisdakik.com\/wp-content\/uploads\/2024\/11\/InShot_20241117_201604992-740x420.jpg","type":"image\/jpeg"}],"author":"admin","twitter_card":"summary_large_image","twitter_misc":{"Yazan:":"admin","Tahmini okuma s\u00fcresi":"1 dakika"},"schema":{"@context":"https:\/\/schema.org","@graph":[{"@type":"Article","@id":"https:\/\/kibrisdakik.com\/?p=69405#article","isPartOf":{"@id":"https:\/\/kibrisdakik.com\/?p=69405"},"author":{"name":"admin","@id":"https:\/\/kibrisdakik.com\/#\/schema\/person\/9cd9d437bbb44f72b73ba127e06d8e79"},"headline":"Cumhurba\u015fkan\u0131 Tatar, Uluslararas\u0131 Cumhuriyet Klasik Otomobil Rallisi\u2019nin \u00f6d\u00fcl t\u00f6renine kat\u0131ld\u0131","datePublished":"2024-11-17T18:11:02+00:00","mainEntityOfPage":{"@id":"https:\/\/kibrisdakik.com\/?p=69405"},"wordCount":170,"commentCount":0,"image":{"@id":"https:\/\/kibrisdakik.com\/?p=69405#primaryimage"},"thumbnailUrl":"https:\/\/kibrisdakik.com\/wp-content\/uploads\/2024\/11\/InShot_20241117_201604992-740x420.jpg","articleSection":["K\u0131br\u0131s"],"inLanguage":"tr","potentialAction":[{"@type":"CommentAction","name":"Comment","target":["https:\/\/kibrisdakik.com\/?p=69405#respond"]}]},{"@type":"WebPage","@id":"https:\/\/kibrisdakik.com\/?p=69405","url":"https:\/\/kibrisdakik.com\/?p=69405","name":"Cumhurba\u015fkan\u0131 Tatar, Uluslararas\u0131 Cumhuriyet Klasik Otomobil Rallisi\u2019nin \u00f6d\u00fcl t\u00f6renine kat\u0131ld\u0131 -","isPartOf":{"@id":"https:\/\/kibrisdakik.com\/#website"},"primaryImageOfPage":{"@id":"https:\/\/kibrisdakik.com\/?p=69405#primaryimage"},"image":{"@id":"https:\/\/kibrisdakik.com\/?p=69405#primaryimage"},"thumbnailUrl":"https:\/\/kibrisdakik.com\/wp-content\/uploads\/2024\/11\/InShot_20241117_201604992-740x420.jpg","datePublished":"2024-11-17T18:11:02+00:00","author":{"@id":"https:\/\/kibrisdakik.com\/#\/schema\/person\/9cd9d437bbb44f72b73ba127e06d8e79"},"breadcrumb":{"@id":"https:\/\/kibrisdakik.com\/?p=69405#breadcrumb"},"inLanguage":"tr","potentialAction":[{"@type":"ReadAction","target":["https:\/\/kibrisdakik.com\/?p=69405"]}]},{"@type":"ImageObject","inLanguage":"tr","@id":"https:\/\/kibrisdakik.com\/?p=69405#primaryimage","url":"https:\/\/kibrisdakik.com\/wp-content\/uploads\/2024\/11\/InShot_20241117_201604992-740x420.jpg","contentUrl":"https:\/\/kibrisdakik.com\/wp-content\/uploads\/2024\/11\/InShot_20241117_201604992-740x420.jpg","width":1920,"height":1079},{"@type":"BreadcrumbList","@id":"https:\/\/kibrisdakik.com\/?p=69405#breadcrumb","itemListElement":[{"@type":"ListItem","position":1,"name":"Home","item":"https:\/\/kibrisdakik.com\/"},{"@type":"ListItem","position":2,"name":"Cumhurba\u015fkan\u0131 Tatar, Uluslararas\u0131 Cumhuriyet Klasik Otomobil Rallisi\u2019nin \u00f6d\u00fcl t\u00f6renine kat\u0131ld\u0131"}]},{"@type":"WebSite","@id":"https:\/\/kibrisdakik.com\/#website","url":"https:\/\/kibrisdakik.com\/","name":"","description":"Tam vaktinde haber","potentialAction":[{"@type":"SearchAction","target":{"@type":"EntryPoint","urlTemplate":"https:\/\/kibrisdakik.com\/?s={search_term_string}"},"query-input":{"@type":"PropertyValueSpecification","valueRequired":true,"valueName":"search_term_string"}}],"inLanguage":"tr"},{"@type":"Person","@id":"https:\/\/kibrisdakik.com\/#\/schema\/person\/9cd9d437bbb44f72b73ba127e06d8e79","name":"admin","image":{"@type":"ImageObject","inLanguage":"tr","@id":"https:\/\/secure.gravatar.com\/avatar\/ccc17943b9d660506c869530f897617f7cb1c21a4bf30023f252596d83e1f007?s=96&d=mm&r=g","url":"https:\/\/secure.gravatar.com\/avatar\/ccc17943b9d660506c869530f897617f7cb1c21a4bf30023f252596d83e1f007?s=96&d=mm&r=g","contentUrl":"https:\/\/secure.gravatar.com\/avatar\/ccc17943b9d660506c869530f897617f7cb1c21a4bf30023f252596d83e1f007?s=96&d=mm&r=g","caption":"admin"},"sameAs":["https:\/\/kibrisdakik.com"],"url":"https:\/\/kibrisdakik.com\/?author=1"}]}},"_links":{"self":[{"href":"https:\/\/kibrisdakik.com\/index.php?rest_route=\/wp\/v2\/posts\/69405","targetHints":{"allow":["GET"]}}],"collection":[{"href":"https:\/\/kibrisdakik.com\/index.php?rest_route=\/wp\/v2\/posts"}],"about":[{"href":"https:\/\/kibrisdakik.com\/index.php?rest_route=\/wp\/v2\/types\/post"}],"author":[{"embeddable":true,"href":"https:\/\/kibrisdakik.com\/index.php?rest_route=\/wp\/v2\/users\/1"}],"replies":[{"embeddable":true,"href":"https:\/\/kibrisdakik.com\/index.php?rest_route=%2Fwp%2Fv2%2Fcomments&post=69405"}],"version-history":[{"count":0,"href":"https:\/\/kibrisdakik.com\/index.php?rest_route=\/wp\/v2\/posts\/69405\/revisions"}],"wp:featuredmedia":[{"embeddable":true,"href":"https:\/\/kibrisdakik.com\/index.php?rest_route=\/wp\/v2\/media\/69406"}],"wp:attachment":[{"href":"https:\/\/kibrisdakik.com\/index.php?rest_route=%2Fwp%2Fv2%2Fmedia&parent=69405"}],"wp:term":[{"taxonomy":"category","embeddable":true,"href":"https:\/\/kibrisdakik.com\/index.php?rest_route=%2Fwp%2Fv2%2Fcategories&post=69405"},{"taxonomy":"post_tag","embeddable":true,"href":"https:\/\/kibrisdakik.com\/index.php?rest_route=%2Fwp%2Fv2%2Ftags&post=69405"}],"curies":[{"name":"wp","href":"https:\/\/api.w.org\/{rel}","templated":true}]}}