{"id":69418,"date":"2024-11-18T09:37:44","date_gmt":"2024-11-18T06:37:44","guid":{"rendered":"https:\/\/kibrisdakik.com\/index.php\/2024\/11\/18\/israilin-gazzenin-guneyinde-siginmaci-cadirini-bombalamasi-sonucu-2si-cocuk-4-filistinli-oldu\/"},"modified":"2024-11-18T09:37:44","modified_gmt":"2024-11-18T06:37:44","slug":"israilin-gazzenin-guneyinde-siginmaci-cadirini-bombalamasi-sonucu-2si-cocuk-4-filistinli-oldu","status":"publish","type":"post","link":"https:\/\/kibrisdakik.com\/?p=69418","title":{"rendered":"\u0130srail\u2019in Gazze\u2019nin g\u00fcneyinde s\u0131\u011f\u0131nmac\u0131 \u00e7ad\u0131r\u0131n\u0131 bombalamas\u0131 sonucu 2\u2019si \u00e7ocuk 4 Filistinli \u00f6ld\u00fc"},"content":{"rendered":"<p><\/p>\n<div>\n<div class=\"mariselle-image-container center\">\n                <img loading=\"lazy\" decoding=\"async\" width=\"864\" height=\"486\" class=\"lazy-image\" alt=\"\" sizes=\"auto, (max-width: 864px) 100vw, 864px\" src=\"https:\/\/brtk.net\/wp-content\/uploads\/2024\/11\/18\/thumbs_b_c_bab92c7584663dfed5c6a959c8070c1b.jpg?ver=b9d28cbdb7f6524f92165afcb552f28a\" srcset=\"https:\/\/brtk.net\/wp-content\/uploads\/2024\/11\/18\/thumbs_b_c_bab92c7584663dfed5c6a959c8070c1b.jpg?ver=b9d28cbdb7f6524f92165afcb552f28a 864w, https:\/\/brtk.net\/wp-content\/uploads\/2024\/11\/18\/thumbs_b_c_bab92c7584663dfed5c6a959c8070c1b-300x169.jpg?ver=c22ecae31af26cee229d3ba7d159b5af 300w, https:\/\/brtk.net\/wp-content\/uploads\/2024\/11\/18\/thumbs_b_c_bab92c7584663dfed5c6a959c8070c1b-768x432.jpg?ver=c22ecae31af26cee229d3ba7d159b5af 768w\"\/>                            <\/div>\n<p>\u0130srail\u2019in, Gazze \u015eeridi\u2019nin g\u00fcneybat\u0131s\u0131ndaki Mevasi b\u00f6lgesinde bir s\u0131\u011f\u0131nmac\u0131 \u00e7ad\u0131r\u0131na d\u00fczenledi\u011fi hava sald\u0131r\u0131s\u0131nda 2\u2019si \u00e7ocuk 4 Filistinli hayat\u0131n\u0131 kaybetti.<\/p>\n<p>AA muhabirine konu\u015fan g\u00f6rg\u00fc tan\u0131klar\u0131, \u0130srail sava\u015f u\u00e7a\u011f\u0131n\u0131n Han Yunus\u2019un bat\u0131s\u0131nda, k\u0131y\u0131 \u015feridinde yer alan Mevasi b\u00f6lgesindeki bir \u00e7ad\u0131r\u0131 hedef ald\u0131\u011f\u0131n\u0131 ve sald\u0131r\u0131n\u0131n s\u00f6z konusu \u00e7ad\u0131r\u0131n yan\u0131 s\u0131ra \u00e7evredeki di\u011fer \u00e7ad\u0131rlarda da yang\u0131na neden oldu\u011funu aktard\u0131.<\/p>\n<p>Filistinli sa\u011fl\u0131k kaynaklar\u0131 ise AA muhabirine yapt\u0131klar\u0131 a\u00e7\u0131klamada, sald\u0131r\u0131da 2\u2019si \u00e7ocuk 4 ki\u015finin ya\u015fam\u0131n\u0131 yitirdi\u011fini, baz\u0131 ki\u015filerin ise yaraland\u0131\u011f\u0131n\u0131 kaydetti.<\/p>\n<\/p><\/div>\n<p><script async\n                    defer\n                    crossorigin=\"anonymous\"\n                    src=\"https:\/\/connect.facebook.net\/tr_TR\/sdk.js#xfbml=1&#038;version=v3.3\"\n            ><\/script><\/p>\n","protected":false},"excerpt":{"rendered":"<p>\u0130srail\u2019in, Gazze \u015eeridi\u2019nin g\u00fcneybat\u0131s\u0131ndaki Mevasi b\u00f6lgesinde bir s\u0131\u011f\u0131nmac\u0131 \u00e7ad\u0131r\u0131na d\u00fczenledi\u011fi hava sald\u0131r\u0131s\u0131nda 2\u2019si \u00e7ocuk 4 Filistinli hayat\u0131n\u0131 kaybetti. AA muhabirine konu\u015fan g\u00f6rg\u00fc tan\u0131klar\u0131, \u0130srail sava\u015f u\u00e7a\u011f\u0131n\u0131n Han Yunus\u2019un bat\u0131s\u0131nda, k\u0131y\u0131 \u015feridinde yer alan Mevasi b\u00f6lgesindeki bir \u00e7ad\u0131r\u0131 hedef ald\u0131\u011f\u0131n\u0131 ve sald\u0131r\u0131n\u0131n s\u00f6z konusu \u00e7ad\u0131r\u0131n yan\u0131 s\u0131ra \u00e7evredeki di\u011fer \u00e7ad\u0131rlarda da yang\u0131na neden oldu\u011funu aktard\u0131. Filistinli<\/p>\n","protected":false},"author":1,"featured_media":69419,"comment_status":"open","ping_status":"open","sticky":false,"template":"","format":"standard","meta":{"footnotes":""},"categories":[1],"tags":[],"class_list":["post-69418","post","type-post","status-publish","format-standard","has-post-thumbnail","hentry","category-gundem"],"yoast_head":"<!-- This site is optimized with the Yoast SEO plugin v27.4 - https:\/\/yoast.com\/product\/yoast-seo-wordpress\/ -->\n<title>\u0130srail\u2019in Gazze\u2019nin g\u00fcneyinde s\u0131\u011f\u0131nmac\u0131 \u00e7ad\u0131r\u0131n\u0131 bombalamas\u0131 sonucu 2\u2019si \u00e7ocuk 4 Filistinli \u00f6ld\u00fc -<\/title>\n<meta name=\"robots\" content=\"index, follow, max-snippet:-1, max-image-preview:large, max-video-preview:-1\" \/>\n<link rel=\"canonical\" href=\"https:\/\/kibrisdakik.com\/?p=69418\" \/>\n<meta property=\"og:locale\" content=\"tr_TR\" \/>\n<meta property=\"og:type\" content=\"article\" \/>\n<meta property=\"og:title\" content=\"\u0130srail\u2019in Gazze\u2019nin g\u00fcneyinde s\u0131\u011f\u0131nmac\u0131 \u00e7ad\u0131r\u0131n\u0131 bombalamas\u0131 sonucu 2\u2019si \u00e7ocuk 4 Filistinli \u00f6ld\u00fc -\" \/>\n<meta property=\"og:description\" content=\"\u0130srail\u2019in, Gazze \u015eeridi\u2019nin g\u00fcneybat\u0131s\u0131ndaki Mevasi b\u00f6lgesinde bir s\u0131\u011f\u0131nmac\u0131 \u00e7ad\u0131r\u0131na d\u00fczenledi\u011fi hava sald\u0131r\u0131s\u0131nda 2\u2019si \u00e7ocuk 4 Filistinli hayat\u0131n\u0131 kaybetti. AA muhabirine konu\u015fan g\u00f6rg\u00fc tan\u0131klar\u0131, \u0130srail sava\u015f u\u00e7a\u011f\u0131n\u0131n Han Yunus\u2019un bat\u0131s\u0131nda, k\u0131y\u0131 \u015feridinde yer alan Mevasi b\u00f6lgesindeki bir \u00e7ad\u0131r\u0131 hedef ald\u0131\u011f\u0131n\u0131 ve sald\u0131r\u0131n\u0131n s\u00f6z konusu \u00e7ad\u0131r\u0131n yan\u0131 s\u0131ra \u00e7evredeki di\u011fer \u00e7ad\u0131rlarda da yang\u0131na neden oldu\u011funu aktard\u0131. Filistinli\" \/>\n<meta property=\"og:url\" content=\"https:\/\/kibrisdakik.com\/?p=69418\" \/>\n<meta property=\"article:published_time\" content=\"2024-11-18T06:37:44+00:00\" \/>\n<meta property=\"og:image\" content=\"https:\/\/kibrisdakik.com\/wp-content\/uploads\/2024\/11\/thumbs_b_c_bab92c7584663dfed5c6a959c8070c1b-740x420.jpg\" \/>\n\t<meta property=\"og:image:width\" content=\"864\" \/>\n\t<meta property=\"og:image:height\" content=\"486\" \/>\n\t<meta property=\"og:image:type\" content=\"image\/jpeg\" \/>\n<meta name=\"author\" content=\"admin\" \/>\n<meta name=\"twitter:card\" content=\"summary_large_image\" \/>\n<meta name=\"twitter:label1\" content=\"Yazan:\" \/>\n\t<meta name=\"twitter:data1\" content=\"admin\" \/>\n\t<meta name=\"twitter:label2\" content=\"Tahmini okuma s\u00fcresi\" \/>\n\t<meta name=\"twitter:data2\" content=\"1 dakika\" \/>\n<script type=\"application\/ld+json\" class=\"yoast-schema-graph\">{\"@context\":\"https:\\\/\\\/schema.org\",\"@graph\":[{\"@type\":\"Article\",\"@id\":\"https:\\\/\\\/kibrisdakik.com\\\/?p=69418#article\",\"isPartOf\":{\"@id\":\"https:\\\/\\\/kibrisdakik.com\\\/?p=69418\"},\"author\":{\"name\":\"admin\",\"@id\":\"https:\\\/\\\/kibrisdakik.com\\\/#\\\/schema\\\/person\\\/9cd9d437bbb44f72b73ba127e06d8e79\"},\"headline\":\"\u0130srail\u2019in Gazze\u2019nin g\u00fcneyinde s\u0131\u011f\u0131nmac\u0131 \u00e7ad\u0131r\u0131n\u0131 bombalamas\u0131 sonucu 2\u2019si \u00e7ocuk 4 Filistinli \u00f6ld\u00fc\",\"datePublished\":\"2024-11-18T06:37:44+00:00\",\"mainEntityOfPage\":{\"@id\":\"https:\\\/\\\/kibrisdakik.com\\\/?p=69418\"},\"wordCount\":140,\"commentCount\":0,\"image\":{\"@id\":\"https:\\\/\\\/kibrisdakik.com\\\/?p=69418#primaryimage\"},\"thumbnailUrl\":\"https:\\\/\\\/kibrisdakik.com\\\/wp-content\\\/uploads\\\/2024\\\/11\\\/thumbs_b_c_bab92c7584663dfed5c6a959c8070c1b-740x420.jpg\",\"articleSection\":[\"G\u00fcndem\"],\"inLanguage\":\"tr\",\"potentialAction\":[{\"@type\":\"CommentAction\",\"name\":\"Comment\",\"target\":[\"https:\\\/\\\/kibrisdakik.com\\\/?p=69418#respond\"]}]},{\"@type\":\"WebPage\",\"@id\":\"https:\\\/\\\/kibrisdakik.com\\\/?p=69418\",\"url\":\"https:\\\/\\\/kibrisdakik.com\\\/?p=69418\",\"name\":\"\u0130srail\u2019in Gazze\u2019nin g\u00fcneyinde s\u0131\u011f\u0131nmac\u0131 \u00e7ad\u0131r\u0131n\u0131 bombalamas\u0131 sonucu 2\u2019si \u00e7ocuk 4 Filistinli \u00f6ld\u00fc -\",\"isPartOf\":{\"@id\":\"https:\\\/\\\/kibrisdakik.com\\\/#website\"},\"primaryImageOfPage\":{\"@id\":\"https:\\\/\\\/kibrisdakik.com\\\/?p=69418#primaryimage\"},\"image\":{\"@id\":\"https:\\\/\\\/kibrisdakik.com\\\/?p=69418#primaryimage\"},\"thumbnailUrl\":\"https:\\\/\\\/kibrisdakik.com\\\/wp-content\\\/uploads\\\/2024\\\/11\\\/thumbs_b_c_bab92c7584663dfed5c6a959c8070c1b-740x420.jpg\",\"datePublished\":\"2024-11-18T06:37:44+00:00\",\"author\":{\"@id\":\"https:\\\/\\\/kibrisdakik.com\\\/#\\\/schema\\\/person\\\/9cd9d437bbb44f72b73ba127e06d8e79\"},\"breadcrumb\":{\"@id\":\"https:\\\/\\\/kibrisdakik.com\\\/?p=69418#breadcrumb\"},\"inLanguage\":\"tr\",\"potentialAction\":[{\"@type\":\"ReadAction\",\"target\":[\"https:\\\/\\\/kibrisdakik.com\\\/?p=69418\"]}]},{\"@type\":\"ImageObject\",\"inLanguage\":\"tr\",\"@id\":\"https:\\\/\\\/kibrisdakik.com\\\/?p=69418#primaryimage\",\"url\":\"https:\\\/\\\/kibrisdakik.com\\\/wp-content\\\/uploads\\\/2024\\\/11\\\/thumbs_b_c_bab92c7584663dfed5c6a959c8070c1b-740x420.jpg\",\"contentUrl\":\"https:\\\/\\\/kibrisdakik.com\\\/wp-content\\\/uploads\\\/2024\\\/11\\\/thumbs_b_c_bab92c7584663dfed5c6a959c8070c1b-740x420.jpg\",\"width\":864,\"height\":486},{\"@type\":\"BreadcrumbList\",\"@id\":\"https:\\\/\\\/kibrisdakik.com\\\/?p=69418#breadcrumb\",\"itemListElement\":[{\"@type\":\"ListItem\",\"position\":1,\"name\":\"Home\",\"item\":\"https:\\\/\\\/kibrisdakik.com\\\/\"},{\"@type\":\"ListItem\",\"position\":2,\"name\":\"\u0130srail\u2019in Gazze\u2019nin g\u00fcneyinde s\u0131\u011f\u0131nmac\u0131 \u00e7ad\u0131r\u0131n\u0131 bombalamas\u0131 sonucu 2\u2019si \u00e7ocuk 4 Filistinli \u00f6ld\u00fc\"}]},{\"@type\":\"WebSite\",\"@id\":\"https:\\\/\\\/kibrisdakik.com\\\/#website\",\"url\":\"https:\\\/\\\/kibrisdakik.com\\\/\",\"name\":\"\",\"description\":\"Tam vaktinde haber\",\"potentialAction\":[{\"@type\":\"SearchAction\",\"target\":{\"@type\":\"EntryPoint\",\"urlTemplate\":\"https:\\\/\\\/kibrisdakik.com\\\/?s={search_term_string}\"},\"query-input\":{\"@type\":\"PropertyValueSpecification\",\"valueRequired\":true,\"valueName\":\"search_term_string\"}}],\"inLanguage\":\"tr\"},{\"@type\":\"Person\",\"@id\":\"https:\\\/\\\/kibrisdakik.com\\\/#\\\/schema\\\/person\\\/9cd9d437bbb44f72b73ba127e06d8e79\",\"name\":\"admin\",\"image\":{\"@type\":\"ImageObject\",\"inLanguage\":\"tr\",\"@id\":\"https:\\\/\\\/secure.gravatar.com\\\/avatar\\\/ccc17943b9d660506c869530f897617f7cb1c21a4bf30023f252596d83e1f007?s=96&d=mm&r=g\",\"url\":\"https:\\\/\\\/secure.gravatar.com\\\/avatar\\\/ccc17943b9d660506c869530f897617f7cb1c21a4bf30023f252596d83e1f007?s=96&d=mm&r=g\",\"contentUrl\":\"https:\\\/\\\/secure.gravatar.com\\\/avatar\\\/ccc17943b9d660506c869530f897617f7cb1c21a4bf30023f252596d83e1f007?s=96&d=mm&r=g\",\"caption\":\"admin\"},\"sameAs\":[\"https:\\\/\\\/kibrisdakik.com\"],\"url\":\"https:\\\/\\\/kibrisdakik.com\\\/?author=1\"}]}<\/script>\n<!-- \/ Yoast SEO plugin. -->","yoast_head_json":{"title":"\u0130srail\u2019in Gazze\u2019nin g\u00fcneyinde s\u0131\u011f\u0131nmac\u0131 \u00e7ad\u0131r\u0131n\u0131 bombalamas\u0131 sonucu 2\u2019si \u00e7ocuk 4 Filistinli \u00f6ld\u00fc -","robots":{"index":"index","follow":"follow","max-snippet":"max-snippet:-1","max-image-preview":"max-image-preview:large","max-video-preview":"max-video-preview:-1"},"canonical":"https:\/\/kibrisdakik.com\/?p=69418","og_locale":"tr_TR","og_type":"article","og_title":"\u0130srail\u2019in Gazze\u2019nin g\u00fcneyinde s\u0131\u011f\u0131nmac\u0131 \u00e7ad\u0131r\u0131n\u0131 bombalamas\u0131 sonucu 2\u2019si \u00e7ocuk 4 Filistinli \u00f6ld\u00fc -","og_description":"\u0130srail\u2019in, Gazze \u015eeridi\u2019nin g\u00fcneybat\u0131s\u0131ndaki Mevasi b\u00f6lgesinde bir s\u0131\u011f\u0131nmac\u0131 \u00e7ad\u0131r\u0131na d\u00fczenledi\u011fi hava sald\u0131r\u0131s\u0131nda 2\u2019si \u00e7ocuk 4 Filistinli hayat\u0131n\u0131 kaybetti. AA muhabirine konu\u015fan g\u00f6rg\u00fc tan\u0131klar\u0131, \u0130srail sava\u015f u\u00e7a\u011f\u0131n\u0131n Han Yunus\u2019un bat\u0131s\u0131nda, k\u0131y\u0131 \u015feridinde yer alan Mevasi b\u00f6lgesindeki bir \u00e7ad\u0131r\u0131 hedef ald\u0131\u011f\u0131n\u0131 ve sald\u0131r\u0131n\u0131n s\u00f6z konusu \u00e7ad\u0131r\u0131n yan\u0131 s\u0131ra \u00e7evredeki di\u011fer \u00e7ad\u0131rlarda da yang\u0131na neden oldu\u011funu aktard\u0131. Filistinli","og_url":"https:\/\/kibrisdakik.com\/?p=69418","article_published_time":"2024-11-18T06:37:44+00:00","og_image":[{"width":864,"height":486,"url":"https:\/\/kibrisdakik.com\/wp-content\/uploads\/2024\/11\/thumbs_b_c_bab92c7584663dfed5c6a959c8070c1b-740x420.jpg","type":"image\/jpeg"}],"author":"admin","twitter_card":"summary_large_image","twitter_misc":{"Yazan:":"admin","Tahmini okuma s\u00fcresi":"1 dakika"},"schema":{"@context":"https:\/\/schema.org","@graph":[{"@type":"Article","@id":"https:\/\/kibrisdakik.com\/?p=69418#article","isPartOf":{"@id":"https:\/\/kibrisdakik.com\/?p=69418"},"author":{"name":"admin","@id":"https:\/\/kibrisdakik.com\/#\/schema\/person\/9cd9d437bbb44f72b73ba127e06d8e79"},"headline":"\u0130srail\u2019in Gazze\u2019nin g\u00fcneyinde s\u0131\u011f\u0131nmac\u0131 \u00e7ad\u0131r\u0131n\u0131 bombalamas\u0131 sonucu 2\u2019si \u00e7ocuk 4 Filistinli \u00f6ld\u00fc","datePublished":"2024-11-18T06:37:44+00:00","mainEntityOfPage":{"@id":"https:\/\/kibrisdakik.com\/?p=69418"},"wordCount":140,"commentCount":0,"image":{"@id":"https:\/\/kibrisdakik.com\/?p=69418#primaryimage"},"thumbnailUrl":"https:\/\/kibrisdakik.com\/wp-content\/uploads\/2024\/11\/thumbs_b_c_bab92c7584663dfed5c6a959c8070c1b-740x420.jpg","articleSection":["G\u00fcndem"],"inLanguage":"tr","potentialAction":[{"@type":"CommentAction","name":"Comment","target":["https:\/\/kibrisdakik.com\/?p=69418#respond"]}]},{"@type":"WebPage","@id":"https:\/\/kibrisdakik.com\/?p=69418","url":"https:\/\/kibrisdakik.com\/?p=69418","name":"\u0130srail\u2019in Gazze\u2019nin g\u00fcneyinde s\u0131\u011f\u0131nmac\u0131 \u00e7ad\u0131r\u0131n\u0131 bombalamas\u0131 sonucu 2\u2019si \u00e7ocuk 4 Filistinli \u00f6ld\u00fc -","isPartOf":{"@id":"https:\/\/kibrisdakik.com\/#website"},"primaryImageOfPage":{"@id":"https:\/\/kibrisdakik.com\/?p=69418#primaryimage"},"image":{"@id":"https:\/\/kibrisdakik.com\/?p=69418#primaryimage"},"thumbnailUrl":"https:\/\/kibrisdakik.com\/wp-content\/uploads\/2024\/11\/thumbs_b_c_bab92c7584663dfed5c6a959c8070c1b-740x420.jpg","datePublished":"2024-11-18T06:37:44+00:00","author":{"@id":"https:\/\/kibrisdakik.com\/#\/schema\/person\/9cd9d437bbb44f72b73ba127e06d8e79"},"breadcrumb":{"@id":"https:\/\/kibrisdakik.com\/?p=69418#breadcrumb"},"inLanguage":"tr","potentialAction":[{"@type":"ReadAction","target":["https:\/\/kibrisdakik.com\/?p=69418"]}]},{"@type":"ImageObject","inLanguage":"tr","@id":"https:\/\/kibrisdakik.com\/?p=69418#primaryimage","url":"https:\/\/kibrisdakik.com\/wp-content\/uploads\/2024\/11\/thumbs_b_c_bab92c7584663dfed5c6a959c8070c1b-740x420.jpg","contentUrl":"https:\/\/kibrisdakik.com\/wp-content\/uploads\/2024\/11\/thumbs_b_c_bab92c7584663dfed5c6a959c8070c1b-740x420.jpg","width":864,"height":486},{"@type":"BreadcrumbList","@id":"https:\/\/kibrisdakik.com\/?p=69418#breadcrumb","itemListElement":[{"@type":"ListItem","position":1,"name":"Home","item":"https:\/\/kibrisdakik.com\/"},{"@type":"ListItem","position":2,"name":"\u0130srail\u2019in Gazze\u2019nin g\u00fcneyinde s\u0131\u011f\u0131nmac\u0131 \u00e7ad\u0131r\u0131n\u0131 bombalamas\u0131 sonucu 2\u2019si \u00e7ocuk 4 Filistinli \u00f6ld\u00fc"}]},{"@type":"WebSite","@id":"https:\/\/kibrisdakik.com\/#website","url":"https:\/\/kibrisdakik.com\/","name":"","description":"Tam vaktinde haber","potentialAction":[{"@type":"SearchAction","target":{"@type":"EntryPoint","urlTemplate":"https:\/\/kibrisdakik.com\/?s={search_term_string}"},"query-input":{"@type":"PropertyValueSpecification","valueRequired":true,"valueName":"search_term_string"}}],"inLanguage":"tr"},{"@type":"Person","@id":"https:\/\/kibrisdakik.com\/#\/schema\/person\/9cd9d437bbb44f72b73ba127e06d8e79","name":"admin","image":{"@type":"ImageObject","inLanguage":"tr","@id":"https:\/\/secure.gravatar.com\/avatar\/ccc17943b9d660506c869530f897617f7cb1c21a4bf30023f252596d83e1f007?s=96&d=mm&r=g","url":"https:\/\/secure.gravatar.com\/avatar\/ccc17943b9d660506c869530f897617f7cb1c21a4bf30023f252596d83e1f007?s=96&d=mm&r=g","contentUrl":"https:\/\/secure.gravatar.com\/avatar\/ccc17943b9d660506c869530f897617f7cb1c21a4bf30023f252596d83e1f007?s=96&d=mm&r=g","caption":"admin"},"sameAs":["https:\/\/kibrisdakik.com"],"url":"https:\/\/kibrisdakik.com\/?author=1"}]}},"_links":{"self":[{"href":"https:\/\/kibrisdakik.com\/index.php?rest_route=\/wp\/v2\/posts\/69418","targetHints":{"allow":["GET"]}}],"collection":[{"href":"https:\/\/kibrisdakik.com\/index.php?rest_route=\/wp\/v2\/posts"}],"about":[{"href":"https:\/\/kibrisdakik.com\/index.php?rest_route=\/wp\/v2\/types\/post"}],"author":[{"embeddable":true,"href":"https:\/\/kibrisdakik.com\/index.php?rest_route=\/wp\/v2\/users\/1"}],"replies":[{"embeddable":true,"href":"https:\/\/kibrisdakik.com\/index.php?rest_route=%2Fwp%2Fv2%2Fcomments&post=69418"}],"version-history":[{"count":0,"href":"https:\/\/kibrisdakik.com\/index.php?rest_route=\/wp\/v2\/posts\/69418\/revisions"}],"wp:featuredmedia":[{"embeddable":true,"href":"https:\/\/kibrisdakik.com\/index.php?rest_route=\/wp\/v2\/media\/69419"}],"wp:attachment":[{"href":"https:\/\/kibrisdakik.com\/index.php?rest_route=%2Fwp%2Fv2%2Fmedia&parent=69418"}],"wp:term":[{"taxonomy":"category","embeddable":true,"href":"https:\/\/kibrisdakik.com\/index.php?rest_route=%2Fwp%2Fv2%2Fcategories&post=69418"},{"taxonomy":"post_tag","embeddable":true,"href":"https:\/\/kibrisdakik.com\/index.php?rest_route=%2Fwp%2Fv2%2Ftags&post=69418"}],"curies":[{"name":"wp","href":"https:\/\/api.w.org\/{rel}","templated":true}]}}