{"id":69443,"date":"2024-11-18T15:04:26","date_gmt":"2024-11-18T12:04:26","guid":{"rendered":"https:\/\/kibrisdakik.com\/index.php\/2024\/11\/18\/gardiyanoglu-hedefimiz-sifir-olumlu-is-kazasi\/"},"modified":"2024-11-18T15:04:26","modified_gmt":"2024-11-18T12:04:26","slug":"gardiyanoglu-hedefimiz-sifir-olumlu-is-kazasi","status":"publish","type":"post","link":"https:\/\/kibrisdakik.com\/?p=69443","title":{"rendered":"Gardiyano\u011flu: Hedefimiz s\u0131f\u0131r \u00f6l\u00fcml\u00fc i\u015f kazas\u0131"},"content":{"rendered":"<div>\n<div class=\"mariselle-image-container center\">\n                                            <\/div>\n<p>K\u0131br\u0131s T\u00fcrk Elektrik M\u00fcteahhitleri Birli\u011fi Ba\u015fkan\u0131 T\u00fcrkay Uzun S\u0131lal\u0131 ve heyeti \u00c7al\u0131\u015fma ve Sosyal G\u00fcvenlik Bakan\u0131 Sad\u0131k Gardiyano\u011flu\u2019ndaara eleman ve yerli istihdam konular\u0131nda g\u00f6r\u00fc\u015f ve taleplerini aktard\u0131. <\/p>\n<p>Bakan Gardiyano\u011fluda 2024 y\u0131l\u0131n\u0131 sosyal hizmet y\u0131l\u0131 ilan ettiklerini ve bu y\u00f6ndeki\u00e7al\u0131\u015fmalar\u0131n ve t\u00fcz\u00fcklerin tamamland\u0131\u011f\u0131n\u0131 ifade ederek, 2025 y\u0131l\u0131n\u0131 ise \u00e7al\u0131\u015fma y\u0131l\u0131 ilan ettiklerini an\u0131msatt\u0131.<br \/>Gardiyano\u011flu, \u201c\u00c7al\u0131\u015fma hayat\u0131nda 30 y\u0131ld\u0131r de\u011fi\u015fmeyen yasalar, y\u0131llard\u0131r g\u00fcncelli\u011fini yitiren t\u00fcz\u00fckler var. \u0130\u015f sa\u011fl\u0131\u011f\u0131 g\u00fcvenli\u011fi olsun, \u00e7al\u0131\u015fma hayat\u0131 olsun t\u00fcm yasal mevzuatta t\u00fcz\u00fckleri k\u0131sa s\u00fcre i\u00e7inde de\u011fi\u015ftirece\u011fiz\u201d dedi.<\/p>\n<p>2025 y\u0131l\u0131 i\u00e7inde t\u00fcm adaya 22 m\u00fcfetti\u015fle hizmet vermek durumunda olduklar\u0131n\u0131 belirten Gardiyano\u011flu, denetimler ve i\u015f\u00e7i say\u0131s\u0131 hakk\u0131nda bilgi verdi.<\/p>\n<p>Bakan Gardiyano\u011flu, i\u015f kazalar\u0131na da de\u011findi. <\/p>\n<p>Gardiyano\u011flu, \u201c\u0130\u015f kazalar\u0131yla ilgili i\u015fveren de biz de \u00e7al\u0131\u015fan \u00f6ls\u00fcn istemeyiz, \u00e7al\u0131\u015fanlar\u0131n hepsi uyru\u011fu ne olursa olsun bizim i\u00e7in de\u011ferlidir. Hedefimiz s\u0131f\u0131r \u00f6l\u00fcml\u00fc i\u015f kazas\u0131d\u0131r\u201d dedi.<\/p>\n<p>\u00d6n\u00fcm\u00fczdeki hafta bakanlar kurulunda 12 yeni personeli daha ceza yasas\u0131 kapsam\u0131nda soru\u015fturma memuru olarak atayacaklar\u0131n\u0131 belirten Gardiyano\u011flu, y\u0131l\u0131n sonunda te\u015fkilat yasas\u0131 bitince de bir o kadar daha yeni m\u00fcfetti\u015fin \u00e7al\u0131\u015fma hayat\u0131na kat\u0131lm\u0131\u015f olaca\u011f\u0131n\u0131 s\u00f6yledi.<\/p>\n<p>\u00d6n\u00fcm\u00fczdeki hafta i\u015f sa\u011fl\u0131\u011f\u0131 g\u00fcvenli\u011fi konular\u0131n\u0131n tart\u0131r\u0131\u015f\u0131laca\u011f\u0131 bir toplant\u0131 yapacaklar\u0131n\u0131 da dile getiren Gardiyano\u011flu, \u201cneler yapt\u0131\u011f\u0131m\u0131z\u0131, yasa ve t\u00fcz\u00fcklerle ilgili bilgi verece\u011fim\u201d dedi.<\/p>\n<p>Ara eleman s\u0131k\u0131nt\u0131s\u0131 konusunda ise Gardiyano\u011flu, \u201cAra eleman kursu a\u00e7al\u0131m bu kursa kat\u0131lacak olan ki\u015filere mezun olduklar\u0131 sekt\u00f6rde \u00e7al\u0131\u015fmalar\u0131 kayd\u0131yla 5 y\u0131l boyunca destek \u00e7\u0131kaca\u011f\u0131m. 36 ay tam sosyal sigorta ihtiyat sand\u0131\u011f\u0131 primi alacak, 24 ay boyunca asgari \u00fccretin y\u00fczde 50\u2019si kadar da destek ben verece\u011fim\u201d dedi..<\/p>\n<\/p><\/div>\n<p><script async\n                    defer\n                    crossorigin=\"anonymous\"\n                    src=\"https:\/\/connect.facebook.net\/tr_TR\/sdk.js#xfbml=1&#038;version=v3.3\"\n            ><\/script><\/p>\n","protected":false},"excerpt":{"rendered":"<p>K\u0131br\u0131s T\u00fcrk Elektrik M\u00fcteahhitleri Birli\u011fi Ba\u015fkan\u0131 T\u00fcrkay Uzun S\u0131lal\u0131 ve heyeti \u00c7al\u0131\u015fma ve Sosyal G\u00fcvenlik Bakan\u0131 Sad\u0131k Gardiyano\u011flu\u2019ndaara eleman ve yerli istihdam konular\u0131nda g\u00f6r\u00fc\u015f ve taleplerini aktard\u0131. Bakan Gardiyano\u011fluda 2024 y\u0131l\u0131n\u0131 sosyal hizmet y\u0131l\u0131 ilan ettiklerini ve bu y\u00f6ndeki\u00e7al\u0131\u015fmalar\u0131n ve t\u00fcz\u00fcklerin tamamland\u0131\u011f\u0131n\u0131 ifade ederek, 2025 y\u0131l\u0131n\u0131 ise \u00e7al\u0131\u015fma y\u0131l\u0131 ilan ettiklerini an\u0131msatt\u0131.Gardiyano\u011flu, \u201c\u00c7al\u0131\u015fma hayat\u0131nda 30<\/p>\n","protected":false},"author":1,"featured_media":69444,"comment_status":"open","ping_status":"open","sticky":false,"template":"","format":"standard","meta":{"footnotes":""},"categories":[81],"tags":[],"class_list":["post-69443","post","type-post","status-publish","format-standard","has-post-thumbnail","hentry","category-kibris"],"yoast_head":"<!-- This site is optimized with the Yoast SEO plugin v27.5 - https:\/\/yoast.com\/product\/yoast-seo-wordpress\/ -->\n<title>Gardiyano\u011flu: Hedefimiz s\u0131f\u0131r \u00f6l\u00fcml\u00fc i\u015f kazas\u0131 -<\/title>\n<meta name=\"robots\" content=\"index, follow, max-snippet:-1, max-image-preview:large, max-video-preview:-1\" \/>\n<link rel=\"canonical\" href=\"https:\/\/kibrisdakik.com\/?p=69443\" \/>\n<meta property=\"og:locale\" content=\"tr_TR\" \/>\n<meta property=\"og:type\" content=\"article\" \/>\n<meta property=\"og:title\" content=\"Gardiyano\u011flu: Hedefimiz s\u0131f\u0131r \u00f6l\u00fcml\u00fc i\u015f kazas\u0131 -\" \/>\n<meta property=\"og:description\" content=\"K\u0131br\u0131s T\u00fcrk Elektrik M\u00fcteahhitleri Birli\u011fi Ba\u015fkan\u0131 T\u00fcrkay Uzun S\u0131lal\u0131 ve heyeti \u00c7al\u0131\u015fma ve Sosyal G\u00fcvenlik Bakan\u0131 Sad\u0131k Gardiyano\u011flu\u2019ndaara eleman ve yerli istihdam konular\u0131nda g\u00f6r\u00fc\u015f ve taleplerini aktard\u0131. Bakan Gardiyano\u011fluda 2024 y\u0131l\u0131n\u0131 sosyal hizmet y\u0131l\u0131 ilan ettiklerini ve bu y\u00f6ndeki\u00e7al\u0131\u015fmalar\u0131n ve t\u00fcz\u00fcklerin tamamland\u0131\u011f\u0131n\u0131 ifade ederek, 2025 y\u0131l\u0131n\u0131 ise \u00e7al\u0131\u015fma y\u0131l\u0131 ilan ettiklerini an\u0131msatt\u0131.Gardiyano\u011flu, \u201c\u00c7al\u0131\u015fma hayat\u0131nda 30\" \/>\n<meta property=\"og:url\" content=\"https:\/\/kibrisdakik.com\/?p=69443\" \/>\n<meta property=\"article:published_time\" content=\"2024-11-18T12:04:26+00:00\" \/>\n<meta property=\"og:image\" content=\"https:\/\/kibrisdakik.com\/wp-content\/uploads\/2024\/11\/467300444_883080290578643_2619029825632095662_n-740x420.jpg\" \/>\n\t<meta property=\"og:image:width\" content=\"2048\" \/>\n\t<meta property=\"og:image:height\" content=\"1365\" \/>\n\t<meta property=\"og:image:type\" content=\"image\/jpeg\" \/>\n<meta name=\"author\" content=\"admin\" \/>\n<meta name=\"twitter:card\" content=\"summary_large_image\" \/>\n<meta name=\"twitter:label1\" content=\"Yazan:\" \/>\n\t<meta name=\"twitter:data1\" content=\"admin\" \/>\n\t<meta name=\"twitter:label2\" content=\"Tahmini okuma s\u00fcresi\" \/>\n\t<meta name=\"twitter:data2\" content=\"2 dakika\" \/>\n<script type=\"application\/ld+json\" class=\"yoast-schema-graph\">{\"@context\":\"https:\\\/\\\/schema.org\",\"@graph\":[{\"@type\":\"Article\",\"@id\":\"https:\\\/\\\/kibrisdakik.com\\\/?p=69443#article\",\"isPartOf\":{\"@id\":\"https:\\\/\\\/kibrisdakik.com\\\/?p=69443\"},\"author\":{\"name\":\"admin\",\"@id\":\"https:\\\/\\\/kibrisdakik.com\\\/#\\\/schema\\\/person\\\/9cd9d437bbb44f72b73ba127e06d8e79\"},\"headline\":\"Gardiyano\u011flu: Hedefimiz s\u0131f\u0131r \u00f6l\u00fcml\u00fc i\u015f kazas\u0131\",\"datePublished\":\"2024-11-18T12:04:26+00:00\",\"mainEntityOfPage\":{\"@id\":\"https:\\\/\\\/kibrisdakik.com\\\/?p=69443\"},\"wordCount\":367,\"commentCount\":0,\"image\":{\"@id\":\"https:\\\/\\\/kibrisdakik.com\\\/?p=69443#primaryimage\"},\"thumbnailUrl\":\"https:\\\/\\\/kibrisdakik.com\\\/wp-content\\\/uploads\\\/2024\\\/11\\\/467300444_883080290578643_2619029825632095662_n-740x420.jpg\",\"articleSection\":[\"K\u0131br\u0131s\"],\"inLanguage\":\"tr\",\"potentialAction\":[{\"@type\":\"CommentAction\",\"name\":\"Comment\",\"target\":[\"https:\\\/\\\/kibrisdakik.com\\\/?p=69443#respond\"]}]},{\"@type\":\"WebPage\",\"@id\":\"https:\\\/\\\/kibrisdakik.com\\\/?p=69443\",\"url\":\"https:\\\/\\\/kibrisdakik.com\\\/?p=69443\",\"name\":\"Gardiyano\u011flu: Hedefimiz s\u0131f\u0131r \u00f6l\u00fcml\u00fc i\u015f kazas\u0131 -\",\"isPartOf\":{\"@id\":\"https:\\\/\\\/kibrisdakik.com\\\/#website\"},\"primaryImageOfPage\":{\"@id\":\"https:\\\/\\\/kibrisdakik.com\\\/?p=69443#primaryimage\"},\"image\":{\"@id\":\"https:\\\/\\\/kibrisdakik.com\\\/?p=69443#primaryimage\"},\"thumbnailUrl\":\"https:\\\/\\\/kibrisdakik.com\\\/wp-content\\\/uploads\\\/2024\\\/11\\\/467300444_883080290578643_2619029825632095662_n-740x420.jpg\",\"datePublished\":\"2024-11-18T12:04:26+00:00\",\"author\":{\"@id\":\"https:\\\/\\\/kibrisdakik.com\\\/#\\\/schema\\\/person\\\/9cd9d437bbb44f72b73ba127e06d8e79\"},\"breadcrumb\":{\"@id\":\"https:\\\/\\\/kibrisdakik.com\\\/?p=69443#breadcrumb\"},\"inLanguage\":\"tr\",\"potentialAction\":[{\"@type\":\"ReadAction\",\"target\":[\"https:\\\/\\\/kibrisdakik.com\\\/?p=69443\"]}]},{\"@type\":\"ImageObject\",\"inLanguage\":\"tr\",\"@id\":\"https:\\\/\\\/kibrisdakik.com\\\/?p=69443#primaryimage\",\"url\":\"https:\\\/\\\/kibrisdakik.com\\\/wp-content\\\/uploads\\\/2024\\\/11\\\/467300444_883080290578643_2619029825632095662_n-740x420.jpg\",\"contentUrl\":\"https:\\\/\\\/kibrisdakik.com\\\/wp-content\\\/uploads\\\/2024\\\/11\\\/467300444_883080290578643_2619029825632095662_n-740x420.jpg\",\"width\":2048,\"height\":1365},{\"@type\":\"BreadcrumbList\",\"@id\":\"https:\\\/\\\/kibrisdakik.com\\\/?p=69443#breadcrumb\",\"itemListElement\":[{\"@type\":\"ListItem\",\"position\":1,\"name\":\"Home\",\"item\":\"https:\\\/\\\/kibrisdakik.com\\\/\"},{\"@type\":\"ListItem\",\"position\":2,\"name\":\"Gardiyano\u011flu: Hedefimiz s\u0131f\u0131r \u00f6l\u00fcml\u00fc i\u015f kazas\u0131\"}]},{\"@type\":\"WebSite\",\"@id\":\"https:\\\/\\\/kibrisdakik.com\\\/#website\",\"url\":\"https:\\\/\\\/kibrisdakik.com\\\/\",\"name\":\"\",\"description\":\"Tam vaktinde haber\",\"potentialAction\":[{\"@type\":\"SearchAction\",\"target\":{\"@type\":\"EntryPoint\",\"urlTemplate\":\"https:\\\/\\\/kibrisdakik.com\\\/?s={search_term_string}\"},\"query-input\":{\"@type\":\"PropertyValueSpecification\",\"valueRequired\":true,\"valueName\":\"search_term_string\"}}],\"inLanguage\":\"tr\"},{\"@type\":\"Person\",\"@id\":\"https:\\\/\\\/kibrisdakik.com\\\/#\\\/schema\\\/person\\\/9cd9d437bbb44f72b73ba127e06d8e79\",\"name\":\"admin\",\"image\":{\"@type\":\"ImageObject\",\"inLanguage\":\"tr\",\"@id\":\"https:\\\/\\\/secure.gravatar.com\\\/avatar\\\/ccc17943b9d660506c869530f897617f7cb1c21a4bf30023f252596d83e1f007?s=96&d=mm&r=g\",\"url\":\"https:\\\/\\\/secure.gravatar.com\\\/avatar\\\/ccc17943b9d660506c869530f897617f7cb1c21a4bf30023f252596d83e1f007?s=96&d=mm&r=g\",\"contentUrl\":\"https:\\\/\\\/secure.gravatar.com\\\/avatar\\\/ccc17943b9d660506c869530f897617f7cb1c21a4bf30023f252596d83e1f007?s=96&d=mm&r=g\",\"caption\":\"admin\"},\"sameAs\":[\"https:\\\/\\\/kibrisdakik.com\"],\"url\":\"https:\\\/\\\/kibrisdakik.com\\\/?author=1\"}]}<\/script>\n<!-- \/ Yoast SEO plugin. -->","yoast_head_json":{"title":"Gardiyano\u011flu: Hedefimiz s\u0131f\u0131r \u00f6l\u00fcml\u00fc i\u015f kazas\u0131 -","robots":{"index":"index","follow":"follow","max-snippet":"max-snippet:-1","max-image-preview":"max-image-preview:large","max-video-preview":"max-video-preview:-1"},"canonical":"https:\/\/kibrisdakik.com\/?p=69443","og_locale":"tr_TR","og_type":"article","og_title":"Gardiyano\u011flu: Hedefimiz s\u0131f\u0131r \u00f6l\u00fcml\u00fc i\u015f kazas\u0131 -","og_description":"K\u0131br\u0131s T\u00fcrk Elektrik M\u00fcteahhitleri Birli\u011fi Ba\u015fkan\u0131 T\u00fcrkay Uzun S\u0131lal\u0131 ve heyeti \u00c7al\u0131\u015fma ve Sosyal G\u00fcvenlik Bakan\u0131 Sad\u0131k Gardiyano\u011flu\u2019ndaara eleman ve yerli istihdam konular\u0131nda g\u00f6r\u00fc\u015f ve taleplerini aktard\u0131. Bakan Gardiyano\u011fluda 2024 y\u0131l\u0131n\u0131 sosyal hizmet y\u0131l\u0131 ilan ettiklerini ve bu y\u00f6ndeki\u00e7al\u0131\u015fmalar\u0131n ve t\u00fcz\u00fcklerin tamamland\u0131\u011f\u0131n\u0131 ifade ederek, 2025 y\u0131l\u0131n\u0131 ise \u00e7al\u0131\u015fma y\u0131l\u0131 ilan ettiklerini an\u0131msatt\u0131.Gardiyano\u011flu, \u201c\u00c7al\u0131\u015fma hayat\u0131nda 30","og_url":"https:\/\/kibrisdakik.com\/?p=69443","article_published_time":"2024-11-18T12:04:26+00:00","og_image":[{"width":2048,"height":1365,"url":"https:\/\/kibrisdakik.com\/wp-content\/uploads\/2024\/11\/467300444_883080290578643_2619029825632095662_n-740x420.jpg","type":"image\/jpeg"}],"author":"admin","twitter_card":"summary_large_image","twitter_misc":{"Yazan:":"admin","Tahmini okuma s\u00fcresi":"2 dakika"},"schema":{"@context":"https:\/\/schema.org","@graph":[{"@type":"Article","@id":"https:\/\/kibrisdakik.com\/?p=69443#article","isPartOf":{"@id":"https:\/\/kibrisdakik.com\/?p=69443"},"author":{"name":"admin","@id":"https:\/\/kibrisdakik.com\/#\/schema\/person\/9cd9d437bbb44f72b73ba127e06d8e79"},"headline":"Gardiyano\u011flu: Hedefimiz s\u0131f\u0131r \u00f6l\u00fcml\u00fc i\u015f kazas\u0131","datePublished":"2024-11-18T12:04:26+00:00","mainEntityOfPage":{"@id":"https:\/\/kibrisdakik.com\/?p=69443"},"wordCount":367,"commentCount":0,"image":{"@id":"https:\/\/kibrisdakik.com\/?p=69443#primaryimage"},"thumbnailUrl":"https:\/\/kibrisdakik.com\/wp-content\/uploads\/2024\/11\/467300444_883080290578643_2619029825632095662_n-740x420.jpg","articleSection":["K\u0131br\u0131s"],"inLanguage":"tr","potentialAction":[{"@type":"CommentAction","name":"Comment","target":["https:\/\/kibrisdakik.com\/?p=69443#respond"]}]},{"@type":"WebPage","@id":"https:\/\/kibrisdakik.com\/?p=69443","url":"https:\/\/kibrisdakik.com\/?p=69443","name":"Gardiyano\u011flu: Hedefimiz s\u0131f\u0131r \u00f6l\u00fcml\u00fc i\u015f kazas\u0131 -","isPartOf":{"@id":"https:\/\/kibrisdakik.com\/#website"},"primaryImageOfPage":{"@id":"https:\/\/kibrisdakik.com\/?p=69443#primaryimage"},"image":{"@id":"https:\/\/kibrisdakik.com\/?p=69443#primaryimage"},"thumbnailUrl":"https:\/\/kibrisdakik.com\/wp-content\/uploads\/2024\/11\/467300444_883080290578643_2619029825632095662_n-740x420.jpg","datePublished":"2024-11-18T12:04:26+00:00","author":{"@id":"https:\/\/kibrisdakik.com\/#\/schema\/person\/9cd9d437bbb44f72b73ba127e06d8e79"},"breadcrumb":{"@id":"https:\/\/kibrisdakik.com\/?p=69443#breadcrumb"},"inLanguage":"tr","potentialAction":[{"@type":"ReadAction","target":["https:\/\/kibrisdakik.com\/?p=69443"]}]},{"@type":"ImageObject","inLanguage":"tr","@id":"https:\/\/kibrisdakik.com\/?p=69443#primaryimage","url":"https:\/\/kibrisdakik.com\/wp-content\/uploads\/2024\/11\/467300444_883080290578643_2619029825632095662_n-740x420.jpg","contentUrl":"https:\/\/kibrisdakik.com\/wp-content\/uploads\/2024\/11\/467300444_883080290578643_2619029825632095662_n-740x420.jpg","width":2048,"height":1365},{"@type":"BreadcrumbList","@id":"https:\/\/kibrisdakik.com\/?p=69443#breadcrumb","itemListElement":[{"@type":"ListItem","position":1,"name":"Home","item":"https:\/\/kibrisdakik.com\/"},{"@type":"ListItem","position":2,"name":"Gardiyano\u011flu: Hedefimiz s\u0131f\u0131r \u00f6l\u00fcml\u00fc i\u015f kazas\u0131"}]},{"@type":"WebSite","@id":"https:\/\/kibrisdakik.com\/#website","url":"https:\/\/kibrisdakik.com\/","name":"","description":"Tam vaktinde haber","potentialAction":[{"@type":"SearchAction","target":{"@type":"EntryPoint","urlTemplate":"https:\/\/kibrisdakik.com\/?s={search_term_string}"},"query-input":{"@type":"PropertyValueSpecification","valueRequired":true,"valueName":"search_term_string"}}],"inLanguage":"tr"},{"@type":"Person","@id":"https:\/\/kibrisdakik.com\/#\/schema\/person\/9cd9d437bbb44f72b73ba127e06d8e79","name":"admin","image":{"@type":"ImageObject","inLanguage":"tr","@id":"https:\/\/secure.gravatar.com\/avatar\/ccc17943b9d660506c869530f897617f7cb1c21a4bf30023f252596d83e1f007?s=96&d=mm&r=g","url":"https:\/\/secure.gravatar.com\/avatar\/ccc17943b9d660506c869530f897617f7cb1c21a4bf30023f252596d83e1f007?s=96&d=mm&r=g","contentUrl":"https:\/\/secure.gravatar.com\/avatar\/ccc17943b9d660506c869530f897617f7cb1c21a4bf30023f252596d83e1f007?s=96&d=mm&r=g","caption":"admin"},"sameAs":["https:\/\/kibrisdakik.com"],"url":"https:\/\/kibrisdakik.com\/?author=1"}]}},"_links":{"self":[{"href":"https:\/\/kibrisdakik.com\/index.php?rest_route=\/wp\/v2\/posts\/69443","targetHints":{"allow":["GET"]}}],"collection":[{"href":"https:\/\/kibrisdakik.com\/index.php?rest_route=\/wp\/v2\/posts"}],"about":[{"href":"https:\/\/kibrisdakik.com\/index.php?rest_route=\/wp\/v2\/types\/post"}],"author":[{"embeddable":true,"href":"https:\/\/kibrisdakik.com\/index.php?rest_route=\/wp\/v2\/users\/1"}],"replies":[{"embeddable":true,"href":"https:\/\/kibrisdakik.com\/index.php?rest_route=%2Fwp%2Fv2%2Fcomments&post=69443"}],"version-history":[{"count":0,"href":"https:\/\/kibrisdakik.com\/index.php?rest_route=\/wp\/v2\/posts\/69443\/revisions"}],"wp:featuredmedia":[{"embeddable":true,"href":"https:\/\/kibrisdakik.com\/index.php?rest_route=\/wp\/v2\/media\/69444"}],"wp:attachment":[{"href":"https:\/\/kibrisdakik.com\/index.php?rest_route=%2Fwp%2Fv2%2Fmedia&parent=69443"}],"wp:term":[{"taxonomy":"category","embeddable":true,"href":"https:\/\/kibrisdakik.com\/index.php?rest_route=%2Fwp%2Fv2%2Fcategories&post=69443"},{"taxonomy":"post_tag","embeddable":true,"href":"https:\/\/kibrisdakik.com\/index.php?rest_route=%2Fwp%2Fv2%2Ftags&post=69443"}],"curies":[{"name":"wp","href":"https:\/\/api.w.org\/{rel}","templated":true}]}}