{"id":69468,"date":"2024-11-18T19:48:16","date_gmt":"2024-11-18T16:48:16","guid":{"rendered":"https:\/\/kibrisdakik.com\/index.php\/2024\/11\/18\/basbakan-ustel-meclis-baskanligi-secimleri-konusunda-degerlendirmede-bulundu-siyasi-cikarlari-degil-toplumun-cikarlarini-onceleyerek-samimi-bir-adim-attik\/"},"modified":"2024-11-18T19:48:16","modified_gmt":"2024-11-18T16:48:16","slug":"basbakan-ustel-meclis-baskanligi-secimleri-konusunda-degerlendirmede-bulundu-siyasi-cikarlari-degil-toplumun-cikarlarini-onceleyerek-samimi-bir-adim-attik","status":"publish","type":"post","link":"https:\/\/kibrisdakik.com\/?p=69468","title":{"rendered":"Ba\u015fbakan \u00dcstel Meclis Ba\u015fkanl\u0131\u011f\u0131 se\u00e7imleri konusunda de\u011ferlendirmede bulundu: \u201cSiyasi \u00e7\u0131karlar\u0131 de\u011fil, toplumun \u00e7\u0131karlar\u0131n\u0131 \u00f6nceleyerek samimi bir ad\u0131m att\u0131k\u201d"},"content":{"rendered":"<div>\n<div class=\"mariselle-image-container center\">\n                                            <\/div>\n<p>Ba\u015fbakan \u00dcnal \u00dcstel, Cumhuriyet Meclisi ba\u015fkanl\u0131k se\u00e7imleri konusunda, siyasi de\u011fil toplumsal \u00e7\u0131karlar\u0131na \u00f6ncelik vererek bir ad\u0131m att\u0131klar\u0131n\u0131, s\u00fcrecin sonunda Meclis Ba\u015fkan\u0131\u2019n\u0131n hi\u00e7 bir tart\u0131\u015fmaya mahal vermeksizin se\u00e7ildi\u011fini belirtti.<\/p>\n<p>Yaz\u0131l\u0131 a\u00e7\u0131klama yapan \u00dcstel, \u201cYa\u015fanan t\u00fcm olumsuzluklara, ortaya konan t\u00fcm siyasi oyunlara ra\u011fmen bug\u00fcn tek y\u00fcrek olarak bu sorunu da bitirmi\u015f durumday\u0131z. \u015eimdi hizmet etme zamand\u0131r. \u015eimdi meclisimizi \u00e7al\u0131\u015ft\u0131rma zamand\u0131r. \u015eimdi b\u00fct\u00e7eyi ge\u00e7irerek halk\u0131m\u0131z\u0131n ihtiya\u00e7 duydu\u011fu projeleri hayata ge\u00e7irme zamand\u0131r. \u015eimdi \u00e7al\u0131\u015fma zamand\u0131r.\u201d ifadelerini kulland\u0131.<\/p>\n<p>\u00dcstel\u2019in Cumhuriyet Meclisi Ba\u015fkanl\u0131k Divan\u0131 se\u00e7imlerine ili\u015fkin a\u00e7\u0131klamas\u0131 \u015f\u00f6yle:<\/p>\n<p>\u201cSevgili karde\u015flerim;<\/p>\n<p>Bu sabah, Meclisimizin yasama \u00e7al\u0131\u015fmalar\u0131n\u0131 engelleyen ve g\u00fcnlerdir devam eden sorunun ortadan kald\u0131r\u0131lmas\u0131na y\u00f6nelik, siyasi \u00e7\u0131karlar\u0131 de\u011fil, toplumun \u00e7\u0131karlar\u0131n\u0131 \u00f6nceleyerek samimi bir ad\u0131m att\u0131k.<\/p>\n<p>Ortaya koydu\u011fumuz duru\u015f, hukuki bir g\u00f6r\u00fc\u015f\u00fcn de\u011fil, halk\u0131 \u00f6nceleyen siyasi bir duru\u015fun ifadesiydi.<\/p>\n<p>Partimiz ve Meclis Ba\u015fkan\u0131m\u0131z, \u00fclkemizin ivedi ihtiyac\u0131 olan b\u00fct\u00e7e g\u00f6r\u00fc\u015fmelerinin ba\u015flamas\u0131, b\u00fct\u00e7enin tamamlanmas\u0131 ve halk\u0131m\u0131za hak etti\u011fi hizmetin verilmesi ad\u0131na geriye do\u011fru de\u011fil, tam tersine sorunun \u00e7\u00f6z\u00fcm\u00fcne katk\u0131 sa\u011flayacak ileriye, \u00e7\u00f6z\u00fcme ve gelece\u011fe do\u011fru \u00f6nemli bir ad\u0131m atm\u0131\u015ft\u0131r.<\/p>\n<p>Ya\u015fanan bu s\u00fcrecin sonunda, Say\u0131n Meclis Ba\u015fkan\u0131m\u0131z\u0131 yeniden aday g\u00f6stererek ve ortaya g\u00fc\u00e7l\u00fc bir irade koyarak hi\u00e7 bir tart\u0131\u015fmaya mahal vermeksizin meclis ba\u015fkan\u0131m\u0131z\u0131 se\u00e7mi\u015f durumday\u0131z.<\/p>\n<p>Bu noktada gerek parti grubuma gerekse h\u00fck\u00fcmet ortaklar\u0131m\u0131z\u0131n t\u00fcm milletvekillerine te\u015fekk\u00fcr ediyorum.<\/p>\n<p>De\u011ferli karde\u015flerim,<\/p>\n<p>S\u00fcrecin siyasi bir s\u00fcre\u00e7 oldu\u011funu, bu s\u00fcre\u00e7te siyasi tav\u0131rlar\u0131n etkili oldu\u011funu defalarca vurgulam\u0131\u015ft\u0131m.<\/p>\n<p>Yarat\u0131lan t\u00fcm s\u0131k\u0131nt\u0131lara ra\u011fmen iktidar olarak \u00fczerimize d\u00fc\u015fen sorumlulu\u011fu yerine getirerek, halk\u0131m\u0131za daha fazla zaman kaybettirmemek ad\u0131na Meclis Ba\u015fkan Yard\u0131mc\u0131s\u0131na da ilk turda ihtiyac\u0131 olan deste\u011fi vererek onu da se\u00e7mi\u015f durumday\u0131z.<\/p>\n<p>Bu Ulusal Birlik Partisinin samimiyetini ve siyasi team\u00fcllere olan sayg\u0131s\u0131n\u0131n da a\u00e7\u0131k bir kan\u0131t\u0131 olmu\u015ftur.<\/p>\n<p>Bunu halk\u0131m\u0131z\u0131n takdirine b\u0131rak\u0131yorum.<\/p>\n<p>Ya\u015fanan t\u00fcm olumsuzluklara, ortaya konan t\u00fcm siyasi oyunlara ra\u011fmen bug\u00fcn tek y\u00fcrek olarak bu sorunu da bitirmi\u015f durumday\u0131z.<\/p>\n<p>\u015eimdi hizmet etme zamand\u0131r.<\/p>\n<p>\u015eimdi meclisimizi \u00e7al\u0131\u015ft\u0131rma zamand\u0131r.<\/p>\n<p>\u015eimdi b\u00fct\u00e7eyi ge\u00e7irerek halk\u0131m\u0131z\u0131n ihtiya\u00e7 duydu\u011fu projeleri hayata ge\u00e7irme zamand\u0131r. \u015eimdi \u00e7al\u0131\u015fma zamand\u0131r.<\/p>\n<p>Bu vesileyle Meclis Ba\u015fkanl\u0131k Divan\u0131na se\u00e7ilen t\u00fcm milletvekillerini kutluyor, \u00e7al\u0131\u015fmalar\u0131nda ba\u015far\u0131lar diliyorum.\u201d<\/p>\n<\/p><\/div>\n<p><script async\n                    defer\n                    crossorigin=\"anonymous\"\n                    src=\"https:\/\/connect.facebook.net\/tr_TR\/sdk.js#xfbml=1&#038;version=v3.3\"\n            ><\/script><\/p>\n","protected":false},"excerpt":{"rendered":"<p>Ba\u015fbakan \u00dcnal \u00dcstel, Cumhuriyet Meclisi ba\u015fkanl\u0131k se\u00e7imleri konusunda, siyasi de\u011fil toplumsal \u00e7\u0131karlar\u0131na \u00f6ncelik vererek bir ad\u0131m att\u0131klar\u0131n\u0131, s\u00fcrecin sonunda Meclis Ba\u015fkan\u0131\u2019n\u0131n hi\u00e7 bir tart\u0131\u015fmaya mahal vermeksizin se\u00e7ildi\u011fini belirtti. Yaz\u0131l\u0131 a\u00e7\u0131klama yapan \u00dcstel, \u201cYa\u015fanan t\u00fcm olumsuzluklara, ortaya konan t\u00fcm siyasi oyunlara ra\u011fmen bug\u00fcn tek y\u00fcrek olarak bu sorunu da bitirmi\u015f durumday\u0131z. \u015eimdi hizmet etme zamand\u0131r. \u015eimdi<\/p>\n","protected":false},"author":1,"featured_media":63877,"comment_status":"open","ping_status":"open","sticky":false,"template":"","format":"standard","meta":{"footnotes":""},"categories":[81],"tags":[],"class_list":["post-69468","post","type-post","status-publish","format-standard","has-post-thumbnail","hentry","category-kibris"],"yoast_head":"<!-- This site is optimized with the Yoast SEO plugin v27.5 - https:\/\/yoast.com\/product\/yoast-seo-wordpress\/ -->\n<title>Ba\u015fbakan \u00dcstel Meclis Ba\u015fkanl\u0131\u011f\u0131 se\u00e7imleri konusunda de\u011ferlendirmede bulundu: \u201cSiyasi \u00e7\u0131karlar\u0131 de\u011fil, toplumun \u00e7\u0131karlar\u0131n\u0131 \u00f6nceleyerek samimi bir ad\u0131m att\u0131k\u201d -<\/title>\n<meta name=\"robots\" content=\"index, follow, max-snippet:-1, max-image-preview:large, max-video-preview:-1\" \/>\n<link rel=\"canonical\" href=\"https:\/\/kibrisdakik.com\/?p=69468\" \/>\n<meta property=\"og:locale\" content=\"tr_TR\" \/>\n<meta property=\"og:type\" content=\"article\" \/>\n<meta property=\"og:title\" content=\"Ba\u015fbakan \u00dcstel Meclis Ba\u015fkanl\u0131\u011f\u0131 se\u00e7imleri konusunda de\u011ferlendirmede bulundu: \u201cSiyasi \u00e7\u0131karlar\u0131 de\u011fil, toplumun \u00e7\u0131karlar\u0131n\u0131 \u00f6nceleyerek samimi bir ad\u0131m att\u0131k\u201d -\" \/>\n<meta property=\"og:description\" content=\"Ba\u015fbakan \u00dcnal \u00dcstel, Cumhuriyet Meclisi ba\u015fkanl\u0131k se\u00e7imleri konusunda, siyasi de\u011fil toplumsal \u00e7\u0131karlar\u0131na \u00f6ncelik vererek bir ad\u0131m att\u0131klar\u0131n\u0131, s\u00fcrecin sonunda Meclis Ba\u015fkan\u0131\u2019n\u0131n hi\u00e7 bir tart\u0131\u015fmaya mahal vermeksizin se\u00e7ildi\u011fini belirtti. Yaz\u0131l\u0131 a\u00e7\u0131klama yapan \u00dcstel, \u201cYa\u015fanan t\u00fcm olumsuzluklara, ortaya konan t\u00fcm siyasi oyunlara ra\u011fmen bug\u00fcn tek y\u00fcrek olarak bu sorunu da bitirmi\u015f durumday\u0131z. \u015eimdi hizmet etme zamand\u0131r. \u015eimdi\" \/>\n<meta property=\"og:url\" content=\"https:\/\/kibrisdakik.com\/?p=69468\" \/>\n<meta property=\"article:published_time\" content=\"2024-11-18T16:48:16+00:00\" \/>\n<meta property=\"og:image\" content=\"https:\/\/kibrisdakik.com\/wp-content\/uploads\/2024\/09\/unal-ustel-249-740x420.jpg\" \/>\n\t<meta property=\"og:image:width\" content=\"1462\" \/>\n\t<meta property=\"og:image:height\" content=\"822\" \/>\n\t<meta property=\"og:image:type\" content=\"image\/jpeg\" \/>\n<meta name=\"author\" content=\"admin\" \/>\n<meta name=\"twitter:card\" content=\"summary_large_image\" \/>\n<meta name=\"twitter:label1\" content=\"Yazan:\" \/>\n\t<meta name=\"twitter:data1\" content=\"admin\" \/>\n\t<meta name=\"twitter:label2\" content=\"Tahmini okuma s\u00fcresi\" \/>\n\t<meta name=\"twitter:data2\" content=\"2 dakika\" \/>\n<script type=\"application\/ld+json\" class=\"yoast-schema-graph\">{\"@context\":\"https:\\\/\\\/schema.org\",\"@graph\":[{\"@type\":\"Article\",\"@id\":\"https:\\\/\\\/kibrisdakik.com\\\/?p=69468#article\",\"isPartOf\":{\"@id\":\"https:\\\/\\\/kibrisdakik.com\\\/?p=69468\"},\"author\":{\"name\":\"admin\",\"@id\":\"https:\\\/\\\/kibrisdakik.com\\\/#\\\/schema\\\/person\\\/9cd9d437bbb44f72b73ba127e06d8e79\"},\"headline\":\"Ba\u015fbakan \u00dcstel Meclis Ba\u015fkanl\u0131\u011f\u0131 se\u00e7imleri konusunda de\u011ferlendirmede bulundu: \u201cSiyasi \u00e7\u0131karlar\u0131 de\u011fil, toplumun \u00e7\u0131karlar\u0131n\u0131 \u00f6nceleyerek samimi bir ad\u0131m att\u0131k\u201d\",\"datePublished\":\"2024-11-18T16:48:16+00:00\",\"mainEntityOfPage\":{\"@id\":\"https:\\\/\\\/kibrisdakik.com\\\/?p=69468\"},\"wordCount\":521,\"commentCount\":0,\"image\":{\"@id\":\"https:\\\/\\\/kibrisdakik.com\\\/?p=69468#primaryimage\"},\"thumbnailUrl\":\"https:\\\/\\\/kibrisdakik.com\\\/wp-content\\\/uploads\\\/2024\\\/09\\\/unal-ustel-249-740x420.jpg\",\"articleSection\":[\"K\u0131br\u0131s\"],\"inLanguage\":\"tr\",\"potentialAction\":[{\"@type\":\"CommentAction\",\"name\":\"Comment\",\"target\":[\"https:\\\/\\\/kibrisdakik.com\\\/?p=69468#respond\"]}]},{\"@type\":\"WebPage\",\"@id\":\"https:\\\/\\\/kibrisdakik.com\\\/?p=69468\",\"url\":\"https:\\\/\\\/kibrisdakik.com\\\/?p=69468\",\"name\":\"Ba\u015fbakan \u00dcstel Meclis Ba\u015fkanl\u0131\u011f\u0131 se\u00e7imleri konusunda de\u011ferlendirmede bulundu: \u201cSiyasi \u00e7\u0131karlar\u0131 de\u011fil, toplumun \u00e7\u0131karlar\u0131n\u0131 \u00f6nceleyerek samimi bir ad\u0131m att\u0131k\u201d -\",\"isPartOf\":{\"@id\":\"https:\\\/\\\/kibrisdakik.com\\\/#website\"},\"primaryImageOfPage\":{\"@id\":\"https:\\\/\\\/kibrisdakik.com\\\/?p=69468#primaryimage\"},\"image\":{\"@id\":\"https:\\\/\\\/kibrisdakik.com\\\/?p=69468#primaryimage\"},\"thumbnailUrl\":\"https:\\\/\\\/kibrisdakik.com\\\/wp-content\\\/uploads\\\/2024\\\/09\\\/unal-ustel-249-740x420.jpg\",\"datePublished\":\"2024-11-18T16:48:16+00:00\",\"author\":{\"@id\":\"https:\\\/\\\/kibrisdakik.com\\\/#\\\/schema\\\/person\\\/9cd9d437bbb44f72b73ba127e06d8e79\"},\"breadcrumb\":{\"@id\":\"https:\\\/\\\/kibrisdakik.com\\\/?p=69468#breadcrumb\"},\"inLanguage\":\"tr\",\"potentialAction\":[{\"@type\":\"ReadAction\",\"target\":[\"https:\\\/\\\/kibrisdakik.com\\\/?p=69468\"]}]},{\"@type\":\"ImageObject\",\"inLanguage\":\"tr\",\"@id\":\"https:\\\/\\\/kibrisdakik.com\\\/?p=69468#primaryimage\",\"url\":\"https:\\\/\\\/kibrisdakik.com\\\/wp-content\\\/uploads\\\/2024\\\/09\\\/unal-ustel-249-740x420.jpg\",\"contentUrl\":\"https:\\\/\\\/kibrisdakik.com\\\/wp-content\\\/uploads\\\/2024\\\/09\\\/unal-ustel-249-740x420.jpg\",\"width\":1462,\"height\":822},{\"@type\":\"BreadcrumbList\",\"@id\":\"https:\\\/\\\/kibrisdakik.com\\\/?p=69468#breadcrumb\",\"itemListElement\":[{\"@type\":\"ListItem\",\"position\":1,\"name\":\"Home\",\"item\":\"https:\\\/\\\/kibrisdakik.com\\\/\"},{\"@type\":\"ListItem\",\"position\":2,\"name\":\"Ba\u015fbakan \u00dcstel Meclis Ba\u015fkanl\u0131\u011f\u0131 se\u00e7imleri konusunda de\u011ferlendirmede bulundu: \u201cSiyasi \u00e7\u0131karlar\u0131 de\u011fil, toplumun \u00e7\u0131karlar\u0131n\u0131 \u00f6nceleyerek samimi bir ad\u0131m att\u0131k\u201d\"}]},{\"@type\":\"WebSite\",\"@id\":\"https:\\\/\\\/kibrisdakik.com\\\/#website\",\"url\":\"https:\\\/\\\/kibrisdakik.com\\\/\",\"name\":\"\",\"description\":\"Tam vaktinde haber\",\"potentialAction\":[{\"@type\":\"SearchAction\",\"target\":{\"@type\":\"EntryPoint\",\"urlTemplate\":\"https:\\\/\\\/kibrisdakik.com\\\/?s={search_term_string}\"},\"query-input\":{\"@type\":\"PropertyValueSpecification\",\"valueRequired\":true,\"valueName\":\"search_term_string\"}}],\"inLanguage\":\"tr\"},{\"@type\":\"Person\",\"@id\":\"https:\\\/\\\/kibrisdakik.com\\\/#\\\/schema\\\/person\\\/9cd9d437bbb44f72b73ba127e06d8e79\",\"name\":\"admin\",\"image\":{\"@type\":\"ImageObject\",\"inLanguage\":\"tr\",\"@id\":\"https:\\\/\\\/secure.gravatar.com\\\/avatar\\\/ccc17943b9d660506c869530f897617f7cb1c21a4bf30023f252596d83e1f007?s=96&d=mm&r=g\",\"url\":\"https:\\\/\\\/secure.gravatar.com\\\/avatar\\\/ccc17943b9d660506c869530f897617f7cb1c21a4bf30023f252596d83e1f007?s=96&d=mm&r=g\",\"contentUrl\":\"https:\\\/\\\/secure.gravatar.com\\\/avatar\\\/ccc17943b9d660506c869530f897617f7cb1c21a4bf30023f252596d83e1f007?s=96&d=mm&r=g\",\"caption\":\"admin\"},\"sameAs\":[\"https:\\\/\\\/kibrisdakik.com\"],\"url\":\"https:\\\/\\\/kibrisdakik.com\\\/?author=1\"}]}<\/script>\n<!-- \/ Yoast SEO plugin. -->","yoast_head_json":{"title":"Ba\u015fbakan \u00dcstel Meclis Ba\u015fkanl\u0131\u011f\u0131 se\u00e7imleri konusunda de\u011ferlendirmede bulundu: \u201cSiyasi \u00e7\u0131karlar\u0131 de\u011fil, toplumun \u00e7\u0131karlar\u0131n\u0131 \u00f6nceleyerek samimi bir ad\u0131m att\u0131k\u201d -","robots":{"index":"index","follow":"follow","max-snippet":"max-snippet:-1","max-image-preview":"max-image-preview:large","max-video-preview":"max-video-preview:-1"},"canonical":"https:\/\/kibrisdakik.com\/?p=69468","og_locale":"tr_TR","og_type":"article","og_title":"Ba\u015fbakan \u00dcstel Meclis Ba\u015fkanl\u0131\u011f\u0131 se\u00e7imleri konusunda de\u011ferlendirmede bulundu: \u201cSiyasi \u00e7\u0131karlar\u0131 de\u011fil, toplumun \u00e7\u0131karlar\u0131n\u0131 \u00f6nceleyerek samimi bir ad\u0131m att\u0131k\u201d -","og_description":"Ba\u015fbakan \u00dcnal \u00dcstel, Cumhuriyet Meclisi ba\u015fkanl\u0131k se\u00e7imleri konusunda, siyasi de\u011fil toplumsal \u00e7\u0131karlar\u0131na \u00f6ncelik vererek bir ad\u0131m att\u0131klar\u0131n\u0131, s\u00fcrecin sonunda Meclis Ba\u015fkan\u0131\u2019n\u0131n hi\u00e7 bir tart\u0131\u015fmaya mahal vermeksizin se\u00e7ildi\u011fini belirtti. Yaz\u0131l\u0131 a\u00e7\u0131klama yapan \u00dcstel, \u201cYa\u015fanan t\u00fcm olumsuzluklara, ortaya konan t\u00fcm siyasi oyunlara ra\u011fmen bug\u00fcn tek y\u00fcrek olarak bu sorunu da bitirmi\u015f durumday\u0131z. \u015eimdi hizmet etme zamand\u0131r. \u015eimdi","og_url":"https:\/\/kibrisdakik.com\/?p=69468","article_published_time":"2024-11-18T16:48:16+00:00","og_image":[{"width":1462,"height":822,"url":"https:\/\/kibrisdakik.com\/wp-content\/uploads\/2024\/09\/unal-ustel-249-740x420.jpg","type":"image\/jpeg"}],"author":"admin","twitter_card":"summary_large_image","twitter_misc":{"Yazan:":"admin","Tahmini okuma s\u00fcresi":"2 dakika"},"schema":{"@context":"https:\/\/schema.org","@graph":[{"@type":"Article","@id":"https:\/\/kibrisdakik.com\/?p=69468#article","isPartOf":{"@id":"https:\/\/kibrisdakik.com\/?p=69468"},"author":{"name":"admin","@id":"https:\/\/kibrisdakik.com\/#\/schema\/person\/9cd9d437bbb44f72b73ba127e06d8e79"},"headline":"Ba\u015fbakan \u00dcstel Meclis Ba\u015fkanl\u0131\u011f\u0131 se\u00e7imleri konusunda de\u011ferlendirmede bulundu: \u201cSiyasi \u00e7\u0131karlar\u0131 de\u011fil, toplumun \u00e7\u0131karlar\u0131n\u0131 \u00f6nceleyerek samimi bir ad\u0131m att\u0131k\u201d","datePublished":"2024-11-18T16:48:16+00:00","mainEntityOfPage":{"@id":"https:\/\/kibrisdakik.com\/?p=69468"},"wordCount":521,"commentCount":0,"image":{"@id":"https:\/\/kibrisdakik.com\/?p=69468#primaryimage"},"thumbnailUrl":"https:\/\/kibrisdakik.com\/wp-content\/uploads\/2024\/09\/unal-ustel-249-740x420.jpg","articleSection":["K\u0131br\u0131s"],"inLanguage":"tr","potentialAction":[{"@type":"CommentAction","name":"Comment","target":["https:\/\/kibrisdakik.com\/?p=69468#respond"]}]},{"@type":"WebPage","@id":"https:\/\/kibrisdakik.com\/?p=69468","url":"https:\/\/kibrisdakik.com\/?p=69468","name":"Ba\u015fbakan \u00dcstel Meclis Ba\u015fkanl\u0131\u011f\u0131 se\u00e7imleri konusunda de\u011ferlendirmede bulundu: \u201cSiyasi \u00e7\u0131karlar\u0131 de\u011fil, toplumun \u00e7\u0131karlar\u0131n\u0131 \u00f6nceleyerek samimi bir ad\u0131m att\u0131k\u201d -","isPartOf":{"@id":"https:\/\/kibrisdakik.com\/#website"},"primaryImageOfPage":{"@id":"https:\/\/kibrisdakik.com\/?p=69468#primaryimage"},"image":{"@id":"https:\/\/kibrisdakik.com\/?p=69468#primaryimage"},"thumbnailUrl":"https:\/\/kibrisdakik.com\/wp-content\/uploads\/2024\/09\/unal-ustel-249-740x420.jpg","datePublished":"2024-11-18T16:48:16+00:00","author":{"@id":"https:\/\/kibrisdakik.com\/#\/schema\/person\/9cd9d437bbb44f72b73ba127e06d8e79"},"breadcrumb":{"@id":"https:\/\/kibrisdakik.com\/?p=69468#breadcrumb"},"inLanguage":"tr","potentialAction":[{"@type":"ReadAction","target":["https:\/\/kibrisdakik.com\/?p=69468"]}]},{"@type":"ImageObject","inLanguage":"tr","@id":"https:\/\/kibrisdakik.com\/?p=69468#primaryimage","url":"https:\/\/kibrisdakik.com\/wp-content\/uploads\/2024\/09\/unal-ustel-249-740x420.jpg","contentUrl":"https:\/\/kibrisdakik.com\/wp-content\/uploads\/2024\/09\/unal-ustel-249-740x420.jpg","width":1462,"height":822},{"@type":"BreadcrumbList","@id":"https:\/\/kibrisdakik.com\/?p=69468#breadcrumb","itemListElement":[{"@type":"ListItem","position":1,"name":"Home","item":"https:\/\/kibrisdakik.com\/"},{"@type":"ListItem","position":2,"name":"Ba\u015fbakan \u00dcstel Meclis Ba\u015fkanl\u0131\u011f\u0131 se\u00e7imleri konusunda de\u011ferlendirmede bulundu: \u201cSiyasi \u00e7\u0131karlar\u0131 de\u011fil, toplumun \u00e7\u0131karlar\u0131n\u0131 \u00f6nceleyerek samimi bir ad\u0131m att\u0131k\u201d"}]},{"@type":"WebSite","@id":"https:\/\/kibrisdakik.com\/#website","url":"https:\/\/kibrisdakik.com\/","name":"","description":"Tam vaktinde haber","potentialAction":[{"@type":"SearchAction","target":{"@type":"EntryPoint","urlTemplate":"https:\/\/kibrisdakik.com\/?s={search_term_string}"},"query-input":{"@type":"PropertyValueSpecification","valueRequired":true,"valueName":"search_term_string"}}],"inLanguage":"tr"},{"@type":"Person","@id":"https:\/\/kibrisdakik.com\/#\/schema\/person\/9cd9d437bbb44f72b73ba127e06d8e79","name":"admin","image":{"@type":"ImageObject","inLanguage":"tr","@id":"https:\/\/secure.gravatar.com\/avatar\/ccc17943b9d660506c869530f897617f7cb1c21a4bf30023f252596d83e1f007?s=96&d=mm&r=g","url":"https:\/\/secure.gravatar.com\/avatar\/ccc17943b9d660506c869530f897617f7cb1c21a4bf30023f252596d83e1f007?s=96&d=mm&r=g","contentUrl":"https:\/\/secure.gravatar.com\/avatar\/ccc17943b9d660506c869530f897617f7cb1c21a4bf30023f252596d83e1f007?s=96&d=mm&r=g","caption":"admin"},"sameAs":["https:\/\/kibrisdakik.com"],"url":"https:\/\/kibrisdakik.com\/?author=1"}]}},"_links":{"self":[{"href":"https:\/\/kibrisdakik.com\/index.php?rest_route=\/wp\/v2\/posts\/69468","targetHints":{"allow":["GET"]}}],"collection":[{"href":"https:\/\/kibrisdakik.com\/index.php?rest_route=\/wp\/v2\/posts"}],"about":[{"href":"https:\/\/kibrisdakik.com\/index.php?rest_route=\/wp\/v2\/types\/post"}],"author":[{"embeddable":true,"href":"https:\/\/kibrisdakik.com\/index.php?rest_route=\/wp\/v2\/users\/1"}],"replies":[{"embeddable":true,"href":"https:\/\/kibrisdakik.com\/index.php?rest_route=%2Fwp%2Fv2%2Fcomments&post=69468"}],"version-history":[{"count":0,"href":"https:\/\/kibrisdakik.com\/index.php?rest_route=\/wp\/v2\/posts\/69468\/revisions"}],"wp:featuredmedia":[{"embeddable":true,"href":"https:\/\/kibrisdakik.com\/index.php?rest_route=\/wp\/v2\/media\/63877"}],"wp:attachment":[{"href":"https:\/\/kibrisdakik.com\/index.php?rest_route=%2Fwp%2Fv2%2Fmedia&parent=69468"}],"wp:term":[{"taxonomy":"category","embeddable":true,"href":"https:\/\/kibrisdakik.com\/index.php?rest_route=%2Fwp%2Fv2%2Fcategories&post=69468"},{"taxonomy":"post_tag","embeddable":true,"href":"https:\/\/kibrisdakik.com\/index.php?rest_route=%2Fwp%2Fv2%2Ftags&post=69468"}],"curies":[{"name":"wp","href":"https:\/\/api.w.org\/{rel}","templated":true}]}}