{"id":69471,"date":"2024-11-18T19:54:42","date_gmt":"2024-11-18T16:54:42","guid":{"rendered":"https:\/\/kibrisdakik.com\/index.php\/2024\/11\/18\/cumhuriyet-meclisi-baskanlik-divani-secimi-tamamlandi-butce-gorusmeleri-yarin-basliyor\/"},"modified":"2024-11-18T19:54:42","modified_gmt":"2024-11-18T16:54:42","slug":"cumhuriyet-meclisi-baskanlik-divani-secimi-tamamlandi-butce-gorusmeleri-yarin-basliyor","status":"publish","type":"post","link":"https:\/\/kibrisdakik.com\/?p=69471","title":{"rendered":"Cumhuriyet Meclisi Ba\u015fkanl\u0131k Divan\u0131 se\u00e7imi tamamland\u0131.. B\u00fct\u00e7e g\u00f6r\u00fc\u015fmeleri yar\u0131n ba\u015fl\u0131yor"},"content":{"rendered":"<div>\n<div class=\"mariselle-image-container center\">\n                                            <\/div>\n<p>Cumhuriyet Meclisi Genel Kurulu\u2019nda idari amir ve divan katiplerinin de belirlenmesinin ard\u0131ndan Ba\u015fkanl\u0131k Divan\u0131 se\u00e7imi tamamland\u0131.<\/p>\n<p>Ekonomi, Maliye, B\u00fct\u00e7e ve Plan Komitesi 2025 Mali Y\u0131l\u0131 Merkezi Devlet Y\u00f6netimi B\u00fct\u00e7e Yasa Tasar\u0131s\u0131\u2019n\u0131 yar\u0131n g\u00f6r\u00fc\u015fmeye ba\u015fl\u0131yor.<\/p>\n<p>Cumhuriyet Meclisi Genel Kurulu\u2019nda ba\u015fkan ve ba\u015fkan yard\u0131mc\u0131s\u0131n\u0131n ard\u0131ndan idari amirlik ve katip se\u00e7imi yap\u0131ld\u0131. \u0130dari Amirli\u011fi\u2019ne UBP Milletvekili Yasemi \u00d6zt\u00fcrk, divan katipliklerine UBP\u2019den Hasan K\u00fc\u00e7\u00fck ve F\u0131rt\u0131na Karanfil, CTP\u2019den ise \u015eifa \u00c7olako\u011flu ve Devrim Bar\u00e7\u0131n se\u00e7ildi. Oylamada Yasemi \u00d6zt\u00fcrk i\u00e7in 37 kabul, 8 ret oyu verildi. Bir oy ise ge\u00e7ersiz say\u0131ld\u0131.<br \/>Hasan K\u00fc\u00e7\u00fck 33 kabul, 11 ret, 2 ge\u00e7ersiz; F\u0131rt\u0131na Karanfil 36 kabul, 7 ret, 1 \u00e7ekimser, 2 ge\u00e7ersiz; Devrim Bar\u00e7\u0131n 27 kabul, 14 ret, 1 \u00e7ekimser, 4 ge\u00e7ersiz; \u015eifa \u00c7olako\u011flu 37 kabul,  6 ret,  1 \u00e7ekimser, 2 ge\u00e7ersiz oy ald\u0131.<\/p>\n<p>-B\u00fct\u00e7e g\u00f6r\u00fc\u015fmeleri yar\u0131n ba\u015fl\u0131yor<\/p>\n<p>Cumhuriyet Meclisi Genel Kurul\u2019nda daha sonra Dan\u0131\u015fma Kurulu\u2019nun gelecek birle\u015fim hakk\u0131ndaki karar\u0131 da okundu. Buna g\u00f6re, 2025 Mali Y\u0131l\u0131 Merkezi Devlet Y\u00f6netimi B\u00fct\u00e7e Yasa Tasar\u0131s\u0131\u2019n\u0131n, Ekonomi, Maliye, B\u00fct\u00e7e ve Plan Komitesi\u2019nde g\u00f6r\u00fc\u015f\u00fclmesine olanak sa\u011flanmas\u0131 i\u00e7in yar\u0131nki birle\u015fimin ertelenmesi, 25-26 Kas\u0131m tarihli toplant\u0131lar\u0131n ise birle\u015ftirilerek yap\u0131lmas\u0131 oy birli\u011fiyle kabul edildi.<\/p>\n<p>Gelecek birle\u015fim 25 Kas\u0131m Pazartesi g\u00fcn\u00fc yasama \u00f6ncelikli olmak \u00fczere yasama ve denetim faaliyetleri birlikte yap\u0131lacak.<\/p>\n<p>Genel kurul daha sonra bug\u00fcnk\u00fc \u00e7al\u0131\u015fmas\u0131n\u0131 tamamlad\u0131.<\/p>\n<p>Ekonomi, Maliye, B\u00fct\u00e7e ve Plan Komitesi 2025 Mali Y\u0131l\u0131 Merkezi Devlet Y\u00f6netimi B\u00fct\u00e7e Yasa Tasar\u0131s\u0131\u2019n\u0131 yar\u0131n g\u00f6r\u00fc\u015fmeye ba\u015fl\u0131yor.<\/p>\n<\/p><\/div>\n<p><script async\n                    defer\n                    crossorigin=\"anonymous\"\n                    src=\"https:\/\/connect.facebook.net\/tr_TR\/sdk.js#xfbml=1&#038;version=v3.3\"\n            ><\/script><\/p>\n","protected":false},"excerpt":{"rendered":"<p>Cumhuriyet Meclisi Genel Kurulu\u2019nda idari amir ve divan katiplerinin de belirlenmesinin ard\u0131ndan Ba\u015fkanl\u0131k Divan\u0131 se\u00e7imi tamamland\u0131. Ekonomi, Maliye, B\u00fct\u00e7e ve Plan Komitesi 2025 Mali Y\u0131l\u0131 Merkezi Devlet Y\u00f6netimi B\u00fct\u00e7e Yasa Tasar\u0131s\u0131\u2019n\u0131 yar\u0131n g\u00f6r\u00fc\u015fmeye ba\u015fl\u0131yor. Cumhuriyet Meclisi Genel Kurulu\u2019nda ba\u015fkan ve ba\u015fkan yard\u0131mc\u0131s\u0131n\u0131n ard\u0131ndan idari amirlik ve katip se\u00e7imi yap\u0131ld\u0131. \u0130dari Amirli\u011fi\u2019ne UBP Milletvekili Yasemi \u00d6zt\u00fcrk,<\/p>\n","protected":false},"author":1,"featured_media":69472,"comment_status":"open","ping_status":"open","sticky":false,"template":"","format":"standard","meta":{"footnotes":""},"categories":[81],"tags":[],"class_list":["post-69471","post","type-post","status-publish","format-standard","has-post-thumbnail","hentry","category-kibris"],"yoast_head":"<!-- This site is optimized with the Yoast SEO plugin v27.5 - https:\/\/yoast.com\/product\/yoast-seo-wordpress\/ -->\n<title>Cumhuriyet Meclisi Ba\u015fkanl\u0131k Divan\u0131 se\u00e7imi tamamland\u0131.. B\u00fct\u00e7e g\u00f6r\u00fc\u015fmeleri yar\u0131n ba\u015fl\u0131yor -<\/title>\n<meta name=\"robots\" content=\"index, follow, max-snippet:-1, max-image-preview:large, max-video-preview:-1\" \/>\n<link rel=\"canonical\" href=\"https:\/\/kibrisdakik.com\/?p=69471\" \/>\n<meta property=\"og:locale\" content=\"tr_TR\" \/>\n<meta property=\"og:type\" content=\"article\" \/>\n<meta property=\"og:title\" content=\"Cumhuriyet Meclisi Ba\u015fkanl\u0131k Divan\u0131 se\u00e7imi tamamland\u0131.. B\u00fct\u00e7e g\u00f6r\u00fc\u015fmeleri yar\u0131n ba\u015fl\u0131yor -\" \/>\n<meta property=\"og:description\" content=\"Cumhuriyet Meclisi Genel Kurulu\u2019nda idari amir ve divan katiplerinin de belirlenmesinin ard\u0131ndan Ba\u015fkanl\u0131k Divan\u0131 se\u00e7imi tamamland\u0131. Ekonomi, Maliye, B\u00fct\u00e7e ve Plan Komitesi 2025 Mali Y\u0131l\u0131 Merkezi Devlet Y\u00f6netimi B\u00fct\u00e7e Yasa Tasar\u0131s\u0131\u2019n\u0131 yar\u0131n g\u00f6r\u00fc\u015fmeye ba\u015fl\u0131yor. Cumhuriyet Meclisi Genel Kurulu\u2019nda ba\u015fkan ve ba\u015fkan yard\u0131mc\u0131s\u0131n\u0131n ard\u0131ndan idari amirlik ve katip se\u00e7imi yap\u0131ld\u0131. \u0130dari Amirli\u011fi\u2019ne UBP Milletvekili Yasemi \u00d6zt\u00fcrk,\" \/>\n<meta property=\"og:url\" content=\"https:\/\/kibrisdakik.com\/?p=69471\" \/>\n<meta property=\"article:published_time\" content=\"2024-11-18T16:54:42+00:00\" \/>\n<meta property=\"og:image\" content=\"https:\/\/kibrisdakik.com\/wp-content\/uploads\/2024\/11\/mc-740x420.jpeg\" \/>\n\t<meta property=\"og:image:width\" content=\"2048\" \/>\n\t<meta property=\"og:image:height\" content=\"1366\" \/>\n\t<meta property=\"og:image:type\" content=\"image\/jpeg\" \/>\n<meta name=\"author\" content=\"admin\" \/>\n<meta name=\"twitter:card\" content=\"summary_large_image\" \/>\n<meta name=\"twitter:label1\" content=\"Yazan:\" \/>\n\t<meta name=\"twitter:data1\" content=\"admin\" \/>\n\t<meta name=\"twitter:label2\" content=\"Tahmini okuma s\u00fcresi\" \/>\n\t<meta name=\"twitter:data2\" content=\"2 dakika\" \/>\n<script type=\"application\/ld+json\" class=\"yoast-schema-graph\">{\"@context\":\"https:\\\/\\\/schema.org\",\"@graph\":[{\"@type\":\"Article\",\"@id\":\"https:\\\/\\\/kibrisdakik.com\\\/?p=69471#article\",\"isPartOf\":{\"@id\":\"https:\\\/\\\/kibrisdakik.com\\\/?p=69471\"},\"author\":{\"name\":\"admin\",\"@id\":\"https:\\\/\\\/kibrisdakik.com\\\/#\\\/schema\\\/person\\\/9cd9d437bbb44f72b73ba127e06d8e79\"},\"headline\":\"Cumhuriyet Meclisi Ba\u015fkanl\u0131k Divan\u0131 se\u00e7imi tamamland\u0131.. B\u00fct\u00e7e g\u00f6r\u00fc\u015fmeleri yar\u0131n ba\u015fl\u0131yor\",\"datePublished\":\"2024-11-18T16:54:42+00:00\",\"mainEntityOfPage\":{\"@id\":\"https:\\\/\\\/kibrisdakik.com\\\/?p=69471\"},\"wordCount\":326,\"commentCount\":0,\"image\":{\"@id\":\"https:\\\/\\\/kibrisdakik.com\\\/?p=69471#primaryimage\"},\"thumbnailUrl\":\"https:\\\/\\\/kibrisdakik.com\\\/wp-content\\\/uploads\\\/2024\\\/11\\\/mc-740x420.jpeg\",\"articleSection\":[\"K\u0131br\u0131s\"],\"inLanguage\":\"tr\",\"potentialAction\":[{\"@type\":\"CommentAction\",\"name\":\"Comment\",\"target\":[\"https:\\\/\\\/kibrisdakik.com\\\/?p=69471#respond\"]}]},{\"@type\":\"WebPage\",\"@id\":\"https:\\\/\\\/kibrisdakik.com\\\/?p=69471\",\"url\":\"https:\\\/\\\/kibrisdakik.com\\\/?p=69471\",\"name\":\"Cumhuriyet Meclisi Ba\u015fkanl\u0131k Divan\u0131 se\u00e7imi tamamland\u0131.. B\u00fct\u00e7e g\u00f6r\u00fc\u015fmeleri yar\u0131n ba\u015fl\u0131yor -\",\"isPartOf\":{\"@id\":\"https:\\\/\\\/kibrisdakik.com\\\/#website\"},\"primaryImageOfPage\":{\"@id\":\"https:\\\/\\\/kibrisdakik.com\\\/?p=69471#primaryimage\"},\"image\":{\"@id\":\"https:\\\/\\\/kibrisdakik.com\\\/?p=69471#primaryimage\"},\"thumbnailUrl\":\"https:\\\/\\\/kibrisdakik.com\\\/wp-content\\\/uploads\\\/2024\\\/11\\\/mc-740x420.jpeg\",\"datePublished\":\"2024-11-18T16:54:42+00:00\",\"author\":{\"@id\":\"https:\\\/\\\/kibrisdakik.com\\\/#\\\/schema\\\/person\\\/9cd9d437bbb44f72b73ba127e06d8e79\"},\"breadcrumb\":{\"@id\":\"https:\\\/\\\/kibrisdakik.com\\\/?p=69471#breadcrumb\"},\"inLanguage\":\"tr\",\"potentialAction\":[{\"@type\":\"ReadAction\",\"target\":[\"https:\\\/\\\/kibrisdakik.com\\\/?p=69471\"]}]},{\"@type\":\"ImageObject\",\"inLanguage\":\"tr\",\"@id\":\"https:\\\/\\\/kibrisdakik.com\\\/?p=69471#primaryimage\",\"url\":\"https:\\\/\\\/kibrisdakik.com\\\/wp-content\\\/uploads\\\/2024\\\/11\\\/mc-740x420.jpeg\",\"contentUrl\":\"https:\\\/\\\/kibrisdakik.com\\\/wp-content\\\/uploads\\\/2024\\\/11\\\/mc-740x420.jpeg\",\"width\":2048,\"height\":1366},{\"@type\":\"BreadcrumbList\",\"@id\":\"https:\\\/\\\/kibrisdakik.com\\\/?p=69471#breadcrumb\",\"itemListElement\":[{\"@type\":\"ListItem\",\"position\":1,\"name\":\"Home\",\"item\":\"https:\\\/\\\/kibrisdakik.com\\\/\"},{\"@type\":\"ListItem\",\"position\":2,\"name\":\"Cumhuriyet Meclisi Ba\u015fkanl\u0131k Divan\u0131 se\u00e7imi tamamland\u0131.. B\u00fct\u00e7e g\u00f6r\u00fc\u015fmeleri yar\u0131n ba\u015fl\u0131yor\"}]},{\"@type\":\"WebSite\",\"@id\":\"https:\\\/\\\/kibrisdakik.com\\\/#website\",\"url\":\"https:\\\/\\\/kibrisdakik.com\\\/\",\"name\":\"\",\"description\":\"Tam vaktinde haber\",\"potentialAction\":[{\"@type\":\"SearchAction\",\"target\":{\"@type\":\"EntryPoint\",\"urlTemplate\":\"https:\\\/\\\/kibrisdakik.com\\\/?s={search_term_string}\"},\"query-input\":{\"@type\":\"PropertyValueSpecification\",\"valueRequired\":true,\"valueName\":\"search_term_string\"}}],\"inLanguage\":\"tr\"},{\"@type\":\"Person\",\"@id\":\"https:\\\/\\\/kibrisdakik.com\\\/#\\\/schema\\\/person\\\/9cd9d437bbb44f72b73ba127e06d8e79\",\"name\":\"admin\",\"image\":{\"@type\":\"ImageObject\",\"inLanguage\":\"tr\",\"@id\":\"https:\\\/\\\/secure.gravatar.com\\\/avatar\\\/ccc17943b9d660506c869530f897617f7cb1c21a4bf30023f252596d83e1f007?s=96&d=mm&r=g\",\"url\":\"https:\\\/\\\/secure.gravatar.com\\\/avatar\\\/ccc17943b9d660506c869530f897617f7cb1c21a4bf30023f252596d83e1f007?s=96&d=mm&r=g\",\"contentUrl\":\"https:\\\/\\\/secure.gravatar.com\\\/avatar\\\/ccc17943b9d660506c869530f897617f7cb1c21a4bf30023f252596d83e1f007?s=96&d=mm&r=g\",\"caption\":\"admin\"},\"sameAs\":[\"https:\\\/\\\/kibrisdakik.com\"],\"url\":\"https:\\\/\\\/kibrisdakik.com\\\/?author=1\"}]}<\/script>\n<!-- \/ Yoast SEO plugin. -->","yoast_head_json":{"title":"Cumhuriyet Meclisi Ba\u015fkanl\u0131k Divan\u0131 se\u00e7imi tamamland\u0131.. B\u00fct\u00e7e g\u00f6r\u00fc\u015fmeleri yar\u0131n ba\u015fl\u0131yor -","robots":{"index":"index","follow":"follow","max-snippet":"max-snippet:-1","max-image-preview":"max-image-preview:large","max-video-preview":"max-video-preview:-1"},"canonical":"https:\/\/kibrisdakik.com\/?p=69471","og_locale":"tr_TR","og_type":"article","og_title":"Cumhuriyet Meclisi Ba\u015fkanl\u0131k Divan\u0131 se\u00e7imi tamamland\u0131.. B\u00fct\u00e7e g\u00f6r\u00fc\u015fmeleri yar\u0131n ba\u015fl\u0131yor -","og_description":"Cumhuriyet Meclisi Genel Kurulu\u2019nda idari amir ve divan katiplerinin de belirlenmesinin ard\u0131ndan Ba\u015fkanl\u0131k Divan\u0131 se\u00e7imi tamamland\u0131. Ekonomi, Maliye, B\u00fct\u00e7e ve Plan Komitesi 2025 Mali Y\u0131l\u0131 Merkezi Devlet Y\u00f6netimi B\u00fct\u00e7e Yasa Tasar\u0131s\u0131\u2019n\u0131 yar\u0131n g\u00f6r\u00fc\u015fmeye ba\u015fl\u0131yor. Cumhuriyet Meclisi Genel Kurulu\u2019nda ba\u015fkan ve ba\u015fkan yard\u0131mc\u0131s\u0131n\u0131n ard\u0131ndan idari amirlik ve katip se\u00e7imi yap\u0131ld\u0131. \u0130dari Amirli\u011fi\u2019ne UBP Milletvekili Yasemi \u00d6zt\u00fcrk,","og_url":"https:\/\/kibrisdakik.com\/?p=69471","article_published_time":"2024-11-18T16:54:42+00:00","og_image":[{"width":2048,"height":1366,"url":"https:\/\/kibrisdakik.com\/wp-content\/uploads\/2024\/11\/mc-740x420.jpeg","type":"image\/jpeg"}],"author":"admin","twitter_card":"summary_large_image","twitter_misc":{"Yazan:":"admin","Tahmini okuma s\u00fcresi":"2 dakika"},"schema":{"@context":"https:\/\/schema.org","@graph":[{"@type":"Article","@id":"https:\/\/kibrisdakik.com\/?p=69471#article","isPartOf":{"@id":"https:\/\/kibrisdakik.com\/?p=69471"},"author":{"name":"admin","@id":"https:\/\/kibrisdakik.com\/#\/schema\/person\/9cd9d437bbb44f72b73ba127e06d8e79"},"headline":"Cumhuriyet Meclisi Ba\u015fkanl\u0131k Divan\u0131 se\u00e7imi tamamland\u0131.. B\u00fct\u00e7e g\u00f6r\u00fc\u015fmeleri yar\u0131n ba\u015fl\u0131yor","datePublished":"2024-11-18T16:54:42+00:00","mainEntityOfPage":{"@id":"https:\/\/kibrisdakik.com\/?p=69471"},"wordCount":326,"commentCount":0,"image":{"@id":"https:\/\/kibrisdakik.com\/?p=69471#primaryimage"},"thumbnailUrl":"https:\/\/kibrisdakik.com\/wp-content\/uploads\/2024\/11\/mc-740x420.jpeg","articleSection":["K\u0131br\u0131s"],"inLanguage":"tr","potentialAction":[{"@type":"CommentAction","name":"Comment","target":["https:\/\/kibrisdakik.com\/?p=69471#respond"]}]},{"@type":"WebPage","@id":"https:\/\/kibrisdakik.com\/?p=69471","url":"https:\/\/kibrisdakik.com\/?p=69471","name":"Cumhuriyet Meclisi Ba\u015fkanl\u0131k Divan\u0131 se\u00e7imi tamamland\u0131.. B\u00fct\u00e7e g\u00f6r\u00fc\u015fmeleri yar\u0131n ba\u015fl\u0131yor -","isPartOf":{"@id":"https:\/\/kibrisdakik.com\/#website"},"primaryImageOfPage":{"@id":"https:\/\/kibrisdakik.com\/?p=69471#primaryimage"},"image":{"@id":"https:\/\/kibrisdakik.com\/?p=69471#primaryimage"},"thumbnailUrl":"https:\/\/kibrisdakik.com\/wp-content\/uploads\/2024\/11\/mc-740x420.jpeg","datePublished":"2024-11-18T16:54:42+00:00","author":{"@id":"https:\/\/kibrisdakik.com\/#\/schema\/person\/9cd9d437bbb44f72b73ba127e06d8e79"},"breadcrumb":{"@id":"https:\/\/kibrisdakik.com\/?p=69471#breadcrumb"},"inLanguage":"tr","potentialAction":[{"@type":"ReadAction","target":["https:\/\/kibrisdakik.com\/?p=69471"]}]},{"@type":"ImageObject","inLanguage":"tr","@id":"https:\/\/kibrisdakik.com\/?p=69471#primaryimage","url":"https:\/\/kibrisdakik.com\/wp-content\/uploads\/2024\/11\/mc-740x420.jpeg","contentUrl":"https:\/\/kibrisdakik.com\/wp-content\/uploads\/2024\/11\/mc-740x420.jpeg","width":2048,"height":1366},{"@type":"BreadcrumbList","@id":"https:\/\/kibrisdakik.com\/?p=69471#breadcrumb","itemListElement":[{"@type":"ListItem","position":1,"name":"Home","item":"https:\/\/kibrisdakik.com\/"},{"@type":"ListItem","position":2,"name":"Cumhuriyet Meclisi Ba\u015fkanl\u0131k Divan\u0131 se\u00e7imi tamamland\u0131.. B\u00fct\u00e7e g\u00f6r\u00fc\u015fmeleri yar\u0131n ba\u015fl\u0131yor"}]},{"@type":"WebSite","@id":"https:\/\/kibrisdakik.com\/#website","url":"https:\/\/kibrisdakik.com\/","name":"","description":"Tam vaktinde haber","potentialAction":[{"@type":"SearchAction","target":{"@type":"EntryPoint","urlTemplate":"https:\/\/kibrisdakik.com\/?s={search_term_string}"},"query-input":{"@type":"PropertyValueSpecification","valueRequired":true,"valueName":"search_term_string"}}],"inLanguage":"tr"},{"@type":"Person","@id":"https:\/\/kibrisdakik.com\/#\/schema\/person\/9cd9d437bbb44f72b73ba127e06d8e79","name":"admin","image":{"@type":"ImageObject","inLanguage":"tr","@id":"https:\/\/secure.gravatar.com\/avatar\/ccc17943b9d660506c869530f897617f7cb1c21a4bf30023f252596d83e1f007?s=96&d=mm&r=g","url":"https:\/\/secure.gravatar.com\/avatar\/ccc17943b9d660506c869530f897617f7cb1c21a4bf30023f252596d83e1f007?s=96&d=mm&r=g","contentUrl":"https:\/\/secure.gravatar.com\/avatar\/ccc17943b9d660506c869530f897617f7cb1c21a4bf30023f252596d83e1f007?s=96&d=mm&r=g","caption":"admin"},"sameAs":["https:\/\/kibrisdakik.com"],"url":"https:\/\/kibrisdakik.com\/?author=1"}]}},"_links":{"self":[{"href":"https:\/\/kibrisdakik.com\/index.php?rest_route=\/wp\/v2\/posts\/69471","targetHints":{"allow":["GET"]}}],"collection":[{"href":"https:\/\/kibrisdakik.com\/index.php?rest_route=\/wp\/v2\/posts"}],"about":[{"href":"https:\/\/kibrisdakik.com\/index.php?rest_route=\/wp\/v2\/types\/post"}],"author":[{"embeddable":true,"href":"https:\/\/kibrisdakik.com\/index.php?rest_route=\/wp\/v2\/users\/1"}],"replies":[{"embeddable":true,"href":"https:\/\/kibrisdakik.com\/index.php?rest_route=%2Fwp%2Fv2%2Fcomments&post=69471"}],"version-history":[{"count":0,"href":"https:\/\/kibrisdakik.com\/index.php?rest_route=\/wp\/v2\/posts\/69471\/revisions"}],"wp:featuredmedia":[{"embeddable":true,"href":"https:\/\/kibrisdakik.com\/index.php?rest_route=\/wp\/v2\/media\/69472"}],"wp:attachment":[{"href":"https:\/\/kibrisdakik.com\/index.php?rest_route=%2Fwp%2Fv2%2Fmedia&parent=69471"}],"wp:term":[{"taxonomy":"category","embeddable":true,"href":"https:\/\/kibrisdakik.com\/index.php?rest_route=%2Fwp%2Fv2%2Fcategories&post=69471"},{"taxonomy":"post_tag","embeddable":true,"href":"https:\/\/kibrisdakik.com\/index.php?rest_route=%2Fwp%2Fv2%2Ftags&post=69471"}],"curies":[{"name":"wp","href":"https:\/\/api.w.org\/{rel}","templated":true}]}}