{"id":69485,"date":"2024-11-18T20:31:25","date_gmt":"2024-11-18T17:31:25","guid":{"rendered":"https:\/\/kibrisdakik.com\/index.php\/2024\/11\/18\/kazakistanin-aktau-sehri-turk-dunyasinin-yeni-kultur-baskenti-oldu\/"},"modified":"2024-11-18T20:31:25","modified_gmt":"2024-11-18T17:31:25","slug":"kazakistanin-aktau-sehri-turk-dunyasinin-yeni-kultur-baskenti-oldu","status":"publish","type":"post","link":"https:\/\/kibrisdakik.com\/?p=69485","title":{"rendered":"Kazakistan\u2019\u0131n Aktau \u015fehri, T\u00fcrk D\u00fcnyas\u0131\u2019n\u0131n yeni k\u00fclt\u00fcr ba\u015fkenti oldu"},"content":{"rendered":"<p><\/p>\n<div>\n<div class=\"mariselle-image-container center\">\n                <img loading=\"lazy\" decoding=\"async\" width=\"1200\" height=\"606\" class=\"lazy-image\" alt=\"\" sizes=\"auto, (max-width: 1200px) 100vw, 1200px\" src=\"https:\/\/brtk.net\/wp-content\/uploads\/2024\/11\/18\/kazakistanin-aktau-sehri-turk-dunyasinin-yeni-kultur-baskenti-oldu-dcbab05.jpg?ver=f5cb3f0b1345bc4aa907bf95c09b7452\" srcset=\"https:\/\/brtk.net\/wp-content\/uploads\/2024\/11\/18\/kazakistanin-aktau-sehri-turk-dunyasinin-yeni-kultur-baskenti-oldu-dcbab05.jpg?ver=f5cb3f0b1345bc4aa907bf95c09b7452 1200w, https:\/\/brtk.net\/wp-content\/uploads\/2024\/11\/18\/kazakistanin-aktau-sehri-turk-dunyasinin-yeni-kultur-baskenti-oldu-dcbab05-300x152.jpg?ver=6248c7533ea780a1b97c6a8842d455db 300w, https:\/\/brtk.net\/wp-content\/uploads\/2024\/11\/18\/kazakistanin-aktau-sehri-turk-dunyasinin-yeni-kultur-baskenti-oldu-dcbab05-1024x517.jpg?ver=6248c7533ea780a1b97c6a8842d455db 1024w, https:\/\/brtk.net\/wp-content\/uploads\/2024\/11\/18\/kazakistanin-aktau-sehri-turk-dunyasinin-yeni-kultur-baskenti-oldu-dcbab05-768x388.jpg?ver=6248c7533ea780a1b97c6a8842d455db 768w\"\/>                            <\/div>\n<p>Kazakistan\u2019\u0131n Hazar Denizi k\u0131y\u0131s\u0131ndaki Aktau \u015fehri, \u201cT\u00fcrk D\u00fcnyas\u0131-2025 K\u00fclt\u00fcr Ba\u015fkenti\u201d \u00fcnvan\u0131na lay\u0131k g\u00f6r\u00fcld\u00fc.<\/p>\n<p>Kazakistan K\u00fclt\u00fcr ve Enformasyon Bakanl\u0131\u011f\u0131ndan yap\u0131lan a\u00e7\u0131klamaya g\u00f6re, T\u00fcrkmenistan\u2019\u0131n ba\u015fkenti A\u015fkabat\u2019ta Uluslararas\u0131 T\u00fcrk K\u00fclt\u00fcr\u00fc Te\u015fkilat\u0131n\u0131n (T\u00dcRKSOY) Daimi Konseyi 41. D\u00f6nem Toplant\u0131s\u0131 yap\u0131ld\u0131.<\/p>\n<p>T\u00dcRKSOY\u2019un gelecek seneye ili\u015fkin faaliyetlerinin de\u011ferlendirildi\u011fi toplant\u0131da, ayr\u0131ca \u201cT\u00fcrk D\u00fcnyas\u0131-2025 K\u00fclt\u00fcr Ba\u015fkenti\u201d \u00fcnvan\u0131n\u0131n Kazakistan\u2019\u0131n Aktau \u015fehrine verilmesi kararla\u015ft\u0131r\u0131ld\u0131.<\/p>\n<p>B\u00f6ylece, ge\u00e7en y\u0131l \u201cT\u00fcrk D\u00fcnyas\u0131-2024 K\u00fclt\u00fcr Ba\u015fkenti\u201d olan T\u00fcrkmenistan\u2019\u0131n Anev \u015fehri, d\u00fczenlenen \u015f\u00f6len ile \u00fcnvan\u0131n\u0131 Kazakistan\u2019\u0131n Aktau \u015fehrine devretti.<\/p>\n<p>\u2013 Kazakistan\u2019\u0131n tek liman kenti Aktau<\/p>\n<p>T\u00fcrk\u00e7ede \u201cbeyaz da\u011f\u201d anlam\u0131na gelen Aktau, Kazakistan\u2019\u0131n g\u00fcneybat\u0131s\u0131ndaki Mangistau Yar\u0131madas\u0131\u2019nda bulunuyor.<\/p>\n<p>\u200b\u200b\u200b\u200b\u200b\u200b\u200bMangistau eyaletinin idari merkezi olan Aktau, Hazar Denizi k\u0131y\u0131s\u0131ndaki konumu itibar\u0131yla Azerbaycan, Rusya, T\u00fcrkmenistan ve \u0130ran ile ortak deniz s\u0131n\u0131r\u0131n\u0131 payla\u015f\u0131yor.<\/p>\n<p>Aktau \u015fehrinin bulundu\u011fu Mangistau Yar\u0131madas\u0131 a\u00e7\u0131k hava m\u00fczesini and\u0131r\u0131yor. B\u00f6lge, \u00e7ok say\u0131da tarihi, arkeolojik ve k\u00fclt\u00fcrel miras\u0131 bar\u0131nd\u0131r\u0131yor.<\/p>\n<\/p><\/div>\n<p><script async\n                    defer\n                    crossorigin=\"anonymous\"\n                    src=\"https:\/\/connect.facebook.net\/tr_TR\/sdk.js#xfbml=1&#038;version=v3.3\"\n            ><\/script><\/p>\n","protected":false},"excerpt":{"rendered":"<p>Kazakistan\u2019\u0131n Hazar Denizi k\u0131y\u0131s\u0131ndaki Aktau \u015fehri, \u201cT\u00fcrk D\u00fcnyas\u0131-2025 K\u00fclt\u00fcr Ba\u015fkenti\u201d \u00fcnvan\u0131na lay\u0131k g\u00f6r\u00fcld\u00fc. Kazakistan K\u00fclt\u00fcr ve Enformasyon Bakanl\u0131\u011f\u0131ndan yap\u0131lan a\u00e7\u0131klamaya g\u00f6re, T\u00fcrkmenistan\u2019\u0131n ba\u015fkenti A\u015fkabat\u2019ta Uluslararas\u0131 T\u00fcrk K\u00fclt\u00fcr\u00fc Te\u015fkilat\u0131n\u0131n (T\u00dcRKSOY) Daimi Konseyi 41. D\u00f6nem Toplant\u0131s\u0131 yap\u0131ld\u0131. T\u00dcRKSOY\u2019un gelecek seneye ili\u015fkin faaliyetlerinin de\u011ferlendirildi\u011fi toplant\u0131da, ayr\u0131ca \u201cT\u00fcrk D\u00fcnyas\u0131-2025 K\u00fclt\u00fcr Ba\u015fkenti\u201d \u00fcnvan\u0131n\u0131n Kazakistan\u2019\u0131n Aktau \u015fehrine verilmesi kararla\u015ft\u0131r\u0131ld\u0131. B\u00f6ylece, ge\u00e7en<\/p>\n","protected":false},"author":1,"featured_media":69486,"comment_status":"open","ping_status":"open","sticky":false,"template":"","format":"standard","meta":{"footnotes":""},"categories":[1],"tags":[],"class_list":["post-69485","post","type-post","status-publish","format-standard","has-post-thumbnail","hentry","category-gundem"],"yoast_head":"<!-- This site is optimized with the Yoast SEO plugin v27.5 - https:\/\/yoast.com\/product\/yoast-seo-wordpress\/ -->\n<title>Kazakistan\u2019\u0131n Aktau \u015fehri, T\u00fcrk D\u00fcnyas\u0131\u2019n\u0131n yeni k\u00fclt\u00fcr ba\u015fkenti oldu -<\/title>\n<meta name=\"robots\" content=\"index, follow, max-snippet:-1, max-image-preview:large, max-video-preview:-1\" \/>\n<link rel=\"canonical\" href=\"https:\/\/kibrisdakik.com\/?p=69485\" \/>\n<meta property=\"og:locale\" content=\"tr_TR\" \/>\n<meta property=\"og:type\" content=\"article\" \/>\n<meta property=\"og:title\" content=\"Kazakistan\u2019\u0131n Aktau \u015fehri, T\u00fcrk D\u00fcnyas\u0131\u2019n\u0131n yeni k\u00fclt\u00fcr ba\u015fkenti oldu -\" \/>\n<meta property=\"og:description\" content=\"Kazakistan\u2019\u0131n Hazar Denizi k\u0131y\u0131s\u0131ndaki Aktau \u015fehri, \u201cT\u00fcrk D\u00fcnyas\u0131-2025 K\u00fclt\u00fcr Ba\u015fkenti\u201d \u00fcnvan\u0131na lay\u0131k g\u00f6r\u00fcld\u00fc. Kazakistan K\u00fclt\u00fcr ve Enformasyon Bakanl\u0131\u011f\u0131ndan yap\u0131lan a\u00e7\u0131klamaya g\u00f6re, T\u00fcrkmenistan\u2019\u0131n ba\u015fkenti A\u015fkabat\u2019ta Uluslararas\u0131 T\u00fcrk K\u00fclt\u00fcr\u00fc Te\u015fkilat\u0131n\u0131n (T\u00dcRKSOY) Daimi Konseyi 41. D\u00f6nem Toplant\u0131s\u0131 yap\u0131ld\u0131. T\u00dcRKSOY\u2019un gelecek seneye ili\u015fkin faaliyetlerinin de\u011ferlendirildi\u011fi toplant\u0131da, ayr\u0131ca \u201cT\u00fcrk D\u00fcnyas\u0131-2025 K\u00fclt\u00fcr Ba\u015fkenti\u201d \u00fcnvan\u0131n\u0131n Kazakistan\u2019\u0131n Aktau \u015fehrine verilmesi kararla\u015ft\u0131r\u0131ld\u0131. B\u00f6ylece, ge\u00e7en\" \/>\n<meta property=\"og:url\" content=\"https:\/\/kibrisdakik.com\/?p=69485\" \/>\n<meta property=\"article:published_time\" content=\"2024-11-18T17:31:25+00:00\" \/>\n<meta property=\"og:image\" content=\"https:\/\/kibrisdakik.com\/wp-content\/uploads\/2024\/11\/kazakistanin-aktau-sehri-turk-dunyasinin-yeni-kultur-baskenti-oldu-dcbab05-740x420.jpg\" \/>\n\t<meta property=\"og:image:width\" content=\"1200\" \/>\n\t<meta property=\"og:image:height\" content=\"606\" \/>\n\t<meta property=\"og:image:type\" content=\"image\/jpeg\" \/>\n<meta name=\"author\" content=\"admin\" \/>\n<meta name=\"twitter:card\" content=\"summary_large_image\" \/>\n<meta name=\"twitter:label1\" content=\"Yazan:\" \/>\n\t<meta name=\"twitter:data1\" content=\"admin\" \/>\n\t<meta name=\"twitter:label2\" content=\"Tahmini okuma s\u00fcresi\" \/>\n\t<meta name=\"twitter:data2\" content=\"1 dakika\" \/>\n<script type=\"application\/ld+json\" class=\"yoast-schema-graph\">{\"@context\":\"https:\\\/\\\/schema.org\",\"@graph\":[{\"@type\":\"Article\",\"@id\":\"https:\\\/\\\/kibrisdakik.com\\\/?p=69485#article\",\"isPartOf\":{\"@id\":\"https:\\\/\\\/kibrisdakik.com\\\/?p=69485\"},\"author\":{\"name\":\"admin\",\"@id\":\"https:\\\/\\\/kibrisdakik.com\\\/#\\\/schema\\\/person\\\/9cd9d437bbb44f72b73ba127e06d8e79\"},\"headline\":\"Kazakistan\u2019\u0131n Aktau \u015fehri, T\u00fcrk D\u00fcnyas\u0131\u2019n\u0131n yeni k\u00fclt\u00fcr ba\u015fkenti oldu\",\"datePublished\":\"2024-11-18T17:31:25+00:00\",\"mainEntityOfPage\":{\"@id\":\"https:\\\/\\\/kibrisdakik.com\\\/?p=69485\"},\"wordCount\":243,\"commentCount\":0,\"image\":{\"@id\":\"https:\\\/\\\/kibrisdakik.com\\\/?p=69485#primaryimage\"},\"thumbnailUrl\":\"https:\\\/\\\/kibrisdakik.com\\\/wp-content\\\/uploads\\\/2024\\\/11\\\/kazakistanin-aktau-sehri-turk-dunyasinin-yeni-kultur-baskenti-oldu-dcbab05-740x420.jpg\",\"articleSection\":[\"G\u00fcndem\"],\"inLanguage\":\"tr\",\"potentialAction\":[{\"@type\":\"CommentAction\",\"name\":\"Comment\",\"target\":[\"https:\\\/\\\/kibrisdakik.com\\\/?p=69485#respond\"]}]},{\"@type\":\"WebPage\",\"@id\":\"https:\\\/\\\/kibrisdakik.com\\\/?p=69485\",\"url\":\"https:\\\/\\\/kibrisdakik.com\\\/?p=69485\",\"name\":\"Kazakistan\u2019\u0131n Aktau \u015fehri, T\u00fcrk D\u00fcnyas\u0131\u2019n\u0131n yeni k\u00fclt\u00fcr ba\u015fkenti oldu -\",\"isPartOf\":{\"@id\":\"https:\\\/\\\/kibrisdakik.com\\\/#website\"},\"primaryImageOfPage\":{\"@id\":\"https:\\\/\\\/kibrisdakik.com\\\/?p=69485#primaryimage\"},\"image\":{\"@id\":\"https:\\\/\\\/kibrisdakik.com\\\/?p=69485#primaryimage\"},\"thumbnailUrl\":\"https:\\\/\\\/kibrisdakik.com\\\/wp-content\\\/uploads\\\/2024\\\/11\\\/kazakistanin-aktau-sehri-turk-dunyasinin-yeni-kultur-baskenti-oldu-dcbab05-740x420.jpg\",\"datePublished\":\"2024-11-18T17:31:25+00:00\",\"author\":{\"@id\":\"https:\\\/\\\/kibrisdakik.com\\\/#\\\/schema\\\/person\\\/9cd9d437bbb44f72b73ba127e06d8e79\"},\"breadcrumb\":{\"@id\":\"https:\\\/\\\/kibrisdakik.com\\\/?p=69485#breadcrumb\"},\"inLanguage\":\"tr\",\"potentialAction\":[{\"@type\":\"ReadAction\",\"target\":[\"https:\\\/\\\/kibrisdakik.com\\\/?p=69485\"]}]},{\"@type\":\"ImageObject\",\"inLanguage\":\"tr\",\"@id\":\"https:\\\/\\\/kibrisdakik.com\\\/?p=69485#primaryimage\",\"url\":\"https:\\\/\\\/kibrisdakik.com\\\/wp-content\\\/uploads\\\/2024\\\/11\\\/kazakistanin-aktau-sehri-turk-dunyasinin-yeni-kultur-baskenti-oldu-dcbab05-740x420.jpg\",\"contentUrl\":\"https:\\\/\\\/kibrisdakik.com\\\/wp-content\\\/uploads\\\/2024\\\/11\\\/kazakistanin-aktau-sehri-turk-dunyasinin-yeni-kultur-baskenti-oldu-dcbab05-740x420.jpg\",\"width\":1200,\"height\":606},{\"@type\":\"BreadcrumbList\",\"@id\":\"https:\\\/\\\/kibrisdakik.com\\\/?p=69485#breadcrumb\",\"itemListElement\":[{\"@type\":\"ListItem\",\"position\":1,\"name\":\"Home\",\"item\":\"https:\\\/\\\/kibrisdakik.com\\\/\"},{\"@type\":\"ListItem\",\"position\":2,\"name\":\"Kazakistan\u2019\u0131n Aktau \u015fehri, T\u00fcrk D\u00fcnyas\u0131\u2019n\u0131n yeni k\u00fclt\u00fcr ba\u015fkenti oldu\"}]},{\"@type\":\"WebSite\",\"@id\":\"https:\\\/\\\/kibrisdakik.com\\\/#website\",\"url\":\"https:\\\/\\\/kibrisdakik.com\\\/\",\"name\":\"\",\"description\":\"Tam vaktinde haber\",\"potentialAction\":[{\"@type\":\"SearchAction\",\"target\":{\"@type\":\"EntryPoint\",\"urlTemplate\":\"https:\\\/\\\/kibrisdakik.com\\\/?s={search_term_string}\"},\"query-input\":{\"@type\":\"PropertyValueSpecification\",\"valueRequired\":true,\"valueName\":\"search_term_string\"}}],\"inLanguage\":\"tr\"},{\"@type\":\"Person\",\"@id\":\"https:\\\/\\\/kibrisdakik.com\\\/#\\\/schema\\\/person\\\/9cd9d437bbb44f72b73ba127e06d8e79\",\"name\":\"admin\",\"image\":{\"@type\":\"ImageObject\",\"inLanguage\":\"tr\",\"@id\":\"https:\\\/\\\/secure.gravatar.com\\\/avatar\\\/ccc17943b9d660506c869530f897617f7cb1c21a4bf30023f252596d83e1f007?s=96&d=mm&r=g\",\"url\":\"https:\\\/\\\/secure.gravatar.com\\\/avatar\\\/ccc17943b9d660506c869530f897617f7cb1c21a4bf30023f252596d83e1f007?s=96&d=mm&r=g\",\"contentUrl\":\"https:\\\/\\\/secure.gravatar.com\\\/avatar\\\/ccc17943b9d660506c869530f897617f7cb1c21a4bf30023f252596d83e1f007?s=96&d=mm&r=g\",\"caption\":\"admin\"},\"sameAs\":[\"https:\\\/\\\/kibrisdakik.com\"],\"url\":\"https:\\\/\\\/kibrisdakik.com\\\/?author=1\"}]}<\/script>\n<!-- \/ Yoast SEO plugin. -->","yoast_head_json":{"title":"Kazakistan\u2019\u0131n Aktau \u015fehri, T\u00fcrk D\u00fcnyas\u0131\u2019n\u0131n yeni k\u00fclt\u00fcr ba\u015fkenti oldu -","robots":{"index":"index","follow":"follow","max-snippet":"max-snippet:-1","max-image-preview":"max-image-preview:large","max-video-preview":"max-video-preview:-1"},"canonical":"https:\/\/kibrisdakik.com\/?p=69485","og_locale":"tr_TR","og_type":"article","og_title":"Kazakistan\u2019\u0131n Aktau \u015fehri, T\u00fcrk D\u00fcnyas\u0131\u2019n\u0131n yeni k\u00fclt\u00fcr ba\u015fkenti oldu -","og_description":"Kazakistan\u2019\u0131n Hazar Denizi k\u0131y\u0131s\u0131ndaki Aktau \u015fehri, \u201cT\u00fcrk D\u00fcnyas\u0131-2025 K\u00fclt\u00fcr Ba\u015fkenti\u201d \u00fcnvan\u0131na lay\u0131k g\u00f6r\u00fcld\u00fc. Kazakistan K\u00fclt\u00fcr ve Enformasyon Bakanl\u0131\u011f\u0131ndan yap\u0131lan a\u00e7\u0131klamaya g\u00f6re, T\u00fcrkmenistan\u2019\u0131n ba\u015fkenti A\u015fkabat\u2019ta Uluslararas\u0131 T\u00fcrk K\u00fclt\u00fcr\u00fc Te\u015fkilat\u0131n\u0131n (T\u00dcRKSOY) Daimi Konseyi 41. D\u00f6nem Toplant\u0131s\u0131 yap\u0131ld\u0131. T\u00dcRKSOY\u2019un gelecek seneye ili\u015fkin faaliyetlerinin de\u011ferlendirildi\u011fi toplant\u0131da, ayr\u0131ca \u201cT\u00fcrk D\u00fcnyas\u0131-2025 K\u00fclt\u00fcr Ba\u015fkenti\u201d \u00fcnvan\u0131n\u0131n Kazakistan\u2019\u0131n Aktau \u015fehrine verilmesi kararla\u015ft\u0131r\u0131ld\u0131. B\u00f6ylece, ge\u00e7en","og_url":"https:\/\/kibrisdakik.com\/?p=69485","article_published_time":"2024-11-18T17:31:25+00:00","og_image":[{"width":1200,"height":606,"url":"https:\/\/kibrisdakik.com\/wp-content\/uploads\/2024\/11\/kazakistanin-aktau-sehri-turk-dunyasinin-yeni-kultur-baskenti-oldu-dcbab05-740x420.jpg","type":"image\/jpeg"}],"author":"admin","twitter_card":"summary_large_image","twitter_misc":{"Yazan:":"admin","Tahmini okuma s\u00fcresi":"1 dakika"},"schema":{"@context":"https:\/\/schema.org","@graph":[{"@type":"Article","@id":"https:\/\/kibrisdakik.com\/?p=69485#article","isPartOf":{"@id":"https:\/\/kibrisdakik.com\/?p=69485"},"author":{"name":"admin","@id":"https:\/\/kibrisdakik.com\/#\/schema\/person\/9cd9d437bbb44f72b73ba127e06d8e79"},"headline":"Kazakistan\u2019\u0131n Aktau \u015fehri, T\u00fcrk D\u00fcnyas\u0131\u2019n\u0131n yeni k\u00fclt\u00fcr ba\u015fkenti oldu","datePublished":"2024-11-18T17:31:25+00:00","mainEntityOfPage":{"@id":"https:\/\/kibrisdakik.com\/?p=69485"},"wordCount":243,"commentCount":0,"image":{"@id":"https:\/\/kibrisdakik.com\/?p=69485#primaryimage"},"thumbnailUrl":"https:\/\/kibrisdakik.com\/wp-content\/uploads\/2024\/11\/kazakistanin-aktau-sehri-turk-dunyasinin-yeni-kultur-baskenti-oldu-dcbab05-740x420.jpg","articleSection":["G\u00fcndem"],"inLanguage":"tr","potentialAction":[{"@type":"CommentAction","name":"Comment","target":["https:\/\/kibrisdakik.com\/?p=69485#respond"]}]},{"@type":"WebPage","@id":"https:\/\/kibrisdakik.com\/?p=69485","url":"https:\/\/kibrisdakik.com\/?p=69485","name":"Kazakistan\u2019\u0131n Aktau \u015fehri, T\u00fcrk D\u00fcnyas\u0131\u2019n\u0131n yeni k\u00fclt\u00fcr ba\u015fkenti oldu -","isPartOf":{"@id":"https:\/\/kibrisdakik.com\/#website"},"primaryImageOfPage":{"@id":"https:\/\/kibrisdakik.com\/?p=69485#primaryimage"},"image":{"@id":"https:\/\/kibrisdakik.com\/?p=69485#primaryimage"},"thumbnailUrl":"https:\/\/kibrisdakik.com\/wp-content\/uploads\/2024\/11\/kazakistanin-aktau-sehri-turk-dunyasinin-yeni-kultur-baskenti-oldu-dcbab05-740x420.jpg","datePublished":"2024-11-18T17:31:25+00:00","author":{"@id":"https:\/\/kibrisdakik.com\/#\/schema\/person\/9cd9d437bbb44f72b73ba127e06d8e79"},"breadcrumb":{"@id":"https:\/\/kibrisdakik.com\/?p=69485#breadcrumb"},"inLanguage":"tr","potentialAction":[{"@type":"ReadAction","target":["https:\/\/kibrisdakik.com\/?p=69485"]}]},{"@type":"ImageObject","inLanguage":"tr","@id":"https:\/\/kibrisdakik.com\/?p=69485#primaryimage","url":"https:\/\/kibrisdakik.com\/wp-content\/uploads\/2024\/11\/kazakistanin-aktau-sehri-turk-dunyasinin-yeni-kultur-baskenti-oldu-dcbab05-740x420.jpg","contentUrl":"https:\/\/kibrisdakik.com\/wp-content\/uploads\/2024\/11\/kazakistanin-aktau-sehri-turk-dunyasinin-yeni-kultur-baskenti-oldu-dcbab05-740x420.jpg","width":1200,"height":606},{"@type":"BreadcrumbList","@id":"https:\/\/kibrisdakik.com\/?p=69485#breadcrumb","itemListElement":[{"@type":"ListItem","position":1,"name":"Home","item":"https:\/\/kibrisdakik.com\/"},{"@type":"ListItem","position":2,"name":"Kazakistan\u2019\u0131n Aktau \u015fehri, T\u00fcrk D\u00fcnyas\u0131\u2019n\u0131n yeni k\u00fclt\u00fcr ba\u015fkenti oldu"}]},{"@type":"WebSite","@id":"https:\/\/kibrisdakik.com\/#website","url":"https:\/\/kibrisdakik.com\/","name":"","description":"Tam vaktinde haber","potentialAction":[{"@type":"SearchAction","target":{"@type":"EntryPoint","urlTemplate":"https:\/\/kibrisdakik.com\/?s={search_term_string}"},"query-input":{"@type":"PropertyValueSpecification","valueRequired":true,"valueName":"search_term_string"}}],"inLanguage":"tr"},{"@type":"Person","@id":"https:\/\/kibrisdakik.com\/#\/schema\/person\/9cd9d437bbb44f72b73ba127e06d8e79","name":"admin","image":{"@type":"ImageObject","inLanguage":"tr","@id":"https:\/\/secure.gravatar.com\/avatar\/ccc17943b9d660506c869530f897617f7cb1c21a4bf30023f252596d83e1f007?s=96&d=mm&r=g","url":"https:\/\/secure.gravatar.com\/avatar\/ccc17943b9d660506c869530f897617f7cb1c21a4bf30023f252596d83e1f007?s=96&d=mm&r=g","contentUrl":"https:\/\/secure.gravatar.com\/avatar\/ccc17943b9d660506c869530f897617f7cb1c21a4bf30023f252596d83e1f007?s=96&d=mm&r=g","caption":"admin"},"sameAs":["https:\/\/kibrisdakik.com"],"url":"https:\/\/kibrisdakik.com\/?author=1"}]}},"_links":{"self":[{"href":"https:\/\/kibrisdakik.com\/index.php?rest_route=\/wp\/v2\/posts\/69485","targetHints":{"allow":["GET"]}}],"collection":[{"href":"https:\/\/kibrisdakik.com\/index.php?rest_route=\/wp\/v2\/posts"}],"about":[{"href":"https:\/\/kibrisdakik.com\/index.php?rest_route=\/wp\/v2\/types\/post"}],"author":[{"embeddable":true,"href":"https:\/\/kibrisdakik.com\/index.php?rest_route=\/wp\/v2\/users\/1"}],"replies":[{"embeddable":true,"href":"https:\/\/kibrisdakik.com\/index.php?rest_route=%2Fwp%2Fv2%2Fcomments&post=69485"}],"version-history":[{"count":0,"href":"https:\/\/kibrisdakik.com\/index.php?rest_route=\/wp\/v2\/posts\/69485\/revisions"}],"wp:featuredmedia":[{"embeddable":true,"href":"https:\/\/kibrisdakik.com\/index.php?rest_route=\/wp\/v2\/media\/69486"}],"wp:attachment":[{"href":"https:\/\/kibrisdakik.com\/index.php?rest_route=%2Fwp%2Fv2%2Fmedia&parent=69485"}],"wp:term":[{"taxonomy":"category","embeddable":true,"href":"https:\/\/kibrisdakik.com\/index.php?rest_route=%2Fwp%2Fv2%2Fcategories&post=69485"},{"taxonomy":"post_tag","embeddable":true,"href":"https:\/\/kibrisdakik.com\/index.php?rest_route=%2Fwp%2Fv2%2Ftags&post=69485"}],"curies":[{"name":"wp","href":"https:\/\/api.w.org\/{rel}","templated":true}]}}