{"id":69491,"date":"2024-11-19T08:45:56","date_gmt":"2024-11-19T05:45:56","guid":{"rendered":"https:\/\/kibrisdakik.com\/index.php\/2024\/11\/19\/gikad-ile-ankara-universitesi-siyasal-bilgiler-fakultesi-isbirligiyle-siyaset-ve-liderlik-okulu-sonbahar-programi-basladi\/"},"modified":"2024-11-19T08:45:56","modified_gmt":"2024-11-19T05:45:56","slug":"gikad-ile-ankara-universitesi-siyasal-bilgiler-fakultesi-isbirligiyle-siyaset-ve-liderlik-okulu-sonbahar-programi-basladi","status":"publish","type":"post","link":"https:\/\/kibrisdakik.com\/?p=69491","title":{"rendered":"G\u0130KAD ile Ankara \u00dcniversitesi Siyasal Bilgiler Fak\u00fcltesi i\u015fbirli\u011fiyle Siyaset ve Liderlik Okulu Sonbahar Program\u0131 ba\u015flad\u0131"},"content":{"rendered":"<div>\n<div class=\"mariselle-image-container center\">\n                                            <\/div>\n<p>K\u0131br\u0131s T\u00fcrk Giri\u015fimci Kad\u0131nlar Derne\u011fi  (G\u0130KAD) ile Ankara \u00dcniversitesi Siyasal Bilgiler Fak\u00fcltesi i\u015fbirli\u011fiyle Siyaset ve Liderlik Okulu Sonbahar Program\u0131 ba\u015flad\u0131.  <\/p>\n<p>Program, 20 Kas\u0131m- 15 Ocak tarihleri aras\u0131nda her \u00c7ar\u015famba 17.00 \u2013 20.00 saatleri aras\u0131 yap\u0131lacak.<br \/>Alan\u0131nda uzman 17 e\u011fitmenin katk\u0131lar\u0131yla sunulacak programda, siyaset bilimi, liderlik, diplomasi, etkili konu\u015fma gibi konular\u0131 i\u00e7eren 16 ders bulunuyor. <\/p>\n<p>K\u0131br\u0131s T\u00fcrk Sanayi Odas\u0131\u2019nda a\u00e7\u0131l\u0131\u015f\u0131 ger\u00e7ekle\u015ftirilen a\u00e7\u0131l\u0131\u015f program\u0131nda konu\u015fan Do\u011fu Akdeniz \u00dcniversitesi \u00d6\u011fretim \u00dcyesi Do\u00e7. Dr. S\u00fcheyla Erbilen, yasam boyu \u00f6\u011frenmenin \u00f6nemine vuru yaparak, \u201cE\u011fitim sadece okuldan ibaret de\u011fildir. Hem kendimiz hem de toplumumuz i\u00e7in \u00f6\u011frenmeye devam etmeliyiz\u201d diye konu\u015ftu.<\/p>\n<p>G\u0130KAD Ba\u015fkan\u0131 \u0130\u00e7im \u00c7a\u011f\u0131ner Kavuklu da toplumsal d\u00f6n\u00fc\u015f\u00fcm i\u00e7in kad\u0131nlar\u0131n ekonomiye ve siyasete daha \u00e7ok kat\u0131lmas\u0131 gerekti\u011fine i\u015faret etti.<br \/>D\u00fcnya Ekonomik Formu 2023 \u2018de 146 \u00fclkeden k\u00fcresel e\u015fitlik konusunda yap\u0131lan ara\u015ft\u0131rmalar hakk\u0131nda bilgi veren Kavuklu, \u201c Kad\u0131nlar\u0131n siyasete kat\u0131l\u0131m oran\u0131n\u0131n  y\u00fczde 122.1\u201d olarak belirlendi\u011fini aktard\u0131. Kavuklu, siyasette kad\u0131nlar\u0131n daha aktif bir rol \u00fcstlenmesi gerekti\u011fini de vurgu yapt\u0131.<\/p>\n<p>Kavuklu, \u201cKad\u0131nlar\u0131n siyasete kat\u0131l\u0131m\u0131na destek vermek amaciyla \u00e7al\u0131\u015fmalar\u0131z devam edecek. Liderlik y\u00fcrekle ilgilidir. Bizlerde bu y\u00fcrek olduktan sonra liderli\u011fe ad\u0131m ataca\u011f\u0131m\u0131zdan eminim\u201d dedi.<br \/>Ankara Universitesi Siyasal Bilgiler FakultesiDekani Prof. Dr. Orhan \u00c7elik de egitim program\u0131nda yer almaktan dolay\u0131 onur duydu\u011funu ifade etti. <\/p>\n<p>Ba\u011f\u0131ms\u0131z Milletvekili Ay\u015feg\u00fcl Baybars ise ata erkil toplumlarda, kad\u0131nlar\u0131n siyasete kat\u0131lmas\u0131n\u0131n kolay olmad\u0131\u011f\u0131n\u0131 dile getirdi.<\/p>\n<p>Kad\u0131nlar\u0131n siyasette pasif olarak g\u00f6r\u00fcld\u00fc\u011f\u00fcn\u00fc belirten Baybars, bu konuda  Giri\u015fimci Kad\u0131nlar Derne\u011fi\u2019nin \u00f6nemli bir rol \u00fcstlenerek, \u00e7al\u0131\u015fmalar\u0131yla \u201ckad\u0131nlar\u0131n sesi\u201d olmaya devam ettiklerini kaydetti.<br \/>Baybars, \u201cSiyasette kad\u0131n\u0131n rol alabilmesi icin kad\u0131n\u0131n ekonomik \u00f6zg\u00fcrl\u00fc\u011f\u00fcne sahip \u00e7\u0131kmas\u0131 ve kendi ayaklar \u00fcst\u00fcmde durabilmeyi ba\u015farmas\u0131 en b\u00fcy\u00fck EVET\u2019dir. Kad\u0131n erkek farketmez, bu topluma hizmet etmek g\u00f6revini \u00fcstlenmek isteyen herkese yol vard\u0131r\u201d dedi.<br \/>Konu\u015fmalar\u0131n ard\u0131ndan sunumlara ge\u00e7ildi<\/p>\n<\/p><\/div>\n<p><script async\n                    defer\n                    crossorigin=\"anonymous\"\n                    src=\"https:\/\/connect.facebook.net\/tr_TR\/sdk.js#xfbml=1&#038;version=v3.3\"\n            ><\/script><\/p>\n","protected":false},"excerpt":{"rendered":"<p>K\u0131br\u0131s T\u00fcrk Giri\u015fimci Kad\u0131nlar Derne\u011fi (G\u0130KAD) ile Ankara \u00dcniversitesi Siyasal Bilgiler Fak\u00fcltesi i\u015fbirli\u011fiyle Siyaset ve Liderlik Okulu Sonbahar Program\u0131 ba\u015flad\u0131. Program, 20 Kas\u0131m- 15 Ocak tarihleri aras\u0131nda her \u00c7ar\u015famba 17.00 \u2013 20.00 saatleri aras\u0131 yap\u0131lacak.Alan\u0131nda uzman 17 e\u011fitmenin katk\u0131lar\u0131yla sunulacak programda, siyaset bilimi, liderlik, diplomasi, etkili konu\u015fma gibi konular\u0131 i\u00e7eren 16 ders bulunuyor. K\u0131br\u0131s T\u00fcrk<\/p>\n","protected":false},"author":1,"featured_media":69492,"comment_status":"open","ping_status":"open","sticky":false,"template":"","format":"standard","meta":{"footnotes":""},"categories":[81],"tags":[],"class_list":["post-69491","post","type-post","status-publish","format-standard","has-post-thumbnail","hentry","category-kibris"],"yoast_head":"<!-- This site is optimized with the Yoast SEO plugin v27.5 - https:\/\/yoast.com\/product\/yoast-seo-wordpress\/ -->\n<title>G\u0130KAD ile Ankara \u00dcniversitesi Siyasal Bilgiler Fak\u00fcltesi i\u015fbirli\u011fiyle Siyaset ve Liderlik Okulu Sonbahar Program\u0131 ba\u015flad\u0131 -<\/title>\n<meta name=\"robots\" content=\"index, follow, max-snippet:-1, max-image-preview:large, max-video-preview:-1\" \/>\n<link rel=\"canonical\" href=\"https:\/\/kibrisdakik.com\/?p=69491\" \/>\n<meta property=\"og:locale\" content=\"tr_TR\" \/>\n<meta property=\"og:type\" content=\"article\" \/>\n<meta property=\"og:title\" content=\"G\u0130KAD ile Ankara \u00dcniversitesi Siyasal Bilgiler Fak\u00fcltesi i\u015fbirli\u011fiyle Siyaset ve Liderlik Okulu Sonbahar Program\u0131 ba\u015flad\u0131 -\" \/>\n<meta property=\"og:description\" content=\"K\u0131br\u0131s T\u00fcrk Giri\u015fimci Kad\u0131nlar Derne\u011fi (G\u0130KAD) ile Ankara \u00dcniversitesi Siyasal Bilgiler Fak\u00fcltesi i\u015fbirli\u011fiyle Siyaset ve Liderlik Okulu Sonbahar Program\u0131 ba\u015flad\u0131. Program, 20 Kas\u0131m- 15 Ocak tarihleri aras\u0131nda her \u00c7ar\u015famba 17.00 \u2013 20.00 saatleri aras\u0131 yap\u0131lacak.Alan\u0131nda uzman 17 e\u011fitmenin katk\u0131lar\u0131yla sunulacak programda, siyaset bilimi, liderlik, diplomasi, etkili konu\u015fma gibi konular\u0131 i\u00e7eren 16 ders bulunuyor. K\u0131br\u0131s T\u00fcrk\" \/>\n<meta property=\"og:url\" content=\"https:\/\/kibrisdakik.com\/?p=69491\" \/>\n<meta property=\"article:published_time\" content=\"2024-11-19T05:45:56+00:00\" \/>\n<meta property=\"og:image\" content=\"https:\/\/kibrisdakik.com\/wp-content\/uploads\/2024\/11\/ik-horz-740x318.jpg\" \/>\n\t<meta property=\"og:image:width\" content=\"1199\" \/>\n\t<meta property=\"og:image:height\" content=\"318\" \/>\n\t<meta property=\"og:image:type\" content=\"image\/jpeg\" \/>\n<meta name=\"author\" content=\"admin\" \/>\n<meta name=\"twitter:card\" content=\"summary_large_image\" \/>\n<meta name=\"twitter:label1\" content=\"Yazan:\" \/>\n\t<meta name=\"twitter:data1\" content=\"admin\" \/>\n\t<meta name=\"twitter:label2\" content=\"Tahmini okuma s\u00fcresi\" \/>\n\t<meta name=\"twitter:data2\" content=\"2 dakika\" \/>\n<script type=\"application\/ld+json\" class=\"yoast-schema-graph\">{\"@context\":\"https:\\\/\\\/schema.org\",\"@graph\":[{\"@type\":\"Article\",\"@id\":\"https:\\\/\\\/kibrisdakik.com\\\/?p=69491#article\",\"isPartOf\":{\"@id\":\"https:\\\/\\\/kibrisdakik.com\\\/?p=69491\"},\"author\":{\"name\":\"admin\",\"@id\":\"https:\\\/\\\/kibrisdakik.com\\\/#\\\/schema\\\/person\\\/9cd9d437bbb44f72b73ba127e06d8e79\"},\"headline\":\"G\u0130KAD ile Ankara \u00dcniversitesi Siyasal Bilgiler Fak\u00fcltesi i\u015fbirli\u011fiyle Siyaset ve Liderlik Okulu Sonbahar Program\u0131 ba\u015flad\u0131\",\"datePublished\":\"2024-11-19T05:45:56+00:00\",\"mainEntityOfPage\":{\"@id\":\"https:\\\/\\\/kibrisdakik.com\\\/?p=69491\"},\"wordCount\":400,\"commentCount\":0,\"image\":{\"@id\":\"https:\\\/\\\/kibrisdakik.com\\\/?p=69491#primaryimage\"},\"thumbnailUrl\":\"https:\\\/\\\/kibrisdakik.com\\\/wp-content\\\/uploads\\\/2024\\\/11\\\/ik-horz-740x318.jpg\",\"articleSection\":[\"K\u0131br\u0131s\"],\"inLanguage\":\"tr\",\"potentialAction\":[{\"@type\":\"CommentAction\",\"name\":\"Comment\",\"target\":[\"https:\\\/\\\/kibrisdakik.com\\\/?p=69491#respond\"]}]},{\"@type\":\"WebPage\",\"@id\":\"https:\\\/\\\/kibrisdakik.com\\\/?p=69491\",\"url\":\"https:\\\/\\\/kibrisdakik.com\\\/?p=69491\",\"name\":\"G\u0130KAD ile Ankara \u00dcniversitesi Siyasal Bilgiler Fak\u00fcltesi i\u015fbirli\u011fiyle Siyaset ve Liderlik Okulu Sonbahar Program\u0131 ba\u015flad\u0131 -\",\"isPartOf\":{\"@id\":\"https:\\\/\\\/kibrisdakik.com\\\/#website\"},\"primaryImageOfPage\":{\"@id\":\"https:\\\/\\\/kibrisdakik.com\\\/?p=69491#primaryimage\"},\"image\":{\"@id\":\"https:\\\/\\\/kibrisdakik.com\\\/?p=69491#primaryimage\"},\"thumbnailUrl\":\"https:\\\/\\\/kibrisdakik.com\\\/wp-content\\\/uploads\\\/2024\\\/11\\\/ik-horz-740x318.jpg\",\"datePublished\":\"2024-11-19T05:45:56+00:00\",\"author\":{\"@id\":\"https:\\\/\\\/kibrisdakik.com\\\/#\\\/schema\\\/person\\\/9cd9d437bbb44f72b73ba127e06d8e79\"},\"breadcrumb\":{\"@id\":\"https:\\\/\\\/kibrisdakik.com\\\/?p=69491#breadcrumb\"},\"inLanguage\":\"tr\",\"potentialAction\":[{\"@type\":\"ReadAction\",\"target\":[\"https:\\\/\\\/kibrisdakik.com\\\/?p=69491\"]}]},{\"@type\":\"ImageObject\",\"inLanguage\":\"tr\",\"@id\":\"https:\\\/\\\/kibrisdakik.com\\\/?p=69491#primaryimage\",\"url\":\"https:\\\/\\\/kibrisdakik.com\\\/wp-content\\\/uploads\\\/2024\\\/11\\\/ik-horz-740x318.jpg\",\"contentUrl\":\"https:\\\/\\\/kibrisdakik.com\\\/wp-content\\\/uploads\\\/2024\\\/11\\\/ik-horz-740x318.jpg\",\"width\":1199,\"height\":318},{\"@type\":\"BreadcrumbList\",\"@id\":\"https:\\\/\\\/kibrisdakik.com\\\/?p=69491#breadcrumb\",\"itemListElement\":[{\"@type\":\"ListItem\",\"position\":1,\"name\":\"Home\",\"item\":\"https:\\\/\\\/kibrisdakik.com\\\/\"},{\"@type\":\"ListItem\",\"position\":2,\"name\":\"G\u0130KAD ile Ankara \u00dcniversitesi Siyasal Bilgiler Fak\u00fcltesi i\u015fbirli\u011fiyle Siyaset ve Liderlik Okulu Sonbahar Program\u0131 ba\u015flad\u0131\"}]},{\"@type\":\"WebSite\",\"@id\":\"https:\\\/\\\/kibrisdakik.com\\\/#website\",\"url\":\"https:\\\/\\\/kibrisdakik.com\\\/\",\"name\":\"\",\"description\":\"Tam vaktinde haber\",\"potentialAction\":[{\"@type\":\"SearchAction\",\"target\":{\"@type\":\"EntryPoint\",\"urlTemplate\":\"https:\\\/\\\/kibrisdakik.com\\\/?s={search_term_string}\"},\"query-input\":{\"@type\":\"PropertyValueSpecification\",\"valueRequired\":true,\"valueName\":\"search_term_string\"}}],\"inLanguage\":\"tr\"},{\"@type\":\"Person\",\"@id\":\"https:\\\/\\\/kibrisdakik.com\\\/#\\\/schema\\\/person\\\/9cd9d437bbb44f72b73ba127e06d8e79\",\"name\":\"admin\",\"image\":{\"@type\":\"ImageObject\",\"inLanguage\":\"tr\",\"@id\":\"https:\\\/\\\/secure.gravatar.com\\\/avatar\\\/ccc17943b9d660506c869530f897617f7cb1c21a4bf30023f252596d83e1f007?s=96&d=mm&r=g\",\"url\":\"https:\\\/\\\/secure.gravatar.com\\\/avatar\\\/ccc17943b9d660506c869530f897617f7cb1c21a4bf30023f252596d83e1f007?s=96&d=mm&r=g\",\"contentUrl\":\"https:\\\/\\\/secure.gravatar.com\\\/avatar\\\/ccc17943b9d660506c869530f897617f7cb1c21a4bf30023f252596d83e1f007?s=96&d=mm&r=g\",\"caption\":\"admin\"},\"sameAs\":[\"https:\\\/\\\/kibrisdakik.com\"],\"url\":\"https:\\\/\\\/kibrisdakik.com\\\/?author=1\"}]}<\/script>\n<!-- \/ Yoast SEO plugin. -->","yoast_head_json":{"title":"G\u0130KAD ile Ankara \u00dcniversitesi Siyasal Bilgiler Fak\u00fcltesi i\u015fbirli\u011fiyle Siyaset ve Liderlik Okulu Sonbahar Program\u0131 ba\u015flad\u0131 -","robots":{"index":"index","follow":"follow","max-snippet":"max-snippet:-1","max-image-preview":"max-image-preview:large","max-video-preview":"max-video-preview:-1"},"canonical":"https:\/\/kibrisdakik.com\/?p=69491","og_locale":"tr_TR","og_type":"article","og_title":"G\u0130KAD ile Ankara \u00dcniversitesi Siyasal Bilgiler Fak\u00fcltesi i\u015fbirli\u011fiyle Siyaset ve Liderlik Okulu Sonbahar Program\u0131 ba\u015flad\u0131 -","og_description":"K\u0131br\u0131s T\u00fcrk Giri\u015fimci Kad\u0131nlar Derne\u011fi (G\u0130KAD) ile Ankara \u00dcniversitesi Siyasal Bilgiler Fak\u00fcltesi i\u015fbirli\u011fiyle Siyaset ve Liderlik Okulu Sonbahar Program\u0131 ba\u015flad\u0131. Program, 20 Kas\u0131m- 15 Ocak tarihleri aras\u0131nda her \u00c7ar\u015famba 17.00 \u2013 20.00 saatleri aras\u0131 yap\u0131lacak.Alan\u0131nda uzman 17 e\u011fitmenin katk\u0131lar\u0131yla sunulacak programda, siyaset bilimi, liderlik, diplomasi, etkili konu\u015fma gibi konular\u0131 i\u00e7eren 16 ders bulunuyor. K\u0131br\u0131s T\u00fcrk","og_url":"https:\/\/kibrisdakik.com\/?p=69491","article_published_time":"2024-11-19T05:45:56+00:00","og_image":[{"width":1199,"height":318,"url":"https:\/\/kibrisdakik.com\/wp-content\/uploads\/2024\/11\/ik-horz-740x318.jpg","type":"image\/jpeg"}],"author":"admin","twitter_card":"summary_large_image","twitter_misc":{"Yazan:":"admin","Tahmini okuma s\u00fcresi":"2 dakika"},"schema":{"@context":"https:\/\/schema.org","@graph":[{"@type":"Article","@id":"https:\/\/kibrisdakik.com\/?p=69491#article","isPartOf":{"@id":"https:\/\/kibrisdakik.com\/?p=69491"},"author":{"name":"admin","@id":"https:\/\/kibrisdakik.com\/#\/schema\/person\/9cd9d437bbb44f72b73ba127e06d8e79"},"headline":"G\u0130KAD ile Ankara \u00dcniversitesi Siyasal Bilgiler Fak\u00fcltesi i\u015fbirli\u011fiyle Siyaset ve Liderlik Okulu Sonbahar Program\u0131 ba\u015flad\u0131","datePublished":"2024-11-19T05:45:56+00:00","mainEntityOfPage":{"@id":"https:\/\/kibrisdakik.com\/?p=69491"},"wordCount":400,"commentCount":0,"image":{"@id":"https:\/\/kibrisdakik.com\/?p=69491#primaryimage"},"thumbnailUrl":"https:\/\/kibrisdakik.com\/wp-content\/uploads\/2024\/11\/ik-horz-740x318.jpg","articleSection":["K\u0131br\u0131s"],"inLanguage":"tr","potentialAction":[{"@type":"CommentAction","name":"Comment","target":["https:\/\/kibrisdakik.com\/?p=69491#respond"]}]},{"@type":"WebPage","@id":"https:\/\/kibrisdakik.com\/?p=69491","url":"https:\/\/kibrisdakik.com\/?p=69491","name":"G\u0130KAD ile Ankara \u00dcniversitesi Siyasal Bilgiler Fak\u00fcltesi i\u015fbirli\u011fiyle Siyaset ve Liderlik Okulu Sonbahar Program\u0131 ba\u015flad\u0131 -","isPartOf":{"@id":"https:\/\/kibrisdakik.com\/#website"},"primaryImageOfPage":{"@id":"https:\/\/kibrisdakik.com\/?p=69491#primaryimage"},"image":{"@id":"https:\/\/kibrisdakik.com\/?p=69491#primaryimage"},"thumbnailUrl":"https:\/\/kibrisdakik.com\/wp-content\/uploads\/2024\/11\/ik-horz-740x318.jpg","datePublished":"2024-11-19T05:45:56+00:00","author":{"@id":"https:\/\/kibrisdakik.com\/#\/schema\/person\/9cd9d437bbb44f72b73ba127e06d8e79"},"breadcrumb":{"@id":"https:\/\/kibrisdakik.com\/?p=69491#breadcrumb"},"inLanguage":"tr","potentialAction":[{"@type":"ReadAction","target":["https:\/\/kibrisdakik.com\/?p=69491"]}]},{"@type":"ImageObject","inLanguage":"tr","@id":"https:\/\/kibrisdakik.com\/?p=69491#primaryimage","url":"https:\/\/kibrisdakik.com\/wp-content\/uploads\/2024\/11\/ik-horz-740x318.jpg","contentUrl":"https:\/\/kibrisdakik.com\/wp-content\/uploads\/2024\/11\/ik-horz-740x318.jpg","width":1199,"height":318},{"@type":"BreadcrumbList","@id":"https:\/\/kibrisdakik.com\/?p=69491#breadcrumb","itemListElement":[{"@type":"ListItem","position":1,"name":"Home","item":"https:\/\/kibrisdakik.com\/"},{"@type":"ListItem","position":2,"name":"G\u0130KAD ile Ankara \u00dcniversitesi Siyasal Bilgiler Fak\u00fcltesi i\u015fbirli\u011fiyle Siyaset ve Liderlik Okulu Sonbahar Program\u0131 ba\u015flad\u0131"}]},{"@type":"WebSite","@id":"https:\/\/kibrisdakik.com\/#website","url":"https:\/\/kibrisdakik.com\/","name":"","description":"Tam vaktinde haber","potentialAction":[{"@type":"SearchAction","target":{"@type":"EntryPoint","urlTemplate":"https:\/\/kibrisdakik.com\/?s={search_term_string}"},"query-input":{"@type":"PropertyValueSpecification","valueRequired":true,"valueName":"search_term_string"}}],"inLanguage":"tr"},{"@type":"Person","@id":"https:\/\/kibrisdakik.com\/#\/schema\/person\/9cd9d437bbb44f72b73ba127e06d8e79","name":"admin","image":{"@type":"ImageObject","inLanguage":"tr","@id":"https:\/\/secure.gravatar.com\/avatar\/ccc17943b9d660506c869530f897617f7cb1c21a4bf30023f252596d83e1f007?s=96&d=mm&r=g","url":"https:\/\/secure.gravatar.com\/avatar\/ccc17943b9d660506c869530f897617f7cb1c21a4bf30023f252596d83e1f007?s=96&d=mm&r=g","contentUrl":"https:\/\/secure.gravatar.com\/avatar\/ccc17943b9d660506c869530f897617f7cb1c21a4bf30023f252596d83e1f007?s=96&d=mm&r=g","caption":"admin"},"sameAs":["https:\/\/kibrisdakik.com"],"url":"https:\/\/kibrisdakik.com\/?author=1"}]}},"_links":{"self":[{"href":"https:\/\/kibrisdakik.com\/index.php?rest_route=\/wp\/v2\/posts\/69491","targetHints":{"allow":["GET"]}}],"collection":[{"href":"https:\/\/kibrisdakik.com\/index.php?rest_route=\/wp\/v2\/posts"}],"about":[{"href":"https:\/\/kibrisdakik.com\/index.php?rest_route=\/wp\/v2\/types\/post"}],"author":[{"embeddable":true,"href":"https:\/\/kibrisdakik.com\/index.php?rest_route=\/wp\/v2\/users\/1"}],"replies":[{"embeddable":true,"href":"https:\/\/kibrisdakik.com\/index.php?rest_route=%2Fwp%2Fv2%2Fcomments&post=69491"}],"version-history":[{"count":0,"href":"https:\/\/kibrisdakik.com\/index.php?rest_route=\/wp\/v2\/posts\/69491\/revisions"}],"wp:featuredmedia":[{"embeddable":true,"href":"https:\/\/kibrisdakik.com\/index.php?rest_route=\/wp\/v2\/media\/69492"}],"wp:attachment":[{"href":"https:\/\/kibrisdakik.com\/index.php?rest_route=%2Fwp%2Fv2%2Fmedia&parent=69491"}],"wp:term":[{"taxonomy":"category","embeddable":true,"href":"https:\/\/kibrisdakik.com\/index.php?rest_route=%2Fwp%2Fv2%2Fcategories&post=69491"},{"taxonomy":"post_tag","embeddable":true,"href":"https:\/\/kibrisdakik.com\/index.php?rest_route=%2Fwp%2Fv2%2Ftags&post=69491"}],"curies":[{"name":"wp","href":"https:\/\/api.w.org\/{rel}","templated":true}]}}