{"id":69536,"date":"2024-11-19T18:00:56","date_gmt":"2024-11-19T15:00:56","guid":{"rendered":"https:\/\/kibrisdakik.com\/index.php\/2024\/11\/19\/komitede-cumhurbaskanligi-butcesi-gorusuluyor\/"},"modified":"2024-11-19T18:00:56","modified_gmt":"2024-11-19T15:00:56","slug":"komitede-cumhurbaskanligi-butcesi-gorusuluyor","status":"publish","type":"post","link":"https:\/\/kibrisdakik.com\/?p=69536","title":{"rendered":"Komitede Cumhurba\u015fkanl\u0131\u011f\u0131 b\u00fct\u00e7esi g\u00f6r\u00fc\u015f\u00fcl\u00fcyor"},"content":{"rendered":"<div>\n<div class=\"mariselle-image-container none\">\n                                            <\/div>\n<p>Cumhuriyet Meclisi Ekonomi, Maliye, B\u00fct\u00e7e ve Plan Komitesi\u2019nde 2025 y\u0131l\u0131 Cumhurba\u015fkanl\u0131\u011f\u0131 b\u00fct\u00e7esi g\u00f6r\u00fc\u015f\u00fcl\u00fcyor.<\/p>\n<p>619 milyon 500 bin TL\u2019lik Cumhurba\u015fkanl\u0131\u011f\u0131 b\u00fct\u00e7esine y\u00f6nelik milletvekilleri s\u00f6z alarak taleplerini ve ele\u015ftirilerini aktar\u0131yor.<\/p>\n<p>Cumhurba\u015fkanl\u0131\u011f\u0131 b\u00fct\u00e7esine ili\u015fkin ilk s\u00f6z\u00fc alan Cumhuriyet\u00e7i T\u00fcrk Partisi (CTP) Milletvekili \u015eifa \u00c7olako\u011flu, konu\u015fmas\u0131nda, Cumhurba\u015fkanl\u0131\u011f\u0131 Senfoni Orkestras\u0131\u2019nda ya\u015fanan s\u0131k\u0131nt\u0131lara dikkat \u00e7ekti.<\/p>\n<p>\u00c7olako\u011flu, Cumhurba\u015fkanl\u0131\u011f\u0131 M\u00fcste\u015far\u0131 Okan Donangil\u2019in Orkestra\u2019ya y\u00f6nelik \u00e7al\u0131\u015fmalar\u0131n\u0131 takdir etti\u011fini kaydetti, ancak bireysel \u00e7al\u0131\u015fmalar\u0131n Orkestra\u2019n\u0131n \u00e7al\u0131\u015fmalar\u0131n\u0131 s\u00fcrd\u00fcrmesinde yeterli olmad\u0131\u011f\u0131n\u0131, kadrolar\u0131n doldurulmas\u0131 gerekti\u011fini s\u00f6yledi.<\/p>\n<p>D\u00fcnyaya a\u00e7\u0131lan en \u00f6nemli pencerelerden sanat alan\u0131nda Senfoni Orkestras\u0131\u2019n\u0131n b\u00fcy\u00fck bir \u00f6nem arz etti\u011fini kaydeden \u00c7olako\u011flu, son d\u00f6nemde Orkestra\u2019n\u0131n \u201c\u00e7\u00f6k\u00fc\u015f d\u00f6nemi\u201d ya\u015fad\u0131\u011f\u0131n\u0131 savundu, \u00e7al\u0131\u015fmalar\u0131n devam\u0131 i\u00e7in gerekli 10-12 kadronun bu d\u00f6nemde giderilmesi talebinde bulundu, b\u00f6ylece yurt d\u0131\u015f\u0131ndan takviyelerin azalt\u0131lmas\u0131yla b\u00fct\u00e7e tasarrufu da yap\u0131labilece\u011fini kaydetti.<\/p>\n<p>CTP Milletvekili Fikri Toros, \u00fclkede Cumhurba\u015fkanl\u0131\u011f\u0131 pozisyonunun \u00f6nemine dikkat \u00e7ekti\u011fi konu\u015fmas\u0131nda, \u201cCumhurba\u015fkan\u0131\u2019n\u0131n y\u00fcr\u00fctt\u00fc\u011f\u00fc siyaset nedeniyle\u201d bir\u00e7ok uluslararas\u0131 platformda, diplomatik ve siyasi \u00e7al\u0131\u015fmalarda K\u0131br\u0131s T\u00fcrk toplumunu temsil edemedi\u011fini savundu, bunun bedelleri oldu\u011funu ifade etti.<\/p>\n<p>Toros, \u201cBu durum kabul edilebilir de\u011fildir. Biz K\u0131br\u0131s\u2019\u0131n sadece K\u0131br\u0131s Rum kesimi taraf\u0131ndan temsil edilmesinden rahats\u0131z\u0131z. Cumhurba\u015fkan\u0131\u2019n\u0131n bu tutumunu g\u00f6zden ge\u00e7irmesi gerekir.\u201d dedi.<\/p>\n<p>B\u00f6lgede her an K\u0131br\u0131s\u2019\u0131 ilgilendiren geli\u015fmeler ya\u015fad\u0131\u011f\u0131na dikkat \u00e7eken Toros, K\u0131br\u0131s\u2019\u0131n etraf\u0131nda deniz yetki alanlar\u0131n\u0131n netle\u015ftirilmemesinin, m\u00fczakere imkan\u0131 olmamas\u0131ndan dolay\u0131 siyasi bir sorun oldu\u011fu g\u00f6r\u00fc\u015f\u00fcn\u00fc payla\u015ft\u0131. Bunun T\u00fcrkiye ve Yunanistan\u2019\u0131n kendi menfaatlerini koruyamamas\u0131n\u0131n sebebi de oldu\u011funu \u00f6ne s\u00fcren Toros, iki \u00fclke aras\u0131ndaki g\u00f6r\u00fc\u015fmelerde K\u0131br\u0131s meselesinin hep ertelenen konu oldu\u011funu, bunun s\u00fcrd\u00fcr\u00fclebilir olmad\u0131\u011f\u0131n\u0131 savundu.<\/p>\n<p>Birle\u015fmi\u015f Milletler Genel Sekreteri Antonio Guterres\u2019in K\u0131br\u0131s \u00e7\u00f6z\u00fcm s\u00fcrecini canland\u0131rmaya y\u00f6nelik 2024 y\u0131l\u0131 itibar\u0131yla \u00e7al\u0131\u015fmalar\u0131na da de\u011finen Toros, Guterres\u2019in iki b\u00f6lgeli, iki toplumlu ve siyasi e\u015fitli\u011fe dayal\u0131 herhangi bir \u00e7\u00f6z\u00fcm modeli d\u0131\u015f\u0131nda bir \u00e7\u00f6z\u00fcm\u00fc kabul etmeyece\u011finin a\u00e7\u0131k oldu\u011funu kaydetti.<\/p>\n<p>Cumhurba\u015fkanl\u0131\u011f\u0131\u2019n\u0131n bir di\u011fer sorumlulu\u011fu olan Cumhurba\u015fkanl\u0131\u011f\u0131 Senfoni Orkestras\u0131\u2019ndaki s\u0131k\u0131nt\u0131lar\u0131 da dile getiren Toros, mevcut Cumhurba\u015fkanl\u0131\u011f\u0131\u2019n\u0131n, \u00f6nceki Cumhurba\u015fkanl\u0131\u011f\u0131 d\u00f6nemlerinde Senfoni Orkestras\u0131\u2019na verilen \u00f6nemi vermedi\u011fini \u00f6ne s\u00fcrd\u00fc. Fikri Toros, Cumhurba\u015fkanl\u0131\u011f\u0131 Senfoni Orkestras\u0131\u2019n\u0131n ya\u015fanan s\u0131k\u0131nt\u0131lar nedeniyle sezonu a\u00e7amad\u0131\u011f\u0131n\u0131 belirterek, mali d\u00fczenlemeler yap\u0131lmas\u0131 ve sanat\u00e7\u0131lar\u0131n istihdam edilmesinin Cumhurba\u015fkanl\u0131\u011f\u0131\u2019n\u0131n asgari sorumluluklar\u0131 aras\u0131nda oldu\u011funu ifade etti.<\/p>\n<p>Komite \u00dcyesi CTP Milletvekili Salahi \u015eahiner de Cumhurba\u015fkanl\u0131\u011f\u0131 b\u00fct\u00e7esindeki baz\u0131 rakamlar hakk\u0131nda bilgi istedi, art\u0131\u015flar\u0131n neden kaynakland\u0131\u011f\u0131n\u0131 sorgulad\u0131.<\/p>\n<p>Cumhurba\u015fkanl\u0131\u011f\u0131 yetkilileri ise b\u00fct\u00e7edeki kalemlere ili\u015fkin \u015eahiner\u2019e bilgi verdi.<\/p>\n<p>\u015eahiner, mahkemelerin yeni Cumhurba\u015fkanl\u0131\u011f\u0131 ve Cumhuriyet Meclisi yerle\u015fkesine ta\u015f\u0131nmas\u0131yla ilgili a\u00e7\u0131klamalar hakk\u0131nda da bilgi istedi. Cumhurba\u015fkanl\u0131\u011f\u0131 M\u00fcste\u015far\u0131 Donangil, mevcut yerle\u015fkede b\u00f6yle bir plan olmad\u0131\u011f\u0131n\u0131, ancak Y\u00fcksek Mahkeme binas\u0131n\u0131n ileride ayn\u0131 b\u00f6lgede yer almas\u0131na y\u00f6nelik g\u00f6r\u00fc\u015fmelerin oldu\u011funu kaydetti.<\/p>\n<p>CTP Milletvekili Sami \u00d6zuslu ise, yeni Cumhurba\u015fkanl\u0131\u011f\u0131 yerle\u015fkesinden kaynakl\u0131 b\u00fct\u00e7ede yap\u0131lan art\u0131\u015flara dikkat \u00e7ekerek, \u201cbu art\u0131\u015flar\u0131n y\u00fcksek olmas\u0131n\u0131\u201d ele\u015ftirdi.<\/p>\n<p>\u00d6zuslu, Yerle\u015fke\u2019nin sadece elektrik harcamalar\u0131n\u0131n Say\u0131\u015ftay\u2019a ayr\u0131lan b\u00fct\u00e7e kadar olaca\u011f\u0131n\u0131 savundu. Yerle\u015fke\u2019ye ta\u015f\u0131n\u0131lmas\u0131n\u0131n ard\u0131ndan ortaya \u00e7\u0131kacak masraflara da dikkat \u00e7eken \u00d6zuslu, haz\u0131rlanan b\u00fct\u00e7enin uygulamada tutmayaca\u011f\u0131 g\u00f6r\u00fc\u015f\u00fcn\u00fc payla\u015ft\u0131. \u201cBir y\u0131ll\u0131k maliyet hesapland\u0131 m\u0131?\u201d diye soran \u00d6zuslu, vatanda\u015f\u0131n \u00e7ekti\u011fi ekonomik s\u0131k\u0131nt\u0131lara de\u011finerek, \u201cBu toplumun bir kuru\u015funu bile bu fuzuli i\u015fler i\u00e7in harcatmamak gerekiyor.\u201d dedi. \u00d6zuslu, s\u00f6z konusu yerle\u015fkenin farkl\u0131 bir ama\u00e7la kullan\u0131lmas\u0131 gerekti\u011fini savundu.<\/p>\n<p>Ulusal Birlik Partisi (UBP) Milletvekili O\u011fuzhan Hasipo\u011flu, muhalefet vekillerinin ard\u0131ndan s\u00f6z alarak, yap\u0131lan ele\u015ftirilere yan\u0131t verdi.<\/p>\n<p>Hasipo\u011flu, Cumhurba\u015fkan\u0131 Ersin Tatar\u2019\u0131n halkla i\u00e7 i\u00e7e ve uluslararas\u0131 toplumdan kopmayan bir Cumhurba\u015fkanl\u0131\u011f\u0131 y\u00fcr\u00fctt\u00fc\u011f\u00fcn\u00fc kaydederek, Cumhurba\u015fkanl\u0131\u011f\u0131 b\u00fcnyesindeki komitelere dikkat \u00e7ekti.<\/p>\n<p>\u201cHem i\u00e7 siyaset hem de d\u0131\u015f ili\u015fkiler ba\u011flam\u0131nda \u00e7al\u0131\u015fmalar s\u00fcr\u00fcyor\u201d diyen Hasipo\u011flu, bu konuda t\u00fcm siyasi partilerle de bilgilendirme toplant\u0131lar\u0131 yap\u0131ld\u0131\u011f\u0131n\u0131 hat\u0131rlatt\u0131.<\/p>\n<p>2020 y\u0131l\u0131nda duyurulan yeni siyasetin \u00f6nemine de\u011finen Hasipo\u011flu, BM Genel Sekreteri Antonio Guterres\u2019in bu \u00f6neriyi hi\u00e7bir zaman reddetmedi\u011fini savundu, o g\u00fcnden beri ortak bir zemin aray\u0131\u015f\u0131na y\u00f6nelik \u00e7al\u0131\u015fmalar\u0131n devam etti\u011fini belirtti.<\/p>\n<p>Hasipo\u011flu, BM parametrelerinden sap\u0131lm\u0131\u015f oldu\u011funa y\u00f6nelik a\u00e7\u0131klamalara da yan\u0131t vererek, iki taraf\u0131n da y\u0131llar boyunca bunu istedi\u011fi ve m\u00fczakere etti\u011finden dolay\u0131 BM\u2019nin g\u00fcndemine federasyonun getirildi\u011fini ancak bu zeminde hi\u00e7bir ilerlemenin kaydedilemedi\u011fini vurgulad\u0131.<\/p>\n<p>K\u0131br\u0131s\u2019ta \u201csiyasal e\u015fitlik\u201d anlam\u0131nda uzla\u015fman\u0131n olmad\u0131\u011f\u0131n\u0131 kaydeden Hasipo\u011flu, \u201ciyi niyetten yoksun olan\u201d K\u0131br\u0131s Rum taraf\u0131n\u0131n K\u0131br\u0131sl\u0131 T\u00fcrkleriyle herhangi bir payla\u015f\u0131ma taraf olmad\u0131\u011f\u0131n\u0131, bunu bir\u00e7ok kez ifade etti\u011fini s\u00f6yledi, bu nedenle K\u0131br\u0131s T\u00fcrk halk\u0131n\u0131n egemenli\u011finin \u00f6nemli oldu\u011funu kaydetti.<\/p>\n<p>Cumhurba\u015fkan\u0131\u2019n\u0131n masadan ka\u00e7mad\u0131\u011f\u0131n\u0131 ve devaml\u0131 olarak muhatab\u0131 Rum lider Nikos Hristodulidis\u2019le g\u00f6r\u00fc\u015ft\u00fc\u011f\u00fcn\u00fc belirten Hasipo\u011flu, son m\u00fczakere s\u00fcrecinde de yine K\u0131br\u0131s T\u00fcrk taraf\u0131n\u0131n yapt\u0131\u011f\u0131 t\u00fcm a\u00e7\u0131l\u0131mlara ra\u011fmen masan\u0131n \u00e7\u00f6kme sebebinin K\u0131br\u0131s Rum taraf\u0131 oldu\u011funu s\u00f6yledi. Hasipo\u011flu, izlenen politikay\u0131 \u201cdo\u011fru zamanda ortaya konulmu\u015f bir politika\u201d olarak de\u011ferlendirdi.<\/p>\n<p>B\u00fct\u00e7eyle ilgili ifadelere de yan\u0131t veren Hasipo\u011flu, s\u00f6z konusu yerle\u015fkede Meclis\u2019in de yer alaca\u011f\u0131n\u0131, \u00e7al\u0131\u015fma ortamlar\u0131n\u0131n iyile\u015fece\u011fini belirtti. Hasipo\u011flu, bu konuda, milletvekillerine \u201cvizyonlar\u0131n\u0131 geni\u015fletme\u201d \u00e7a\u011fr\u0131s\u0131nda bulundu.<\/p>\n<\/p><\/div>\n<p><script async\n                    defer\n                    crossorigin=\"anonymous\"\n                    src=\"https:\/\/connect.facebook.net\/tr_TR\/sdk.js#xfbml=1&#038;version=v3.3\"\n            ><\/script><\/p>\n","protected":false},"excerpt":{"rendered":"<p>Cumhuriyet Meclisi Ekonomi, Maliye, B\u00fct\u00e7e ve Plan Komitesi\u2019nde 2025 y\u0131l\u0131 Cumhurba\u015fkanl\u0131\u011f\u0131 b\u00fct\u00e7esi g\u00f6r\u00fc\u015f\u00fcl\u00fcyor. 619 milyon 500 bin TL\u2019lik Cumhurba\u015fkanl\u0131\u011f\u0131 b\u00fct\u00e7esine y\u00f6nelik milletvekilleri s\u00f6z alarak taleplerini ve ele\u015ftirilerini aktar\u0131yor. Cumhurba\u015fkanl\u0131\u011f\u0131 b\u00fct\u00e7esine ili\u015fkin ilk s\u00f6z\u00fc alan Cumhuriyet\u00e7i T\u00fcrk Partisi (CTP) Milletvekili \u015eifa \u00c7olako\u011flu, konu\u015fmas\u0131nda, Cumhurba\u015fkanl\u0131\u011f\u0131 Senfoni Orkestras\u0131\u2019nda ya\u015fanan s\u0131k\u0131nt\u0131lara dikkat \u00e7ekti. \u00c7olako\u011flu, Cumhurba\u015fkanl\u0131\u011f\u0131 M\u00fcste\u015far\u0131 Okan Donangil\u2019in Orkestra\u2019ya<\/p>\n","protected":false},"author":1,"featured_media":69537,"comment_status":"open","ping_status":"open","sticky":false,"template":"","format":"standard","meta":{"footnotes":""},"categories":[81],"tags":[],"class_list":["post-69536","post","type-post","status-publish","format-standard","has-post-thumbnail","hentry","category-kibris"],"yoast_head":"<!-- This site is optimized with the Yoast SEO plugin v27.5 - https:\/\/yoast.com\/product\/yoast-seo-wordpress\/ -->\n<title>Komitede Cumhurba\u015fkanl\u0131\u011f\u0131 b\u00fct\u00e7esi g\u00f6r\u00fc\u015f\u00fcl\u00fcyor -<\/title>\n<meta name=\"robots\" content=\"index, follow, max-snippet:-1, max-image-preview:large, max-video-preview:-1\" \/>\n<link rel=\"canonical\" href=\"https:\/\/kibrisdakik.com\/?p=69536\" \/>\n<meta property=\"og:locale\" content=\"tr_TR\" \/>\n<meta property=\"og:type\" content=\"article\" \/>\n<meta property=\"og:title\" content=\"Komitede Cumhurba\u015fkanl\u0131\u011f\u0131 b\u00fct\u00e7esi g\u00f6r\u00fc\u015f\u00fcl\u00fcyor -\" \/>\n<meta property=\"og:description\" content=\"Cumhuriyet Meclisi Ekonomi, Maliye, B\u00fct\u00e7e ve Plan Komitesi\u2019nde 2025 y\u0131l\u0131 Cumhurba\u015fkanl\u0131\u011f\u0131 b\u00fct\u00e7esi g\u00f6r\u00fc\u015f\u00fcl\u00fcyor. 619 milyon 500 bin TL\u2019lik Cumhurba\u015fkanl\u0131\u011f\u0131 b\u00fct\u00e7esine y\u00f6nelik milletvekilleri s\u00f6z alarak taleplerini ve ele\u015ftirilerini aktar\u0131yor. Cumhurba\u015fkanl\u0131\u011f\u0131 b\u00fct\u00e7esine ili\u015fkin ilk s\u00f6z\u00fc alan Cumhuriyet\u00e7i T\u00fcrk Partisi (CTP) Milletvekili \u015eifa \u00c7olako\u011flu, konu\u015fmas\u0131nda, Cumhurba\u015fkanl\u0131\u011f\u0131 Senfoni Orkestras\u0131\u2019nda ya\u015fanan s\u0131k\u0131nt\u0131lara dikkat \u00e7ekti. \u00c7olako\u011flu, Cumhurba\u015fkanl\u0131\u011f\u0131 M\u00fcste\u015far\u0131 Okan Donangil\u2019in Orkestra\u2019ya\" \/>\n<meta property=\"og:url\" content=\"https:\/\/kibrisdakik.com\/?p=69536\" \/>\n<meta property=\"article:published_time\" content=\"2024-11-19T15:00:56+00:00\" \/>\n<meta property=\"og:image\" content=\"https:\/\/kibrisdakik.com\/wp-content\/uploads\/2024\/11\/CBBUTCE-740x420.jpeg\" \/>\n\t<meta property=\"og:image:width\" content=\"1600\" \/>\n\t<meta property=\"og:image:height\" content=\"1067\" \/>\n\t<meta property=\"og:image:type\" content=\"image\/jpeg\" \/>\n<meta name=\"author\" content=\"admin\" \/>\n<meta name=\"twitter:card\" content=\"summary_large_image\" \/>\n<meta name=\"twitter:label1\" content=\"Yazan:\" \/>\n\t<meta name=\"twitter:data1\" content=\"admin\" \/>\n\t<meta name=\"twitter:label2\" content=\"Tahmini okuma s\u00fcresi\" \/>\n\t<meta name=\"twitter:data2\" content=\"6 dakika\" \/>\n<script type=\"application\/ld+json\" class=\"yoast-schema-graph\">{\"@context\":\"https:\\\/\\\/schema.org\",\"@graph\":[{\"@type\":\"Article\",\"@id\":\"https:\\\/\\\/kibrisdakik.com\\\/?p=69536#article\",\"isPartOf\":{\"@id\":\"https:\\\/\\\/kibrisdakik.com\\\/?p=69536\"},\"author\":{\"name\":\"admin\",\"@id\":\"https:\\\/\\\/kibrisdakik.com\\\/#\\\/schema\\\/person\\\/9cd9d437bbb44f72b73ba127e06d8e79\"},\"headline\":\"Komitede Cumhurba\u015fkanl\u0131\u011f\u0131 b\u00fct\u00e7esi g\u00f6r\u00fc\u015f\u00fcl\u00fcyor\",\"datePublished\":\"2024-11-19T15:00:56+00:00\",\"mainEntityOfPage\":{\"@id\":\"https:\\\/\\\/kibrisdakik.com\\\/?p=69536\"},\"wordCount\":1117,\"commentCount\":0,\"image\":{\"@id\":\"https:\\\/\\\/kibrisdakik.com\\\/?p=69536#primaryimage\"},\"thumbnailUrl\":\"https:\\\/\\\/kibrisdakik.com\\\/wp-content\\\/uploads\\\/2024\\\/11\\\/CBBUTCE-740x420.jpeg\",\"articleSection\":[\"K\u0131br\u0131s\"],\"inLanguage\":\"tr\",\"potentialAction\":[{\"@type\":\"CommentAction\",\"name\":\"Comment\",\"target\":[\"https:\\\/\\\/kibrisdakik.com\\\/?p=69536#respond\"]}]},{\"@type\":\"WebPage\",\"@id\":\"https:\\\/\\\/kibrisdakik.com\\\/?p=69536\",\"url\":\"https:\\\/\\\/kibrisdakik.com\\\/?p=69536\",\"name\":\"Komitede Cumhurba\u015fkanl\u0131\u011f\u0131 b\u00fct\u00e7esi g\u00f6r\u00fc\u015f\u00fcl\u00fcyor -\",\"isPartOf\":{\"@id\":\"https:\\\/\\\/kibrisdakik.com\\\/#website\"},\"primaryImageOfPage\":{\"@id\":\"https:\\\/\\\/kibrisdakik.com\\\/?p=69536#primaryimage\"},\"image\":{\"@id\":\"https:\\\/\\\/kibrisdakik.com\\\/?p=69536#primaryimage\"},\"thumbnailUrl\":\"https:\\\/\\\/kibrisdakik.com\\\/wp-content\\\/uploads\\\/2024\\\/11\\\/CBBUTCE-740x420.jpeg\",\"datePublished\":\"2024-11-19T15:00:56+00:00\",\"author\":{\"@id\":\"https:\\\/\\\/kibrisdakik.com\\\/#\\\/schema\\\/person\\\/9cd9d437bbb44f72b73ba127e06d8e79\"},\"breadcrumb\":{\"@id\":\"https:\\\/\\\/kibrisdakik.com\\\/?p=69536#breadcrumb\"},\"inLanguage\":\"tr\",\"potentialAction\":[{\"@type\":\"ReadAction\",\"target\":[\"https:\\\/\\\/kibrisdakik.com\\\/?p=69536\"]}]},{\"@type\":\"ImageObject\",\"inLanguage\":\"tr\",\"@id\":\"https:\\\/\\\/kibrisdakik.com\\\/?p=69536#primaryimage\",\"url\":\"https:\\\/\\\/kibrisdakik.com\\\/wp-content\\\/uploads\\\/2024\\\/11\\\/CBBUTCE-740x420.jpeg\",\"contentUrl\":\"https:\\\/\\\/kibrisdakik.com\\\/wp-content\\\/uploads\\\/2024\\\/11\\\/CBBUTCE-740x420.jpeg\",\"width\":1600,\"height\":1067},{\"@type\":\"BreadcrumbList\",\"@id\":\"https:\\\/\\\/kibrisdakik.com\\\/?p=69536#breadcrumb\",\"itemListElement\":[{\"@type\":\"ListItem\",\"position\":1,\"name\":\"Home\",\"item\":\"https:\\\/\\\/kibrisdakik.com\\\/\"},{\"@type\":\"ListItem\",\"position\":2,\"name\":\"Komitede Cumhurba\u015fkanl\u0131\u011f\u0131 b\u00fct\u00e7esi g\u00f6r\u00fc\u015f\u00fcl\u00fcyor\"}]},{\"@type\":\"WebSite\",\"@id\":\"https:\\\/\\\/kibrisdakik.com\\\/#website\",\"url\":\"https:\\\/\\\/kibrisdakik.com\\\/\",\"name\":\"\",\"description\":\"Tam vaktinde haber\",\"potentialAction\":[{\"@type\":\"SearchAction\",\"target\":{\"@type\":\"EntryPoint\",\"urlTemplate\":\"https:\\\/\\\/kibrisdakik.com\\\/?s={search_term_string}\"},\"query-input\":{\"@type\":\"PropertyValueSpecification\",\"valueRequired\":true,\"valueName\":\"search_term_string\"}}],\"inLanguage\":\"tr\"},{\"@type\":\"Person\",\"@id\":\"https:\\\/\\\/kibrisdakik.com\\\/#\\\/schema\\\/person\\\/9cd9d437bbb44f72b73ba127e06d8e79\",\"name\":\"admin\",\"image\":{\"@type\":\"ImageObject\",\"inLanguage\":\"tr\",\"@id\":\"https:\\\/\\\/secure.gravatar.com\\\/avatar\\\/ccc17943b9d660506c869530f897617f7cb1c21a4bf30023f252596d83e1f007?s=96&d=mm&r=g\",\"url\":\"https:\\\/\\\/secure.gravatar.com\\\/avatar\\\/ccc17943b9d660506c869530f897617f7cb1c21a4bf30023f252596d83e1f007?s=96&d=mm&r=g\",\"contentUrl\":\"https:\\\/\\\/secure.gravatar.com\\\/avatar\\\/ccc17943b9d660506c869530f897617f7cb1c21a4bf30023f252596d83e1f007?s=96&d=mm&r=g\",\"caption\":\"admin\"},\"sameAs\":[\"https:\\\/\\\/kibrisdakik.com\"],\"url\":\"https:\\\/\\\/kibrisdakik.com\\\/?author=1\"}]}<\/script>\n<!-- \/ Yoast SEO plugin. -->","yoast_head_json":{"title":"Komitede Cumhurba\u015fkanl\u0131\u011f\u0131 b\u00fct\u00e7esi g\u00f6r\u00fc\u015f\u00fcl\u00fcyor -","robots":{"index":"index","follow":"follow","max-snippet":"max-snippet:-1","max-image-preview":"max-image-preview:large","max-video-preview":"max-video-preview:-1"},"canonical":"https:\/\/kibrisdakik.com\/?p=69536","og_locale":"tr_TR","og_type":"article","og_title":"Komitede Cumhurba\u015fkanl\u0131\u011f\u0131 b\u00fct\u00e7esi g\u00f6r\u00fc\u015f\u00fcl\u00fcyor -","og_description":"Cumhuriyet Meclisi Ekonomi, Maliye, B\u00fct\u00e7e ve Plan Komitesi\u2019nde 2025 y\u0131l\u0131 Cumhurba\u015fkanl\u0131\u011f\u0131 b\u00fct\u00e7esi g\u00f6r\u00fc\u015f\u00fcl\u00fcyor. 619 milyon 500 bin TL\u2019lik Cumhurba\u015fkanl\u0131\u011f\u0131 b\u00fct\u00e7esine y\u00f6nelik milletvekilleri s\u00f6z alarak taleplerini ve ele\u015ftirilerini aktar\u0131yor. Cumhurba\u015fkanl\u0131\u011f\u0131 b\u00fct\u00e7esine ili\u015fkin ilk s\u00f6z\u00fc alan Cumhuriyet\u00e7i T\u00fcrk Partisi (CTP) Milletvekili \u015eifa \u00c7olako\u011flu, konu\u015fmas\u0131nda, Cumhurba\u015fkanl\u0131\u011f\u0131 Senfoni Orkestras\u0131\u2019nda ya\u015fanan s\u0131k\u0131nt\u0131lara dikkat \u00e7ekti. \u00c7olako\u011flu, Cumhurba\u015fkanl\u0131\u011f\u0131 M\u00fcste\u015far\u0131 Okan Donangil\u2019in Orkestra\u2019ya","og_url":"https:\/\/kibrisdakik.com\/?p=69536","article_published_time":"2024-11-19T15:00:56+00:00","og_image":[{"width":1600,"height":1067,"url":"https:\/\/kibrisdakik.com\/wp-content\/uploads\/2024\/11\/CBBUTCE-740x420.jpeg","type":"image\/jpeg"}],"author":"admin","twitter_card":"summary_large_image","twitter_misc":{"Yazan:":"admin","Tahmini okuma s\u00fcresi":"6 dakika"},"schema":{"@context":"https:\/\/schema.org","@graph":[{"@type":"Article","@id":"https:\/\/kibrisdakik.com\/?p=69536#article","isPartOf":{"@id":"https:\/\/kibrisdakik.com\/?p=69536"},"author":{"name":"admin","@id":"https:\/\/kibrisdakik.com\/#\/schema\/person\/9cd9d437bbb44f72b73ba127e06d8e79"},"headline":"Komitede Cumhurba\u015fkanl\u0131\u011f\u0131 b\u00fct\u00e7esi g\u00f6r\u00fc\u015f\u00fcl\u00fcyor","datePublished":"2024-11-19T15:00:56+00:00","mainEntityOfPage":{"@id":"https:\/\/kibrisdakik.com\/?p=69536"},"wordCount":1117,"commentCount":0,"image":{"@id":"https:\/\/kibrisdakik.com\/?p=69536#primaryimage"},"thumbnailUrl":"https:\/\/kibrisdakik.com\/wp-content\/uploads\/2024\/11\/CBBUTCE-740x420.jpeg","articleSection":["K\u0131br\u0131s"],"inLanguage":"tr","potentialAction":[{"@type":"CommentAction","name":"Comment","target":["https:\/\/kibrisdakik.com\/?p=69536#respond"]}]},{"@type":"WebPage","@id":"https:\/\/kibrisdakik.com\/?p=69536","url":"https:\/\/kibrisdakik.com\/?p=69536","name":"Komitede Cumhurba\u015fkanl\u0131\u011f\u0131 b\u00fct\u00e7esi g\u00f6r\u00fc\u015f\u00fcl\u00fcyor -","isPartOf":{"@id":"https:\/\/kibrisdakik.com\/#website"},"primaryImageOfPage":{"@id":"https:\/\/kibrisdakik.com\/?p=69536#primaryimage"},"image":{"@id":"https:\/\/kibrisdakik.com\/?p=69536#primaryimage"},"thumbnailUrl":"https:\/\/kibrisdakik.com\/wp-content\/uploads\/2024\/11\/CBBUTCE-740x420.jpeg","datePublished":"2024-11-19T15:00:56+00:00","author":{"@id":"https:\/\/kibrisdakik.com\/#\/schema\/person\/9cd9d437bbb44f72b73ba127e06d8e79"},"breadcrumb":{"@id":"https:\/\/kibrisdakik.com\/?p=69536#breadcrumb"},"inLanguage":"tr","potentialAction":[{"@type":"ReadAction","target":["https:\/\/kibrisdakik.com\/?p=69536"]}]},{"@type":"ImageObject","inLanguage":"tr","@id":"https:\/\/kibrisdakik.com\/?p=69536#primaryimage","url":"https:\/\/kibrisdakik.com\/wp-content\/uploads\/2024\/11\/CBBUTCE-740x420.jpeg","contentUrl":"https:\/\/kibrisdakik.com\/wp-content\/uploads\/2024\/11\/CBBUTCE-740x420.jpeg","width":1600,"height":1067},{"@type":"BreadcrumbList","@id":"https:\/\/kibrisdakik.com\/?p=69536#breadcrumb","itemListElement":[{"@type":"ListItem","position":1,"name":"Home","item":"https:\/\/kibrisdakik.com\/"},{"@type":"ListItem","position":2,"name":"Komitede Cumhurba\u015fkanl\u0131\u011f\u0131 b\u00fct\u00e7esi g\u00f6r\u00fc\u015f\u00fcl\u00fcyor"}]},{"@type":"WebSite","@id":"https:\/\/kibrisdakik.com\/#website","url":"https:\/\/kibrisdakik.com\/","name":"","description":"Tam vaktinde haber","potentialAction":[{"@type":"SearchAction","target":{"@type":"EntryPoint","urlTemplate":"https:\/\/kibrisdakik.com\/?s={search_term_string}"},"query-input":{"@type":"PropertyValueSpecification","valueRequired":true,"valueName":"search_term_string"}}],"inLanguage":"tr"},{"@type":"Person","@id":"https:\/\/kibrisdakik.com\/#\/schema\/person\/9cd9d437bbb44f72b73ba127e06d8e79","name":"admin","image":{"@type":"ImageObject","inLanguage":"tr","@id":"https:\/\/secure.gravatar.com\/avatar\/ccc17943b9d660506c869530f897617f7cb1c21a4bf30023f252596d83e1f007?s=96&d=mm&r=g","url":"https:\/\/secure.gravatar.com\/avatar\/ccc17943b9d660506c869530f897617f7cb1c21a4bf30023f252596d83e1f007?s=96&d=mm&r=g","contentUrl":"https:\/\/secure.gravatar.com\/avatar\/ccc17943b9d660506c869530f897617f7cb1c21a4bf30023f252596d83e1f007?s=96&d=mm&r=g","caption":"admin"},"sameAs":["https:\/\/kibrisdakik.com"],"url":"https:\/\/kibrisdakik.com\/?author=1"}]}},"_links":{"self":[{"href":"https:\/\/kibrisdakik.com\/index.php?rest_route=\/wp\/v2\/posts\/69536","targetHints":{"allow":["GET"]}}],"collection":[{"href":"https:\/\/kibrisdakik.com\/index.php?rest_route=\/wp\/v2\/posts"}],"about":[{"href":"https:\/\/kibrisdakik.com\/index.php?rest_route=\/wp\/v2\/types\/post"}],"author":[{"embeddable":true,"href":"https:\/\/kibrisdakik.com\/index.php?rest_route=\/wp\/v2\/users\/1"}],"replies":[{"embeddable":true,"href":"https:\/\/kibrisdakik.com\/index.php?rest_route=%2Fwp%2Fv2%2Fcomments&post=69536"}],"version-history":[{"count":0,"href":"https:\/\/kibrisdakik.com\/index.php?rest_route=\/wp\/v2\/posts\/69536\/revisions"}],"wp:featuredmedia":[{"embeddable":true,"href":"https:\/\/kibrisdakik.com\/index.php?rest_route=\/wp\/v2\/media\/69537"}],"wp:attachment":[{"href":"https:\/\/kibrisdakik.com\/index.php?rest_route=%2Fwp%2Fv2%2Fmedia&parent=69536"}],"wp:term":[{"taxonomy":"category","embeddable":true,"href":"https:\/\/kibrisdakik.com\/index.php?rest_route=%2Fwp%2Fv2%2Fcategories&post=69536"},{"taxonomy":"post_tag","embeddable":true,"href":"https:\/\/kibrisdakik.com\/index.php?rest_route=%2Fwp%2Fv2%2Ftags&post=69536"}],"curies":[{"name":"wp","href":"https:\/\/api.w.org\/{rel}","templated":true}]}}