{"id":69586,"date":"2024-11-20T09:15:07","date_gmt":"2024-11-20T06:15:07","guid":{"rendered":"https:\/\/kibrisdakik.com\/index.php\/2024\/11\/20\/cumuhurbaskani-ersin-tatar-baskanliginda-deprem-konusunda-ust-duzey-toplanti-gerceklestirildi\/"},"modified":"2024-11-20T09:15:07","modified_gmt":"2024-11-20T06:15:07","slug":"cumuhurbaskani-ersin-tatar-baskanliginda-deprem-konusunda-ust-duzey-toplanti-gerceklestirildi","status":"publish","type":"post","link":"https:\/\/kibrisdakik.com\/?p=69586","title":{"rendered":"Cumuhurba\u015fkan\u0131 Ersin Tatar Ba\u015fkanl\u0131\u011f\u0131\u2019nda deprem konusunda \u00fcst d\u00fczey toplant\u0131 ger\u00e7ekle\u015ftirildi"},"content":{"rendered":"<div>\n<div class=\"mariselle-image-container center\">\n                                            <\/div>\n<p>Cumhurba\u015fkan\u0131 Ersin Tatar ba\u015fkanl\u0131\u011f\u0131nda olas\u0131 bir depremin riskleri ve al\u0131nmas\u0131 gereken tedbirlerin konu\u015fuldu\u011fu, ilgili devlet daireleri ve sivil toplum \u00f6rg\u00fctlerinden yetkililerin yer ald\u0131\u011f\u0131 \u00fcst d\u00fczey bir toplant\u0131 ger\u00e7ekle\u015ftirildi.<\/p>\n<p>Toplant\u0131ya Cumhurba\u015fkanl\u0131\u011f\u0131 Daire M\u00fcd\u00fcr\u00fc Osman \u00c7a\u011fakan, Cumhurba\u015fkanl\u0131\u011f\u0131 Deprem Komitesi Ba\u015fkan\u0131, Jeoloji Y\u00fcksek M\u00fchendisi Prof. Dr. Cavit Atalar, Jeoloji ve Maden Dairesi M\u00fcd\u00fcr\u00fc Ay\u015fen Albayrak, Meteoroloji Dairesi M\u00fcd\u00fcr\u00fc Sinan G\u00fcne\u015f, Yerbilim M\u00fchendisleri Odas\u0131 Ba\u015fkan\u0131 Dr. Mehmet Necdet, \u0130n\u015faat M\u00fchendisleri Odas\u0131 Ba\u015fkan\u0131 Do\u00e7. Dr. Abdullah Ekinci, \u015eehir Planc\u0131lar\u0131 Odas\u0131 Ba\u015fkan\u0131 Berkay Ramiz, Mimarlar Odas\u0131 Ba\u015fkan\u0131 Onur Olguner, Meteoroloji Dairesi Sismoloji B\u00f6l\u00fcm\u00fc\u2019nden Sevgi Karahan ve Jeofizik Y\u00fcksek M\u00fchendisi Dr. Hilmi Dindar kat\u0131ld\u0131.<\/p>\n<p>Toplant\u0131da; fay hatlar\u0131, deprem haritalar\u0131, zemin et\u00fcd\u00fc, mevcut binalar\u0131n durumu, yeni yap\u0131lacak binalarla ilgili uygulanmas\u0131 gerekenler, yasal mevzuatlar, deprem \u00f6ncesi al\u0131nmas\u0131 gereken tedbirler ve denetim konusunda bilgi al\u0131\u015fveri\u015finde bulunuldu.<\/p>\n<p>Cumhurba\u015fkan\u0131 Ersin Tatar toplant\u0131da yapt\u0131\u011f\u0131 konu\u015fmada, depremin ne zaman ve nas\u0131l ger\u00e7ekle\u015fece\u011finin belli olmad\u0131\u011f\u0131na dikkat \u00e7ekerek, Cumhurba\u015fkanl\u0131\u011f\u0131nda 2021 y\u0131l\u0131nda deprem komitesinin kuruldu\u011funu ve \u00e7al\u0131\u015fmalara ba\u015fland\u0131\u011f\u0131n\u0131 s\u00f6yledi.<\/p>\n<p>Olas\u0131 b\u00fcy\u00fck bir depremde t\u00fcm adan\u0131n etkilenece\u011fine i\u015faret eden Cumhurba\u015fkan\u0131 Tatar, G\u00fcney K\u0131br\u0131s\u2019a da deprem konusunda y\u00fcr\u00fct\u00fclecek \u00e7al\u0131\u015fmalarda i\u015fbirli\u011fi yap\u0131lmas\u0131 i\u00e7in teklifte bulundu\u011funu ancak kabul g\u00f6rmedi\u011fini vurgulad\u0131.<\/p>\n<p>Ekonomik geli\u015fme ve kalk\u0131nmadan yana olundu\u011funu ancak gerekli \u00e7al\u0131\u015fmalar yap\u0131lmadan yap\u0131la\u015fman\u0131n riskleri bulundu\u011funu anlatan Cumhurba\u015fkan\u0131 Tatar, raporu yetkili makamlara iletilmek \u00fczere deprem konusunda toplant\u0131 yapmak i\u00e7in toplant\u0131 \u00e7a\u011fr\u0131s\u0131nda bulundu\u011funu ifade etti.<\/p>\n<p>Uzmanl\u0131k alanlar\u0131 konusunda g\u00f6r\u00fc\u015f ve \u00f6nerilerde bulunan kat\u0131l\u0131mc\u0131lar, deprem konusunda ilgili bir\u00e7ok payda\u015f\u0131n yer ald\u0131\u011f\u0131 toplant\u0131n\u0131n \u00f6nemine dikkat \u00e7ekerek, toplant\u0131n\u0131n ger\u00e7ekle\u015ftirilmesinden dolay\u0131 te\u015fekk\u00fcr etti.<\/p>\n<\/p><\/div>\n<p><script async\n                    defer\n                    crossorigin=\"anonymous\"\n                    src=\"https:\/\/connect.facebook.net\/tr_TR\/sdk.js#xfbml=1&#038;version=v3.3\"\n            ><\/script><\/p>\n","protected":false},"excerpt":{"rendered":"<p>Cumhurba\u015fkan\u0131 Ersin Tatar ba\u015fkanl\u0131\u011f\u0131nda olas\u0131 bir depremin riskleri ve al\u0131nmas\u0131 gereken tedbirlerin konu\u015fuldu\u011fu, ilgili devlet daireleri ve sivil toplum \u00f6rg\u00fctlerinden yetkililerin yer ald\u0131\u011f\u0131 \u00fcst d\u00fczey bir toplant\u0131 ger\u00e7ekle\u015ftirildi. Toplant\u0131ya Cumhurba\u015fkanl\u0131\u011f\u0131 Daire M\u00fcd\u00fcr\u00fc Osman \u00c7a\u011fakan, Cumhurba\u015fkanl\u0131\u011f\u0131 Deprem Komitesi Ba\u015fkan\u0131, Jeoloji Y\u00fcksek M\u00fchendisi Prof. Dr. Cavit Atalar, Jeoloji ve Maden Dairesi M\u00fcd\u00fcr\u00fc Ay\u015fen Albayrak, Meteoroloji Dairesi M\u00fcd\u00fcr\u00fc<\/p>\n","protected":false},"author":1,"featured_media":69587,"comment_status":"open","ping_status":"open","sticky":false,"template":"","format":"standard","meta":{"footnotes":""},"categories":[81],"tags":[],"class_list":["post-69586","post","type-post","status-publish","format-standard","has-post-thumbnail","hentry","category-kibris"],"yoast_head":"<!-- This site is optimized with the Yoast SEO plugin v27.5 - https:\/\/yoast.com\/product\/yoast-seo-wordpress\/ -->\n<title>Cumuhurba\u015fkan\u0131 Ersin Tatar Ba\u015fkanl\u0131\u011f\u0131\u2019nda deprem konusunda \u00fcst d\u00fczey toplant\u0131 ger\u00e7ekle\u015ftirildi -<\/title>\n<meta name=\"robots\" content=\"index, follow, max-snippet:-1, max-image-preview:large, max-video-preview:-1\" \/>\n<link rel=\"canonical\" href=\"https:\/\/kibrisdakik.com\/?p=69586\" \/>\n<meta property=\"og:locale\" content=\"tr_TR\" \/>\n<meta property=\"og:type\" content=\"article\" \/>\n<meta property=\"og:title\" content=\"Cumuhurba\u015fkan\u0131 Ersin Tatar Ba\u015fkanl\u0131\u011f\u0131\u2019nda deprem konusunda \u00fcst d\u00fczey toplant\u0131 ger\u00e7ekle\u015ftirildi -\" \/>\n<meta property=\"og:description\" content=\"Cumhurba\u015fkan\u0131 Ersin Tatar ba\u015fkanl\u0131\u011f\u0131nda olas\u0131 bir depremin riskleri ve al\u0131nmas\u0131 gereken tedbirlerin konu\u015fuldu\u011fu, ilgili devlet daireleri ve sivil toplum \u00f6rg\u00fctlerinden yetkililerin yer ald\u0131\u011f\u0131 \u00fcst d\u00fczey bir toplant\u0131 ger\u00e7ekle\u015ftirildi. Toplant\u0131ya Cumhurba\u015fkanl\u0131\u011f\u0131 Daire M\u00fcd\u00fcr\u00fc Osman \u00c7a\u011fakan, Cumhurba\u015fkanl\u0131\u011f\u0131 Deprem Komitesi Ba\u015fkan\u0131, Jeoloji Y\u00fcksek M\u00fchendisi Prof. Dr. Cavit Atalar, Jeoloji ve Maden Dairesi M\u00fcd\u00fcr\u00fc Ay\u015fen Albayrak, Meteoroloji Dairesi M\u00fcd\u00fcr\u00fc\" \/>\n<meta property=\"og:url\" content=\"https:\/\/kibrisdakik.com\/?p=69586\" \/>\n<meta property=\"article:published_time\" content=\"2024-11-20T06:15:07+00:00\" \/>\n<meta property=\"og:image\" content=\"https:\/\/kibrisdakik.com\/wp-content\/uploads\/2024\/11\/IMG-20241119-WA0026-740x420.jpg\" \/>\n\t<meta property=\"og:image:width\" content=\"1600\" \/>\n\t<meta property=\"og:image:height\" content=\"1066\" \/>\n\t<meta property=\"og:image:type\" content=\"image\/jpeg\" \/>\n<meta name=\"author\" content=\"admin\" \/>\n<meta name=\"twitter:card\" content=\"summary_large_image\" \/>\n<meta name=\"twitter:label1\" content=\"Yazan:\" \/>\n\t<meta name=\"twitter:data1\" content=\"admin\" \/>\n\t<meta name=\"twitter:label2\" content=\"Tahmini okuma s\u00fcresi\" \/>\n\t<meta name=\"twitter:data2\" content=\"2 dakika\" \/>\n<script type=\"application\/ld+json\" class=\"yoast-schema-graph\">{\"@context\":\"https:\\\/\\\/schema.org\",\"@graph\":[{\"@type\":\"Article\",\"@id\":\"https:\\\/\\\/kibrisdakik.com\\\/?p=69586#article\",\"isPartOf\":{\"@id\":\"https:\\\/\\\/kibrisdakik.com\\\/?p=69586\"},\"author\":{\"name\":\"admin\",\"@id\":\"https:\\\/\\\/kibrisdakik.com\\\/#\\\/schema\\\/person\\\/9cd9d437bbb44f72b73ba127e06d8e79\"},\"headline\":\"Cumuhurba\u015fkan\u0131 Ersin Tatar Ba\u015fkanl\u0131\u011f\u0131\u2019nda deprem konusunda \u00fcst d\u00fczey toplant\u0131 ger\u00e7ekle\u015ftirildi\",\"datePublished\":\"2024-11-20T06:15:07+00:00\",\"mainEntityOfPage\":{\"@id\":\"https:\\\/\\\/kibrisdakik.com\\\/?p=69586\"},\"wordCount\":364,\"commentCount\":0,\"image\":{\"@id\":\"https:\\\/\\\/kibrisdakik.com\\\/?p=69586#primaryimage\"},\"thumbnailUrl\":\"https:\\\/\\\/kibrisdakik.com\\\/wp-content\\\/uploads\\\/2024\\\/11\\\/IMG-20241119-WA0026-740x420.jpg\",\"articleSection\":[\"K\u0131br\u0131s\"],\"inLanguage\":\"tr\",\"potentialAction\":[{\"@type\":\"CommentAction\",\"name\":\"Comment\",\"target\":[\"https:\\\/\\\/kibrisdakik.com\\\/?p=69586#respond\"]}]},{\"@type\":\"WebPage\",\"@id\":\"https:\\\/\\\/kibrisdakik.com\\\/?p=69586\",\"url\":\"https:\\\/\\\/kibrisdakik.com\\\/?p=69586\",\"name\":\"Cumuhurba\u015fkan\u0131 Ersin Tatar Ba\u015fkanl\u0131\u011f\u0131\u2019nda deprem konusunda \u00fcst d\u00fczey toplant\u0131 ger\u00e7ekle\u015ftirildi -\",\"isPartOf\":{\"@id\":\"https:\\\/\\\/kibrisdakik.com\\\/#website\"},\"primaryImageOfPage\":{\"@id\":\"https:\\\/\\\/kibrisdakik.com\\\/?p=69586#primaryimage\"},\"image\":{\"@id\":\"https:\\\/\\\/kibrisdakik.com\\\/?p=69586#primaryimage\"},\"thumbnailUrl\":\"https:\\\/\\\/kibrisdakik.com\\\/wp-content\\\/uploads\\\/2024\\\/11\\\/IMG-20241119-WA0026-740x420.jpg\",\"datePublished\":\"2024-11-20T06:15:07+00:00\",\"author\":{\"@id\":\"https:\\\/\\\/kibrisdakik.com\\\/#\\\/schema\\\/person\\\/9cd9d437bbb44f72b73ba127e06d8e79\"},\"breadcrumb\":{\"@id\":\"https:\\\/\\\/kibrisdakik.com\\\/?p=69586#breadcrumb\"},\"inLanguage\":\"tr\",\"potentialAction\":[{\"@type\":\"ReadAction\",\"target\":[\"https:\\\/\\\/kibrisdakik.com\\\/?p=69586\"]}]},{\"@type\":\"ImageObject\",\"inLanguage\":\"tr\",\"@id\":\"https:\\\/\\\/kibrisdakik.com\\\/?p=69586#primaryimage\",\"url\":\"https:\\\/\\\/kibrisdakik.com\\\/wp-content\\\/uploads\\\/2024\\\/11\\\/IMG-20241119-WA0026-740x420.jpg\",\"contentUrl\":\"https:\\\/\\\/kibrisdakik.com\\\/wp-content\\\/uploads\\\/2024\\\/11\\\/IMG-20241119-WA0026-740x420.jpg\",\"width\":1600,\"height\":1066},{\"@type\":\"BreadcrumbList\",\"@id\":\"https:\\\/\\\/kibrisdakik.com\\\/?p=69586#breadcrumb\",\"itemListElement\":[{\"@type\":\"ListItem\",\"position\":1,\"name\":\"Home\",\"item\":\"https:\\\/\\\/kibrisdakik.com\\\/\"},{\"@type\":\"ListItem\",\"position\":2,\"name\":\"Cumuhurba\u015fkan\u0131 Ersin Tatar Ba\u015fkanl\u0131\u011f\u0131\u2019nda deprem konusunda \u00fcst d\u00fczey toplant\u0131 ger\u00e7ekle\u015ftirildi\"}]},{\"@type\":\"WebSite\",\"@id\":\"https:\\\/\\\/kibrisdakik.com\\\/#website\",\"url\":\"https:\\\/\\\/kibrisdakik.com\\\/\",\"name\":\"\",\"description\":\"Tam vaktinde haber\",\"potentialAction\":[{\"@type\":\"SearchAction\",\"target\":{\"@type\":\"EntryPoint\",\"urlTemplate\":\"https:\\\/\\\/kibrisdakik.com\\\/?s={search_term_string}\"},\"query-input\":{\"@type\":\"PropertyValueSpecification\",\"valueRequired\":true,\"valueName\":\"search_term_string\"}}],\"inLanguage\":\"tr\"},{\"@type\":\"Person\",\"@id\":\"https:\\\/\\\/kibrisdakik.com\\\/#\\\/schema\\\/person\\\/9cd9d437bbb44f72b73ba127e06d8e79\",\"name\":\"admin\",\"image\":{\"@type\":\"ImageObject\",\"inLanguage\":\"tr\",\"@id\":\"https:\\\/\\\/secure.gravatar.com\\\/avatar\\\/ccc17943b9d660506c869530f897617f7cb1c21a4bf30023f252596d83e1f007?s=96&d=mm&r=g\",\"url\":\"https:\\\/\\\/secure.gravatar.com\\\/avatar\\\/ccc17943b9d660506c869530f897617f7cb1c21a4bf30023f252596d83e1f007?s=96&d=mm&r=g\",\"contentUrl\":\"https:\\\/\\\/secure.gravatar.com\\\/avatar\\\/ccc17943b9d660506c869530f897617f7cb1c21a4bf30023f252596d83e1f007?s=96&d=mm&r=g\",\"caption\":\"admin\"},\"sameAs\":[\"https:\\\/\\\/kibrisdakik.com\"],\"url\":\"https:\\\/\\\/kibrisdakik.com\\\/?author=1\"}]}<\/script>\n<!-- \/ Yoast SEO plugin. -->","yoast_head_json":{"title":"Cumuhurba\u015fkan\u0131 Ersin Tatar Ba\u015fkanl\u0131\u011f\u0131\u2019nda deprem konusunda \u00fcst d\u00fczey toplant\u0131 ger\u00e7ekle\u015ftirildi -","robots":{"index":"index","follow":"follow","max-snippet":"max-snippet:-1","max-image-preview":"max-image-preview:large","max-video-preview":"max-video-preview:-1"},"canonical":"https:\/\/kibrisdakik.com\/?p=69586","og_locale":"tr_TR","og_type":"article","og_title":"Cumuhurba\u015fkan\u0131 Ersin Tatar Ba\u015fkanl\u0131\u011f\u0131\u2019nda deprem konusunda \u00fcst d\u00fczey toplant\u0131 ger\u00e7ekle\u015ftirildi -","og_description":"Cumhurba\u015fkan\u0131 Ersin Tatar ba\u015fkanl\u0131\u011f\u0131nda olas\u0131 bir depremin riskleri ve al\u0131nmas\u0131 gereken tedbirlerin konu\u015fuldu\u011fu, ilgili devlet daireleri ve sivil toplum \u00f6rg\u00fctlerinden yetkililerin yer ald\u0131\u011f\u0131 \u00fcst d\u00fczey bir toplant\u0131 ger\u00e7ekle\u015ftirildi. Toplant\u0131ya Cumhurba\u015fkanl\u0131\u011f\u0131 Daire M\u00fcd\u00fcr\u00fc Osman \u00c7a\u011fakan, Cumhurba\u015fkanl\u0131\u011f\u0131 Deprem Komitesi Ba\u015fkan\u0131, Jeoloji Y\u00fcksek M\u00fchendisi Prof. Dr. Cavit Atalar, Jeoloji ve Maden Dairesi M\u00fcd\u00fcr\u00fc Ay\u015fen Albayrak, Meteoroloji Dairesi M\u00fcd\u00fcr\u00fc","og_url":"https:\/\/kibrisdakik.com\/?p=69586","article_published_time":"2024-11-20T06:15:07+00:00","og_image":[{"width":1600,"height":1066,"url":"https:\/\/kibrisdakik.com\/wp-content\/uploads\/2024\/11\/IMG-20241119-WA0026-740x420.jpg","type":"image\/jpeg"}],"author":"admin","twitter_card":"summary_large_image","twitter_misc":{"Yazan:":"admin","Tahmini okuma s\u00fcresi":"2 dakika"},"schema":{"@context":"https:\/\/schema.org","@graph":[{"@type":"Article","@id":"https:\/\/kibrisdakik.com\/?p=69586#article","isPartOf":{"@id":"https:\/\/kibrisdakik.com\/?p=69586"},"author":{"name":"admin","@id":"https:\/\/kibrisdakik.com\/#\/schema\/person\/9cd9d437bbb44f72b73ba127e06d8e79"},"headline":"Cumuhurba\u015fkan\u0131 Ersin Tatar Ba\u015fkanl\u0131\u011f\u0131\u2019nda deprem konusunda \u00fcst d\u00fczey toplant\u0131 ger\u00e7ekle\u015ftirildi","datePublished":"2024-11-20T06:15:07+00:00","mainEntityOfPage":{"@id":"https:\/\/kibrisdakik.com\/?p=69586"},"wordCount":364,"commentCount":0,"image":{"@id":"https:\/\/kibrisdakik.com\/?p=69586#primaryimage"},"thumbnailUrl":"https:\/\/kibrisdakik.com\/wp-content\/uploads\/2024\/11\/IMG-20241119-WA0026-740x420.jpg","articleSection":["K\u0131br\u0131s"],"inLanguage":"tr","potentialAction":[{"@type":"CommentAction","name":"Comment","target":["https:\/\/kibrisdakik.com\/?p=69586#respond"]}]},{"@type":"WebPage","@id":"https:\/\/kibrisdakik.com\/?p=69586","url":"https:\/\/kibrisdakik.com\/?p=69586","name":"Cumuhurba\u015fkan\u0131 Ersin Tatar Ba\u015fkanl\u0131\u011f\u0131\u2019nda deprem konusunda \u00fcst d\u00fczey toplant\u0131 ger\u00e7ekle\u015ftirildi -","isPartOf":{"@id":"https:\/\/kibrisdakik.com\/#website"},"primaryImageOfPage":{"@id":"https:\/\/kibrisdakik.com\/?p=69586#primaryimage"},"image":{"@id":"https:\/\/kibrisdakik.com\/?p=69586#primaryimage"},"thumbnailUrl":"https:\/\/kibrisdakik.com\/wp-content\/uploads\/2024\/11\/IMG-20241119-WA0026-740x420.jpg","datePublished":"2024-11-20T06:15:07+00:00","author":{"@id":"https:\/\/kibrisdakik.com\/#\/schema\/person\/9cd9d437bbb44f72b73ba127e06d8e79"},"breadcrumb":{"@id":"https:\/\/kibrisdakik.com\/?p=69586#breadcrumb"},"inLanguage":"tr","potentialAction":[{"@type":"ReadAction","target":["https:\/\/kibrisdakik.com\/?p=69586"]}]},{"@type":"ImageObject","inLanguage":"tr","@id":"https:\/\/kibrisdakik.com\/?p=69586#primaryimage","url":"https:\/\/kibrisdakik.com\/wp-content\/uploads\/2024\/11\/IMG-20241119-WA0026-740x420.jpg","contentUrl":"https:\/\/kibrisdakik.com\/wp-content\/uploads\/2024\/11\/IMG-20241119-WA0026-740x420.jpg","width":1600,"height":1066},{"@type":"BreadcrumbList","@id":"https:\/\/kibrisdakik.com\/?p=69586#breadcrumb","itemListElement":[{"@type":"ListItem","position":1,"name":"Home","item":"https:\/\/kibrisdakik.com\/"},{"@type":"ListItem","position":2,"name":"Cumuhurba\u015fkan\u0131 Ersin Tatar Ba\u015fkanl\u0131\u011f\u0131\u2019nda deprem konusunda \u00fcst d\u00fczey toplant\u0131 ger\u00e7ekle\u015ftirildi"}]},{"@type":"WebSite","@id":"https:\/\/kibrisdakik.com\/#website","url":"https:\/\/kibrisdakik.com\/","name":"","description":"Tam vaktinde haber","potentialAction":[{"@type":"SearchAction","target":{"@type":"EntryPoint","urlTemplate":"https:\/\/kibrisdakik.com\/?s={search_term_string}"},"query-input":{"@type":"PropertyValueSpecification","valueRequired":true,"valueName":"search_term_string"}}],"inLanguage":"tr"},{"@type":"Person","@id":"https:\/\/kibrisdakik.com\/#\/schema\/person\/9cd9d437bbb44f72b73ba127e06d8e79","name":"admin","image":{"@type":"ImageObject","inLanguage":"tr","@id":"https:\/\/secure.gravatar.com\/avatar\/ccc17943b9d660506c869530f897617f7cb1c21a4bf30023f252596d83e1f007?s=96&d=mm&r=g","url":"https:\/\/secure.gravatar.com\/avatar\/ccc17943b9d660506c869530f897617f7cb1c21a4bf30023f252596d83e1f007?s=96&d=mm&r=g","contentUrl":"https:\/\/secure.gravatar.com\/avatar\/ccc17943b9d660506c869530f897617f7cb1c21a4bf30023f252596d83e1f007?s=96&d=mm&r=g","caption":"admin"},"sameAs":["https:\/\/kibrisdakik.com"],"url":"https:\/\/kibrisdakik.com\/?author=1"}]}},"_links":{"self":[{"href":"https:\/\/kibrisdakik.com\/index.php?rest_route=\/wp\/v2\/posts\/69586","targetHints":{"allow":["GET"]}}],"collection":[{"href":"https:\/\/kibrisdakik.com\/index.php?rest_route=\/wp\/v2\/posts"}],"about":[{"href":"https:\/\/kibrisdakik.com\/index.php?rest_route=\/wp\/v2\/types\/post"}],"author":[{"embeddable":true,"href":"https:\/\/kibrisdakik.com\/index.php?rest_route=\/wp\/v2\/users\/1"}],"replies":[{"embeddable":true,"href":"https:\/\/kibrisdakik.com\/index.php?rest_route=%2Fwp%2Fv2%2Fcomments&post=69586"}],"version-history":[{"count":0,"href":"https:\/\/kibrisdakik.com\/index.php?rest_route=\/wp\/v2\/posts\/69586\/revisions"}],"wp:featuredmedia":[{"embeddable":true,"href":"https:\/\/kibrisdakik.com\/index.php?rest_route=\/wp\/v2\/media\/69587"}],"wp:attachment":[{"href":"https:\/\/kibrisdakik.com\/index.php?rest_route=%2Fwp%2Fv2%2Fmedia&parent=69586"}],"wp:term":[{"taxonomy":"category","embeddable":true,"href":"https:\/\/kibrisdakik.com\/index.php?rest_route=%2Fwp%2Fv2%2Fcategories&post=69586"},{"taxonomy":"post_tag","embeddable":true,"href":"https:\/\/kibrisdakik.com\/index.php?rest_route=%2Fwp%2Fv2%2Ftags&post=69586"}],"curies":[{"name":"wp","href":"https:\/\/api.w.org\/{rel}","templated":true}]}}