{"id":69646,"date":"2024-11-20T19:48:55","date_gmt":"2024-11-20T16:48:55","guid":{"rendered":"https:\/\/kibrisdakik.com\/index.php\/2024\/11\/20\/akansoy-ctp-meclis-baskanligi-krizi-surecinde-hukuk-ve-demokrasiye-sahip-cikmak-icin-kararli-ve-yapici-bir-durus-ortaya-koydu\/"},"modified":"2024-11-20T19:48:55","modified_gmt":"2024-11-20T16:48:55","slug":"akansoy-ctp-meclis-baskanligi-krizi-surecinde-hukuk-ve-demokrasiye-sahip-cikmak-icin-kararli-ve-yapici-bir-durus-ortaya-koydu","status":"publish","type":"post","link":"https:\/\/kibrisdakik.com\/?p=69646","title":{"rendered":"Akansoy: \u201cCTP Meclis Ba\u015fkanl\u0131\u011f\u0131 krizi s\u00fcrecinde, hukuk ve demokrasiye sahip \u00e7\u0131kmak i\u00e7in kararl\u0131 ve yap\u0131c\u0131 bir duru\u015f ortaya koydu\u201d"},"content":{"rendered":"<div>\n<p style=\"font-weight: 300;\"><span style=\"font-weight: 300 !important;\"> <\/p>\n<div class=\"mariselle-image-container center\">\n                                            <\/div>\n<p><\/span><\/p>\n<p style=\"font-weight: 300;\"><span style=\"font-weight: 300 !important;\">Cumhuriyet\u00e7i T\u00fcrk Partisi (CTP) Genel Sekreteri As\u0131m Akansoy, partilerinin\u00a0<\/span>Meclis Ba\u015fkanl\u0131\u011f\u0131 krizi s\u00fcrecinde, hukuk ve demokrasiye sahip \u00e7\u0131kmak i\u00e7in kararl\u0131 ve yap\u0131c\u0131 bir duru\u015f ortaya koydu\u011funu kaydetti ve Toplumcu Demokrasi Partisi (TDP) Genel Ba\u015fkan\u0131 Zeki \u00c7eler\u2019in CTP hakk\u0131ndaki s\u00f6zlerini \u201cson derece \u00e7irkin\u201d olarak niteledi.<\/p>\n<p style=\"font-weight: 300;\"><span style=\"font-weight: 300 !important;\">CTP ad\u0131na yaz\u0131l\u0131 a\u00e7\u0131klama yapan Akansoy, bu s\u00fcre\u00e7te pek \u00e7ok \u00f6rg\u00fctle, partiyle, ki\u015fi ve kurumla g\u00f6r\u00fc\u015ferek, i\u015f birli\u011fi yapt\u0131klar\u0131n\u0131 ve TDP\u2019nin\u00a0<\/span>de bu s\u00fcre\u00e7te i\u015f birli\u011fi yapt\u0131klar\u0131 ve g\u00f6r\u00fc\u015ft\u00fckleri partilerden biri oldu\u011funu ifade etti.<\/p>\n<p style=\"font-weight: 300;\">\u201cCTP\u2019nin ve Meclis\u2019te oy kullanan CTP\u2019li milletvekillerinin kararl\u0131 tavr\u0131 ve duru\u015fu ortadad\u0131r. Bu kararl\u0131 duru\u015f sayesinde haftalarca \u0131srar edilen bir hukuka ayk\u0131r\u0131l\u0131k giderilmi\u015f ve demokratik team\u00fcllere uygun bir yola d\u00f6n\u00fclm\u00fc\u015ft\u00fcr\u201d diyen Akansoy, \u00fclkenin ger\u00e7ek ve yak\u0131c\u0131 sorunlar\u0131na, i\u015f birli\u011fi ve dayan\u0131\u015fmayla \u00e7\u00f6z\u00fcm \u00fcretmek yerine, iftira ve spek\u00fclasyonla siyasi kazan\u0131m pe\u015fine d\u00fc\u015fmenin hem \u00fcz\u00fcc\u00fc hem de sorumsuzca oldu\u011funu vurgulad\u0131.<\/p>\n<p style=\"font-weight: 300;\">Akansoy, \u201cCumhuriyet\u00e7i T\u00fcrk Partisi halk\u0131m\u0131z\u0131n sorunlar\u0131n\u0131n \u00e7\u00f6z\u00fclebilmesi noktas\u0131nda sorumlulukla davranmaya devam edecektir.\u201d dedi.<\/p>\n<\/p><\/div>\n<p><script async\n                    defer\n                    crossorigin=\"anonymous\"\n                    src=\"https:\/\/connect.facebook.net\/tr_TR\/sdk.js#xfbml=1&#038;version=v3.3\"\n            ><\/script><\/p>\n","protected":false},"excerpt":{"rendered":"<p>Cumhuriyet\u00e7i T\u00fcrk Partisi (CTP) Genel Sekreteri As\u0131m Akansoy, partilerinin\u00a0Meclis Ba\u015fkanl\u0131\u011f\u0131 krizi s\u00fcrecinde, hukuk ve demokrasiye sahip \u00e7\u0131kmak i\u00e7in kararl\u0131 ve yap\u0131c\u0131 bir duru\u015f ortaya koydu\u011funu kaydetti ve Toplumcu Demokrasi Partisi (TDP) Genel Ba\u015fkan\u0131 Zeki \u00c7eler\u2019in CTP hakk\u0131ndaki s\u00f6zlerini \u201cson derece \u00e7irkin\u201d olarak niteledi. CTP ad\u0131na yaz\u0131l\u0131 a\u00e7\u0131klama yapan Akansoy, bu s\u00fcre\u00e7te pek \u00e7ok \u00f6rg\u00fctle, partiyle,<\/p>\n","protected":false},"author":1,"featured_media":69647,"comment_status":"open","ping_status":"open","sticky":false,"template":"","format":"standard","meta":{"footnotes":""},"categories":[81],"tags":[],"class_list":["post-69646","post","type-post","status-publish","format-standard","has-post-thumbnail","hentry","category-kibris"],"yoast_head":"<!-- This site is optimized with the Yoast SEO plugin v27.5 - https:\/\/yoast.com\/product\/yoast-seo-wordpress\/ -->\n<title>Akansoy: \u201cCTP Meclis Ba\u015fkanl\u0131\u011f\u0131 krizi s\u00fcrecinde, hukuk ve demokrasiye sahip \u00e7\u0131kmak i\u00e7in kararl\u0131 ve yap\u0131c\u0131 bir duru\u015f ortaya koydu\u201d -<\/title>\n<meta name=\"robots\" content=\"index, follow, max-snippet:-1, max-image-preview:large, max-video-preview:-1\" \/>\n<link rel=\"canonical\" href=\"https:\/\/kibrisdakik.com\/?p=69646\" \/>\n<meta property=\"og:locale\" content=\"tr_TR\" \/>\n<meta property=\"og:type\" content=\"article\" \/>\n<meta property=\"og:title\" content=\"Akansoy: \u201cCTP Meclis Ba\u015fkanl\u0131\u011f\u0131 krizi s\u00fcrecinde, hukuk ve demokrasiye sahip \u00e7\u0131kmak i\u00e7in kararl\u0131 ve yap\u0131c\u0131 bir duru\u015f ortaya koydu\u201d -\" \/>\n<meta property=\"og:description\" content=\"Cumhuriyet\u00e7i T\u00fcrk Partisi (CTP) Genel Sekreteri As\u0131m Akansoy, partilerinin\u00a0Meclis Ba\u015fkanl\u0131\u011f\u0131 krizi s\u00fcrecinde, hukuk ve demokrasiye sahip \u00e7\u0131kmak i\u00e7in kararl\u0131 ve yap\u0131c\u0131 bir duru\u015f ortaya koydu\u011funu kaydetti ve Toplumcu Demokrasi Partisi (TDP) Genel Ba\u015fkan\u0131 Zeki \u00c7eler\u2019in CTP hakk\u0131ndaki s\u00f6zlerini \u201cson derece \u00e7irkin\u201d olarak niteledi. CTP ad\u0131na yaz\u0131l\u0131 a\u00e7\u0131klama yapan Akansoy, bu s\u00fcre\u00e7te pek \u00e7ok \u00f6rg\u00fctle, partiyle,\" \/>\n<meta property=\"og:url\" content=\"https:\/\/kibrisdakik.com\/?p=69646\" \/>\n<meta property=\"article:published_time\" content=\"2024-11-20T16:48:55+00:00\" \/>\n<meta property=\"og:image\" content=\"https:\/\/kibrisdakik.com\/wp-content\/uploads\/2024\/11\/asim-akansoy12-740x420.jpg\" \/>\n\t<meta property=\"og:image:width\" content=\"1024\" \/>\n\t<meta property=\"og:image:height\" content=\"750\" \/>\n\t<meta property=\"og:image:type\" content=\"image\/jpeg\" \/>\n<meta name=\"author\" content=\"admin\" \/>\n<meta name=\"twitter:card\" content=\"summary_large_image\" \/>\n<meta name=\"twitter:label1\" content=\"Yazan:\" \/>\n\t<meta name=\"twitter:data1\" content=\"admin\" \/>\n\t<meta name=\"twitter:label2\" content=\"Tahmini okuma s\u00fcresi\" \/>\n\t<meta name=\"twitter:data2\" content=\"1 dakika\" \/>\n<script type=\"application\/ld+json\" class=\"yoast-schema-graph\">{\"@context\":\"https:\\\/\\\/schema.org\",\"@graph\":[{\"@type\":\"Article\",\"@id\":\"https:\\\/\\\/kibrisdakik.com\\\/?p=69646#article\",\"isPartOf\":{\"@id\":\"https:\\\/\\\/kibrisdakik.com\\\/?p=69646\"},\"author\":{\"name\":\"admin\",\"@id\":\"https:\\\/\\\/kibrisdakik.com\\\/#\\\/schema\\\/person\\\/9cd9d437bbb44f72b73ba127e06d8e79\"},\"headline\":\"Akansoy: \u201cCTP Meclis Ba\u015fkanl\u0131\u011f\u0131 krizi s\u00fcrecinde, hukuk ve demokrasiye sahip \u00e7\u0131kmak i\u00e7in kararl\u0131 ve yap\u0131c\u0131 bir duru\u015f ortaya koydu\u201d\",\"datePublished\":\"2024-11-20T16:48:55+00:00\",\"mainEntityOfPage\":{\"@id\":\"https:\\\/\\\/kibrisdakik.com\\\/?p=69646\"},\"wordCount\":239,\"commentCount\":0,\"image\":{\"@id\":\"https:\\\/\\\/kibrisdakik.com\\\/?p=69646#primaryimage\"},\"thumbnailUrl\":\"https:\\\/\\\/kibrisdakik.com\\\/wp-content\\\/uploads\\\/2024\\\/11\\\/asim-akansoy12-740x420.jpg\",\"articleSection\":[\"K\u0131br\u0131s\"],\"inLanguage\":\"tr\",\"potentialAction\":[{\"@type\":\"CommentAction\",\"name\":\"Comment\",\"target\":[\"https:\\\/\\\/kibrisdakik.com\\\/?p=69646#respond\"]}]},{\"@type\":\"WebPage\",\"@id\":\"https:\\\/\\\/kibrisdakik.com\\\/?p=69646\",\"url\":\"https:\\\/\\\/kibrisdakik.com\\\/?p=69646\",\"name\":\"Akansoy: \u201cCTP Meclis Ba\u015fkanl\u0131\u011f\u0131 krizi s\u00fcrecinde, hukuk ve demokrasiye sahip \u00e7\u0131kmak i\u00e7in kararl\u0131 ve yap\u0131c\u0131 bir duru\u015f ortaya koydu\u201d -\",\"isPartOf\":{\"@id\":\"https:\\\/\\\/kibrisdakik.com\\\/#website\"},\"primaryImageOfPage\":{\"@id\":\"https:\\\/\\\/kibrisdakik.com\\\/?p=69646#primaryimage\"},\"image\":{\"@id\":\"https:\\\/\\\/kibrisdakik.com\\\/?p=69646#primaryimage\"},\"thumbnailUrl\":\"https:\\\/\\\/kibrisdakik.com\\\/wp-content\\\/uploads\\\/2024\\\/11\\\/asim-akansoy12-740x420.jpg\",\"datePublished\":\"2024-11-20T16:48:55+00:00\",\"author\":{\"@id\":\"https:\\\/\\\/kibrisdakik.com\\\/#\\\/schema\\\/person\\\/9cd9d437bbb44f72b73ba127e06d8e79\"},\"breadcrumb\":{\"@id\":\"https:\\\/\\\/kibrisdakik.com\\\/?p=69646#breadcrumb\"},\"inLanguage\":\"tr\",\"potentialAction\":[{\"@type\":\"ReadAction\",\"target\":[\"https:\\\/\\\/kibrisdakik.com\\\/?p=69646\"]}]},{\"@type\":\"ImageObject\",\"inLanguage\":\"tr\",\"@id\":\"https:\\\/\\\/kibrisdakik.com\\\/?p=69646#primaryimage\",\"url\":\"https:\\\/\\\/kibrisdakik.com\\\/wp-content\\\/uploads\\\/2024\\\/11\\\/asim-akansoy12-740x420.jpg\",\"contentUrl\":\"https:\\\/\\\/kibrisdakik.com\\\/wp-content\\\/uploads\\\/2024\\\/11\\\/asim-akansoy12-740x420.jpg\",\"width\":1024,\"height\":750},{\"@type\":\"BreadcrumbList\",\"@id\":\"https:\\\/\\\/kibrisdakik.com\\\/?p=69646#breadcrumb\",\"itemListElement\":[{\"@type\":\"ListItem\",\"position\":1,\"name\":\"Home\",\"item\":\"https:\\\/\\\/kibrisdakik.com\\\/\"},{\"@type\":\"ListItem\",\"position\":2,\"name\":\"Akansoy: \u201cCTP Meclis Ba\u015fkanl\u0131\u011f\u0131 krizi s\u00fcrecinde, hukuk ve demokrasiye sahip \u00e7\u0131kmak i\u00e7in kararl\u0131 ve yap\u0131c\u0131 bir duru\u015f ortaya koydu\u201d\"}]},{\"@type\":\"WebSite\",\"@id\":\"https:\\\/\\\/kibrisdakik.com\\\/#website\",\"url\":\"https:\\\/\\\/kibrisdakik.com\\\/\",\"name\":\"\",\"description\":\"Tam vaktinde haber\",\"potentialAction\":[{\"@type\":\"SearchAction\",\"target\":{\"@type\":\"EntryPoint\",\"urlTemplate\":\"https:\\\/\\\/kibrisdakik.com\\\/?s={search_term_string}\"},\"query-input\":{\"@type\":\"PropertyValueSpecification\",\"valueRequired\":true,\"valueName\":\"search_term_string\"}}],\"inLanguage\":\"tr\"},{\"@type\":\"Person\",\"@id\":\"https:\\\/\\\/kibrisdakik.com\\\/#\\\/schema\\\/person\\\/9cd9d437bbb44f72b73ba127e06d8e79\",\"name\":\"admin\",\"image\":{\"@type\":\"ImageObject\",\"inLanguage\":\"tr\",\"@id\":\"https:\\\/\\\/secure.gravatar.com\\\/avatar\\\/ccc17943b9d660506c869530f897617f7cb1c21a4bf30023f252596d83e1f007?s=96&d=mm&r=g\",\"url\":\"https:\\\/\\\/secure.gravatar.com\\\/avatar\\\/ccc17943b9d660506c869530f897617f7cb1c21a4bf30023f252596d83e1f007?s=96&d=mm&r=g\",\"contentUrl\":\"https:\\\/\\\/secure.gravatar.com\\\/avatar\\\/ccc17943b9d660506c869530f897617f7cb1c21a4bf30023f252596d83e1f007?s=96&d=mm&r=g\",\"caption\":\"admin\"},\"sameAs\":[\"https:\\\/\\\/kibrisdakik.com\"],\"url\":\"https:\\\/\\\/kibrisdakik.com\\\/?author=1\"}]}<\/script>\n<!-- \/ Yoast SEO plugin. -->","yoast_head_json":{"title":"Akansoy: \u201cCTP Meclis Ba\u015fkanl\u0131\u011f\u0131 krizi s\u00fcrecinde, hukuk ve demokrasiye sahip \u00e7\u0131kmak i\u00e7in kararl\u0131 ve yap\u0131c\u0131 bir duru\u015f ortaya koydu\u201d -","robots":{"index":"index","follow":"follow","max-snippet":"max-snippet:-1","max-image-preview":"max-image-preview:large","max-video-preview":"max-video-preview:-1"},"canonical":"https:\/\/kibrisdakik.com\/?p=69646","og_locale":"tr_TR","og_type":"article","og_title":"Akansoy: \u201cCTP Meclis Ba\u015fkanl\u0131\u011f\u0131 krizi s\u00fcrecinde, hukuk ve demokrasiye sahip \u00e7\u0131kmak i\u00e7in kararl\u0131 ve yap\u0131c\u0131 bir duru\u015f ortaya koydu\u201d -","og_description":"Cumhuriyet\u00e7i T\u00fcrk Partisi (CTP) Genel Sekreteri As\u0131m Akansoy, partilerinin\u00a0Meclis Ba\u015fkanl\u0131\u011f\u0131 krizi s\u00fcrecinde, hukuk ve demokrasiye sahip \u00e7\u0131kmak i\u00e7in kararl\u0131 ve yap\u0131c\u0131 bir duru\u015f ortaya koydu\u011funu kaydetti ve Toplumcu Demokrasi Partisi (TDP) Genel Ba\u015fkan\u0131 Zeki \u00c7eler\u2019in CTP hakk\u0131ndaki s\u00f6zlerini \u201cson derece \u00e7irkin\u201d olarak niteledi. CTP ad\u0131na yaz\u0131l\u0131 a\u00e7\u0131klama yapan Akansoy, bu s\u00fcre\u00e7te pek \u00e7ok \u00f6rg\u00fctle, partiyle,","og_url":"https:\/\/kibrisdakik.com\/?p=69646","article_published_time":"2024-11-20T16:48:55+00:00","og_image":[{"width":1024,"height":750,"url":"https:\/\/kibrisdakik.com\/wp-content\/uploads\/2024\/11\/asim-akansoy12-740x420.jpg","type":"image\/jpeg"}],"author":"admin","twitter_card":"summary_large_image","twitter_misc":{"Yazan:":"admin","Tahmini okuma s\u00fcresi":"1 dakika"},"schema":{"@context":"https:\/\/schema.org","@graph":[{"@type":"Article","@id":"https:\/\/kibrisdakik.com\/?p=69646#article","isPartOf":{"@id":"https:\/\/kibrisdakik.com\/?p=69646"},"author":{"name":"admin","@id":"https:\/\/kibrisdakik.com\/#\/schema\/person\/9cd9d437bbb44f72b73ba127e06d8e79"},"headline":"Akansoy: \u201cCTP Meclis Ba\u015fkanl\u0131\u011f\u0131 krizi s\u00fcrecinde, hukuk ve demokrasiye sahip \u00e7\u0131kmak i\u00e7in kararl\u0131 ve yap\u0131c\u0131 bir duru\u015f ortaya koydu\u201d","datePublished":"2024-11-20T16:48:55+00:00","mainEntityOfPage":{"@id":"https:\/\/kibrisdakik.com\/?p=69646"},"wordCount":239,"commentCount":0,"image":{"@id":"https:\/\/kibrisdakik.com\/?p=69646#primaryimage"},"thumbnailUrl":"https:\/\/kibrisdakik.com\/wp-content\/uploads\/2024\/11\/asim-akansoy12-740x420.jpg","articleSection":["K\u0131br\u0131s"],"inLanguage":"tr","potentialAction":[{"@type":"CommentAction","name":"Comment","target":["https:\/\/kibrisdakik.com\/?p=69646#respond"]}]},{"@type":"WebPage","@id":"https:\/\/kibrisdakik.com\/?p=69646","url":"https:\/\/kibrisdakik.com\/?p=69646","name":"Akansoy: \u201cCTP Meclis Ba\u015fkanl\u0131\u011f\u0131 krizi s\u00fcrecinde, hukuk ve demokrasiye sahip \u00e7\u0131kmak i\u00e7in kararl\u0131 ve yap\u0131c\u0131 bir duru\u015f ortaya koydu\u201d -","isPartOf":{"@id":"https:\/\/kibrisdakik.com\/#website"},"primaryImageOfPage":{"@id":"https:\/\/kibrisdakik.com\/?p=69646#primaryimage"},"image":{"@id":"https:\/\/kibrisdakik.com\/?p=69646#primaryimage"},"thumbnailUrl":"https:\/\/kibrisdakik.com\/wp-content\/uploads\/2024\/11\/asim-akansoy12-740x420.jpg","datePublished":"2024-11-20T16:48:55+00:00","author":{"@id":"https:\/\/kibrisdakik.com\/#\/schema\/person\/9cd9d437bbb44f72b73ba127e06d8e79"},"breadcrumb":{"@id":"https:\/\/kibrisdakik.com\/?p=69646#breadcrumb"},"inLanguage":"tr","potentialAction":[{"@type":"ReadAction","target":["https:\/\/kibrisdakik.com\/?p=69646"]}]},{"@type":"ImageObject","inLanguage":"tr","@id":"https:\/\/kibrisdakik.com\/?p=69646#primaryimage","url":"https:\/\/kibrisdakik.com\/wp-content\/uploads\/2024\/11\/asim-akansoy12-740x420.jpg","contentUrl":"https:\/\/kibrisdakik.com\/wp-content\/uploads\/2024\/11\/asim-akansoy12-740x420.jpg","width":1024,"height":750},{"@type":"BreadcrumbList","@id":"https:\/\/kibrisdakik.com\/?p=69646#breadcrumb","itemListElement":[{"@type":"ListItem","position":1,"name":"Home","item":"https:\/\/kibrisdakik.com\/"},{"@type":"ListItem","position":2,"name":"Akansoy: \u201cCTP Meclis Ba\u015fkanl\u0131\u011f\u0131 krizi s\u00fcrecinde, hukuk ve demokrasiye sahip \u00e7\u0131kmak i\u00e7in kararl\u0131 ve yap\u0131c\u0131 bir duru\u015f ortaya koydu\u201d"}]},{"@type":"WebSite","@id":"https:\/\/kibrisdakik.com\/#website","url":"https:\/\/kibrisdakik.com\/","name":"","description":"Tam vaktinde haber","potentialAction":[{"@type":"SearchAction","target":{"@type":"EntryPoint","urlTemplate":"https:\/\/kibrisdakik.com\/?s={search_term_string}"},"query-input":{"@type":"PropertyValueSpecification","valueRequired":true,"valueName":"search_term_string"}}],"inLanguage":"tr"},{"@type":"Person","@id":"https:\/\/kibrisdakik.com\/#\/schema\/person\/9cd9d437bbb44f72b73ba127e06d8e79","name":"admin","image":{"@type":"ImageObject","inLanguage":"tr","@id":"https:\/\/secure.gravatar.com\/avatar\/ccc17943b9d660506c869530f897617f7cb1c21a4bf30023f252596d83e1f007?s=96&d=mm&r=g","url":"https:\/\/secure.gravatar.com\/avatar\/ccc17943b9d660506c869530f897617f7cb1c21a4bf30023f252596d83e1f007?s=96&d=mm&r=g","contentUrl":"https:\/\/secure.gravatar.com\/avatar\/ccc17943b9d660506c869530f897617f7cb1c21a4bf30023f252596d83e1f007?s=96&d=mm&r=g","caption":"admin"},"sameAs":["https:\/\/kibrisdakik.com"],"url":"https:\/\/kibrisdakik.com\/?author=1"}]}},"_links":{"self":[{"href":"https:\/\/kibrisdakik.com\/index.php?rest_route=\/wp\/v2\/posts\/69646","targetHints":{"allow":["GET"]}}],"collection":[{"href":"https:\/\/kibrisdakik.com\/index.php?rest_route=\/wp\/v2\/posts"}],"about":[{"href":"https:\/\/kibrisdakik.com\/index.php?rest_route=\/wp\/v2\/types\/post"}],"author":[{"embeddable":true,"href":"https:\/\/kibrisdakik.com\/index.php?rest_route=\/wp\/v2\/users\/1"}],"replies":[{"embeddable":true,"href":"https:\/\/kibrisdakik.com\/index.php?rest_route=%2Fwp%2Fv2%2Fcomments&post=69646"}],"version-history":[{"count":0,"href":"https:\/\/kibrisdakik.com\/index.php?rest_route=\/wp\/v2\/posts\/69646\/revisions"}],"wp:featuredmedia":[{"embeddable":true,"href":"https:\/\/kibrisdakik.com\/index.php?rest_route=\/wp\/v2\/media\/69647"}],"wp:attachment":[{"href":"https:\/\/kibrisdakik.com\/index.php?rest_route=%2Fwp%2Fv2%2Fmedia&parent=69646"}],"wp:term":[{"taxonomy":"category","embeddable":true,"href":"https:\/\/kibrisdakik.com\/index.php?rest_route=%2Fwp%2Fv2%2Fcategories&post=69646"},{"taxonomy":"post_tag","embeddable":true,"href":"https:\/\/kibrisdakik.com\/index.php?rest_route=%2Fwp%2Fv2%2Ftags&post=69646"}],"curies":[{"name":"wp","href":"https:\/\/api.w.org\/{rel}","templated":true}]}}