{"id":69663,"date":"2024-11-20T20:51:13","date_gmt":"2024-11-20T17:51:13","guid":{"rendered":"https:\/\/kibrisdakik.com\/index.php\/2024\/11\/20\/ford-avrupada-4-bin-calisanini-isten-cikariyor\/"},"modified":"2024-11-20T20:51:13","modified_gmt":"2024-11-20T17:51:13","slug":"ford-avrupada-4-bin-calisanini-isten-cikariyor","status":"publish","type":"post","link":"https:\/\/kibrisdakik.com\/?p=69663","title":{"rendered":"Ford, Avrupa\u2019da 4 bin \u00e7al\u0131\u015fan\u0131n\u0131 i\u015ften \u00e7\u0131kar\u0131yor"},"content":{"rendered":"<p><\/p>\n<div>\n<div class=\"mariselle-image-container center\">\n                <img loading=\"lazy\" decoding=\"async\" width=\"864\" height=\"486\" class=\"lazy-image\" alt=\"\" sizes=\"auto, (max-width: 864px) 100vw, 864px\" src=\"https:\/\/brtk.net\/wp-content\/uploads\/2024\/11\/20\/ford.jpg?ver=8bf70fa678e87961beec19d784f7834d\" srcset=\"https:\/\/brtk.net\/wp-content\/uploads\/2024\/11\/20\/ford.jpg?ver=8bf70fa678e87961beec19d784f7834d 864w, https:\/\/brtk.net\/wp-content\/uploads\/2024\/11\/20\/ford-300x169.jpg?ver=8bf70fa678e87961beec19d784f7834d 300w, https:\/\/brtk.net\/wp-content\/uploads\/2024\/11\/20\/ford-768x432.jpg?ver=8bf70fa678e87961beec19d784f7834d 768w\"\/>                            <\/div>\n<p>Ford Motor, maliyet a\u00e7\u0131s\u0131ndan daha rekabet\u00e7i bir yap\u0131 olu\u015fturma plan\u0131 kapsam\u0131nda Avrupa\u2019daki i\u015f g\u00fcc\u00fcn\u00fc azaltarak, 4 bin ki\u015fiyi i\u015ften \u00e7\u0131karaca\u011f\u0131n\u0131 bildirdi.<\/p>\n<p>Ford\u2019un a\u00e7\u0131klamas\u0131nda, end\u00fcstrinin elektrifikasyona do\u011fru kaymas\u0131 ve artan rekabet ortam\u0131nda Avrupa\u2019da maliyet a\u00e7\u0131s\u0131ndan daha rekabet\u00e7i bir yap\u0131 olu\u015fturmak ve b\u00fcy\u00fcmeyi s\u00fcrd\u00fcrmek i\u00e7in yeniden yap\u0131land\u0131rma plan\u0131 duyuruldu.<\/p>\n<p>\u015eirketin Avrupa\u2019da binek ara\u00e7 i\u015finde \u00f6nemli kay\u0131plarla kar\u015f\u0131 kar\u015f\u0131ya kald\u0131\u011f\u0131na i\u015faret edilen a\u00e7\u0131klamada, 2027\u2019ye kadar buradaki i\u015f g\u00fcc\u00fc azalt\u0131larak, 4 bin ki\u015finin i\u015ften \u00e7\u0131kar\u0131lmas\u0131n\u0131n planland\u0131\u011f\u0131 belirtildi.<\/p>\n<p>A\u00e7\u0131klamada, bunun \u00f6ncelikli olarak Almanya ve Birle\u015fik Krall\u0131k\u2019\u0131 etkileyece\u011fi ifade edildi.<\/p>\n<p>Ayr\u0131ca, zay\u0131f talep ve ekonomik zorluklar nedeniyle elektrikli modeller i\u00e7in \u00fcretim planlar\u0131n\u0131n ayarland\u0131\u011f\u0131 kaydedilen a\u00e7\u0131klamada, bunun da 2025\u2019in ilk \u00e7eyre\u011finde K\u00f6ln fabrikas\u0131nda ek k\u0131sa \u00e7al\u0131\u015fma g\u00fcnlerine yol a\u00e7aca\u011f\u0131 aktar\u0131ld\u0131.<\/p>\n<p>A\u00e7\u0131klamada, otomobil \u00fcreticilerinin Avrupa\u2019da \u201c\u00f6nemli rekabet ve ekonomik kar\u015f\u0131 r\u00fczgarlarla\u201d ve \u201ckarbondioksit d\u00fczenlemeleri ile elektrikli ara\u00e7lara y\u00f6nelik t\u00fcketici talebi aras\u0131ndaki uyumsuzlukla\u201d ba\u015fa \u00e7\u0131kmas\u0131 gerekti\u011fi belirtilerek, bunlar\u0131n ele al\u0131nmas\u0131 i\u00e7in i\u015fbirli\u011fine ihtiya\u00e7 duyuldu\u011fu kaydedildi.<\/p>\n<p>Ford\u2019un Avrupa\u2019ya ba\u011fl\u0131l\u0131\u011f\u0131n\u0131 s\u00fcrd\u00fcrd\u00fc\u011f\u00fc vurgulanan a\u00e7\u0131klamada, \u015firketin Avrupa\u2019daki operasyonlar\u0131n\u0131 d\u00f6n\u00fc\u015ft\u00fcrmek, \u00e7al\u0131\u015fanlar\u0131 yeniden e\u011fitmek ve yeni nesil elektrikli ara\u00e7lar \u00fcretmek i\u00e7in son d\u00f6rt y\u0131lda \u00f6nemli yat\u0131r\u0131mlar yapt\u0131\u011f\u0131 an\u0131msat\u0131ld\u0131.<\/p>\n<\/p><\/div>\n<p><script async\n                    defer\n                    crossorigin=\"anonymous\"\n                    src=\"https:\/\/connect.facebook.net\/tr_TR\/sdk.js#xfbml=1&#038;version=v3.3\"\n            ><\/script><\/p>\n","protected":false},"excerpt":{"rendered":"<p>Ford Motor, maliyet a\u00e7\u0131s\u0131ndan daha rekabet\u00e7i bir yap\u0131 olu\u015fturma plan\u0131 kapsam\u0131nda Avrupa\u2019daki i\u015f g\u00fcc\u00fcn\u00fc azaltarak, 4 bin ki\u015fiyi i\u015ften \u00e7\u0131karaca\u011f\u0131n\u0131 bildirdi. Ford\u2019un a\u00e7\u0131klamas\u0131nda, end\u00fcstrinin elektrifikasyona do\u011fru kaymas\u0131 ve artan rekabet ortam\u0131nda Avrupa\u2019da maliyet a\u00e7\u0131s\u0131ndan daha rekabet\u00e7i bir yap\u0131 olu\u015fturmak ve b\u00fcy\u00fcmeyi s\u00fcrd\u00fcrmek i\u00e7in yeniden yap\u0131land\u0131rma plan\u0131 duyuruldu. \u015eirketin Avrupa\u2019da binek ara\u00e7 i\u015finde \u00f6nemli kay\u0131plarla kar\u015f\u0131<\/p>\n","protected":false},"author":1,"featured_media":69664,"comment_status":"open","ping_status":"open","sticky":false,"template":"","format":"standard","meta":{"footnotes":""},"categories":[1],"tags":[],"class_list":["post-69663","post","type-post","status-publish","format-standard","has-post-thumbnail","hentry","category-gundem"],"yoast_head":"<!-- This site is optimized with the Yoast SEO plugin v27.5 - https:\/\/yoast.com\/product\/yoast-seo-wordpress\/ -->\n<title>Ford, Avrupa\u2019da 4 bin \u00e7al\u0131\u015fan\u0131n\u0131 i\u015ften \u00e7\u0131kar\u0131yor -<\/title>\n<meta name=\"robots\" content=\"index, follow, max-snippet:-1, max-image-preview:large, max-video-preview:-1\" \/>\n<link rel=\"canonical\" href=\"https:\/\/kibrisdakik.com\/?p=69663\" \/>\n<meta property=\"og:locale\" content=\"tr_TR\" \/>\n<meta property=\"og:type\" content=\"article\" \/>\n<meta property=\"og:title\" content=\"Ford, Avrupa\u2019da 4 bin \u00e7al\u0131\u015fan\u0131n\u0131 i\u015ften \u00e7\u0131kar\u0131yor -\" \/>\n<meta property=\"og:description\" content=\"Ford Motor, maliyet a\u00e7\u0131s\u0131ndan daha rekabet\u00e7i bir yap\u0131 olu\u015fturma plan\u0131 kapsam\u0131nda Avrupa\u2019daki i\u015f g\u00fcc\u00fcn\u00fc azaltarak, 4 bin ki\u015fiyi i\u015ften \u00e7\u0131karaca\u011f\u0131n\u0131 bildirdi. Ford\u2019un a\u00e7\u0131klamas\u0131nda, end\u00fcstrinin elektrifikasyona do\u011fru kaymas\u0131 ve artan rekabet ortam\u0131nda Avrupa\u2019da maliyet a\u00e7\u0131s\u0131ndan daha rekabet\u00e7i bir yap\u0131 olu\u015fturmak ve b\u00fcy\u00fcmeyi s\u00fcrd\u00fcrmek i\u00e7in yeniden yap\u0131land\u0131rma plan\u0131 duyuruldu. \u015eirketin Avrupa\u2019da binek ara\u00e7 i\u015finde \u00f6nemli kay\u0131plarla kar\u015f\u0131\" \/>\n<meta property=\"og:url\" content=\"https:\/\/kibrisdakik.com\/?p=69663\" \/>\n<meta property=\"article:published_time\" content=\"2024-11-20T17:51:13+00:00\" \/>\n<meta property=\"og:image\" content=\"https:\/\/kibrisdakik.com\/wp-content\/uploads\/2024\/11\/ford-740x420.jpg\" \/>\n\t<meta property=\"og:image:width\" content=\"864\" \/>\n\t<meta property=\"og:image:height\" content=\"486\" \/>\n\t<meta property=\"og:image:type\" content=\"image\/jpeg\" \/>\n<meta name=\"author\" content=\"admin\" \/>\n<meta name=\"twitter:card\" content=\"summary_large_image\" \/>\n<meta name=\"twitter:label1\" content=\"Yazan:\" \/>\n\t<meta name=\"twitter:data1\" content=\"admin\" \/>\n\t<meta name=\"twitter:label2\" content=\"Tahmini okuma s\u00fcresi\" \/>\n\t<meta name=\"twitter:data2\" content=\"1 dakika\" \/>\n<script type=\"application\/ld+json\" class=\"yoast-schema-graph\">{\"@context\":\"https:\\\/\\\/schema.org\",\"@graph\":[{\"@type\":\"Article\",\"@id\":\"https:\\\/\\\/kibrisdakik.com\\\/?p=69663#article\",\"isPartOf\":{\"@id\":\"https:\\\/\\\/kibrisdakik.com\\\/?p=69663\"},\"author\":{\"name\":\"admin\",\"@id\":\"https:\\\/\\\/kibrisdakik.com\\\/#\\\/schema\\\/person\\\/9cd9d437bbb44f72b73ba127e06d8e79\"},\"headline\":\"Ford, Avrupa\u2019da 4 bin \u00e7al\u0131\u015fan\u0131n\u0131 i\u015ften \u00e7\u0131kar\u0131yor\",\"datePublished\":\"2024-11-20T17:51:13+00:00\",\"mainEntityOfPage\":{\"@id\":\"https:\\\/\\\/kibrisdakik.com\\\/?p=69663\"},\"wordCount\":282,\"commentCount\":0,\"image\":{\"@id\":\"https:\\\/\\\/kibrisdakik.com\\\/?p=69663#primaryimage\"},\"thumbnailUrl\":\"https:\\\/\\\/kibrisdakik.com\\\/wp-content\\\/uploads\\\/2024\\\/11\\\/ford-740x420.jpg\",\"articleSection\":[\"G\u00fcndem\"],\"inLanguage\":\"tr\",\"potentialAction\":[{\"@type\":\"CommentAction\",\"name\":\"Comment\",\"target\":[\"https:\\\/\\\/kibrisdakik.com\\\/?p=69663#respond\"]}]},{\"@type\":\"WebPage\",\"@id\":\"https:\\\/\\\/kibrisdakik.com\\\/?p=69663\",\"url\":\"https:\\\/\\\/kibrisdakik.com\\\/?p=69663\",\"name\":\"Ford, Avrupa\u2019da 4 bin \u00e7al\u0131\u015fan\u0131n\u0131 i\u015ften \u00e7\u0131kar\u0131yor -\",\"isPartOf\":{\"@id\":\"https:\\\/\\\/kibrisdakik.com\\\/#website\"},\"primaryImageOfPage\":{\"@id\":\"https:\\\/\\\/kibrisdakik.com\\\/?p=69663#primaryimage\"},\"image\":{\"@id\":\"https:\\\/\\\/kibrisdakik.com\\\/?p=69663#primaryimage\"},\"thumbnailUrl\":\"https:\\\/\\\/kibrisdakik.com\\\/wp-content\\\/uploads\\\/2024\\\/11\\\/ford-740x420.jpg\",\"datePublished\":\"2024-11-20T17:51:13+00:00\",\"author\":{\"@id\":\"https:\\\/\\\/kibrisdakik.com\\\/#\\\/schema\\\/person\\\/9cd9d437bbb44f72b73ba127e06d8e79\"},\"breadcrumb\":{\"@id\":\"https:\\\/\\\/kibrisdakik.com\\\/?p=69663#breadcrumb\"},\"inLanguage\":\"tr\",\"potentialAction\":[{\"@type\":\"ReadAction\",\"target\":[\"https:\\\/\\\/kibrisdakik.com\\\/?p=69663\"]}]},{\"@type\":\"ImageObject\",\"inLanguage\":\"tr\",\"@id\":\"https:\\\/\\\/kibrisdakik.com\\\/?p=69663#primaryimage\",\"url\":\"https:\\\/\\\/kibrisdakik.com\\\/wp-content\\\/uploads\\\/2024\\\/11\\\/ford-740x420.jpg\",\"contentUrl\":\"https:\\\/\\\/kibrisdakik.com\\\/wp-content\\\/uploads\\\/2024\\\/11\\\/ford-740x420.jpg\",\"width\":864,\"height\":486},{\"@type\":\"BreadcrumbList\",\"@id\":\"https:\\\/\\\/kibrisdakik.com\\\/?p=69663#breadcrumb\",\"itemListElement\":[{\"@type\":\"ListItem\",\"position\":1,\"name\":\"Home\",\"item\":\"https:\\\/\\\/kibrisdakik.com\\\/\"},{\"@type\":\"ListItem\",\"position\":2,\"name\":\"Ford, Avrupa\u2019da 4 bin \u00e7al\u0131\u015fan\u0131n\u0131 i\u015ften \u00e7\u0131kar\u0131yor\"}]},{\"@type\":\"WebSite\",\"@id\":\"https:\\\/\\\/kibrisdakik.com\\\/#website\",\"url\":\"https:\\\/\\\/kibrisdakik.com\\\/\",\"name\":\"\",\"description\":\"Tam vaktinde haber\",\"potentialAction\":[{\"@type\":\"SearchAction\",\"target\":{\"@type\":\"EntryPoint\",\"urlTemplate\":\"https:\\\/\\\/kibrisdakik.com\\\/?s={search_term_string}\"},\"query-input\":{\"@type\":\"PropertyValueSpecification\",\"valueRequired\":true,\"valueName\":\"search_term_string\"}}],\"inLanguage\":\"tr\"},{\"@type\":\"Person\",\"@id\":\"https:\\\/\\\/kibrisdakik.com\\\/#\\\/schema\\\/person\\\/9cd9d437bbb44f72b73ba127e06d8e79\",\"name\":\"admin\",\"image\":{\"@type\":\"ImageObject\",\"inLanguage\":\"tr\",\"@id\":\"https:\\\/\\\/secure.gravatar.com\\\/avatar\\\/ccc17943b9d660506c869530f897617f7cb1c21a4bf30023f252596d83e1f007?s=96&d=mm&r=g\",\"url\":\"https:\\\/\\\/secure.gravatar.com\\\/avatar\\\/ccc17943b9d660506c869530f897617f7cb1c21a4bf30023f252596d83e1f007?s=96&d=mm&r=g\",\"contentUrl\":\"https:\\\/\\\/secure.gravatar.com\\\/avatar\\\/ccc17943b9d660506c869530f897617f7cb1c21a4bf30023f252596d83e1f007?s=96&d=mm&r=g\",\"caption\":\"admin\"},\"sameAs\":[\"https:\\\/\\\/kibrisdakik.com\"],\"url\":\"https:\\\/\\\/kibrisdakik.com\\\/?author=1\"}]}<\/script>\n<!-- \/ Yoast SEO plugin. -->","yoast_head_json":{"title":"Ford, Avrupa\u2019da 4 bin \u00e7al\u0131\u015fan\u0131n\u0131 i\u015ften \u00e7\u0131kar\u0131yor -","robots":{"index":"index","follow":"follow","max-snippet":"max-snippet:-1","max-image-preview":"max-image-preview:large","max-video-preview":"max-video-preview:-1"},"canonical":"https:\/\/kibrisdakik.com\/?p=69663","og_locale":"tr_TR","og_type":"article","og_title":"Ford, Avrupa\u2019da 4 bin \u00e7al\u0131\u015fan\u0131n\u0131 i\u015ften \u00e7\u0131kar\u0131yor -","og_description":"Ford Motor, maliyet a\u00e7\u0131s\u0131ndan daha rekabet\u00e7i bir yap\u0131 olu\u015fturma plan\u0131 kapsam\u0131nda Avrupa\u2019daki i\u015f g\u00fcc\u00fcn\u00fc azaltarak, 4 bin ki\u015fiyi i\u015ften \u00e7\u0131karaca\u011f\u0131n\u0131 bildirdi. Ford\u2019un a\u00e7\u0131klamas\u0131nda, end\u00fcstrinin elektrifikasyona do\u011fru kaymas\u0131 ve artan rekabet ortam\u0131nda Avrupa\u2019da maliyet a\u00e7\u0131s\u0131ndan daha rekabet\u00e7i bir yap\u0131 olu\u015fturmak ve b\u00fcy\u00fcmeyi s\u00fcrd\u00fcrmek i\u00e7in yeniden yap\u0131land\u0131rma plan\u0131 duyuruldu. \u015eirketin Avrupa\u2019da binek ara\u00e7 i\u015finde \u00f6nemli kay\u0131plarla kar\u015f\u0131","og_url":"https:\/\/kibrisdakik.com\/?p=69663","article_published_time":"2024-11-20T17:51:13+00:00","og_image":[{"width":864,"height":486,"url":"https:\/\/kibrisdakik.com\/wp-content\/uploads\/2024\/11\/ford-740x420.jpg","type":"image\/jpeg"}],"author":"admin","twitter_card":"summary_large_image","twitter_misc":{"Yazan:":"admin","Tahmini okuma s\u00fcresi":"1 dakika"},"schema":{"@context":"https:\/\/schema.org","@graph":[{"@type":"Article","@id":"https:\/\/kibrisdakik.com\/?p=69663#article","isPartOf":{"@id":"https:\/\/kibrisdakik.com\/?p=69663"},"author":{"name":"admin","@id":"https:\/\/kibrisdakik.com\/#\/schema\/person\/9cd9d437bbb44f72b73ba127e06d8e79"},"headline":"Ford, Avrupa\u2019da 4 bin \u00e7al\u0131\u015fan\u0131n\u0131 i\u015ften \u00e7\u0131kar\u0131yor","datePublished":"2024-11-20T17:51:13+00:00","mainEntityOfPage":{"@id":"https:\/\/kibrisdakik.com\/?p=69663"},"wordCount":282,"commentCount":0,"image":{"@id":"https:\/\/kibrisdakik.com\/?p=69663#primaryimage"},"thumbnailUrl":"https:\/\/kibrisdakik.com\/wp-content\/uploads\/2024\/11\/ford-740x420.jpg","articleSection":["G\u00fcndem"],"inLanguage":"tr","potentialAction":[{"@type":"CommentAction","name":"Comment","target":["https:\/\/kibrisdakik.com\/?p=69663#respond"]}]},{"@type":"WebPage","@id":"https:\/\/kibrisdakik.com\/?p=69663","url":"https:\/\/kibrisdakik.com\/?p=69663","name":"Ford, Avrupa\u2019da 4 bin \u00e7al\u0131\u015fan\u0131n\u0131 i\u015ften \u00e7\u0131kar\u0131yor -","isPartOf":{"@id":"https:\/\/kibrisdakik.com\/#website"},"primaryImageOfPage":{"@id":"https:\/\/kibrisdakik.com\/?p=69663#primaryimage"},"image":{"@id":"https:\/\/kibrisdakik.com\/?p=69663#primaryimage"},"thumbnailUrl":"https:\/\/kibrisdakik.com\/wp-content\/uploads\/2024\/11\/ford-740x420.jpg","datePublished":"2024-11-20T17:51:13+00:00","author":{"@id":"https:\/\/kibrisdakik.com\/#\/schema\/person\/9cd9d437bbb44f72b73ba127e06d8e79"},"breadcrumb":{"@id":"https:\/\/kibrisdakik.com\/?p=69663#breadcrumb"},"inLanguage":"tr","potentialAction":[{"@type":"ReadAction","target":["https:\/\/kibrisdakik.com\/?p=69663"]}]},{"@type":"ImageObject","inLanguage":"tr","@id":"https:\/\/kibrisdakik.com\/?p=69663#primaryimage","url":"https:\/\/kibrisdakik.com\/wp-content\/uploads\/2024\/11\/ford-740x420.jpg","contentUrl":"https:\/\/kibrisdakik.com\/wp-content\/uploads\/2024\/11\/ford-740x420.jpg","width":864,"height":486},{"@type":"BreadcrumbList","@id":"https:\/\/kibrisdakik.com\/?p=69663#breadcrumb","itemListElement":[{"@type":"ListItem","position":1,"name":"Home","item":"https:\/\/kibrisdakik.com\/"},{"@type":"ListItem","position":2,"name":"Ford, Avrupa\u2019da 4 bin \u00e7al\u0131\u015fan\u0131n\u0131 i\u015ften \u00e7\u0131kar\u0131yor"}]},{"@type":"WebSite","@id":"https:\/\/kibrisdakik.com\/#website","url":"https:\/\/kibrisdakik.com\/","name":"","description":"Tam vaktinde haber","potentialAction":[{"@type":"SearchAction","target":{"@type":"EntryPoint","urlTemplate":"https:\/\/kibrisdakik.com\/?s={search_term_string}"},"query-input":{"@type":"PropertyValueSpecification","valueRequired":true,"valueName":"search_term_string"}}],"inLanguage":"tr"},{"@type":"Person","@id":"https:\/\/kibrisdakik.com\/#\/schema\/person\/9cd9d437bbb44f72b73ba127e06d8e79","name":"admin","image":{"@type":"ImageObject","inLanguage":"tr","@id":"https:\/\/secure.gravatar.com\/avatar\/ccc17943b9d660506c869530f897617f7cb1c21a4bf30023f252596d83e1f007?s=96&d=mm&r=g","url":"https:\/\/secure.gravatar.com\/avatar\/ccc17943b9d660506c869530f897617f7cb1c21a4bf30023f252596d83e1f007?s=96&d=mm&r=g","contentUrl":"https:\/\/secure.gravatar.com\/avatar\/ccc17943b9d660506c869530f897617f7cb1c21a4bf30023f252596d83e1f007?s=96&d=mm&r=g","caption":"admin"},"sameAs":["https:\/\/kibrisdakik.com"],"url":"https:\/\/kibrisdakik.com\/?author=1"}]}},"_links":{"self":[{"href":"https:\/\/kibrisdakik.com\/index.php?rest_route=\/wp\/v2\/posts\/69663","targetHints":{"allow":["GET"]}}],"collection":[{"href":"https:\/\/kibrisdakik.com\/index.php?rest_route=\/wp\/v2\/posts"}],"about":[{"href":"https:\/\/kibrisdakik.com\/index.php?rest_route=\/wp\/v2\/types\/post"}],"author":[{"embeddable":true,"href":"https:\/\/kibrisdakik.com\/index.php?rest_route=\/wp\/v2\/users\/1"}],"replies":[{"embeddable":true,"href":"https:\/\/kibrisdakik.com\/index.php?rest_route=%2Fwp%2Fv2%2Fcomments&post=69663"}],"version-history":[{"count":0,"href":"https:\/\/kibrisdakik.com\/index.php?rest_route=\/wp\/v2\/posts\/69663\/revisions"}],"wp:featuredmedia":[{"embeddable":true,"href":"https:\/\/kibrisdakik.com\/index.php?rest_route=\/wp\/v2\/media\/69664"}],"wp:attachment":[{"href":"https:\/\/kibrisdakik.com\/index.php?rest_route=%2Fwp%2Fv2%2Fmedia&parent=69663"}],"wp:term":[{"taxonomy":"category","embeddable":true,"href":"https:\/\/kibrisdakik.com\/index.php?rest_route=%2Fwp%2Fv2%2Fcategories&post=69663"},{"taxonomy":"post_tag","embeddable":true,"href":"https:\/\/kibrisdakik.com\/index.php?rest_route=%2Fwp%2Fv2%2Ftags&post=69663"}],"curies":[{"name":"wp","href":"https:\/\/api.w.org\/{rel}","templated":true}]}}