{"id":69676,"date":"2024-11-21T11:58:08","date_gmt":"2024-11-21T08:58:08","guid":{"rendered":"https:\/\/kibrisdakik.com\/index.php\/2024\/11\/21\/tarim-ve-dogal-kaynaklar-bakani-cavus-dunya-balikcilik-gunu-nedeniyle-mesaji-yayimladi\/"},"modified":"2024-11-21T11:58:08","modified_gmt":"2024-11-21T08:58:08","slug":"tarim-ve-dogal-kaynaklar-bakani-cavus-dunya-balikcilik-gunu-nedeniyle-mesaji-yayimladi","status":"publish","type":"post","link":"https:\/\/kibrisdakik.com\/?p=69676","title":{"rendered":"Tar\u0131m ve Do\u011fal Kaynaklar Bakan\u0131 \u00c7avu\u015f, D\u00fcnya Bal\u0131k\u00e7\u0131l\u0131k G\u00fcn\u00fc nedeniyle mesaj\u0131 yay\u0131mlad\u0131"},"content":{"rendered":"<div>\n<div class=\"mariselle-image-container center\">\n                                            <\/div>\n<p>Tar\u0131m ve Do\u011fal Kaynaklar Bakan\u0131 H\u00fcseyin \u00c7avu\u015f, D\u00fcnya Bal\u0131k\u00e7\u0131l\u0131k G\u00fcn\u00fc dolay\u0131s\u0131yla yay\u0131mlad\u0131\u011f\u0131 mesajda, denizlerin ve sucul ekosistemlerin korunmas\u0131 konusundaki \u00e7abalar\u0131n artaca\u011f\u0131na inan\u00e7 belirtti.<\/p>\n<p>\u00c7avu\u015f, s\u00fcrd\u00fcr\u00fclebilir bal\u0131k\u00e7\u0131l\u0131k ve deniz kaynaklar\u0131n\u0131n korunmas\u0131 konusundaki fark\u0131ndal\u0131\u011f\u0131 art\u0131rmay\u0131 ama\u00e7layan D\u00fcnya Bal\u0131k\u00e7\u0131l\u0131k G\u00fcn\u00fc mesaj\u0131nda, bal\u0131k\u00e7\u0131l\u0131k sekt\u00f6r\u00fcn\u00fcn sadece ekonomiye de\u011fil; beslenme, istihdam ve geleneksel ya\u015fam bi\u00e7imlerine de b\u00fcy\u00fck katk\u0131lar sa\u011flad\u0131\u011f\u0131n\u0131 kaydetti.<\/p>\n<p>Denizlerin ve su kaynaklar\u0131n\u0131n sa\u011fl\u0131kl\u0131 bir ekosistemin s\u00fcrd\u00fcr\u00fclebilmesi i\u00e7in hayati \u00f6neme sahip oldu\u011funu belirten \u00c7avu\u015f, \u201cBu nedenle, do\u011fal kaynaklar\u0131n dengeli ve sorumlu bir \u015fekilde kullan\u0131lmas\u0131, gelecek nesillere ya\u015fanabilir bir d\u00fcnya b\u0131rakman\u0131n temel \u015fart\u0131d\u0131r.\u201d dedi.<\/p>\n<p>\u00c7avu\u015f mesaj\u0131nda, \u201cBal\u0131k\u00e7\u0131lar\u0131m\u0131z\u0131n eme\u011fi, denizlerin bereketini sofralar\u0131m\u0131za ta\u015f\u0131rken, onlar\u0131n refah\u0131 ve \u00e7al\u0131\u015fma ko\u015fullar\u0131n\u0131n iyile\u015ftirilmesi hepimizin ortak sorumlulu\u011fudur. Bu vesileyle, t\u00fcm bal\u0131k\u00e7\u0131lar\u0131m\u0131za \u015f\u00fckranlar\u0131m\u0131z\u0131 sunuyor, denizlerimizi ve sucul ekosistemlerimizi koruma konusundaki \u00e7abalar\u0131m\u0131z\u0131 art\u0131raca\u011f\u0131m\u0131za olan inanc\u0131m\u0131 ifade ediyorum. Denizlerin s\u00fcrd\u00fcr\u00fclebilirli\u011fi i\u00e7in el ele vererek, mavi gelece\u011fimizi birlikte in\u015fa edelim. D\u00fcnya Bal\u0131k\u00e7\u0131l\u0131k G\u00fcn\u00fc kutlu olsun.\u201d ifadelerine yer verdi.<\/p>\n<\/p><\/div>\n<p><script async\n                    defer\n                    crossorigin=\"anonymous\"\n                    src=\"https:\/\/connect.facebook.net\/tr_TR\/sdk.js#xfbml=1&#038;version=v3.3\"\n            ><\/script><\/p>\n","protected":false},"excerpt":{"rendered":"<p>Tar\u0131m ve Do\u011fal Kaynaklar Bakan\u0131 H\u00fcseyin \u00c7avu\u015f, D\u00fcnya Bal\u0131k\u00e7\u0131l\u0131k G\u00fcn\u00fc dolay\u0131s\u0131yla yay\u0131mlad\u0131\u011f\u0131 mesajda, denizlerin ve sucul ekosistemlerin korunmas\u0131 konusundaki \u00e7abalar\u0131n artaca\u011f\u0131na inan\u00e7 belirtti. \u00c7avu\u015f, s\u00fcrd\u00fcr\u00fclebilir bal\u0131k\u00e7\u0131l\u0131k ve deniz kaynaklar\u0131n\u0131n korunmas\u0131 konusundaki fark\u0131ndal\u0131\u011f\u0131 art\u0131rmay\u0131 ama\u00e7layan D\u00fcnya Bal\u0131k\u00e7\u0131l\u0131k G\u00fcn\u00fc mesaj\u0131nda, bal\u0131k\u00e7\u0131l\u0131k sekt\u00f6r\u00fcn\u00fcn sadece ekonomiye de\u011fil; beslenme, istihdam ve geleneksel ya\u015fam bi\u00e7imlerine de b\u00fcy\u00fck katk\u0131lar sa\u011flad\u0131\u011f\u0131n\u0131 kaydetti. Denizlerin<\/p>\n","protected":false},"author":1,"featured_media":69677,"comment_status":"open","ping_status":"open","sticky":false,"template":"","format":"standard","meta":{"footnotes":""},"categories":[81],"tags":[],"class_list":["post-69676","post","type-post","status-publish","format-standard","has-post-thumbnail","hentry","category-kibris"],"yoast_head":"<!-- This site is optimized with the Yoast SEO plugin v27.5 - https:\/\/yoast.com\/product\/yoast-seo-wordpress\/ -->\n<title>Tar\u0131m ve Do\u011fal Kaynaklar Bakan\u0131 \u00c7avu\u015f, D\u00fcnya Bal\u0131k\u00e7\u0131l\u0131k G\u00fcn\u00fc nedeniyle mesaj\u0131 yay\u0131mlad\u0131 -<\/title>\n<meta name=\"robots\" content=\"index, follow, max-snippet:-1, max-image-preview:large, max-video-preview:-1\" \/>\n<link rel=\"canonical\" href=\"https:\/\/kibrisdakik.com\/?p=69676\" \/>\n<meta property=\"og:locale\" content=\"tr_TR\" \/>\n<meta property=\"og:type\" content=\"article\" \/>\n<meta property=\"og:title\" content=\"Tar\u0131m ve Do\u011fal Kaynaklar Bakan\u0131 \u00c7avu\u015f, D\u00fcnya Bal\u0131k\u00e7\u0131l\u0131k G\u00fcn\u00fc nedeniyle mesaj\u0131 yay\u0131mlad\u0131 -\" \/>\n<meta property=\"og:description\" content=\"Tar\u0131m ve Do\u011fal Kaynaklar Bakan\u0131 H\u00fcseyin \u00c7avu\u015f, D\u00fcnya Bal\u0131k\u00e7\u0131l\u0131k G\u00fcn\u00fc dolay\u0131s\u0131yla yay\u0131mlad\u0131\u011f\u0131 mesajda, denizlerin ve sucul ekosistemlerin korunmas\u0131 konusundaki \u00e7abalar\u0131n artaca\u011f\u0131na inan\u00e7 belirtti. \u00c7avu\u015f, s\u00fcrd\u00fcr\u00fclebilir bal\u0131k\u00e7\u0131l\u0131k ve deniz kaynaklar\u0131n\u0131n korunmas\u0131 konusundaki fark\u0131ndal\u0131\u011f\u0131 art\u0131rmay\u0131 ama\u00e7layan D\u00fcnya Bal\u0131k\u00e7\u0131l\u0131k G\u00fcn\u00fc mesaj\u0131nda, bal\u0131k\u00e7\u0131l\u0131k sekt\u00f6r\u00fcn\u00fcn sadece ekonomiye de\u011fil; beslenme, istihdam ve geleneksel ya\u015fam bi\u00e7imlerine de b\u00fcy\u00fck katk\u0131lar sa\u011flad\u0131\u011f\u0131n\u0131 kaydetti. Denizlerin\" \/>\n<meta property=\"og:url\" content=\"https:\/\/kibrisdakik.com\/?p=69676\" \/>\n<meta property=\"article:published_time\" content=\"2024-11-21T08:58:08+00:00\" \/>\n<meta property=\"og:image\" content=\"https:\/\/kibrisdakik.com\/wp-content\/uploads\/2024\/11\/kelle-740x420.jpg\" \/>\n\t<meta property=\"og:image:width\" content=\"1600\" \/>\n\t<meta property=\"og:image:height\" content=\"1066\" \/>\n\t<meta property=\"og:image:type\" content=\"image\/jpeg\" \/>\n<meta name=\"author\" content=\"admin\" \/>\n<meta name=\"twitter:card\" content=\"summary_large_image\" \/>\n<meta name=\"twitter:label1\" content=\"Yazan:\" \/>\n\t<meta name=\"twitter:data1\" content=\"admin\" \/>\n\t<meta name=\"twitter:label2\" content=\"Tahmini okuma s\u00fcresi\" \/>\n\t<meta name=\"twitter:data2\" content=\"1 dakika\" \/>\n<script type=\"application\/ld+json\" class=\"yoast-schema-graph\">{\"@context\":\"https:\\\/\\\/schema.org\",\"@graph\":[{\"@type\":\"Article\",\"@id\":\"https:\\\/\\\/kibrisdakik.com\\\/?p=69676#article\",\"isPartOf\":{\"@id\":\"https:\\\/\\\/kibrisdakik.com\\\/?p=69676\"},\"author\":{\"name\":\"admin\",\"@id\":\"https:\\\/\\\/kibrisdakik.com\\\/#\\\/schema\\\/person\\\/9cd9d437bbb44f72b73ba127e06d8e79\"},\"headline\":\"Tar\u0131m ve Do\u011fal Kaynaklar Bakan\u0131 \u00c7avu\u015f, D\u00fcnya Bal\u0131k\u00e7\u0131l\u0131k G\u00fcn\u00fc nedeniyle mesaj\u0131 yay\u0131mlad\u0131\",\"datePublished\":\"2024-11-21T08:58:08+00:00\",\"mainEntityOfPage\":{\"@id\":\"https:\\\/\\\/kibrisdakik.com\\\/?p=69676\"},\"wordCount\":266,\"commentCount\":0,\"image\":{\"@id\":\"https:\\\/\\\/kibrisdakik.com\\\/?p=69676#primaryimage\"},\"thumbnailUrl\":\"https:\\\/\\\/kibrisdakik.com\\\/wp-content\\\/uploads\\\/2024\\\/11\\\/kelle-740x420.jpg\",\"articleSection\":[\"K\u0131br\u0131s\"],\"inLanguage\":\"tr\",\"potentialAction\":[{\"@type\":\"CommentAction\",\"name\":\"Comment\",\"target\":[\"https:\\\/\\\/kibrisdakik.com\\\/?p=69676#respond\"]}]},{\"@type\":\"WebPage\",\"@id\":\"https:\\\/\\\/kibrisdakik.com\\\/?p=69676\",\"url\":\"https:\\\/\\\/kibrisdakik.com\\\/?p=69676\",\"name\":\"Tar\u0131m ve Do\u011fal Kaynaklar Bakan\u0131 \u00c7avu\u015f, D\u00fcnya Bal\u0131k\u00e7\u0131l\u0131k G\u00fcn\u00fc nedeniyle mesaj\u0131 yay\u0131mlad\u0131 -\",\"isPartOf\":{\"@id\":\"https:\\\/\\\/kibrisdakik.com\\\/#website\"},\"primaryImageOfPage\":{\"@id\":\"https:\\\/\\\/kibrisdakik.com\\\/?p=69676#primaryimage\"},\"image\":{\"@id\":\"https:\\\/\\\/kibrisdakik.com\\\/?p=69676#primaryimage\"},\"thumbnailUrl\":\"https:\\\/\\\/kibrisdakik.com\\\/wp-content\\\/uploads\\\/2024\\\/11\\\/kelle-740x420.jpg\",\"datePublished\":\"2024-11-21T08:58:08+00:00\",\"author\":{\"@id\":\"https:\\\/\\\/kibrisdakik.com\\\/#\\\/schema\\\/person\\\/9cd9d437bbb44f72b73ba127e06d8e79\"},\"breadcrumb\":{\"@id\":\"https:\\\/\\\/kibrisdakik.com\\\/?p=69676#breadcrumb\"},\"inLanguage\":\"tr\",\"potentialAction\":[{\"@type\":\"ReadAction\",\"target\":[\"https:\\\/\\\/kibrisdakik.com\\\/?p=69676\"]}]},{\"@type\":\"ImageObject\",\"inLanguage\":\"tr\",\"@id\":\"https:\\\/\\\/kibrisdakik.com\\\/?p=69676#primaryimage\",\"url\":\"https:\\\/\\\/kibrisdakik.com\\\/wp-content\\\/uploads\\\/2024\\\/11\\\/kelle-740x420.jpg\",\"contentUrl\":\"https:\\\/\\\/kibrisdakik.com\\\/wp-content\\\/uploads\\\/2024\\\/11\\\/kelle-740x420.jpg\",\"width\":1600,\"height\":1066},{\"@type\":\"BreadcrumbList\",\"@id\":\"https:\\\/\\\/kibrisdakik.com\\\/?p=69676#breadcrumb\",\"itemListElement\":[{\"@type\":\"ListItem\",\"position\":1,\"name\":\"Home\",\"item\":\"https:\\\/\\\/kibrisdakik.com\\\/\"},{\"@type\":\"ListItem\",\"position\":2,\"name\":\"Tar\u0131m ve Do\u011fal Kaynaklar Bakan\u0131 \u00c7avu\u015f, D\u00fcnya Bal\u0131k\u00e7\u0131l\u0131k G\u00fcn\u00fc nedeniyle mesaj\u0131 yay\u0131mlad\u0131\"}]},{\"@type\":\"WebSite\",\"@id\":\"https:\\\/\\\/kibrisdakik.com\\\/#website\",\"url\":\"https:\\\/\\\/kibrisdakik.com\\\/\",\"name\":\"\",\"description\":\"Tam vaktinde haber\",\"potentialAction\":[{\"@type\":\"SearchAction\",\"target\":{\"@type\":\"EntryPoint\",\"urlTemplate\":\"https:\\\/\\\/kibrisdakik.com\\\/?s={search_term_string}\"},\"query-input\":{\"@type\":\"PropertyValueSpecification\",\"valueRequired\":true,\"valueName\":\"search_term_string\"}}],\"inLanguage\":\"tr\"},{\"@type\":\"Person\",\"@id\":\"https:\\\/\\\/kibrisdakik.com\\\/#\\\/schema\\\/person\\\/9cd9d437bbb44f72b73ba127e06d8e79\",\"name\":\"admin\",\"image\":{\"@type\":\"ImageObject\",\"inLanguage\":\"tr\",\"@id\":\"https:\\\/\\\/secure.gravatar.com\\\/avatar\\\/ccc17943b9d660506c869530f897617f7cb1c21a4bf30023f252596d83e1f007?s=96&d=mm&r=g\",\"url\":\"https:\\\/\\\/secure.gravatar.com\\\/avatar\\\/ccc17943b9d660506c869530f897617f7cb1c21a4bf30023f252596d83e1f007?s=96&d=mm&r=g\",\"contentUrl\":\"https:\\\/\\\/secure.gravatar.com\\\/avatar\\\/ccc17943b9d660506c869530f897617f7cb1c21a4bf30023f252596d83e1f007?s=96&d=mm&r=g\",\"caption\":\"admin\"},\"sameAs\":[\"https:\\\/\\\/kibrisdakik.com\"],\"url\":\"https:\\\/\\\/kibrisdakik.com\\\/?author=1\"}]}<\/script>\n<!-- \/ Yoast SEO plugin. -->","yoast_head_json":{"title":"Tar\u0131m ve Do\u011fal Kaynaklar Bakan\u0131 \u00c7avu\u015f, D\u00fcnya Bal\u0131k\u00e7\u0131l\u0131k G\u00fcn\u00fc nedeniyle mesaj\u0131 yay\u0131mlad\u0131 -","robots":{"index":"index","follow":"follow","max-snippet":"max-snippet:-1","max-image-preview":"max-image-preview:large","max-video-preview":"max-video-preview:-1"},"canonical":"https:\/\/kibrisdakik.com\/?p=69676","og_locale":"tr_TR","og_type":"article","og_title":"Tar\u0131m ve Do\u011fal Kaynaklar Bakan\u0131 \u00c7avu\u015f, D\u00fcnya Bal\u0131k\u00e7\u0131l\u0131k G\u00fcn\u00fc nedeniyle mesaj\u0131 yay\u0131mlad\u0131 -","og_description":"Tar\u0131m ve Do\u011fal Kaynaklar Bakan\u0131 H\u00fcseyin \u00c7avu\u015f, D\u00fcnya Bal\u0131k\u00e7\u0131l\u0131k G\u00fcn\u00fc dolay\u0131s\u0131yla yay\u0131mlad\u0131\u011f\u0131 mesajda, denizlerin ve sucul ekosistemlerin korunmas\u0131 konusundaki \u00e7abalar\u0131n artaca\u011f\u0131na inan\u00e7 belirtti. \u00c7avu\u015f, s\u00fcrd\u00fcr\u00fclebilir bal\u0131k\u00e7\u0131l\u0131k ve deniz kaynaklar\u0131n\u0131n korunmas\u0131 konusundaki fark\u0131ndal\u0131\u011f\u0131 art\u0131rmay\u0131 ama\u00e7layan D\u00fcnya Bal\u0131k\u00e7\u0131l\u0131k G\u00fcn\u00fc mesaj\u0131nda, bal\u0131k\u00e7\u0131l\u0131k sekt\u00f6r\u00fcn\u00fcn sadece ekonomiye de\u011fil; beslenme, istihdam ve geleneksel ya\u015fam bi\u00e7imlerine de b\u00fcy\u00fck katk\u0131lar sa\u011flad\u0131\u011f\u0131n\u0131 kaydetti. Denizlerin","og_url":"https:\/\/kibrisdakik.com\/?p=69676","article_published_time":"2024-11-21T08:58:08+00:00","og_image":[{"width":1600,"height":1066,"url":"https:\/\/kibrisdakik.com\/wp-content\/uploads\/2024\/11\/kelle-740x420.jpg","type":"image\/jpeg"}],"author":"admin","twitter_card":"summary_large_image","twitter_misc":{"Yazan:":"admin","Tahmini okuma s\u00fcresi":"1 dakika"},"schema":{"@context":"https:\/\/schema.org","@graph":[{"@type":"Article","@id":"https:\/\/kibrisdakik.com\/?p=69676#article","isPartOf":{"@id":"https:\/\/kibrisdakik.com\/?p=69676"},"author":{"name":"admin","@id":"https:\/\/kibrisdakik.com\/#\/schema\/person\/9cd9d437bbb44f72b73ba127e06d8e79"},"headline":"Tar\u0131m ve Do\u011fal Kaynaklar Bakan\u0131 \u00c7avu\u015f, D\u00fcnya Bal\u0131k\u00e7\u0131l\u0131k G\u00fcn\u00fc nedeniyle mesaj\u0131 yay\u0131mlad\u0131","datePublished":"2024-11-21T08:58:08+00:00","mainEntityOfPage":{"@id":"https:\/\/kibrisdakik.com\/?p=69676"},"wordCount":266,"commentCount":0,"image":{"@id":"https:\/\/kibrisdakik.com\/?p=69676#primaryimage"},"thumbnailUrl":"https:\/\/kibrisdakik.com\/wp-content\/uploads\/2024\/11\/kelle-740x420.jpg","articleSection":["K\u0131br\u0131s"],"inLanguage":"tr","potentialAction":[{"@type":"CommentAction","name":"Comment","target":["https:\/\/kibrisdakik.com\/?p=69676#respond"]}]},{"@type":"WebPage","@id":"https:\/\/kibrisdakik.com\/?p=69676","url":"https:\/\/kibrisdakik.com\/?p=69676","name":"Tar\u0131m ve Do\u011fal Kaynaklar Bakan\u0131 \u00c7avu\u015f, D\u00fcnya Bal\u0131k\u00e7\u0131l\u0131k G\u00fcn\u00fc nedeniyle mesaj\u0131 yay\u0131mlad\u0131 -","isPartOf":{"@id":"https:\/\/kibrisdakik.com\/#website"},"primaryImageOfPage":{"@id":"https:\/\/kibrisdakik.com\/?p=69676#primaryimage"},"image":{"@id":"https:\/\/kibrisdakik.com\/?p=69676#primaryimage"},"thumbnailUrl":"https:\/\/kibrisdakik.com\/wp-content\/uploads\/2024\/11\/kelle-740x420.jpg","datePublished":"2024-11-21T08:58:08+00:00","author":{"@id":"https:\/\/kibrisdakik.com\/#\/schema\/person\/9cd9d437bbb44f72b73ba127e06d8e79"},"breadcrumb":{"@id":"https:\/\/kibrisdakik.com\/?p=69676#breadcrumb"},"inLanguage":"tr","potentialAction":[{"@type":"ReadAction","target":["https:\/\/kibrisdakik.com\/?p=69676"]}]},{"@type":"ImageObject","inLanguage":"tr","@id":"https:\/\/kibrisdakik.com\/?p=69676#primaryimage","url":"https:\/\/kibrisdakik.com\/wp-content\/uploads\/2024\/11\/kelle-740x420.jpg","contentUrl":"https:\/\/kibrisdakik.com\/wp-content\/uploads\/2024\/11\/kelle-740x420.jpg","width":1600,"height":1066},{"@type":"BreadcrumbList","@id":"https:\/\/kibrisdakik.com\/?p=69676#breadcrumb","itemListElement":[{"@type":"ListItem","position":1,"name":"Home","item":"https:\/\/kibrisdakik.com\/"},{"@type":"ListItem","position":2,"name":"Tar\u0131m ve Do\u011fal Kaynaklar Bakan\u0131 \u00c7avu\u015f, D\u00fcnya Bal\u0131k\u00e7\u0131l\u0131k G\u00fcn\u00fc nedeniyle mesaj\u0131 yay\u0131mlad\u0131"}]},{"@type":"WebSite","@id":"https:\/\/kibrisdakik.com\/#website","url":"https:\/\/kibrisdakik.com\/","name":"","description":"Tam vaktinde haber","potentialAction":[{"@type":"SearchAction","target":{"@type":"EntryPoint","urlTemplate":"https:\/\/kibrisdakik.com\/?s={search_term_string}"},"query-input":{"@type":"PropertyValueSpecification","valueRequired":true,"valueName":"search_term_string"}}],"inLanguage":"tr"},{"@type":"Person","@id":"https:\/\/kibrisdakik.com\/#\/schema\/person\/9cd9d437bbb44f72b73ba127e06d8e79","name":"admin","image":{"@type":"ImageObject","inLanguage":"tr","@id":"https:\/\/secure.gravatar.com\/avatar\/ccc17943b9d660506c869530f897617f7cb1c21a4bf30023f252596d83e1f007?s=96&d=mm&r=g","url":"https:\/\/secure.gravatar.com\/avatar\/ccc17943b9d660506c869530f897617f7cb1c21a4bf30023f252596d83e1f007?s=96&d=mm&r=g","contentUrl":"https:\/\/secure.gravatar.com\/avatar\/ccc17943b9d660506c869530f897617f7cb1c21a4bf30023f252596d83e1f007?s=96&d=mm&r=g","caption":"admin"},"sameAs":["https:\/\/kibrisdakik.com"],"url":"https:\/\/kibrisdakik.com\/?author=1"}]}},"_links":{"self":[{"href":"https:\/\/kibrisdakik.com\/index.php?rest_route=\/wp\/v2\/posts\/69676","targetHints":{"allow":["GET"]}}],"collection":[{"href":"https:\/\/kibrisdakik.com\/index.php?rest_route=\/wp\/v2\/posts"}],"about":[{"href":"https:\/\/kibrisdakik.com\/index.php?rest_route=\/wp\/v2\/types\/post"}],"author":[{"embeddable":true,"href":"https:\/\/kibrisdakik.com\/index.php?rest_route=\/wp\/v2\/users\/1"}],"replies":[{"embeddable":true,"href":"https:\/\/kibrisdakik.com\/index.php?rest_route=%2Fwp%2Fv2%2Fcomments&post=69676"}],"version-history":[{"count":0,"href":"https:\/\/kibrisdakik.com\/index.php?rest_route=\/wp\/v2\/posts\/69676\/revisions"}],"wp:featuredmedia":[{"embeddable":true,"href":"https:\/\/kibrisdakik.com\/index.php?rest_route=\/wp\/v2\/media\/69677"}],"wp:attachment":[{"href":"https:\/\/kibrisdakik.com\/index.php?rest_route=%2Fwp%2Fv2%2Fmedia&parent=69676"}],"wp:term":[{"taxonomy":"category","embeddable":true,"href":"https:\/\/kibrisdakik.com\/index.php?rest_route=%2Fwp%2Fv2%2Fcategories&post=69676"},{"taxonomy":"post_tag","embeddable":true,"href":"https:\/\/kibrisdakik.com\/index.php?rest_route=%2Fwp%2Fv2%2Ftags&post=69676"}],"curies":[{"name":"wp","href":"https:\/\/api.w.org\/{rel}","templated":true}]}}