{"id":69678,"date":"2024-11-21T12:01:42","date_gmt":"2024-11-21T09:01:42","guid":{"rendered":"https:\/\/kibrisdakik.com\/index.php\/2024\/11\/21\/alzheimer-hastasi-ismet-kim-araniyor-2\/"},"modified":"2024-11-21T12:01:42","modified_gmt":"2024-11-21T09:01:42","slug":"alzheimer-hastasi-ismet-kim-araniyor-2","status":"publish","type":"post","link":"https:\/\/kibrisdakik.com\/?p=69678","title":{"rendered":"Alzheimer hastas\u0131 \u0130smet Kim aran\u0131yor"},"content":{"rendered":"<div>\n<div class=\"mariselle-image-container center\">\n                                            <\/div>\n<p>Polis, d\u00fcnden beridir kay\u0131p olan 83 ya\u015f\u0131ndaki Alzheimer hastas\u0131 \u0130smet Kim\u2019i g\u00f6renlerin en yak\u0131n polis merkezine bilgi vermesini istedi.<\/p>\n<p>Polis\u2019ten yap\u0131lan a\u00e7\u0131klamada, \u201c20 Kas\u0131m 2024 tarihinde, Esentepe\u2019de sakin Alzheimer hastas\u0131 \u0130smet Kim (E-83), kullan\u0131m\u0131ndaki JP 548 plakal\u0131 ara\u00e7 ile ikametgah\u0131ndan ayr\u0131lm\u0131\u015f ve halen geri d\u00f6nmemi\u015ftir. Bahse konu \u015fah\u0131s aranmakta olup, g\u00f6renlerin en yak\u0131n polis merkezine bilgi vermeleri \u00f6nemle rica olunur.\u201d denildi.<\/p>\n<\/p><\/div>\n<p><script async\n                    defer\n                    crossorigin=\"anonymous\"\n                    src=\"https:\/\/connect.facebook.net\/tr_TR\/sdk.js#xfbml=1&#038;version=v3.3\"\n            ><\/script><\/p>\n","protected":false},"excerpt":{"rendered":"<p>Polis, d\u00fcnden beridir kay\u0131p olan 83 ya\u015f\u0131ndaki Alzheimer hastas\u0131 \u0130smet Kim\u2019i g\u00f6renlerin en yak\u0131n polis merkezine bilgi vermesini istedi. Polis\u2019ten yap\u0131lan a\u00e7\u0131klamada, \u201c20 Kas\u0131m 2024 tarihinde, Esentepe\u2019de sakin Alzheimer hastas\u0131 \u0130smet Kim (E-83), kullan\u0131m\u0131ndaki JP 548 plakal\u0131 ara\u00e7 ile ikametgah\u0131ndan ayr\u0131lm\u0131\u015f ve halen geri d\u00f6nmemi\u015ftir. Bahse konu \u015fah\u0131s aranmakta olup, g\u00f6renlerin en yak\u0131n polis merkezine<\/p>\n","protected":false},"author":1,"featured_media":69675,"comment_status":"open","ping_status":"open","sticky":false,"template":"","format":"standard","meta":{"footnotes":""},"categories":[81],"tags":[],"class_list":["post-69678","post","type-post","status-publish","format-standard","has-post-thumbnail","hentry","category-kibris"],"yoast_head":"<!-- This site is optimized with the Yoast SEO plugin v27.4 - https:\/\/yoast.com\/product\/yoast-seo-wordpress\/ -->\n<title>Alzheimer hastas\u0131 \u0130smet Kim aran\u0131yor -<\/title>\n<meta name=\"robots\" content=\"index, follow, max-snippet:-1, max-image-preview:large, max-video-preview:-1\" \/>\n<link rel=\"canonical\" href=\"https:\/\/kibrisdakik.com\/?p=69678\" \/>\n<meta property=\"og:locale\" content=\"tr_TR\" \/>\n<meta property=\"og:type\" content=\"article\" \/>\n<meta property=\"og:title\" content=\"Alzheimer hastas\u0131 \u0130smet Kim aran\u0131yor -\" \/>\n<meta property=\"og:description\" content=\"Polis, d\u00fcnden beridir kay\u0131p olan 83 ya\u015f\u0131ndaki Alzheimer hastas\u0131 \u0130smet Kim\u2019i g\u00f6renlerin en yak\u0131n polis merkezine bilgi vermesini istedi. Polis\u2019ten yap\u0131lan a\u00e7\u0131klamada, \u201c20 Kas\u0131m 2024 tarihinde, Esentepe\u2019de sakin Alzheimer hastas\u0131 \u0130smet Kim (E-83), kullan\u0131m\u0131ndaki JP 548 plakal\u0131 ara\u00e7 ile ikametgah\u0131ndan ayr\u0131lm\u0131\u015f ve halen geri d\u00f6nmemi\u015ftir. Bahse konu \u015fah\u0131s aranmakta olup, g\u00f6renlerin en yak\u0131n polis merkezine\" \/>\n<meta property=\"og:url\" content=\"https:\/\/kibrisdakik.com\/?p=69678\" \/>\n<meta property=\"article:published_time\" content=\"2024-11-21T09:01:42+00:00\" \/>\n<meta property=\"og:image\" content=\"https:\/\/kibrisdakik.com\/wp-content\/uploads\/2024\/11\/InShot_20241121_102343683-740x420.jpg\" \/>\n\t<meta property=\"og:image:width\" content=\"1920\" \/>\n\t<meta property=\"og:image:height\" content=\"1079\" \/>\n\t<meta property=\"og:image:type\" content=\"image\/jpeg\" \/>\n<meta name=\"author\" content=\"admin\" \/>\n<meta name=\"twitter:card\" content=\"summary_large_image\" \/>\n<meta name=\"twitter:label1\" content=\"Yazan:\" \/>\n\t<meta name=\"twitter:data1\" content=\"admin\" \/>\n<script type=\"application\/ld+json\" class=\"yoast-schema-graph\">{\"@context\":\"https:\\\/\\\/schema.org\",\"@graph\":[{\"@type\":\"Article\",\"@id\":\"https:\\\/\\\/kibrisdakik.com\\\/?p=69678#article\",\"isPartOf\":{\"@id\":\"https:\\\/\\\/kibrisdakik.com\\\/?p=69678\"},\"author\":{\"name\":\"admin\",\"@id\":\"https:\\\/\\\/kibrisdakik.com\\\/#\\\/schema\\\/person\\\/9cd9d437bbb44f72b73ba127e06d8e79\"},\"headline\":\"Alzheimer hastas\u0131 \u0130smet Kim aran\u0131yor\",\"datePublished\":\"2024-11-21T09:01:42+00:00\",\"mainEntityOfPage\":{\"@id\":\"https:\\\/\\\/kibrisdakik.com\\\/?p=69678\"},\"wordCount\":83,\"commentCount\":0,\"image\":{\"@id\":\"https:\\\/\\\/kibrisdakik.com\\\/?p=69678#primaryimage\"},\"thumbnailUrl\":\"https:\\\/\\\/kibrisdakik.com\\\/wp-content\\\/uploads\\\/2024\\\/11\\\/InShot_20241121_102343683-740x420.jpg\",\"articleSection\":[\"K\u0131br\u0131s\"],\"inLanguage\":\"tr\",\"potentialAction\":[{\"@type\":\"CommentAction\",\"name\":\"Comment\",\"target\":[\"https:\\\/\\\/kibrisdakik.com\\\/?p=69678#respond\"]}]},{\"@type\":\"WebPage\",\"@id\":\"https:\\\/\\\/kibrisdakik.com\\\/?p=69678\",\"url\":\"https:\\\/\\\/kibrisdakik.com\\\/?p=69678\",\"name\":\"Alzheimer hastas\u0131 \u0130smet Kim aran\u0131yor -\",\"isPartOf\":{\"@id\":\"https:\\\/\\\/kibrisdakik.com\\\/#website\"},\"primaryImageOfPage\":{\"@id\":\"https:\\\/\\\/kibrisdakik.com\\\/?p=69678#primaryimage\"},\"image\":{\"@id\":\"https:\\\/\\\/kibrisdakik.com\\\/?p=69678#primaryimage\"},\"thumbnailUrl\":\"https:\\\/\\\/kibrisdakik.com\\\/wp-content\\\/uploads\\\/2024\\\/11\\\/InShot_20241121_102343683-740x420.jpg\",\"datePublished\":\"2024-11-21T09:01:42+00:00\",\"author\":{\"@id\":\"https:\\\/\\\/kibrisdakik.com\\\/#\\\/schema\\\/person\\\/9cd9d437bbb44f72b73ba127e06d8e79\"},\"breadcrumb\":{\"@id\":\"https:\\\/\\\/kibrisdakik.com\\\/?p=69678#breadcrumb\"},\"inLanguage\":\"tr\",\"potentialAction\":[{\"@type\":\"ReadAction\",\"target\":[\"https:\\\/\\\/kibrisdakik.com\\\/?p=69678\"]}]},{\"@type\":\"ImageObject\",\"inLanguage\":\"tr\",\"@id\":\"https:\\\/\\\/kibrisdakik.com\\\/?p=69678#primaryimage\",\"url\":\"https:\\\/\\\/kibrisdakik.com\\\/wp-content\\\/uploads\\\/2024\\\/11\\\/InShot_20241121_102343683-740x420.jpg\",\"contentUrl\":\"https:\\\/\\\/kibrisdakik.com\\\/wp-content\\\/uploads\\\/2024\\\/11\\\/InShot_20241121_102343683-740x420.jpg\",\"width\":1920,\"height\":1079},{\"@type\":\"BreadcrumbList\",\"@id\":\"https:\\\/\\\/kibrisdakik.com\\\/?p=69678#breadcrumb\",\"itemListElement\":[{\"@type\":\"ListItem\",\"position\":1,\"name\":\"Home\",\"item\":\"https:\\\/\\\/kibrisdakik.com\\\/\"},{\"@type\":\"ListItem\",\"position\":2,\"name\":\"Alzheimer hastas\u0131 \u0130smet Kim aran\u0131yor\"}]},{\"@type\":\"WebSite\",\"@id\":\"https:\\\/\\\/kibrisdakik.com\\\/#website\",\"url\":\"https:\\\/\\\/kibrisdakik.com\\\/\",\"name\":\"\",\"description\":\"Tam vaktinde haber\",\"potentialAction\":[{\"@type\":\"SearchAction\",\"target\":{\"@type\":\"EntryPoint\",\"urlTemplate\":\"https:\\\/\\\/kibrisdakik.com\\\/?s={search_term_string}\"},\"query-input\":{\"@type\":\"PropertyValueSpecification\",\"valueRequired\":true,\"valueName\":\"search_term_string\"}}],\"inLanguage\":\"tr\"},{\"@type\":\"Person\",\"@id\":\"https:\\\/\\\/kibrisdakik.com\\\/#\\\/schema\\\/person\\\/9cd9d437bbb44f72b73ba127e06d8e79\",\"name\":\"admin\",\"image\":{\"@type\":\"ImageObject\",\"inLanguage\":\"tr\",\"@id\":\"https:\\\/\\\/secure.gravatar.com\\\/avatar\\\/ccc17943b9d660506c869530f897617f7cb1c21a4bf30023f252596d83e1f007?s=96&d=mm&r=g\",\"url\":\"https:\\\/\\\/secure.gravatar.com\\\/avatar\\\/ccc17943b9d660506c869530f897617f7cb1c21a4bf30023f252596d83e1f007?s=96&d=mm&r=g\",\"contentUrl\":\"https:\\\/\\\/secure.gravatar.com\\\/avatar\\\/ccc17943b9d660506c869530f897617f7cb1c21a4bf30023f252596d83e1f007?s=96&d=mm&r=g\",\"caption\":\"admin\"},\"sameAs\":[\"https:\\\/\\\/kibrisdakik.com\"],\"url\":\"https:\\\/\\\/kibrisdakik.com\\\/?author=1\"}]}<\/script>\n<!-- \/ Yoast SEO plugin. -->","yoast_head_json":{"title":"Alzheimer hastas\u0131 \u0130smet Kim aran\u0131yor -","robots":{"index":"index","follow":"follow","max-snippet":"max-snippet:-1","max-image-preview":"max-image-preview:large","max-video-preview":"max-video-preview:-1"},"canonical":"https:\/\/kibrisdakik.com\/?p=69678","og_locale":"tr_TR","og_type":"article","og_title":"Alzheimer hastas\u0131 \u0130smet Kim aran\u0131yor -","og_description":"Polis, d\u00fcnden beridir kay\u0131p olan 83 ya\u015f\u0131ndaki Alzheimer hastas\u0131 \u0130smet Kim\u2019i g\u00f6renlerin en yak\u0131n polis merkezine bilgi vermesini istedi. Polis\u2019ten yap\u0131lan a\u00e7\u0131klamada, \u201c20 Kas\u0131m 2024 tarihinde, Esentepe\u2019de sakin Alzheimer hastas\u0131 \u0130smet Kim (E-83), kullan\u0131m\u0131ndaki JP 548 plakal\u0131 ara\u00e7 ile ikametgah\u0131ndan ayr\u0131lm\u0131\u015f ve halen geri d\u00f6nmemi\u015ftir. Bahse konu \u015fah\u0131s aranmakta olup, g\u00f6renlerin en yak\u0131n polis merkezine","og_url":"https:\/\/kibrisdakik.com\/?p=69678","article_published_time":"2024-11-21T09:01:42+00:00","og_image":[{"width":1920,"height":1079,"url":"https:\/\/kibrisdakik.com\/wp-content\/uploads\/2024\/11\/InShot_20241121_102343683-740x420.jpg","type":"image\/jpeg"}],"author":"admin","twitter_card":"summary_large_image","twitter_misc":{"Yazan:":"admin"},"schema":{"@context":"https:\/\/schema.org","@graph":[{"@type":"Article","@id":"https:\/\/kibrisdakik.com\/?p=69678#article","isPartOf":{"@id":"https:\/\/kibrisdakik.com\/?p=69678"},"author":{"name":"admin","@id":"https:\/\/kibrisdakik.com\/#\/schema\/person\/9cd9d437bbb44f72b73ba127e06d8e79"},"headline":"Alzheimer hastas\u0131 \u0130smet Kim aran\u0131yor","datePublished":"2024-11-21T09:01:42+00:00","mainEntityOfPage":{"@id":"https:\/\/kibrisdakik.com\/?p=69678"},"wordCount":83,"commentCount":0,"image":{"@id":"https:\/\/kibrisdakik.com\/?p=69678#primaryimage"},"thumbnailUrl":"https:\/\/kibrisdakik.com\/wp-content\/uploads\/2024\/11\/InShot_20241121_102343683-740x420.jpg","articleSection":["K\u0131br\u0131s"],"inLanguage":"tr","potentialAction":[{"@type":"CommentAction","name":"Comment","target":["https:\/\/kibrisdakik.com\/?p=69678#respond"]}]},{"@type":"WebPage","@id":"https:\/\/kibrisdakik.com\/?p=69678","url":"https:\/\/kibrisdakik.com\/?p=69678","name":"Alzheimer hastas\u0131 \u0130smet Kim aran\u0131yor -","isPartOf":{"@id":"https:\/\/kibrisdakik.com\/#website"},"primaryImageOfPage":{"@id":"https:\/\/kibrisdakik.com\/?p=69678#primaryimage"},"image":{"@id":"https:\/\/kibrisdakik.com\/?p=69678#primaryimage"},"thumbnailUrl":"https:\/\/kibrisdakik.com\/wp-content\/uploads\/2024\/11\/InShot_20241121_102343683-740x420.jpg","datePublished":"2024-11-21T09:01:42+00:00","author":{"@id":"https:\/\/kibrisdakik.com\/#\/schema\/person\/9cd9d437bbb44f72b73ba127e06d8e79"},"breadcrumb":{"@id":"https:\/\/kibrisdakik.com\/?p=69678#breadcrumb"},"inLanguage":"tr","potentialAction":[{"@type":"ReadAction","target":["https:\/\/kibrisdakik.com\/?p=69678"]}]},{"@type":"ImageObject","inLanguage":"tr","@id":"https:\/\/kibrisdakik.com\/?p=69678#primaryimage","url":"https:\/\/kibrisdakik.com\/wp-content\/uploads\/2024\/11\/InShot_20241121_102343683-740x420.jpg","contentUrl":"https:\/\/kibrisdakik.com\/wp-content\/uploads\/2024\/11\/InShot_20241121_102343683-740x420.jpg","width":1920,"height":1079},{"@type":"BreadcrumbList","@id":"https:\/\/kibrisdakik.com\/?p=69678#breadcrumb","itemListElement":[{"@type":"ListItem","position":1,"name":"Home","item":"https:\/\/kibrisdakik.com\/"},{"@type":"ListItem","position":2,"name":"Alzheimer hastas\u0131 \u0130smet Kim aran\u0131yor"}]},{"@type":"WebSite","@id":"https:\/\/kibrisdakik.com\/#website","url":"https:\/\/kibrisdakik.com\/","name":"","description":"Tam vaktinde haber","potentialAction":[{"@type":"SearchAction","target":{"@type":"EntryPoint","urlTemplate":"https:\/\/kibrisdakik.com\/?s={search_term_string}"},"query-input":{"@type":"PropertyValueSpecification","valueRequired":true,"valueName":"search_term_string"}}],"inLanguage":"tr"},{"@type":"Person","@id":"https:\/\/kibrisdakik.com\/#\/schema\/person\/9cd9d437bbb44f72b73ba127e06d8e79","name":"admin","image":{"@type":"ImageObject","inLanguage":"tr","@id":"https:\/\/secure.gravatar.com\/avatar\/ccc17943b9d660506c869530f897617f7cb1c21a4bf30023f252596d83e1f007?s=96&d=mm&r=g","url":"https:\/\/secure.gravatar.com\/avatar\/ccc17943b9d660506c869530f897617f7cb1c21a4bf30023f252596d83e1f007?s=96&d=mm&r=g","contentUrl":"https:\/\/secure.gravatar.com\/avatar\/ccc17943b9d660506c869530f897617f7cb1c21a4bf30023f252596d83e1f007?s=96&d=mm&r=g","caption":"admin"},"sameAs":["https:\/\/kibrisdakik.com"],"url":"https:\/\/kibrisdakik.com\/?author=1"}]}},"_links":{"self":[{"href":"https:\/\/kibrisdakik.com\/index.php?rest_route=\/wp\/v2\/posts\/69678","targetHints":{"allow":["GET"]}}],"collection":[{"href":"https:\/\/kibrisdakik.com\/index.php?rest_route=\/wp\/v2\/posts"}],"about":[{"href":"https:\/\/kibrisdakik.com\/index.php?rest_route=\/wp\/v2\/types\/post"}],"author":[{"embeddable":true,"href":"https:\/\/kibrisdakik.com\/index.php?rest_route=\/wp\/v2\/users\/1"}],"replies":[{"embeddable":true,"href":"https:\/\/kibrisdakik.com\/index.php?rest_route=%2Fwp%2Fv2%2Fcomments&post=69678"}],"version-history":[{"count":0,"href":"https:\/\/kibrisdakik.com\/index.php?rest_route=\/wp\/v2\/posts\/69678\/revisions"}],"wp:featuredmedia":[{"embeddable":true,"href":"https:\/\/kibrisdakik.com\/index.php?rest_route=\/wp\/v2\/media\/69675"}],"wp:attachment":[{"href":"https:\/\/kibrisdakik.com\/index.php?rest_route=%2Fwp%2Fv2%2Fmedia&parent=69678"}],"wp:term":[{"taxonomy":"category","embeddable":true,"href":"https:\/\/kibrisdakik.com\/index.php?rest_route=%2Fwp%2Fv2%2Fcategories&post=69678"},{"taxonomy":"post_tag","embeddable":true,"href":"https:\/\/kibrisdakik.com\/index.php?rest_route=%2Fwp%2Fv2%2Ftags&post=69678"}],"curies":[{"name":"wp","href":"https:\/\/api.w.org\/{rel}","templated":true}]}}