{"id":69745,"date":"2024-11-21T23:10:41","date_gmt":"2024-11-21T20:10:41","guid":{"rendered":"https:\/\/kibrisdakik.com\/index.php\/2024\/11\/21\/bayindirlik-ve-ulastirma-bakanligi-butcesi-kabul-edildi\/"},"modified":"2024-11-21T23:10:41","modified_gmt":"2024-11-21T20:10:41","slug":"bayindirlik-ve-ulastirma-bakanligi-butcesi-kabul-edildi","status":"publish","type":"post","link":"https:\/\/kibrisdakik.com\/?p=69745","title":{"rendered":"Bay\u0131nd\u0131rl\u0131k ve Ula\u015ft\u0131rma Bakanl\u0131\u011f\u0131 b\u00fct\u00e7esi kabul edildi"},"content":{"rendered":"<div>\n<div class=\"mariselle-image-container center\">\n                                            <\/div>\n<p>Cumhuriyet Meclisi Ekonomi, Maliye, B\u00fct\u00e7e ve Plan Komitesi, 3 milyar 247 milyon 384 bin TL\u2019lik Bay\u0131nd\u0131rl\u0131k ve Ula\u015ft\u0131rma Bakanl\u0131\u011f\u0131 b\u00fct\u00e7esini kabul etti. Komite b\u00fct\u00e7eyi oy \u00e7oklu\u011fuyla onaylad\u0131.  <\/p>\n<p>UBP Milletvekili Resmiye Ero\u011flu Canaltay ba\u015fkanl\u0131\u011f\u0131nda saat 13.15\u2019te ba\u015flayan komite toplant\u0131s\u0131na, Bay\u0131nd\u0131rl\u0131k ve Ula\u015ft\u0131rma Bakan\u0131 Erhan Ar\u0131kl\u0131 ile bakanl\u0131k yetkilileri ve ba\u011fl\u0131 dairelerin m\u00fcd\u00fcrleri de kat\u0131ld\u0131.<\/p>\n<p>B\u00fct\u00e7e oylanmadan \u00f6nce s\u00f6z alan Bay\u0131nd\u0131rl\u0131k ve Ula\u015ft\u0131rma Bakan\u0131 Erhan Ar\u0131kl\u0131, b\u00fct\u00e7eye ele\u015ftirilere, katk\u0131 koyan milletvekillerine te\u015fekk\u00fcr etti, yararlanaca\u011f\u0131n\u0131 s\u00f6yledi. Ar\u0131kl\u0131, Girne yolunda ciddi bir s\u0131k\u0131\u015f\u0131kl\u0131k oldu\u011funu ve buraya ak\u0131ll\u0131 \u0131\u015f\u0131kland\u0131rma sistemi yap\u0131lmas\u0131 gerekti\u011fini kaydetti, bunun i\u00e7in b\u00fct\u00e7ede kaynak yarat\u0131lmas\u0131n\u0131 istedi. Ar\u0131kl\u0131, Kuzey \u00c7evre Yolu\u2019nun nisan ay\u0131na kadar tamamlanaca\u011f\u0131n\u0131, istimlak \u00fccretlerini T\u00fcrkiye\u2019nin \u00f6dedi\u011fini anlatt\u0131. \u00c7atalk\u00f6y, Girne Liman\u0131 b\u00f6lgesi yollar\u0131nda d\u00fczenlemeler yap\u0131laca\u011f\u0131n\u0131, Alsancak yolunun hen\u00fcz tamamlanmad\u0131\u011f\u0131n\u0131, burada bir s\u0131k\u0131nt\u0131 olaca\u011f\u0131n\u0131 d\u00fc\u015f\u00fcnmediklerini, \u201ckedi g\u00f6z\u00fc\u201d ve bariyerlerin konaca\u011f\u0131n\u0131 ifade eden Ar\u0131kl\u0131, limanlar\u0131n \u00f6zelle\u015ftirilmesi konusunda yerli sermayenin yeterli olmad\u0131\u011f\u0131n\u0131, b\u00fcy\u00fck bir proje oldu\u011funu ve buran\u0131n 200 milyon dolarl\u0131k bir kaynak gerektirece\u011fini, ihaleye herkesin kat\u0131labilece\u011fini s\u00f6yledi.<\/p>\n<p>Antik Liman\u2019la ilgili de gerekli \u00e7al\u0131\u015fmalar\u0131n yap\u0131laca\u011f\u0131n\u0131 ifade eden Ar\u0131kl\u0131, G\u00fcng\u00f6r \u00e7\u00f6pl\u00fc\u011f\u00fc ihalesinin de \u00e7ok k\u0131sa s\u00fcrede yap\u0131laca\u011f\u0131na inand\u0131\u011f\u0131n\u0131 kaydetti. Ar\u0131kl\u0131, da\u011f yolu ihalesinin 2017 y\u0131l\u0131nda yap\u0131ld\u0131\u011f\u0131n\u0131 ancak burada ciddi bir istimlak sorunu oldu\u011funu, bunun yan\u0131nda su hatt\u0131 ve asker yerle\u015fim yeri s\u0131k\u0131nt\u0131s\u0131 oldu\u011funu anlatt\u0131. Bu sorunlar\u0131 a\u015fman\u0131n kolay olmad\u0131\u011f\u0131n\u0131 ifade eden Ar\u0131kl\u0131, \u00e7\u00f6z\u00fcm olarak yolu birer metre geni\u015fletmek amac\u0131yla \u00e7al\u0131\u015fma yapt\u0131klar\u0131n\u0131 kaydetti. Ar\u0131kl\u0131, yollar\u0131n ayd\u0131nlat\u0131lmas\u0131 i\u00e7in yap\u0131lan \u00e7al\u0131\u015fmalar\u0131 da anlatarak, pilot b\u00f6lge olarak se\u00e7tikleri bir yerde g\u00fcne\u015f enerjisinden ayd\u0131nlatma sistemini deneyeceklerini kaydetti.<\/p>\n<p>Ar\u0131kl\u0131, toplu ta\u015f\u0131mada ciddi bir a\u015fama atlad\u0131klar\u0131n\u0131, proje haz\u0131rlad\u0131klar\u0131n\u0131, \u015firketle\u015fme a\u015famas\u0131na geldiklerini ifade ederek, sekt\u00f6r payda\u015flar\u0131n\u0131n da haz\u0131r oldu\u011funu belirtti. Ar\u0131kl\u0131, u\u00e7ak bilet fiyatlar\u0131 konusunda \u015firketlere dayatma yapamayacaklar\u0131n\u0131, fiyatlar\u0131n y\u00fcksek oldu\u011funu bildiklerini, buna kar\u015f\u0131n yerli bir \u015firket kurulmas\u0131 i\u00e7in \u00e7al\u0131\u015ft\u0131klar\u0131n\u0131 ancak ba\u015far\u0131l\u0131 olamad\u0131klar\u0131n\u0131, KKTC\u2019yi i\u00e7 hat olarak da yapamad\u0131klar\u0131n\u0131 anlatt\u0131. Yolcu say\u0131s\u0131n\u0131n 4 milyona ula\u015ft\u0131\u011f\u0131n\u0131 ancak bilet fiyatlar\u0131n\u0131 d\u00fc\u015f\u00fcremediklerini ifade eden Ar\u0131kl\u0131, bilet fiyatlar\u0131n\u0131 d\u00fc\u015f\u00fcrmekte tek \u00e7arenin yerli \u015firket oldu\u011funu s\u00f6yledi, ancak o \u015fekilde fiyatlar\u0131n domine edilebilece\u011fini kaydetti.<\/p>\n<p>Ar\u0131kl\u0131, bakanl\u0131\u011f\u0131n\u0131n b\u00fct\u00e7esinin azalmas\u0131 ele\u015ftirilerine kar\u015f\u0131 24 proje ortaya koyduklar\u0131n\u0131 ve b\u00fct\u00e7ede bu projelere kaynak ayr\u0131ld\u0131\u011f\u0131n\u0131 ifade etti. Ar\u0131kl\u0131, trafikte uyu\u015fturucu testi \u00e7al\u0131\u015fmalar\u0131n\u0131 da anlatarak, bu konuda h\u0131zl\u0131 ad\u0131m at\u0131lmas\u0131 gerekti\u011fini belirtti.<\/p>\n<p>\u00d6zuslu<\/p>\n<p>CTP Milletvekili Sami \u00d6zuslu, T&amp;T\u2019nin 230 milyon TL borcu oldu\u011fuyla ilgili duyumlar\u0131n do\u011frulu\u011funu sordu. \u00d6zuslu\u2019ya Maliye Bakan\u0131 \u00d6zdemir Berova mahkemeden sonra ger\u00e7ekle\u015ftirilen yap\u0131land\u0131rmayla eyl\u00fcl ay\u0131nda 55 milyon civar\u0131 \u00f6deme yap\u0131ld\u0131\u011f\u0131n\u0131 s\u00f6yledi.<\/p>\n<p>\u00d6zuslu, Ercan\u2019da \u00e7al\u0131nan bavullar\u0131  hat\u0131rlatarak g\u00fcvenlik konusunda kim yetkiliyse sorumluluk almas\u0131 gerekti\u011fini belirterek, itfaiye ve \u015fantiye elektri\u011fi kullan\u0131lmas\u0131yla ilgili de gelinen nokta hakk\u0131nda bilgi istedi.<\/p>\n<p>Trafikte yol g\u00fcvenli\u011fi konusunda y\u0131llar \u00f6nce AB misyonuyla paralel gidildi\u011fini ancak \u015fu an bir vizyon \u00e7al\u0131\u015fmas\u0131na acil ihtiya\u00e7 duyuldu\u011funu belirten \u00d6zuslu, verilen rakamlara g\u00f6re her y\u0131l 15 bin civar\u0131nda yeni \u015fof\u00f6r\u00fcn trafi\u011fe \u00e7\u0131kt\u0131\u011f\u0131n\u0131 s\u00f6yledi.<\/p>\n<p>Al\u0131nan kararlar\u0131n uygulamas\u0131n\u0131n k\u0131sa s\u00fcrd\u00fc\u011f\u00fcn\u00fc, bir anda her taraf\u0131 kasis dolduran uygulaman\u0131n bir s\u00fcre sonra hi\u00e7 kasis yapmama karar\u0131 alabilece\u011fini dile getiren \u00d6zuslu, trafik cezalar\u0131n\u0131n b\u00fcy\u00fck k\u0131sm\u0131n\u0131n da zaten toplanamad\u0131\u011f\u0131n\u0131 savundu.<\/p>\n<p>Ongun Talat<\/p>\n<p>CTP Milletvekili Ongun Talat ise, 2024\u2019de 6 Ekim\u2019e kadar 36 ki\u015finin ya\u015fam\u0131n\u0131 yitirdi\u011fini ve bu kazalarda ayd\u0131nlat\u0131lmam\u0131\u015f ve g\u00fcvenli olmayan yollar\u0131n da pay\u0131n\u0131n b\u00fcy\u00fck oldu\u011funu belirtti.<\/p>\n<p>Ercan\u2019la ilgili ek s\u00f6zle\u015fmede yer alan maddeleri ve tahkim karar\u0131n\u0131 ve bu karardan kendilerinin haberdar edilmemesini ele\u015ftiren Talat, \u201cEmrullah Bey ve \u015firketi sizi parma\u011f\u0131nda oynat\u0131yor.\u201d dedi.<\/p>\n<p>Talat, tahkim kararlar\u0131 yerine getirilmedi\u011fi zaman kar\u015f\u0131 taraf\u0131n mahkemeye gitme hakk\u0131 olaca\u011f\u0131n\u0131 da hat\u0131rlatt\u0131.<\/p>\n<p>Ercan\u2019daki g\u00fcvenlik personeliyle ilgili \u015fikayetleri de dile getiren Talat, g\u00fcvenlik, pistler ve altyap\u0131yla ilgili bilgi ald\u0131.<\/p>\n<p>Biray Hamzao\u011fullar\u0131<\/p>\n<p>CTP Milletvekili Biray Hamzao\u011fullar\u0131 da, yasal konularla ilgilenecek hukuk\u00e7ular oldu\u011funu kendisinin halktan biri olarak yollarla ilgili konulara de\u011finece\u011fini s\u00f6yleyerek Dipkarpaz yolundan turistlerde dahil herkesin \u015fikayet\u00e7i oldu\u011funu vurgulad\u0131.<\/p>\n<p>Karpaz yollar\u0131yla G\u00fcney K\u0131br\u0131s\u2019\u0131n yollar\u0131n\u0131 k\u0131yaslayan Hamzao\u011flular\u0131, havaalan\u0131ndan Bafra\u2019ya oteller b\u00f6lgesine gidecek bir yol projesi olup olmad\u0131\u011f\u0131n\u0131 sordu.<\/p>\n<p>Hamzao\u011fullar\u0131, Tatl\u0131su b\u00f6lgesindeki bariyerlerde 7 kazan\u0131n izlerinin g\u00f6r\u00fclebilir oldu\u011funu, onca kazaya ra\u011fmen kimsenin o yolda bir d\u00fczenleme yapmad\u0131\u011f\u0131n\u0131 belirtti.<\/p>\n<p>Hamzao\u011fullar\u0131, T izinleri ile ilgili ele\u015ftirilerde bulundu, bu konuda yap\u0131lan uygulamalar\u0131 de\u011ferlendirdi ve toplu ta\u015f\u0131mada \u015firketle\u015fme \u00e7al\u0131\u015fmalar\u0131na y\u00f6nelik sorular sordu, \u015firkete girmeyenlerin ne olaca\u011f\u0131n\u0131 merak etti\u011fini s\u00f6yledi.<\/p>\n<p>\u015eirketle\u015fmede dikkatli olunmas\u0131 gerekti\u011fini ifade eden Hamzao\u011fullar\u0131, konu\u015fmas\u0131n\u0131n dinlenmedi\u011fi gerek\u00e7esiyle UBP milletvekilleriyle tart\u0131\u015ft\u0131. Hamzao\u011fullar\u0131, G\u00fcney\u2019den izin ve ehliyet al\u0131nma s\u00fcre\u00e7lerine de de\u011finerek, \u00fclkede hem toplu ta\u015f\u0131ma hem de taksi sekt\u00f6r\u00fcnde kalitenin art\u0131r\u0131lmas\u0131 gerekti\u011fine de\u011findi.<\/p>\n<p>Bar\u00e7\u0131n <\/p>\n<p>CTP Lefko\u015fa Milletvekili Devrim Bar\u00e7\u0131n da, sosyal konutlar ile ilgili \u015eehircilik ve Planlama Dairesi\u2019nin fiyatland\u0131rma yap\u0131p yapmad\u0131\u011f\u0131n\u0131 sordu. Hen\u00fcz yap\u0131lmad\u0131\u011f\u0131 bilgisini alan Bar\u00e7\u0131n, bu konuda ele\u015ftiri yapt\u0131, h\u00fck\u00fcmetin yasalarla ilgili Anayasa\u2019ya ayk\u0131r\u0131 davrand\u0131\u011f\u0131n\u0131 savundu. Bar\u00e7\u0131n, cep telefonu tarife \u00fccretleri \u00fczerinden al\u0131nan \u00f6zel ileti\u015fim vergisinin tarifelere yap\u0131lan zamlardan y\u00fczdelik olarak daha d\u00fc\u015f\u00fck kald\u0131\u011f\u0131n\u0131 anlatt\u0131. Maliye Bakan\u0131 \u00d6zdemir Berova da, s\u00f6z alarak, bunu oturup konu\u015fabileceklerini, bu konudaki s\u0131k\u0131nt\u0131y\u0131 a\u015facaklar\u0131n\u0131 s\u00f6yledi.<\/p>\n<p>BTHK Ba\u015fkan\u0131 Kadri B\u00fcr\u00fcnc\u00fck de, \u00f6zel ileti\u015fim vergisinin faturalardaki pay\u0131n\u0131n y\u00fczde 35 oldu\u011funu, ancak baz\u0131 paketlerden dolay\u0131 bunun de\u011fi\u015fti\u011fini ifade ederek, bunun \u00e7\u00f6z\u00fcm\u00fcn\u00fcn vergi d\u00fczenlemesi ile e\u015fit vergi oran\u0131 getirilmesi olabilece\u011fini kaydetti.<\/p>\n<p>Bar\u00e7\u0131n, katk\u0131lar\u0131ndan dolay\u0131 te\u015fekk\u00fcr ederek, Maliye Bakanl\u0131\u011f\u0131\u2019n\u0131n bu konuda ad\u0131m ataca\u011f\u0131na inan\u00e7 belirtti. Bar\u00e7\u0131n, gerekirse ger\u00e7ek vergi al\u0131nmas\u0131n\u0131 ama y\u00fczde 30\u2019a d\u00fc\u015f\u00fcr\u00fclmesini s\u00f6yledi.<\/p>\n<p>Bay\u0131nd\u0131rl\u0131k ve Ula\u015ft\u0131rma Bakan\u0131 Erhan Ar\u0131kl\u0131 da, cep telefonu faturalar\u0131ndan y\u00fczde 40 civar\u0131 vergi al\u0131nd\u0131\u011f\u0131n\u0131 s\u00f6yledi, vergi e\u015fitlemesi yap\u0131ld\u0131\u011f\u0131nda da vergi fiyatland\u0131r\u0131lmas\u0131 sorununun ortadan kalkaca\u011f\u0131n\u0131 s\u00f6yledi.<\/p>\n<p>Bar\u00e7\u0131n, limanlar ve sivil havac\u0131l\u0131k \u00fccretleri ile ilgili bilgiler alarak, buradan elde edilen gelirleri de\u011ferlendirdi.<\/p>\n<p>CTP Lefke Milletvekili Salahi \u015eahiner de, \u00fclkeye g\u00f6nderilen kargolar\u0131n adrese ula\u015f\u0131m\u0131n\u0131n daimi olmas\u0131 i\u00e7in siyasi karara ihtiya\u00e7 oldu\u011funu ifade ederek, bu durumun T\u00fcrkiye makamlar\u0131 ile \u00e7\u00f6z\u00fclebilece\u011fini s\u00f6yledi.<\/p>\n<p>Bay\u0131nd\u0131rl\u0131k ve Ula\u015ft\u0131rma Bakanl\u0131\u011f\u0131 b\u00fct\u00e7esinin oy \u00e7oklu\u011fuyla kabul edilmesinin ard\u0131ndan Komite bug\u00fcnk\u00fc \u00e7al\u0131\u015fmalar\u0131n\u0131 tamamlad\u0131.<\/p>\n<p>Komite, yar\u0131n  Ekonomi ve Enerji Bakanl\u0131\u011f\u0131 ile \u0130\u00e7i\u015fleri Bakanl\u0131\u011f\u0131 b\u00fct\u00e7elerini ele alacak.<\/p>\n<\/p><\/div>\n<p><script async\n                    defer\n                    crossorigin=\"anonymous\"\n                    src=\"https:\/\/connect.facebook.net\/tr_TR\/sdk.js#xfbml=1&#038;version=v3.3\"\n            ><\/script><\/p>\n","protected":false},"excerpt":{"rendered":"<p>Cumhuriyet Meclisi Ekonomi, Maliye, B\u00fct\u00e7e ve Plan Komitesi, 3 milyar 247 milyon 384 bin TL\u2019lik Bay\u0131nd\u0131rl\u0131k ve Ula\u015ft\u0131rma Bakanl\u0131\u011f\u0131 b\u00fct\u00e7esini kabul etti. Komite b\u00fct\u00e7eyi oy \u00e7oklu\u011fuyla onaylad\u0131. UBP Milletvekili Resmiye Ero\u011flu Canaltay ba\u015fkanl\u0131\u011f\u0131nda saat 13.15\u2019te ba\u015flayan komite toplant\u0131s\u0131na, Bay\u0131nd\u0131rl\u0131k ve Ula\u015ft\u0131rma Bakan\u0131 Erhan Ar\u0131kl\u0131 ile bakanl\u0131k yetkilileri ve ba\u011fl\u0131 dairelerin m\u00fcd\u00fcrleri de kat\u0131ld\u0131. B\u00fct\u00e7e oylanmadan<\/p>\n","protected":false},"author":1,"featured_media":69746,"comment_status":"open","ping_status":"open","sticky":false,"template":"","format":"standard","meta":{"footnotes":""},"categories":[81],"tags":[],"class_list":["post-69745","post","type-post","status-publish","format-standard","has-post-thumbnail","hentry","category-kibris"],"yoast_head":"<!-- This site is optimized with the Yoast SEO plugin v27.5 - https:\/\/yoast.com\/product\/yoast-seo-wordpress\/ -->\n<title>Bay\u0131nd\u0131rl\u0131k ve Ula\u015ft\u0131rma Bakanl\u0131\u011f\u0131 b\u00fct\u00e7esi kabul edildi -<\/title>\n<meta name=\"robots\" content=\"index, follow, max-snippet:-1, max-image-preview:large, max-video-preview:-1\" \/>\n<link rel=\"canonical\" href=\"https:\/\/kibrisdakik.com\/?p=69745\" \/>\n<meta property=\"og:locale\" content=\"tr_TR\" \/>\n<meta property=\"og:type\" content=\"article\" \/>\n<meta property=\"og:title\" content=\"Bay\u0131nd\u0131rl\u0131k ve Ula\u015ft\u0131rma Bakanl\u0131\u011f\u0131 b\u00fct\u00e7esi kabul edildi -\" \/>\n<meta property=\"og:description\" content=\"Cumhuriyet Meclisi Ekonomi, Maliye, B\u00fct\u00e7e ve Plan Komitesi, 3 milyar 247 milyon 384 bin TL\u2019lik Bay\u0131nd\u0131rl\u0131k ve Ula\u015ft\u0131rma Bakanl\u0131\u011f\u0131 b\u00fct\u00e7esini kabul etti. Komite b\u00fct\u00e7eyi oy \u00e7oklu\u011fuyla onaylad\u0131. UBP Milletvekili Resmiye Ero\u011flu Canaltay ba\u015fkanl\u0131\u011f\u0131nda saat 13.15\u2019te ba\u015flayan komite toplant\u0131s\u0131na, Bay\u0131nd\u0131rl\u0131k ve Ula\u015ft\u0131rma Bakan\u0131 Erhan Ar\u0131kl\u0131 ile bakanl\u0131k yetkilileri ve ba\u011fl\u0131 dairelerin m\u00fcd\u00fcrleri de kat\u0131ld\u0131. B\u00fct\u00e7e oylanmadan\" \/>\n<meta property=\"og:url\" content=\"https:\/\/kibrisdakik.com\/?p=69745\" \/>\n<meta property=\"article:published_time\" content=\"2024-11-21T20:10:41+00:00\" \/>\n<meta property=\"og:image\" content=\"https:\/\/kibrisdakik.com\/wp-content\/uploads\/2024\/11\/bayindirlik-ve-ulastirma-bakanligi2-706x420.jpg\" \/>\n\t<meta property=\"og:image:width\" content=\"706\" \/>\n\t<meta property=\"og:image:height\" content=\"423\" \/>\n\t<meta property=\"og:image:type\" content=\"image\/jpeg\" \/>\n<meta name=\"author\" content=\"admin\" \/>\n<meta name=\"twitter:card\" content=\"summary_large_image\" \/>\n<meta name=\"twitter:label1\" content=\"Yazan:\" \/>\n\t<meta name=\"twitter:data1\" content=\"admin\" \/>\n\t<meta name=\"twitter:label2\" content=\"Tahmini okuma s\u00fcresi\" \/>\n\t<meta name=\"twitter:data2\" content=\"7 dakika\" \/>\n<script type=\"application\/ld+json\" class=\"yoast-schema-graph\">{\"@context\":\"https:\\\/\\\/schema.org\",\"@graph\":[{\"@type\":\"Article\",\"@id\":\"https:\\\/\\\/kibrisdakik.com\\\/?p=69745#article\",\"isPartOf\":{\"@id\":\"https:\\\/\\\/kibrisdakik.com\\\/?p=69745\"},\"author\":{\"name\":\"admin\",\"@id\":\"https:\\\/\\\/kibrisdakik.com\\\/#\\\/schema\\\/person\\\/9cd9d437bbb44f72b73ba127e06d8e79\"},\"headline\":\"Bay\u0131nd\u0131rl\u0131k ve Ula\u015ft\u0131rma Bakanl\u0131\u011f\u0131 b\u00fct\u00e7esi kabul edildi\",\"datePublished\":\"2024-11-21T20:10:41+00:00\",\"mainEntityOfPage\":{\"@id\":\"https:\\\/\\\/kibrisdakik.com\\\/?p=69745\"},\"wordCount\":1374,\"commentCount\":0,\"image\":{\"@id\":\"https:\\\/\\\/kibrisdakik.com\\\/?p=69745#primaryimage\"},\"thumbnailUrl\":\"https:\\\/\\\/kibrisdakik.com\\\/wp-content\\\/uploads\\\/2024\\\/11\\\/bayindirlik-ve-ulastirma-bakanligi2-706x420.jpg\",\"articleSection\":[\"K\u0131br\u0131s\"],\"inLanguage\":\"tr\",\"potentialAction\":[{\"@type\":\"CommentAction\",\"name\":\"Comment\",\"target\":[\"https:\\\/\\\/kibrisdakik.com\\\/?p=69745#respond\"]}]},{\"@type\":\"WebPage\",\"@id\":\"https:\\\/\\\/kibrisdakik.com\\\/?p=69745\",\"url\":\"https:\\\/\\\/kibrisdakik.com\\\/?p=69745\",\"name\":\"Bay\u0131nd\u0131rl\u0131k ve Ula\u015ft\u0131rma Bakanl\u0131\u011f\u0131 b\u00fct\u00e7esi kabul edildi -\",\"isPartOf\":{\"@id\":\"https:\\\/\\\/kibrisdakik.com\\\/#website\"},\"primaryImageOfPage\":{\"@id\":\"https:\\\/\\\/kibrisdakik.com\\\/?p=69745#primaryimage\"},\"image\":{\"@id\":\"https:\\\/\\\/kibrisdakik.com\\\/?p=69745#primaryimage\"},\"thumbnailUrl\":\"https:\\\/\\\/kibrisdakik.com\\\/wp-content\\\/uploads\\\/2024\\\/11\\\/bayindirlik-ve-ulastirma-bakanligi2-706x420.jpg\",\"datePublished\":\"2024-11-21T20:10:41+00:00\",\"author\":{\"@id\":\"https:\\\/\\\/kibrisdakik.com\\\/#\\\/schema\\\/person\\\/9cd9d437bbb44f72b73ba127e06d8e79\"},\"breadcrumb\":{\"@id\":\"https:\\\/\\\/kibrisdakik.com\\\/?p=69745#breadcrumb\"},\"inLanguage\":\"tr\",\"potentialAction\":[{\"@type\":\"ReadAction\",\"target\":[\"https:\\\/\\\/kibrisdakik.com\\\/?p=69745\"]}]},{\"@type\":\"ImageObject\",\"inLanguage\":\"tr\",\"@id\":\"https:\\\/\\\/kibrisdakik.com\\\/?p=69745#primaryimage\",\"url\":\"https:\\\/\\\/kibrisdakik.com\\\/wp-content\\\/uploads\\\/2024\\\/11\\\/bayindirlik-ve-ulastirma-bakanligi2-706x420.jpg\",\"contentUrl\":\"https:\\\/\\\/kibrisdakik.com\\\/wp-content\\\/uploads\\\/2024\\\/11\\\/bayindirlik-ve-ulastirma-bakanligi2-706x420.jpg\",\"width\":706,\"height\":423},{\"@type\":\"BreadcrumbList\",\"@id\":\"https:\\\/\\\/kibrisdakik.com\\\/?p=69745#breadcrumb\",\"itemListElement\":[{\"@type\":\"ListItem\",\"position\":1,\"name\":\"Home\",\"item\":\"https:\\\/\\\/kibrisdakik.com\\\/\"},{\"@type\":\"ListItem\",\"position\":2,\"name\":\"Bay\u0131nd\u0131rl\u0131k ve Ula\u015ft\u0131rma Bakanl\u0131\u011f\u0131 b\u00fct\u00e7esi kabul edildi\"}]},{\"@type\":\"WebSite\",\"@id\":\"https:\\\/\\\/kibrisdakik.com\\\/#website\",\"url\":\"https:\\\/\\\/kibrisdakik.com\\\/\",\"name\":\"\",\"description\":\"Tam vaktinde haber\",\"potentialAction\":[{\"@type\":\"SearchAction\",\"target\":{\"@type\":\"EntryPoint\",\"urlTemplate\":\"https:\\\/\\\/kibrisdakik.com\\\/?s={search_term_string}\"},\"query-input\":{\"@type\":\"PropertyValueSpecification\",\"valueRequired\":true,\"valueName\":\"search_term_string\"}}],\"inLanguage\":\"tr\"},{\"@type\":\"Person\",\"@id\":\"https:\\\/\\\/kibrisdakik.com\\\/#\\\/schema\\\/person\\\/9cd9d437bbb44f72b73ba127e06d8e79\",\"name\":\"admin\",\"image\":{\"@type\":\"ImageObject\",\"inLanguage\":\"tr\",\"@id\":\"https:\\\/\\\/secure.gravatar.com\\\/avatar\\\/ccc17943b9d660506c869530f897617f7cb1c21a4bf30023f252596d83e1f007?s=96&d=mm&r=g\",\"url\":\"https:\\\/\\\/secure.gravatar.com\\\/avatar\\\/ccc17943b9d660506c869530f897617f7cb1c21a4bf30023f252596d83e1f007?s=96&d=mm&r=g\",\"contentUrl\":\"https:\\\/\\\/secure.gravatar.com\\\/avatar\\\/ccc17943b9d660506c869530f897617f7cb1c21a4bf30023f252596d83e1f007?s=96&d=mm&r=g\",\"caption\":\"admin\"},\"sameAs\":[\"https:\\\/\\\/kibrisdakik.com\"],\"url\":\"https:\\\/\\\/kibrisdakik.com\\\/?author=1\"}]}<\/script>\n<!-- \/ Yoast SEO plugin. -->","yoast_head_json":{"title":"Bay\u0131nd\u0131rl\u0131k ve Ula\u015ft\u0131rma Bakanl\u0131\u011f\u0131 b\u00fct\u00e7esi kabul edildi -","robots":{"index":"index","follow":"follow","max-snippet":"max-snippet:-1","max-image-preview":"max-image-preview:large","max-video-preview":"max-video-preview:-1"},"canonical":"https:\/\/kibrisdakik.com\/?p=69745","og_locale":"tr_TR","og_type":"article","og_title":"Bay\u0131nd\u0131rl\u0131k ve Ula\u015ft\u0131rma Bakanl\u0131\u011f\u0131 b\u00fct\u00e7esi kabul edildi -","og_description":"Cumhuriyet Meclisi Ekonomi, Maliye, B\u00fct\u00e7e ve Plan Komitesi, 3 milyar 247 milyon 384 bin TL\u2019lik Bay\u0131nd\u0131rl\u0131k ve Ula\u015ft\u0131rma Bakanl\u0131\u011f\u0131 b\u00fct\u00e7esini kabul etti. Komite b\u00fct\u00e7eyi oy \u00e7oklu\u011fuyla onaylad\u0131. UBP Milletvekili Resmiye Ero\u011flu Canaltay ba\u015fkanl\u0131\u011f\u0131nda saat 13.15\u2019te ba\u015flayan komite toplant\u0131s\u0131na, Bay\u0131nd\u0131rl\u0131k ve Ula\u015ft\u0131rma Bakan\u0131 Erhan Ar\u0131kl\u0131 ile bakanl\u0131k yetkilileri ve ba\u011fl\u0131 dairelerin m\u00fcd\u00fcrleri de kat\u0131ld\u0131. B\u00fct\u00e7e oylanmadan","og_url":"https:\/\/kibrisdakik.com\/?p=69745","article_published_time":"2024-11-21T20:10:41+00:00","og_image":[{"width":706,"height":423,"url":"https:\/\/kibrisdakik.com\/wp-content\/uploads\/2024\/11\/bayindirlik-ve-ulastirma-bakanligi2-706x420.jpg","type":"image\/jpeg"}],"author":"admin","twitter_card":"summary_large_image","twitter_misc":{"Yazan:":"admin","Tahmini okuma s\u00fcresi":"7 dakika"},"schema":{"@context":"https:\/\/schema.org","@graph":[{"@type":"Article","@id":"https:\/\/kibrisdakik.com\/?p=69745#article","isPartOf":{"@id":"https:\/\/kibrisdakik.com\/?p=69745"},"author":{"name":"admin","@id":"https:\/\/kibrisdakik.com\/#\/schema\/person\/9cd9d437bbb44f72b73ba127e06d8e79"},"headline":"Bay\u0131nd\u0131rl\u0131k ve Ula\u015ft\u0131rma Bakanl\u0131\u011f\u0131 b\u00fct\u00e7esi kabul edildi","datePublished":"2024-11-21T20:10:41+00:00","mainEntityOfPage":{"@id":"https:\/\/kibrisdakik.com\/?p=69745"},"wordCount":1374,"commentCount":0,"image":{"@id":"https:\/\/kibrisdakik.com\/?p=69745#primaryimage"},"thumbnailUrl":"https:\/\/kibrisdakik.com\/wp-content\/uploads\/2024\/11\/bayindirlik-ve-ulastirma-bakanligi2-706x420.jpg","articleSection":["K\u0131br\u0131s"],"inLanguage":"tr","potentialAction":[{"@type":"CommentAction","name":"Comment","target":["https:\/\/kibrisdakik.com\/?p=69745#respond"]}]},{"@type":"WebPage","@id":"https:\/\/kibrisdakik.com\/?p=69745","url":"https:\/\/kibrisdakik.com\/?p=69745","name":"Bay\u0131nd\u0131rl\u0131k ve Ula\u015ft\u0131rma Bakanl\u0131\u011f\u0131 b\u00fct\u00e7esi kabul edildi -","isPartOf":{"@id":"https:\/\/kibrisdakik.com\/#website"},"primaryImageOfPage":{"@id":"https:\/\/kibrisdakik.com\/?p=69745#primaryimage"},"image":{"@id":"https:\/\/kibrisdakik.com\/?p=69745#primaryimage"},"thumbnailUrl":"https:\/\/kibrisdakik.com\/wp-content\/uploads\/2024\/11\/bayindirlik-ve-ulastirma-bakanligi2-706x420.jpg","datePublished":"2024-11-21T20:10:41+00:00","author":{"@id":"https:\/\/kibrisdakik.com\/#\/schema\/person\/9cd9d437bbb44f72b73ba127e06d8e79"},"breadcrumb":{"@id":"https:\/\/kibrisdakik.com\/?p=69745#breadcrumb"},"inLanguage":"tr","potentialAction":[{"@type":"ReadAction","target":["https:\/\/kibrisdakik.com\/?p=69745"]}]},{"@type":"ImageObject","inLanguage":"tr","@id":"https:\/\/kibrisdakik.com\/?p=69745#primaryimage","url":"https:\/\/kibrisdakik.com\/wp-content\/uploads\/2024\/11\/bayindirlik-ve-ulastirma-bakanligi2-706x420.jpg","contentUrl":"https:\/\/kibrisdakik.com\/wp-content\/uploads\/2024\/11\/bayindirlik-ve-ulastirma-bakanligi2-706x420.jpg","width":706,"height":423},{"@type":"BreadcrumbList","@id":"https:\/\/kibrisdakik.com\/?p=69745#breadcrumb","itemListElement":[{"@type":"ListItem","position":1,"name":"Home","item":"https:\/\/kibrisdakik.com\/"},{"@type":"ListItem","position":2,"name":"Bay\u0131nd\u0131rl\u0131k ve Ula\u015ft\u0131rma Bakanl\u0131\u011f\u0131 b\u00fct\u00e7esi kabul edildi"}]},{"@type":"WebSite","@id":"https:\/\/kibrisdakik.com\/#website","url":"https:\/\/kibrisdakik.com\/","name":"","description":"Tam vaktinde haber","potentialAction":[{"@type":"SearchAction","target":{"@type":"EntryPoint","urlTemplate":"https:\/\/kibrisdakik.com\/?s={search_term_string}"},"query-input":{"@type":"PropertyValueSpecification","valueRequired":true,"valueName":"search_term_string"}}],"inLanguage":"tr"},{"@type":"Person","@id":"https:\/\/kibrisdakik.com\/#\/schema\/person\/9cd9d437bbb44f72b73ba127e06d8e79","name":"admin","image":{"@type":"ImageObject","inLanguage":"tr","@id":"https:\/\/secure.gravatar.com\/avatar\/ccc17943b9d660506c869530f897617f7cb1c21a4bf30023f252596d83e1f007?s=96&d=mm&r=g","url":"https:\/\/secure.gravatar.com\/avatar\/ccc17943b9d660506c869530f897617f7cb1c21a4bf30023f252596d83e1f007?s=96&d=mm&r=g","contentUrl":"https:\/\/secure.gravatar.com\/avatar\/ccc17943b9d660506c869530f897617f7cb1c21a4bf30023f252596d83e1f007?s=96&d=mm&r=g","caption":"admin"},"sameAs":["https:\/\/kibrisdakik.com"],"url":"https:\/\/kibrisdakik.com\/?author=1"}]}},"_links":{"self":[{"href":"https:\/\/kibrisdakik.com\/index.php?rest_route=\/wp\/v2\/posts\/69745","targetHints":{"allow":["GET"]}}],"collection":[{"href":"https:\/\/kibrisdakik.com\/index.php?rest_route=\/wp\/v2\/posts"}],"about":[{"href":"https:\/\/kibrisdakik.com\/index.php?rest_route=\/wp\/v2\/types\/post"}],"author":[{"embeddable":true,"href":"https:\/\/kibrisdakik.com\/index.php?rest_route=\/wp\/v2\/users\/1"}],"replies":[{"embeddable":true,"href":"https:\/\/kibrisdakik.com\/index.php?rest_route=%2Fwp%2Fv2%2Fcomments&post=69745"}],"version-history":[{"count":0,"href":"https:\/\/kibrisdakik.com\/index.php?rest_route=\/wp\/v2\/posts\/69745\/revisions"}],"wp:featuredmedia":[{"embeddable":true,"href":"https:\/\/kibrisdakik.com\/index.php?rest_route=\/wp\/v2\/media\/69746"}],"wp:attachment":[{"href":"https:\/\/kibrisdakik.com\/index.php?rest_route=%2Fwp%2Fv2%2Fmedia&parent=69745"}],"wp:term":[{"taxonomy":"category","embeddable":true,"href":"https:\/\/kibrisdakik.com\/index.php?rest_route=%2Fwp%2Fv2%2Fcategories&post=69745"},{"taxonomy":"post_tag","embeddable":true,"href":"https:\/\/kibrisdakik.com\/index.php?rest_route=%2Fwp%2Fv2%2Ftags&post=69745"}],"curies":[{"name":"wp","href":"https:\/\/api.w.org\/{rel}","templated":true}]}}