{"id":69759,"date":"2024-11-22T09:51:24","date_gmt":"2024-11-22T06:51:24","guid":{"rendered":"https:\/\/kibrisdakik.com\/index.php\/2024\/11\/22\/hasipoglu-salih-miroglu-ve-ozker-ozgurun-19-olum-yildonumleri-nedeniyle-mesaj-yayimladi\/"},"modified":"2024-11-22T09:51:24","modified_gmt":"2024-11-22T06:51:24","slug":"hasipoglu-salih-miroglu-ve-ozker-ozgurun-19-olum-yildonumleri-nedeniyle-mesaj-yayimladi","status":"publish","type":"post","link":"https:\/\/kibrisdakik.com\/?p=69759","title":{"rendered":"Hasipo\u011flu, Salih Miro\u011flu ve \u00d6zker \u00d6zg\u00fcr\u2019\u00fcn 19. \u00f6l\u00fcm y\u0131ld\u00f6n\u00fcmleri nedeniyle  mesaj yay\u0131mlad\u0131"},"content":{"rendered":"<div>\n<div class=\"mariselle-image-container center\">\n                                            <\/div>\n<p>UBP Genel Sekreteri O\u011fuzhan Hasipo\u011flu, Salih Miro\u011flu ve \u00d6zker \u00d6zg\u00fcr\u2019\u00fcn 19. \u00f6l\u00fcm y\u0131ld\u00f6n\u00fcmleri nedeniyle  mesaj yay\u0131mlad\u0131.<\/p>\n<p>Hasipo\u011flu yay\u0131mlad\u0131\u011f\u0131 mesaj\u0131nda; <\/p>\n<p>\u201cUBP\u2019nin siyasi tarihi i\u00e7erisinde efsanele\u015fmi\u015f isimler aras\u0131nda yerini almay\u0131 ba\u015farm\u0131\u015f Merhum Genel Sekreterimiz Salih Miro\u011flu\u2019nu 19. \u00f6l\u00fcm y\u0131ld\u00f6n\u00fcm\u00fcnde sayg\u0131 ile yadediyorum.<\/p>\n<p>Bakanl\u0131k g\u00f6revindeki hizmetleri, tecr\u00fcbesi, se\u00e7im alanlar\u0131ndaki hitab\u0131yla partililerimizin g\u00f6n\u00fcllerinde her zaman m\u00fcstesna de\u011feri ile hat\u0131rlanacak Salih Miro\u011flu\u2019nun ani \u00f6l\u00fcm\u00fcyle yaratt\u0131\u011f\u0131 \u00fcz\u00fcnt\u00fcs\u00fcn\u00fc hala ya\u015f\u0131yoruz.<\/p>\n<p>Ulusal Birlik Partisi\u2019nin, K\u0131br\u0131s T\u00fcrk Halk\u0131\u2019na mal olmu\u015f unutulmaz de\u011ferlerinden Salih Miro\u011flu, siyaset kadar, gen\u00e7li\u011fe ve spora hizmetlerini gelecek nesillere aktarma sorumlulu\u011fumuzun bilincediyiz.<\/p>\n<p>Ruhu \u015ead olsun\u2026 Salih Abimizi asla unutmayaca\u011f\u0131z<\/p>\n<p>Yine Salih Miro\u011flu ile ayn\u0131 g\u00fcn ya\u015fam\u0131n\u0131 yitirmi\u015f, Ki\u015fili\u011fi ve potansiyeli ile K\u0131br\u0131s Adas\u0131\u2019n\u0131n siyasi tarihine ad\u0131n\u0131 yazd\u0131rm\u0131\u015f isimlerden CTP Eski Ba\u015fkanlar\u0131ndan, Eski Ba\u015fbakan Yard\u0131mc\u0131s\u0131 \u00d6zker \u00d6zg\u00fcr\u2019\u00fc \u00f6l\u00fcm\u00fcn\u00fcn 19. Y\u0131l\u0131\u2019nda an\u0131yoruz.<\/p>\n<p>Siyasi g\u00f6r\u00fc\u015f farkl\u0131l\u0131\u011f\u0131na ra\u011fmen, demokrasimizin geli\u015fmesini hedefleyen g\u00f6r\u00fc\u015fleri, h\u00fck\u00fcmet g\u00f6revinde iken \u00fclkeye verdi\u011fi hizmetleriyle an\u0131msayaca\u011f\u0131m\u0131z Merhum \u00d6zker \u00d6zg\u00fcr\u2019\u00fcn huzur i\u00e7inde yatmas\u0131n\u0131 diliyorum.\u201d<\/p>\n<\/p><\/div>\n<p><script async\n                    defer\n                    crossorigin=\"anonymous\"\n                    src=\"https:\/\/connect.facebook.net\/tr_TR\/sdk.js#xfbml=1&#038;version=v3.3\"\n            ><\/script><\/p>\n","protected":false},"excerpt":{"rendered":"<p>UBP Genel Sekreteri O\u011fuzhan Hasipo\u011flu, Salih Miro\u011flu ve \u00d6zker \u00d6zg\u00fcr\u2019\u00fcn 19. \u00f6l\u00fcm y\u0131ld\u00f6n\u00fcmleri nedeniyle mesaj yay\u0131mlad\u0131. Hasipo\u011flu yay\u0131mlad\u0131\u011f\u0131 mesaj\u0131nda; \u201cUBP\u2019nin siyasi tarihi i\u00e7erisinde efsanele\u015fmi\u015f isimler aras\u0131nda yerini almay\u0131 ba\u015farm\u0131\u015f Merhum Genel Sekreterimiz Salih Miro\u011flu\u2019nu 19. \u00f6l\u00fcm y\u0131ld\u00f6n\u00fcm\u00fcnde sayg\u0131 ile yadediyorum. Bakanl\u0131k g\u00f6revindeki hizmetleri, tecr\u00fcbesi, se\u00e7im alanlar\u0131ndaki hitab\u0131yla partililerimizin g\u00f6n\u00fcllerinde her zaman m\u00fcstesna de\u011feri ile hat\u0131rlanacak<\/p>\n","protected":false},"author":1,"featured_media":50449,"comment_status":"open","ping_status":"open","sticky":false,"template":"","format":"standard","meta":{"footnotes":""},"categories":[81],"tags":[],"class_list":["post-69759","post","type-post","status-publish","format-standard","has-post-thumbnail","hentry","category-kibris"],"yoast_head":"<!-- This site is optimized with the Yoast SEO plugin v27.4 - https:\/\/yoast.com\/product\/yoast-seo-wordpress\/ -->\n<title>Hasipo\u011flu, Salih Miro\u011flu ve \u00d6zker \u00d6zg\u00fcr\u2019\u00fcn 19. \u00f6l\u00fcm y\u0131ld\u00f6n\u00fcmleri nedeniyle mesaj yay\u0131mlad\u0131 -<\/title>\n<meta name=\"robots\" content=\"index, follow, max-snippet:-1, max-image-preview:large, max-video-preview:-1\" \/>\n<link rel=\"canonical\" href=\"https:\/\/kibrisdakik.com\/?p=69759\" \/>\n<meta property=\"og:locale\" content=\"tr_TR\" \/>\n<meta property=\"og:type\" content=\"article\" \/>\n<meta property=\"og:title\" content=\"Hasipo\u011flu, Salih Miro\u011flu ve \u00d6zker \u00d6zg\u00fcr\u2019\u00fcn 19. \u00f6l\u00fcm y\u0131ld\u00f6n\u00fcmleri nedeniyle mesaj yay\u0131mlad\u0131 -\" \/>\n<meta property=\"og:description\" content=\"UBP Genel Sekreteri O\u011fuzhan Hasipo\u011flu, Salih Miro\u011flu ve \u00d6zker \u00d6zg\u00fcr\u2019\u00fcn 19. \u00f6l\u00fcm y\u0131ld\u00f6n\u00fcmleri nedeniyle mesaj yay\u0131mlad\u0131. Hasipo\u011flu yay\u0131mlad\u0131\u011f\u0131 mesaj\u0131nda; \u201cUBP\u2019nin siyasi tarihi i\u00e7erisinde efsanele\u015fmi\u015f isimler aras\u0131nda yerini almay\u0131 ba\u015farm\u0131\u015f Merhum Genel Sekreterimiz Salih Miro\u011flu\u2019nu 19. \u00f6l\u00fcm y\u0131ld\u00f6n\u00fcm\u00fcnde sayg\u0131 ile yadediyorum. Bakanl\u0131k g\u00f6revindeki hizmetleri, tecr\u00fcbesi, se\u00e7im alanlar\u0131ndaki hitab\u0131yla partililerimizin g\u00f6n\u00fcllerinde her zaman m\u00fcstesna de\u011feri ile hat\u0131rlanacak\" \/>\n<meta property=\"og:url\" content=\"https:\/\/kibrisdakik.com\/?p=69759\" \/>\n<meta property=\"article:published_time\" content=\"2024-11-22T06:51:24+00:00\" \/>\n<meta property=\"og:image\" content=\"https:\/\/kibrisdakik.com\/wp-content\/uploads\/2024\/07\/hasipoglu14-740x420.jpg\" \/>\n\t<meta property=\"og:image:width\" content=\"1600\" \/>\n\t<meta property=\"og:image:height\" content=\"1066\" \/>\n\t<meta property=\"og:image:type\" content=\"image\/jpeg\" \/>\n<meta name=\"author\" content=\"admin\" \/>\n<meta name=\"twitter:card\" content=\"summary_large_image\" \/>\n<meta name=\"twitter:label1\" content=\"Yazan:\" \/>\n\t<meta name=\"twitter:data1\" content=\"admin\" \/>\n\t<meta name=\"twitter:label2\" content=\"Tahmini okuma s\u00fcresi\" \/>\n\t<meta name=\"twitter:data2\" content=\"1 dakika\" \/>\n<script type=\"application\/ld+json\" class=\"yoast-schema-graph\">{\"@context\":\"https:\\\/\\\/schema.org\",\"@graph\":[{\"@type\":\"Article\",\"@id\":\"https:\\\/\\\/kibrisdakik.com\\\/?p=69759#article\",\"isPartOf\":{\"@id\":\"https:\\\/\\\/kibrisdakik.com\\\/?p=69759\"},\"author\":{\"name\":\"admin\",\"@id\":\"https:\\\/\\\/kibrisdakik.com\\\/#\\\/schema\\\/person\\\/9cd9d437bbb44f72b73ba127e06d8e79\"},\"headline\":\"Hasipo\u011flu, Salih Miro\u011flu ve \u00d6zker \u00d6zg\u00fcr\u2019\u00fcn 19. \u00f6l\u00fcm y\u0131ld\u00f6n\u00fcmleri nedeniyle mesaj yay\u0131mlad\u0131\",\"datePublished\":\"2024-11-22T06:51:24+00:00\",\"mainEntityOfPage\":{\"@id\":\"https:\\\/\\\/kibrisdakik.com\\\/?p=69759\"},\"wordCount\":260,\"commentCount\":0,\"image\":{\"@id\":\"https:\\\/\\\/kibrisdakik.com\\\/?p=69759#primaryimage\"},\"thumbnailUrl\":\"https:\\\/\\\/kibrisdakik.com\\\/wp-content\\\/uploads\\\/2024\\\/07\\\/hasipoglu14-740x420.jpg\",\"articleSection\":[\"K\u0131br\u0131s\"],\"inLanguage\":\"tr\",\"potentialAction\":[{\"@type\":\"CommentAction\",\"name\":\"Comment\",\"target\":[\"https:\\\/\\\/kibrisdakik.com\\\/?p=69759#respond\"]}]},{\"@type\":\"WebPage\",\"@id\":\"https:\\\/\\\/kibrisdakik.com\\\/?p=69759\",\"url\":\"https:\\\/\\\/kibrisdakik.com\\\/?p=69759\",\"name\":\"Hasipo\u011flu, Salih Miro\u011flu ve \u00d6zker \u00d6zg\u00fcr\u2019\u00fcn 19. \u00f6l\u00fcm y\u0131ld\u00f6n\u00fcmleri nedeniyle mesaj yay\u0131mlad\u0131 -\",\"isPartOf\":{\"@id\":\"https:\\\/\\\/kibrisdakik.com\\\/#website\"},\"primaryImageOfPage\":{\"@id\":\"https:\\\/\\\/kibrisdakik.com\\\/?p=69759#primaryimage\"},\"image\":{\"@id\":\"https:\\\/\\\/kibrisdakik.com\\\/?p=69759#primaryimage\"},\"thumbnailUrl\":\"https:\\\/\\\/kibrisdakik.com\\\/wp-content\\\/uploads\\\/2024\\\/07\\\/hasipoglu14-740x420.jpg\",\"datePublished\":\"2024-11-22T06:51:24+00:00\",\"author\":{\"@id\":\"https:\\\/\\\/kibrisdakik.com\\\/#\\\/schema\\\/person\\\/9cd9d437bbb44f72b73ba127e06d8e79\"},\"breadcrumb\":{\"@id\":\"https:\\\/\\\/kibrisdakik.com\\\/?p=69759#breadcrumb\"},\"inLanguage\":\"tr\",\"potentialAction\":[{\"@type\":\"ReadAction\",\"target\":[\"https:\\\/\\\/kibrisdakik.com\\\/?p=69759\"]}]},{\"@type\":\"ImageObject\",\"inLanguage\":\"tr\",\"@id\":\"https:\\\/\\\/kibrisdakik.com\\\/?p=69759#primaryimage\",\"url\":\"https:\\\/\\\/kibrisdakik.com\\\/wp-content\\\/uploads\\\/2024\\\/07\\\/hasipoglu14-740x420.jpg\",\"contentUrl\":\"https:\\\/\\\/kibrisdakik.com\\\/wp-content\\\/uploads\\\/2024\\\/07\\\/hasipoglu14-740x420.jpg\",\"width\":1600,\"height\":1066},{\"@type\":\"BreadcrumbList\",\"@id\":\"https:\\\/\\\/kibrisdakik.com\\\/?p=69759#breadcrumb\",\"itemListElement\":[{\"@type\":\"ListItem\",\"position\":1,\"name\":\"Home\",\"item\":\"https:\\\/\\\/kibrisdakik.com\\\/\"},{\"@type\":\"ListItem\",\"position\":2,\"name\":\"Hasipo\u011flu, Salih Miro\u011flu ve \u00d6zker \u00d6zg\u00fcr\u2019\u00fcn 19. \u00f6l\u00fcm y\u0131ld\u00f6n\u00fcmleri nedeniyle mesaj yay\u0131mlad\u0131\"}]},{\"@type\":\"WebSite\",\"@id\":\"https:\\\/\\\/kibrisdakik.com\\\/#website\",\"url\":\"https:\\\/\\\/kibrisdakik.com\\\/\",\"name\":\"\",\"description\":\"Tam vaktinde haber\",\"potentialAction\":[{\"@type\":\"SearchAction\",\"target\":{\"@type\":\"EntryPoint\",\"urlTemplate\":\"https:\\\/\\\/kibrisdakik.com\\\/?s={search_term_string}\"},\"query-input\":{\"@type\":\"PropertyValueSpecification\",\"valueRequired\":true,\"valueName\":\"search_term_string\"}}],\"inLanguage\":\"tr\"},{\"@type\":\"Person\",\"@id\":\"https:\\\/\\\/kibrisdakik.com\\\/#\\\/schema\\\/person\\\/9cd9d437bbb44f72b73ba127e06d8e79\",\"name\":\"admin\",\"image\":{\"@type\":\"ImageObject\",\"inLanguage\":\"tr\",\"@id\":\"https:\\\/\\\/secure.gravatar.com\\\/avatar\\\/ccc17943b9d660506c869530f897617f7cb1c21a4bf30023f252596d83e1f007?s=96&d=mm&r=g\",\"url\":\"https:\\\/\\\/secure.gravatar.com\\\/avatar\\\/ccc17943b9d660506c869530f897617f7cb1c21a4bf30023f252596d83e1f007?s=96&d=mm&r=g\",\"contentUrl\":\"https:\\\/\\\/secure.gravatar.com\\\/avatar\\\/ccc17943b9d660506c869530f897617f7cb1c21a4bf30023f252596d83e1f007?s=96&d=mm&r=g\",\"caption\":\"admin\"},\"sameAs\":[\"https:\\\/\\\/kibrisdakik.com\"],\"url\":\"https:\\\/\\\/kibrisdakik.com\\\/?author=1\"}]}<\/script>\n<!-- \/ Yoast SEO plugin. -->","yoast_head_json":{"title":"Hasipo\u011flu, Salih Miro\u011flu ve \u00d6zker \u00d6zg\u00fcr\u2019\u00fcn 19. \u00f6l\u00fcm y\u0131ld\u00f6n\u00fcmleri nedeniyle mesaj yay\u0131mlad\u0131 -","robots":{"index":"index","follow":"follow","max-snippet":"max-snippet:-1","max-image-preview":"max-image-preview:large","max-video-preview":"max-video-preview:-1"},"canonical":"https:\/\/kibrisdakik.com\/?p=69759","og_locale":"tr_TR","og_type":"article","og_title":"Hasipo\u011flu, Salih Miro\u011flu ve \u00d6zker \u00d6zg\u00fcr\u2019\u00fcn 19. \u00f6l\u00fcm y\u0131ld\u00f6n\u00fcmleri nedeniyle mesaj yay\u0131mlad\u0131 -","og_description":"UBP Genel Sekreteri O\u011fuzhan Hasipo\u011flu, Salih Miro\u011flu ve \u00d6zker \u00d6zg\u00fcr\u2019\u00fcn 19. \u00f6l\u00fcm y\u0131ld\u00f6n\u00fcmleri nedeniyle mesaj yay\u0131mlad\u0131. Hasipo\u011flu yay\u0131mlad\u0131\u011f\u0131 mesaj\u0131nda; \u201cUBP\u2019nin siyasi tarihi i\u00e7erisinde efsanele\u015fmi\u015f isimler aras\u0131nda yerini almay\u0131 ba\u015farm\u0131\u015f Merhum Genel Sekreterimiz Salih Miro\u011flu\u2019nu 19. \u00f6l\u00fcm y\u0131ld\u00f6n\u00fcm\u00fcnde sayg\u0131 ile yadediyorum. Bakanl\u0131k g\u00f6revindeki hizmetleri, tecr\u00fcbesi, se\u00e7im alanlar\u0131ndaki hitab\u0131yla partililerimizin g\u00f6n\u00fcllerinde her zaman m\u00fcstesna de\u011feri ile hat\u0131rlanacak","og_url":"https:\/\/kibrisdakik.com\/?p=69759","article_published_time":"2024-11-22T06:51:24+00:00","og_image":[{"width":1600,"height":1066,"url":"https:\/\/kibrisdakik.com\/wp-content\/uploads\/2024\/07\/hasipoglu14-740x420.jpg","type":"image\/jpeg"}],"author":"admin","twitter_card":"summary_large_image","twitter_misc":{"Yazan:":"admin","Tahmini okuma s\u00fcresi":"1 dakika"},"schema":{"@context":"https:\/\/schema.org","@graph":[{"@type":"Article","@id":"https:\/\/kibrisdakik.com\/?p=69759#article","isPartOf":{"@id":"https:\/\/kibrisdakik.com\/?p=69759"},"author":{"name":"admin","@id":"https:\/\/kibrisdakik.com\/#\/schema\/person\/9cd9d437bbb44f72b73ba127e06d8e79"},"headline":"Hasipo\u011flu, Salih Miro\u011flu ve \u00d6zker \u00d6zg\u00fcr\u2019\u00fcn 19. \u00f6l\u00fcm y\u0131ld\u00f6n\u00fcmleri nedeniyle mesaj yay\u0131mlad\u0131","datePublished":"2024-11-22T06:51:24+00:00","mainEntityOfPage":{"@id":"https:\/\/kibrisdakik.com\/?p=69759"},"wordCount":260,"commentCount":0,"image":{"@id":"https:\/\/kibrisdakik.com\/?p=69759#primaryimage"},"thumbnailUrl":"https:\/\/kibrisdakik.com\/wp-content\/uploads\/2024\/07\/hasipoglu14-740x420.jpg","articleSection":["K\u0131br\u0131s"],"inLanguage":"tr","potentialAction":[{"@type":"CommentAction","name":"Comment","target":["https:\/\/kibrisdakik.com\/?p=69759#respond"]}]},{"@type":"WebPage","@id":"https:\/\/kibrisdakik.com\/?p=69759","url":"https:\/\/kibrisdakik.com\/?p=69759","name":"Hasipo\u011flu, Salih Miro\u011flu ve \u00d6zker \u00d6zg\u00fcr\u2019\u00fcn 19. \u00f6l\u00fcm y\u0131ld\u00f6n\u00fcmleri nedeniyle mesaj yay\u0131mlad\u0131 -","isPartOf":{"@id":"https:\/\/kibrisdakik.com\/#website"},"primaryImageOfPage":{"@id":"https:\/\/kibrisdakik.com\/?p=69759#primaryimage"},"image":{"@id":"https:\/\/kibrisdakik.com\/?p=69759#primaryimage"},"thumbnailUrl":"https:\/\/kibrisdakik.com\/wp-content\/uploads\/2024\/07\/hasipoglu14-740x420.jpg","datePublished":"2024-11-22T06:51:24+00:00","author":{"@id":"https:\/\/kibrisdakik.com\/#\/schema\/person\/9cd9d437bbb44f72b73ba127e06d8e79"},"breadcrumb":{"@id":"https:\/\/kibrisdakik.com\/?p=69759#breadcrumb"},"inLanguage":"tr","potentialAction":[{"@type":"ReadAction","target":["https:\/\/kibrisdakik.com\/?p=69759"]}]},{"@type":"ImageObject","inLanguage":"tr","@id":"https:\/\/kibrisdakik.com\/?p=69759#primaryimage","url":"https:\/\/kibrisdakik.com\/wp-content\/uploads\/2024\/07\/hasipoglu14-740x420.jpg","contentUrl":"https:\/\/kibrisdakik.com\/wp-content\/uploads\/2024\/07\/hasipoglu14-740x420.jpg","width":1600,"height":1066},{"@type":"BreadcrumbList","@id":"https:\/\/kibrisdakik.com\/?p=69759#breadcrumb","itemListElement":[{"@type":"ListItem","position":1,"name":"Home","item":"https:\/\/kibrisdakik.com\/"},{"@type":"ListItem","position":2,"name":"Hasipo\u011flu, Salih Miro\u011flu ve \u00d6zker \u00d6zg\u00fcr\u2019\u00fcn 19. \u00f6l\u00fcm y\u0131ld\u00f6n\u00fcmleri nedeniyle mesaj yay\u0131mlad\u0131"}]},{"@type":"WebSite","@id":"https:\/\/kibrisdakik.com\/#website","url":"https:\/\/kibrisdakik.com\/","name":"","description":"Tam vaktinde haber","potentialAction":[{"@type":"SearchAction","target":{"@type":"EntryPoint","urlTemplate":"https:\/\/kibrisdakik.com\/?s={search_term_string}"},"query-input":{"@type":"PropertyValueSpecification","valueRequired":true,"valueName":"search_term_string"}}],"inLanguage":"tr"},{"@type":"Person","@id":"https:\/\/kibrisdakik.com\/#\/schema\/person\/9cd9d437bbb44f72b73ba127e06d8e79","name":"admin","image":{"@type":"ImageObject","inLanguage":"tr","@id":"https:\/\/secure.gravatar.com\/avatar\/ccc17943b9d660506c869530f897617f7cb1c21a4bf30023f252596d83e1f007?s=96&d=mm&r=g","url":"https:\/\/secure.gravatar.com\/avatar\/ccc17943b9d660506c869530f897617f7cb1c21a4bf30023f252596d83e1f007?s=96&d=mm&r=g","contentUrl":"https:\/\/secure.gravatar.com\/avatar\/ccc17943b9d660506c869530f897617f7cb1c21a4bf30023f252596d83e1f007?s=96&d=mm&r=g","caption":"admin"},"sameAs":["https:\/\/kibrisdakik.com"],"url":"https:\/\/kibrisdakik.com\/?author=1"}]}},"_links":{"self":[{"href":"https:\/\/kibrisdakik.com\/index.php?rest_route=\/wp\/v2\/posts\/69759","targetHints":{"allow":["GET"]}}],"collection":[{"href":"https:\/\/kibrisdakik.com\/index.php?rest_route=\/wp\/v2\/posts"}],"about":[{"href":"https:\/\/kibrisdakik.com\/index.php?rest_route=\/wp\/v2\/types\/post"}],"author":[{"embeddable":true,"href":"https:\/\/kibrisdakik.com\/index.php?rest_route=\/wp\/v2\/users\/1"}],"replies":[{"embeddable":true,"href":"https:\/\/kibrisdakik.com\/index.php?rest_route=%2Fwp%2Fv2%2Fcomments&post=69759"}],"version-history":[{"count":0,"href":"https:\/\/kibrisdakik.com\/index.php?rest_route=\/wp\/v2\/posts\/69759\/revisions"}],"wp:featuredmedia":[{"embeddable":true,"href":"https:\/\/kibrisdakik.com\/index.php?rest_route=\/wp\/v2\/media\/50449"}],"wp:attachment":[{"href":"https:\/\/kibrisdakik.com\/index.php?rest_route=%2Fwp%2Fv2%2Fmedia&parent=69759"}],"wp:term":[{"taxonomy":"category","embeddable":true,"href":"https:\/\/kibrisdakik.com\/index.php?rest_route=%2Fwp%2Fv2%2Fcategories&post=69759"},{"taxonomy":"post_tag","embeddable":true,"href":"https:\/\/kibrisdakik.com\/index.php?rest_route=%2Fwp%2Fv2%2Ftags&post=69759"}],"curies":[{"name":"wp","href":"https:\/\/api.w.org\/{rel}","templated":true}]}}