{"id":69766,"date":"2024-11-22T11:44:24","date_gmt":"2024-11-22T08:44:24","guid":{"rendered":"https:\/\/kibrisdakik.com\/index.php\/2024\/11\/22\/kadina-yonelik-siddet-konusunda-polise-11-ayda-913-sikayet-ve-basvuru\/"},"modified":"2024-11-22T11:44:24","modified_gmt":"2024-11-22T08:44:24","slug":"kadina-yonelik-siddet-konusunda-polise-11-ayda-913-sikayet-ve-basvuru","status":"publish","type":"post","link":"https:\/\/kibrisdakik.com\/?p=69766","title":{"rendered":"Kad\u0131na y\u00f6nelik \u015fiddet konusunda polise 11 ayda 913 \u015fikayet ve ba\u015fvuru"},"content":{"rendered":"<div>\n<div class=\"mariselle-image-container center\">\n                                            <\/div>\n<p> Kad\u0131na y\u00f6nelik \u015fiddet konusunda polise 11 ayda 913 \u015fikayet ve ba\u015fvuru yap\u0131ld\u0131. <\/p>\n<p>Polis Genel M\u00fcd\u00fcrl\u00fc\u011f\u00fc, \u201c25 Aral\u0131k Kad\u0131na Y\u00f6nelik \u015eiddete Kar\u015f\u0131 Uluslararas\u0131 M\u00fccadele G\u00fcn\u00fc\u201d \u00f6ncesinde kad\u0131na \u015fiddet rakamlar\u0131n\u0131 payla\u015ft\u0131.<\/p>\n<p>\u201cPolis, kad\u0131na y\u00f6nelik \u015fiddete kar\u015f\u0131 s\u0131f\u0131r tolerans ilkesiyle m\u00fccadele etmeye devam ediyor.\u201d ba\u015fl\u0131\u011f\u0131yla yay\u0131mlanan rakamlarda, 1 Ocak \u2013 20 Kas\u0131m 2024 tarihleri aras\u0131ndaki s\u00fcrede, kad\u0131na y\u00f6nelik \u015fiddet konular\u0131nda Polis Genel M\u00fcd\u00fcrl\u00fc\u011f\u00fc\u2019ne ba\u011fl\u0131 Kad\u0131na Kar\u015f\u0131 \u015eiddete M\u00fcdahale \u015eubeleri\u2019ne yap\u0131lan ba\u015fvuru ve \u015fikayetleri a\u00e7\u0131klad\u0131.<\/p>\n<p>A\u00e7\u0131klamaya g\u00f6re, polise, 425\u2019i fiziksel \u015fiddet, 306\u2019s\u0131 s\u00f6zl\u00fc \u015fiddet, 13\u2019\u00fc cinsel \u015fiddet ve 169\u2019u di\u011fer konular olmak \u00fczere toplam 913 \u015fikayet ve ba\u015fvuru yap\u0131ld\u0131.<\/p>\n<p>Polis Genel M\u00fcd\u00fcrl\u00fc\u011f\u00fc olarak kad\u0131na y\u00f6nelik \u015fiddete kar\u015f\u0131 s\u00fcrd\u00fcrd\u00fckleri m\u00fccadelenin s\u0131f\u0131r tolerans ilkesiyle ayn\u0131 hassasiyetle devam edece\u011finin belirtildi\u011fi a\u00e7\u0131klamada, \u201cPolise yans\u0131yan \u015fikayetlerin mevcut yasa ve t\u00fcz\u00fckler \u00e7er\u00e7evesinde soru\u015fturularak gerekli yasal i\u015flemin yap\u0131laca\u011f\u0131ndan kimsenin \u015f\u00fcphesi olmas\u0131n.\u201d denildi.<\/p>\n<p><strong>-25 Kas\u0131m \u2018Kad\u0131na Y\u00f6nelik \u015eiddete Kar\u015f\u0131 Uluslararas\u0131 M\u00fccadele G\u00fcn\u00fc\u2019 <\/strong><\/p>\n<p>A\u00e7\u0131klama \u015f\u00f6yle devam etti:<\/p>\n<p>\u201c25 Kas\u0131m, kad\u0131na y\u00f6nelik \u015fiddete kar\u015f\u0131 dikkat \u00e7ekmek ve fark\u0131ndal\u0131k olu\u015fturmak amac\u0131yla 1999 y\u0131l\u0131nda Birle\u015fmi\u015f Milletler Genel Kurulu karar\u0131 ile \u2018Kad\u0131na Y\u00f6nelik \u015eiddete Kar\u015f\u0131 Uluslararas\u0131 M\u00fccadele G\u00fcn\u00fc\u2019 olarak ilan edilmi\u015ftir. Polis Genel M\u00fcd\u00fcrl\u00fc\u011f\u00fc olarak y\u0131lda sadece bir g\u00fcn de\u011fil y\u0131l\u0131n her g\u00fcn\u00fc, ba\u015fta kad\u0131na y\u00f6nelik \u015fiddet olmak \u00fczere her alanda meydana gelen \u015fiddet konusunda s\u0131f\u0131r tolerans ilkesi ile hareket etmekteyiz. Kad\u0131na y\u00f6nelik \u015fiddet su\u00e7lar\u0131na daha h\u0131zl\u0131 m\u00fcdahale etmek, halk\u0131m\u0131za kaliteli ve etkili hizmet sa\u011flayabilmek maksad\u0131yla, 2018 y\u0131l\u0131nda sadece Lefko\u015fa Polis M\u00fcd\u00fcrl\u00fc\u011f\u00fc\u2019nde hayata ge\u00e7irilen \u2018Kad\u0131na Kar\u015f\u0131 \u015eiddete M\u00fcdahale \u015eubesi\u2019, 2021 y\u0131l\u0131nda Polis Genel M\u00fcd\u00fcrl\u00fc\u011f\u00fc ile t\u00fcm \u0130l\u00e7e Polis M\u00fcd\u00fcrl\u00fckleri\u2019nde de faaliyete ge\u00e7irilerek \u00fclke geneline yay\u0131lm\u0131\u015ft\u0131r. Kad\u0131na y\u00f6nelik \u015fiddet konusunda gelecek \u015fikayet ve ba\u015fvurular\u0131 an\u0131nda de\u011ferlendirerek m\u00fcdahale etmek maksad\u0131yla, her zaman oldu\u011fu \u2018155 Polis \u0130mdat\u2019 hatt\u0131 ve Lefko\u015fa\u2019da 0548 811 31 83, Gazima\u011fusa\u2019da 0548 811 41 83, Girne\u2019de 0548 811 51 83, G\u00fczelyurt\u2019ta 0548 811 61 83 ve \u0130skele\u2019de 0548 811 71 83 \u00e7a\u011fr\u0131 numaral\u0131 hatlar\u0131m\u0131z ile 7\/24 halk\u0131m\u0131z\u0131n hizmetinde oldu\u011fumuzu hat\u0131rlat\u0131r\u0131z. Kad\u0131na y\u00f6nelik \u015fiddet konular\u0131nda, Polis Genel M\u00fcd\u00fcrl\u00fc\u011f\u00fc\u2019ne 2024 y\u0131l\u0131 i\u00e7erisinde yap\u0131lan t\u00fcm \u015fikayet ve ba\u015fvurular an\u0131nda de\u011ferlendirilerek hassasiyetle soru\u015fturulmu\u015f ve her zaman oldu\u011fu gibi gerekli yasal i\u015flemler s\u00fcratle yap\u0131lm\u0131\u015ft\u0131r.\u201d<\/p>\n<\/p><\/div>\n<p><script async\n                    defer\n                    crossorigin=\"anonymous\"\n                    src=\"https:\/\/connect.facebook.net\/tr_TR\/sdk.js#xfbml=1&#038;version=v3.3\"\n            ><\/script><\/p>\n","protected":false},"excerpt":{"rendered":"<p>Kad\u0131na y\u00f6nelik \u015fiddet konusunda polise 11 ayda 913 \u015fikayet ve ba\u015fvuru yap\u0131ld\u0131. Polis Genel M\u00fcd\u00fcrl\u00fc\u011f\u00fc, \u201c25 Aral\u0131k Kad\u0131na Y\u00f6nelik \u015eiddete Kar\u015f\u0131 Uluslararas\u0131 M\u00fccadele G\u00fcn\u00fc\u201d \u00f6ncesinde kad\u0131na \u015fiddet rakamlar\u0131n\u0131 payla\u015ft\u0131. \u201cPolis, kad\u0131na y\u00f6nelik \u015fiddete kar\u015f\u0131 s\u0131f\u0131r tolerans ilkesiyle m\u00fccadele etmeye devam ediyor.\u201d ba\u015fl\u0131\u011f\u0131yla yay\u0131mlanan rakamlarda, 1 Ocak \u2013 20 Kas\u0131m 2024 tarihleri aras\u0131ndaki s\u00fcrede, kad\u0131na y\u00f6nelik<\/p>\n","protected":false},"author":1,"featured_media":69767,"comment_status":"open","ping_status":"open","sticky":false,"template":"","format":"standard","meta":{"footnotes":""},"categories":[81],"tags":[],"class_list":["post-69766","post","type-post","status-publish","format-standard","has-post-thumbnail","hentry","category-kibris"],"yoast_head":"<!-- This site is optimized with the Yoast SEO plugin v27.5 - https:\/\/yoast.com\/product\/yoast-seo-wordpress\/ -->\n<title>Kad\u0131na y\u00f6nelik \u015fiddet konusunda polise 11 ayda 913 \u015fikayet ve ba\u015fvuru -<\/title>\n<meta name=\"robots\" content=\"index, follow, max-snippet:-1, max-image-preview:large, max-video-preview:-1\" \/>\n<link rel=\"canonical\" href=\"https:\/\/kibrisdakik.com\/?p=69766\" \/>\n<meta property=\"og:locale\" content=\"tr_TR\" \/>\n<meta property=\"og:type\" content=\"article\" \/>\n<meta property=\"og:title\" content=\"Kad\u0131na y\u00f6nelik \u015fiddet konusunda polise 11 ayda 913 \u015fikayet ve ba\u015fvuru -\" \/>\n<meta property=\"og:description\" content=\"Kad\u0131na y\u00f6nelik \u015fiddet konusunda polise 11 ayda 913 \u015fikayet ve ba\u015fvuru yap\u0131ld\u0131. Polis Genel M\u00fcd\u00fcrl\u00fc\u011f\u00fc, \u201c25 Aral\u0131k Kad\u0131na Y\u00f6nelik \u015eiddete Kar\u015f\u0131 Uluslararas\u0131 M\u00fccadele G\u00fcn\u00fc\u201d \u00f6ncesinde kad\u0131na \u015fiddet rakamlar\u0131n\u0131 payla\u015ft\u0131. \u201cPolis, kad\u0131na y\u00f6nelik \u015fiddete kar\u015f\u0131 s\u0131f\u0131r tolerans ilkesiyle m\u00fccadele etmeye devam ediyor.\u201d ba\u015fl\u0131\u011f\u0131yla yay\u0131mlanan rakamlarda, 1 Ocak \u2013 20 Kas\u0131m 2024 tarihleri aras\u0131ndaki s\u00fcrede, kad\u0131na y\u00f6nelik\" \/>\n<meta property=\"og:url\" content=\"https:\/\/kibrisdakik.com\/?p=69766\" \/>\n<meta property=\"article:published_time\" content=\"2024-11-22T08:44:24+00:00\" \/>\n<meta property=\"og:image\" content=\"https:\/\/kibrisdakik.com\/wp-content\/uploads\/2024\/11\/polis-kadina-yonelik-siddet-2024-740x420.jpeg\" \/>\n\t<meta property=\"og:image:width\" content=\"865\" \/>\n\t<meta property=\"og:image:height\" content=\"529\" \/>\n\t<meta property=\"og:image:type\" content=\"image\/jpeg\" \/>\n<meta name=\"author\" content=\"admin\" \/>\n<meta name=\"twitter:card\" content=\"summary_large_image\" \/>\n<meta name=\"twitter:label1\" content=\"Yazan:\" \/>\n\t<meta name=\"twitter:data1\" content=\"admin\" \/>\n\t<meta name=\"twitter:label2\" content=\"Tahmini okuma s\u00fcresi\" \/>\n\t<meta name=\"twitter:data2\" content=\"2 dakika\" \/>\n<script type=\"application\/ld+json\" class=\"yoast-schema-graph\">{\"@context\":\"https:\\\/\\\/schema.org\",\"@graph\":[{\"@type\":\"Article\",\"@id\":\"https:\\\/\\\/kibrisdakik.com\\\/?p=69766#article\",\"isPartOf\":{\"@id\":\"https:\\\/\\\/kibrisdakik.com\\\/?p=69766\"},\"author\":{\"name\":\"admin\",\"@id\":\"https:\\\/\\\/kibrisdakik.com\\\/#\\\/schema\\\/person\\\/9cd9d437bbb44f72b73ba127e06d8e79\"},\"headline\":\"Kad\u0131na y\u00f6nelik \u015fiddet konusunda polise 11 ayda 913 \u015fikayet ve ba\u015fvuru\",\"datePublished\":\"2024-11-22T08:44:24+00:00\",\"mainEntityOfPage\":{\"@id\":\"https:\\\/\\\/kibrisdakik.com\\\/?p=69766\"},\"wordCount\":488,\"commentCount\":0,\"image\":{\"@id\":\"https:\\\/\\\/kibrisdakik.com\\\/?p=69766#primaryimage\"},\"thumbnailUrl\":\"https:\\\/\\\/kibrisdakik.com\\\/wp-content\\\/uploads\\\/2024\\\/11\\\/polis-kadina-yonelik-siddet-2024-740x420.jpeg\",\"articleSection\":[\"K\u0131br\u0131s\"],\"inLanguage\":\"tr\",\"potentialAction\":[{\"@type\":\"CommentAction\",\"name\":\"Comment\",\"target\":[\"https:\\\/\\\/kibrisdakik.com\\\/?p=69766#respond\"]}]},{\"@type\":\"WebPage\",\"@id\":\"https:\\\/\\\/kibrisdakik.com\\\/?p=69766\",\"url\":\"https:\\\/\\\/kibrisdakik.com\\\/?p=69766\",\"name\":\"Kad\u0131na y\u00f6nelik \u015fiddet konusunda polise 11 ayda 913 \u015fikayet ve ba\u015fvuru -\",\"isPartOf\":{\"@id\":\"https:\\\/\\\/kibrisdakik.com\\\/#website\"},\"primaryImageOfPage\":{\"@id\":\"https:\\\/\\\/kibrisdakik.com\\\/?p=69766#primaryimage\"},\"image\":{\"@id\":\"https:\\\/\\\/kibrisdakik.com\\\/?p=69766#primaryimage\"},\"thumbnailUrl\":\"https:\\\/\\\/kibrisdakik.com\\\/wp-content\\\/uploads\\\/2024\\\/11\\\/polis-kadina-yonelik-siddet-2024-740x420.jpeg\",\"datePublished\":\"2024-11-22T08:44:24+00:00\",\"author\":{\"@id\":\"https:\\\/\\\/kibrisdakik.com\\\/#\\\/schema\\\/person\\\/9cd9d437bbb44f72b73ba127e06d8e79\"},\"breadcrumb\":{\"@id\":\"https:\\\/\\\/kibrisdakik.com\\\/?p=69766#breadcrumb\"},\"inLanguage\":\"tr\",\"potentialAction\":[{\"@type\":\"ReadAction\",\"target\":[\"https:\\\/\\\/kibrisdakik.com\\\/?p=69766\"]}]},{\"@type\":\"ImageObject\",\"inLanguage\":\"tr\",\"@id\":\"https:\\\/\\\/kibrisdakik.com\\\/?p=69766#primaryimage\",\"url\":\"https:\\\/\\\/kibrisdakik.com\\\/wp-content\\\/uploads\\\/2024\\\/11\\\/polis-kadina-yonelik-siddet-2024-740x420.jpeg\",\"contentUrl\":\"https:\\\/\\\/kibrisdakik.com\\\/wp-content\\\/uploads\\\/2024\\\/11\\\/polis-kadina-yonelik-siddet-2024-740x420.jpeg\",\"width\":865,\"height\":529},{\"@type\":\"BreadcrumbList\",\"@id\":\"https:\\\/\\\/kibrisdakik.com\\\/?p=69766#breadcrumb\",\"itemListElement\":[{\"@type\":\"ListItem\",\"position\":1,\"name\":\"Home\",\"item\":\"https:\\\/\\\/kibrisdakik.com\\\/\"},{\"@type\":\"ListItem\",\"position\":2,\"name\":\"Kad\u0131na y\u00f6nelik \u015fiddet konusunda polise 11 ayda 913 \u015fikayet ve ba\u015fvuru\"}]},{\"@type\":\"WebSite\",\"@id\":\"https:\\\/\\\/kibrisdakik.com\\\/#website\",\"url\":\"https:\\\/\\\/kibrisdakik.com\\\/\",\"name\":\"\",\"description\":\"Tam vaktinde haber\",\"potentialAction\":[{\"@type\":\"SearchAction\",\"target\":{\"@type\":\"EntryPoint\",\"urlTemplate\":\"https:\\\/\\\/kibrisdakik.com\\\/?s={search_term_string}\"},\"query-input\":{\"@type\":\"PropertyValueSpecification\",\"valueRequired\":true,\"valueName\":\"search_term_string\"}}],\"inLanguage\":\"tr\"},{\"@type\":\"Person\",\"@id\":\"https:\\\/\\\/kibrisdakik.com\\\/#\\\/schema\\\/person\\\/9cd9d437bbb44f72b73ba127e06d8e79\",\"name\":\"admin\",\"image\":{\"@type\":\"ImageObject\",\"inLanguage\":\"tr\",\"@id\":\"https:\\\/\\\/secure.gravatar.com\\\/avatar\\\/ccc17943b9d660506c869530f897617f7cb1c21a4bf30023f252596d83e1f007?s=96&d=mm&r=g\",\"url\":\"https:\\\/\\\/secure.gravatar.com\\\/avatar\\\/ccc17943b9d660506c869530f897617f7cb1c21a4bf30023f252596d83e1f007?s=96&d=mm&r=g\",\"contentUrl\":\"https:\\\/\\\/secure.gravatar.com\\\/avatar\\\/ccc17943b9d660506c869530f897617f7cb1c21a4bf30023f252596d83e1f007?s=96&d=mm&r=g\",\"caption\":\"admin\"},\"sameAs\":[\"https:\\\/\\\/kibrisdakik.com\"],\"url\":\"https:\\\/\\\/kibrisdakik.com\\\/?author=1\"}]}<\/script>\n<!-- \/ Yoast SEO plugin. -->","yoast_head_json":{"title":"Kad\u0131na y\u00f6nelik \u015fiddet konusunda polise 11 ayda 913 \u015fikayet ve ba\u015fvuru -","robots":{"index":"index","follow":"follow","max-snippet":"max-snippet:-1","max-image-preview":"max-image-preview:large","max-video-preview":"max-video-preview:-1"},"canonical":"https:\/\/kibrisdakik.com\/?p=69766","og_locale":"tr_TR","og_type":"article","og_title":"Kad\u0131na y\u00f6nelik \u015fiddet konusunda polise 11 ayda 913 \u015fikayet ve ba\u015fvuru -","og_description":"Kad\u0131na y\u00f6nelik \u015fiddet konusunda polise 11 ayda 913 \u015fikayet ve ba\u015fvuru yap\u0131ld\u0131. Polis Genel M\u00fcd\u00fcrl\u00fc\u011f\u00fc, \u201c25 Aral\u0131k Kad\u0131na Y\u00f6nelik \u015eiddete Kar\u015f\u0131 Uluslararas\u0131 M\u00fccadele G\u00fcn\u00fc\u201d \u00f6ncesinde kad\u0131na \u015fiddet rakamlar\u0131n\u0131 payla\u015ft\u0131. \u201cPolis, kad\u0131na y\u00f6nelik \u015fiddete kar\u015f\u0131 s\u0131f\u0131r tolerans ilkesiyle m\u00fccadele etmeye devam ediyor.\u201d ba\u015fl\u0131\u011f\u0131yla yay\u0131mlanan rakamlarda, 1 Ocak \u2013 20 Kas\u0131m 2024 tarihleri aras\u0131ndaki s\u00fcrede, kad\u0131na y\u00f6nelik","og_url":"https:\/\/kibrisdakik.com\/?p=69766","article_published_time":"2024-11-22T08:44:24+00:00","og_image":[{"width":865,"height":529,"url":"https:\/\/kibrisdakik.com\/wp-content\/uploads\/2024\/11\/polis-kadina-yonelik-siddet-2024-740x420.jpeg","type":"image\/jpeg"}],"author":"admin","twitter_card":"summary_large_image","twitter_misc":{"Yazan:":"admin","Tahmini okuma s\u00fcresi":"2 dakika"},"schema":{"@context":"https:\/\/schema.org","@graph":[{"@type":"Article","@id":"https:\/\/kibrisdakik.com\/?p=69766#article","isPartOf":{"@id":"https:\/\/kibrisdakik.com\/?p=69766"},"author":{"name":"admin","@id":"https:\/\/kibrisdakik.com\/#\/schema\/person\/9cd9d437bbb44f72b73ba127e06d8e79"},"headline":"Kad\u0131na y\u00f6nelik \u015fiddet konusunda polise 11 ayda 913 \u015fikayet ve ba\u015fvuru","datePublished":"2024-11-22T08:44:24+00:00","mainEntityOfPage":{"@id":"https:\/\/kibrisdakik.com\/?p=69766"},"wordCount":488,"commentCount":0,"image":{"@id":"https:\/\/kibrisdakik.com\/?p=69766#primaryimage"},"thumbnailUrl":"https:\/\/kibrisdakik.com\/wp-content\/uploads\/2024\/11\/polis-kadina-yonelik-siddet-2024-740x420.jpeg","articleSection":["K\u0131br\u0131s"],"inLanguage":"tr","potentialAction":[{"@type":"CommentAction","name":"Comment","target":["https:\/\/kibrisdakik.com\/?p=69766#respond"]}]},{"@type":"WebPage","@id":"https:\/\/kibrisdakik.com\/?p=69766","url":"https:\/\/kibrisdakik.com\/?p=69766","name":"Kad\u0131na y\u00f6nelik \u015fiddet konusunda polise 11 ayda 913 \u015fikayet ve ba\u015fvuru -","isPartOf":{"@id":"https:\/\/kibrisdakik.com\/#website"},"primaryImageOfPage":{"@id":"https:\/\/kibrisdakik.com\/?p=69766#primaryimage"},"image":{"@id":"https:\/\/kibrisdakik.com\/?p=69766#primaryimage"},"thumbnailUrl":"https:\/\/kibrisdakik.com\/wp-content\/uploads\/2024\/11\/polis-kadina-yonelik-siddet-2024-740x420.jpeg","datePublished":"2024-11-22T08:44:24+00:00","author":{"@id":"https:\/\/kibrisdakik.com\/#\/schema\/person\/9cd9d437bbb44f72b73ba127e06d8e79"},"breadcrumb":{"@id":"https:\/\/kibrisdakik.com\/?p=69766#breadcrumb"},"inLanguage":"tr","potentialAction":[{"@type":"ReadAction","target":["https:\/\/kibrisdakik.com\/?p=69766"]}]},{"@type":"ImageObject","inLanguage":"tr","@id":"https:\/\/kibrisdakik.com\/?p=69766#primaryimage","url":"https:\/\/kibrisdakik.com\/wp-content\/uploads\/2024\/11\/polis-kadina-yonelik-siddet-2024-740x420.jpeg","contentUrl":"https:\/\/kibrisdakik.com\/wp-content\/uploads\/2024\/11\/polis-kadina-yonelik-siddet-2024-740x420.jpeg","width":865,"height":529},{"@type":"BreadcrumbList","@id":"https:\/\/kibrisdakik.com\/?p=69766#breadcrumb","itemListElement":[{"@type":"ListItem","position":1,"name":"Home","item":"https:\/\/kibrisdakik.com\/"},{"@type":"ListItem","position":2,"name":"Kad\u0131na y\u00f6nelik \u015fiddet konusunda polise 11 ayda 913 \u015fikayet ve ba\u015fvuru"}]},{"@type":"WebSite","@id":"https:\/\/kibrisdakik.com\/#website","url":"https:\/\/kibrisdakik.com\/","name":"","description":"Tam vaktinde haber","potentialAction":[{"@type":"SearchAction","target":{"@type":"EntryPoint","urlTemplate":"https:\/\/kibrisdakik.com\/?s={search_term_string}"},"query-input":{"@type":"PropertyValueSpecification","valueRequired":true,"valueName":"search_term_string"}}],"inLanguage":"tr"},{"@type":"Person","@id":"https:\/\/kibrisdakik.com\/#\/schema\/person\/9cd9d437bbb44f72b73ba127e06d8e79","name":"admin","image":{"@type":"ImageObject","inLanguage":"tr","@id":"https:\/\/secure.gravatar.com\/avatar\/ccc17943b9d660506c869530f897617f7cb1c21a4bf30023f252596d83e1f007?s=96&d=mm&r=g","url":"https:\/\/secure.gravatar.com\/avatar\/ccc17943b9d660506c869530f897617f7cb1c21a4bf30023f252596d83e1f007?s=96&d=mm&r=g","contentUrl":"https:\/\/secure.gravatar.com\/avatar\/ccc17943b9d660506c869530f897617f7cb1c21a4bf30023f252596d83e1f007?s=96&d=mm&r=g","caption":"admin"},"sameAs":["https:\/\/kibrisdakik.com"],"url":"https:\/\/kibrisdakik.com\/?author=1"}]}},"_links":{"self":[{"href":"https:\/\/kibrisdakik.com\/index.php?rest_route=\/wp\/v2\/posts\/69766","targetHints":{"allow":["GET"]}}],"collection":[{"href":"https:\/\/kibrisdakik.com\/index.php?rest_route=\/wp\/v2\/posts"}],"about":[{"href":"https:\/\/kibrisdakik.com\/index.php?rest_route=\/wp\/v2\/types\/post"}],"author":[{"embeddable":true,"href":"https:\/\/kibrisdakik.com\/index.php?rest_route=\/wp\/v2\/users\/1"}],"replies":[{"embeddable":true,"href":"https:\/\/kibrisdakik.com\/index.php?rest_route=%2Fwp%2Fv2%2Fcomments&post=69766"}],"version-history":[{"count":0,"href":"https:\/\/kibrisdakik.com\/index.php?rest_route=\/wp\/v2\/posts\/69766\/revisions"}],"wp:featuredmedia":[{"embeddable":true,"href":"https:\/\/kibrisdakik.com\/index.php?rest_route=\/wp\/v2\/media\/69767"}],"wp:attachment":[{"href":"https:\/\/kibrisdakik.com\/index.php?rest_route=%2Fwp%2Fv2%2Fmedia&parent=69766"}],"wp:term":[{"taxonomy":"category","embeddable":true,"href":"https:\/\/kibrisdakik.com\/index.php?rest_route=%2Fwp%2Fv2%2Fcategories&post=69766"},{"taxonomy":"post_tag","embeddable":true,"href":"https:\/\/kibrisdakik.com\/index.php?rest_route=%2Fwp%2Fv2%2Ftags&post=69766"}],"curies":[{"name":"wp","href":"https:\/\/api.w.org\/{rel}","templated":true}]}}