{"id":69790,"date":"2024-11-22T16:07:35","date_gmt":"2024-11-22T13:07:35","guid":{"rendered":"https:\/\/kibrisdakik.com\/index.php\/2024\/11\/22\/ozturkler-gikad-tarafindan-duzenlenen-panelin-acilisina-katildi\/"},"modified":"2024-11-22T16:07:35","modified_gmt":"2024-11-22T13:07:35","slug":"ozturkler-gikad-tarafindan-duzenlenen-panelin-acilisina-katildi","status":"publish","type":"post","link":"https:\/\/kibrisdakik.com\/?p=69790","title":{"rendered":"\u00d6zt\u00fcrkler, G\u0130KAD taraf\u0131ndan d\u00fczenlenen panelin a\u00e7\u0131l\u0131\u015f\u0131na kat\u0131ld\u0131"},"content":{"rendered":"<div>\n<div class=\"mariselle-image-container center\">\n                                            <\/div>\n<p>Cumhurba\u015fkan\u0131 Vekili, Cumhuriyet Meclisi Ba\u015fkan\u0131 Ziya \u00d6zt\u00fcrkler, K\u0131br\u0131s T\u00fcrk Giri\u015fimci Kad\u0131nlar Derne\u011fi  (G\u0130KAD) taraf\u0131ndan d\u00fczenlenen \u0130\u015f\u2019te Kad\u0131nlar Zirvede \u201cS\u00f6z\u00fcn\u00fcn Kad\u0131n\u0131y\u0131z\u201d Panelinin a\u00e7\u0131l\u0131\u015f\u0131na kat\u0131larak bir konu\u015fma yapt\u0131.<\/p>\n<p>\u00d6zt\u00fcrkler konu\u015fmas\u0131nda G\u0130KAD\u2019\u0131n kurulu\u015fundan bug\u00fcne \u0130\u00e7im Kavuklu ba\u015fkanl\u0131\u011f\u0131nda \u00e7ok \u00f6nemli projelere imza att\u0131\u011f\u0131na de\u011finerek yap\u0131lan \u00e7al\u0131\u015fmalarla kad\u0131n\u0131n giri\u015fimcili\u011finin ve rol\u00fcn\u00fcn ortaya kondu\u011funu s\u00f6yledi.<\/p>\n<p>KKTC\u2019nin 41.y\u0131l\u0131n\u0131 kutlad\u0131klar\u0131n\u0131 an\u0131msatan \u00d6zt\u00fcrkler, \u00fclkenin kad\u0131nlar\u0131, sivil toplum \u00f6rg\u00fctleri ve Anavatan\u0131 le birlikte Cumhuriyete sahip \u00e7\u0131karak daha g\u00fczel yar\u0131nlara y\u00fcr\u00fcyece\u011fine inan\u00e7 belirtti.<\/p>\n<p>Panelin konular\u0131ndan da biri olan iklim krizinin d\u00fcnyan\u0131n en b\u00fcy\u00fck sorunlar\u0131ndan biri oldu\u011funu ifade eden Ba\u015fkan \u00d6zt\u00fcrkler, gelecek y\u0131llarda bu krizin daha da b\u00fcy\u00fcmesi tehlikesi oldu\u011funu s\u00f6yledi ve bu konuda fark\u0131ndal\u0131k yaratman\u0131n \u00f6nemine de\u011findi.<br \/>Di\u011fer bir konu olan dijital d\u00f6n\u00fc\u015f\u00fcm noktas\u0131nda \u0130\u00e7i\u015fleri Bakan\u0131 olarak g\u00f6rev yapt\u0131\u011f\u0131 d\u00f6neminde \u00f6nemli ad\u0131mlar at\u0131ld\u0131\u011f\u0131n\u0131 s\u00f6yleyerek d\u00f6nemin T\u00fcrkiye D\u0131\u015fi\u015fleri Bakan Yard\u0131mc\u0131s\u0131, bug\u00fcn\u00fcn Lefko\u015fa B\u00fcy\u00fckel\u00e7isi Yasin Ekrem Serim\u2019in de konuyla ilgili \u00e7ok \u00f6nemli bir mesai harcad\u0131\u011f\u0131n\u0131 belirtti.<\/p>\n<p>Panelde dijital d\u00f6n\u00fc\u015f\u00fcm ve e devlet konusunda ortaya \u00e7\u0131kacak fikirleri de\u011ferli bulduklar\u0131n\u0131 dile getiren \u00d6zt\u00fcrkler, bilgiye eri\u015fim konusunda ya\u015fanan zaman kayb\u0131n\u0131n ortadan kalkmas\u0131 i\u00e7in at\u0131lacak ad\u0131mlar\u0131n destek\u00e7isi olacaklar\u0131n\u0131 s\u00f6yledi.<br \/>Ba\u015fkan \u00d6zt\u00fcrkler, panelin ba\u015far\u0131l\u0131 ge\u00e7mesini temenni ederek ba\u015far\u0131lar diledi.<\/p>\n<\/p><\/div>\n<p><script async\n                    defer\n                    crossorigin=\"anonymous\"\n                    src=\"https:\/\/connect.facebook.net\/tr_TR\/sdk.js#xfbml=1&#038;version=v3.3\"\n            ><\/script><\/p>\n","protected":false},"excerpt":{"rendered":"<p>Cumhurba\u015fkan\u0131 Vekili, Cumhuriyet Meclisi Ba\u015fkan\u0131 Ziya \u00d6zt\u00fcrkler, K\u0131br\u0131s T\u00fcrk Giri\u015fimci Kad\u0131nlar Derne\u011fi (G\u0130KAD) taraf\u0131ndan d\u00fczenlenen \u0130\u015f\u2019te Kad\u0131nlar Zirvede \u201cS\u00f6z\u00fcn\u00fcn Kad\u0131n\u0131y\u0131z\u201d Panelinin a\u00e7\u0131l\u0131\u015f\u0131na kat\u0131larak bir konu\u015fma yapt\u0131. \u00d6zt\u00fcrkler konu\u015fmas\u0131nda G\u0130KAD\u2019\u0131n kurulu\u015fundan bug\u00fcne \u0130\u00e7im Kavuklu ba\u015fkanl\u0131\u011f\u0131nda \u00e7ok \u00f6nemli projelere imza att\u0131\u011f\u0131na de\u011finerek yap\u0131lan \u00e7al\u0131\u015fmalarla kad\u0131n\u0131n giri\u015fimcili\u011finin ve rol\u00fcn\u00fcn ortaya kondu\u011funu s\u00f6yledi. KKTC\u2019nin 41.y\u0131l\u0131n\u0131 kutlad\u0131klar\u0131n\u0131 an\u0131msatan \u00d6zt\u00fcrkler, \u00fclkenin<\/p>\n","protected":false},"author":1,"featured_media":69791,"comment_status":"open","ping_status":"open","sticky":false,"template":"","format":"standard","meta":{"footnotes":""},"categories":[81],"tags":[],"class_list":["post-69790","post","type-post","status-publish","format-standard","has-post-thumbnail","hentry","category-kibris"],"yoast_head":"<!-- This site is optimized with the Yoast SEO plugin v27.5 - https:\/\/yoast.com\/product\/yoast-seo-wordpress\/ -->\n<title>\u00d6zt\u00fcrkler, G\u0130KAD taraf\u0131ndan d\u00fczenlenen panelin a\u00e7\u0131l\u0131\u015f\u0131na kat\u0131ld\u0131 -<\/title>\n<meta name=\"robots\" content=\"index, follow, max-snippet:-1, max-image-preview:large, max-video-preview:-1\" \/>\n<link rel=\"canonical\" href=\"https:\/\/kibrisdakik.com\/?p=69790\" \/>\n<meta property=\"og:locale\" content=\"tr_TR\" \/>\n<meta property=\"og:type\" content=\"article\" \/>\n<meta property=\"og:title\" content=\"\u00d6zt\u00fcrkler, G\u0130KAD taraf\u0131ndan d\u00fczenlenen panelin a\u00e7\u0131l\u0131\u015f\u0131na kat\u0131ld\u0131 -\" \/>\n<meta property=\"og:description\" content=\"Cumhurba\u015fkan\u0131 Vekili, Cumhuriyet Meclisi Ba\u015fkan\u0131 Ziya \u00d6zt\u00fcrkler, K\u0131br\u0131s T\u00fcrk Giri\u015fimci Kad\u0131nlar Derne\u011fi (G\u0130KAD) taraf\u0131ndan d\u00fczenlenen \u0130\u015f\u2019te Kad\u0131nlar Zirvede \u201cS\u00f6z\u00fcn\u00fcn Kad\u0131n\u0131y\u0131z\u201d Panelinin a\u00e7\u0131l\u0131\u015f\u0131na kat\u0131larak bir konu\u015fma yapt\u0131. \u00d6zt\u00fcrkler konu\u015fmas\u0131nda G\u0130KAD\u2019\u0131n kurulu\u015fundan bug\u00fcne \u0130\u00e7im Kavuklu ba\u015fkanl\u0131\u011f\u0131nda \u00e7ok \u00f6nemli projelere imza att\u0131\u011f\u0131na de\u011finerek yap\u0131lan \u00e7al\u0131\u015fmalarla kad\u0131n\u0131n giri\u015fimcili\u011finin ve rol\u00fcn\u00fcn ortaya kondu\u011funu s\u00f6yledi. KKTC\u2019nin 41.y\u0131l\u0131n\u0131 kutlad\u0131klar\u0131n\u0131 an\u0131msatan \u00d6zt\u00fcrkler, \u00fclkenin\" \/>\n<meta property=\"og:url\" content=\"https:\/\/kibrisdakik.com\/?p=69790\" \/>\n<meta property=\"article:published_time\" content=\"2024-11-22T13:07:35+00:00\" \/>\n<meta property=\"og:image\" content=\"https:\/\/kibrisdakik.com\/wp-content\/uploads\/2024\/11\/dfd71df1-28ad-4a08-94f1-8f2fabf482a6-740x420.jpg\" \/>\n\t<meta property=\"og:image:width\" content=\"1600\" \/>\n\t<meta property=\"og:image:height\" content=\"902\" \/>\n\t<meta property=\"og:image:type\" content=\"image\/jpeg\" \/>\n<meta name=\"author\" content=\"admin\" \/>\n<meta name=\"twitter:card\" content=\"summary_large_image\" \/>\n<meta name=\"twitter:label1\" content=\"Yazan:\" \/>\n\t<meta name=\"twitter:data1\" content=\"admin\" \/>\n\t<meta name=\"twitter:label2\" content=\"Tahmini okuma s\u00fcresi\" \/>\n\t<meta name=\"twitter:data2\" content=\"2 dakika\" \/>\n<script type=\"application\/ld+json\" class=\"yoast-schema-graph\">{\"@context\":\"https:\\\/\\\/schema.org\",\"@graph\":[{\"@type\":\"Article\",\"@id\":\"https:\\\/\\\/kibrisdakik.com\\\/?p=69790#article\",\"isPartOf\":{\"@id\":\"https:\\\/\\\/kibrisdakik.com\\\/?p=69790\"},\"author\":{\"name\":\"admin\",\"@id\":\"https:\\\/\\\/kibrisdakik.com\\\/#\\\/schema\\\/person\\\/9cd9d437bbb44f72b73ba127e06d8e79\"},\"headline\":\"\u00d6zt\u00fcrkler, G\u0130KAD taraf\u0131ndan d\u00fczenlenen panelin a\u00e7\u0131l\u0131\u015f\u0131na kat\u0131ld\u0131\",\"datePublished\":\"2024-11-22T13:07:35+00:00\",\"mainEntityOfPage\":{\"@id\":\"https:\\\/\\\/kibrisdakik.com\\\/?p=69790\"},\"wordCount\":319,\"commentCount\":0,\"image\":{\"@id\":\"https:\\\/\\\/kibrisdakik.com\\\/?p=69790#primaryimage\"},\"thumbnailUrl\":\"https:\\\/\\\/kibrisdakik.com\\\/wp-content\\\/uploads\\\/2024\\\/11\\\/dfd71df1-28ad-4a08-94f1-8f2fabf482a6-740x420.jpg\",\"articleSection\":[\"K\u0131br\u0131s\"],\"inLanguage\":\"tr\",\"potentialAction\":[{\"@type\":\"CommentAction\",\"name\":\"Comment\",\"target\":[\"https:\\\/\\\/kibrisdakik.com\\\/?p=69790#respond\"]}]},{\"@type\":\"WebPage\",\"@id\":\"https:\\\/\\\/kibrisdakik.com\\\/?p=69790\",\"url\":\"https:\\\/\\\/kibrisdakik.com\\\/?p=69790\",\"name\":\"\u00d6zt\u00fcrkler, G\u0130KAD taraf\u0131ndan d\u00fczenlenen panelin a\u00e7\u0131l\u0131\u015f\u0131na kat\u0131ld\u0131 -\",\"isPartOf\":{\"@id\":\"https:\\\/\\\/kibrisdakik.com\\\/#website\"},\"primaryImageOfPage\":{\"@id\":\"https:\\\/\\\/kibrisdakik.com\\\/?p=69790#primaryimage\"},\"image\":{\"@id\":\"https:\\\/\\\/kibrisdakik.com\\\/?p=69790#primaryimage\"},\"thumbnailUrl\":\"https:\\\/\\\/kibrisdakik.com\\\/wp-content\\\/uploads\\\/2024\\\/11\\\/dfd71df1-28ad-4a08-94f1-8f2fabf482a6-740x420.jpg\",\"datePublished\":\"2024-11-22T13:07:35+00:00\",\"author\":{\"@id\":\"https:\\\/\\\/kibrisdakik.com\\\/#\\\/schema\\\/person\\\/9cd9d437bbb44f72b73ba127e06d8e79\"},\"breadcrumb\":{\"@id\":\"https:\\\/\\\/kibrisdakik.com\\\/?p=69790#breadcrumb\"},\"inLanguage\":\"tr\",\"potentialAction\":[{\"@type\":\"ReadAction\",\"target\":[\"https:\\\/\\\/kibrisdakik.com\\\/?p=69790\"]}]},{\"@type\":\"ImageObject\",\"inLanguage\":\"tr\",\"@id\":\"https:\\\/\\\/kibrisdakik.com\\\/?p=69790#primaryimage\",\"url\":\"https:\\\/\\\/kibrisdakik.com\\\/wp-content\\\/uploads\\\/2024\\\/11\\\/dfd71df1-28ad-4a08-94f1-8f2fabf482a6-740x420.jpg\",\"contentUrl\":\"https:\\\/\\\/kibrisdakik.com\\\/wp-content\\\/uploads\\\/2024\\\/11\\\/dfd71df1-28ad-4a08-94f1-8f2fabf482a6-740x420.jpg\",\"width\":1600,\"height\":902},{\"@type\":\"BreadcrumbList\",\"@id\":\"https:\\\/\\\/kibrisdakik.com\\\/?p=69790#breadcrumb\",\"itemListElement\":[{\"@type\":\"ListItem\",\"position\":1,\"name\":\"Home\",\"item\":\"https:\\\/\\\/kibrisdakik.com\\\/\"},{\"@type\":\"ListItem\",\"position\":2,\"name\":\"\u00d6zt\u00fcrkler, G\u0130KAD taraf\u0131ndan d\u00fczenlenen panelin a\u00e7\u0131l\u0131\u015f\u0131na kat\u0131ld\u0131\"}]},{\"@type\":\"WebSite\",\"@id\":\"https:\\\/\\\/kibrisdakik.com\\\/#website\",\"url\":\"https:\\\/\\\/kibrisdakik.com\\\/\",\"name\":\"\",\"description\":\"Tam vaktinde haber\",\"potentialAction\":[{\"@type\":\"SearchAction\",\"target\":{\"@type\":\"EntryPoint\",\"urlTemplate\":\"https:\\\/\\\/kibrisdakik.com\\\/?s={search_term_string}\"},\"query-input\":{\"@type\":\"PropertyValueSpecification\",\"valueRequired\":true,\"valueName\":\"search_term_string\"}}],\"inLanguage\":\"tr\"},{\"@type\":\"Person\",\"@id\":\"https:\\\/\\\/kibrisdakik.com\\\/#\\\/schema\\\/person\\\/9cd9d437bbb44f72b73ba127e06d8e79\",\"name\":\"admin\",\"image\":{\"@type\":\"ImageObject\",\"inLanguage\":\"tr\",\"@id\":\"https:\\\/\\\/secure.gravatar.com\\\/avatar\\\/ccc17943b9d660506c869530f897617f7cb1c21a4bf30023f252596d83e1f007?s=96&d=mm&r=g\",\"url\":\"https:\\\/\\\/secure.gravatar.com\\\/avatar\\\/ccc17943b9d660506c869530f897617f7cb1c21a4bf30023f252596d83e1f007?s=96&d=mm&r=g\",\"contentUrl\":\"https:\\\/\\\/secure.gravatar.com\\\/avatar\\\/ccc17943b9d660506c869530f897617f7cb1c21a4bf30023f252596d83e1f007?s=96&d=mm&r=g\",\"caption\":\"admin\"},\"sameAs\":[\"https:\\\/\\\/kibrisdakik.com\"],\"url\":\"https:\\\/\\\/kibrisdakik.com\\\/?author=1\"}]}<\/script>\n<!-- \/ Yoast SEO plugin. -->","yoast_head_json":{"title":"\u00d6zt\u00fcrkler, G\u0130KAD taraf\u0131ndan d\u00fczenlenen panelin a\u00e7\u0131l\u0131\u015f\u0131na kat\u0131ld\u0131 -","robots":{"index":"index","follow":"follow","max-snippet":"max-snippet:-1","max-image-preview":"max-image-preview:large","max-video-preview":"max-video-preview:-1"},"canonical":"https:\/\/kibrisdakik.com\/?p=69790","og_locale":"tr_TR","og_type":"article","og_title":"\u00d6zt\u00fcrkler, G\u0130KAD taraf\u0131ndan d\u00fczenlenen panelin a\u00e7\u0131l\u0131\u015f\u0131na kat\u0131ld\u0131 -","og_description":"Cumhurba\u015fkan\u0131 Vekili, Cumhuriyet Meclisi Ba\u015fkan\u0131 Ziya \u00d6zt\u00fcrkler, K\u0131br\u0131s T\u00fcrk Giri\u015fimci Kad\u0131nlar Derne\u011fi (G\u0130KAD) taraf\u0131ndan d\u00fczenlenen \u0130\u015f\u2019te Kad\u0131nlar Zirvede \u201cS\u00f6z\u00fcn\u00fcn Kad\u0131n\u0131y\u0131z\u201d Panelinin a\u00e7\u0131l\u0131\u015f\u0131na kat\u0131larak bir konu\u015fma yapt\u0131. \u00d6zt\u00fcrkler konu\u015fmas\u0131nda G\u0130KAD\u2019\u0131n kurulu\u015fundan bug\u00fcne \u0130\u00e7im Kavuklu ba\u015fkanl\u0131\u011f\u0131nda \u00e7ok \u00f6nemli projelere imza att\u0131\u011f\u0131na de\u011finerek yap\u0131lan \u00e7al\u0131\u015fmalarla kad\u0131n\u0131n giri\u015fimcili\u011finin ve rol\u00fcn\u00fcn ortaya kondu\u011funu s\u00f6yledi. KKTC\u2019nin 41.y\u0131l\u0131n\u0131 kutlad\u0131klar\u0131n\u0131 an\u0131msatan \u00d6zt\u00fcrkler, \u00fclkenin","og_url":"https:\/\/kibrisdakik.com\/?p=69790","article_published_time":"2024-11-22T13:07:35+00:00","og_image":[{"width":1600,"height":902,"url":"https:\/\/kibrisdakik.com\/wp-content\/uploads\/2024\/11\/dfd71df1-28ad-4a08-94f1-8f2fabf482a6-740x420.jpg","type":"image\/jpeg"}],"author":"admin","twitter_card":"summary_large_image","twitter_misc":{"Yazan:":"admin","Tahmini okuma s\u00fcresi":"2 dakika"},"schema":{"@context":"https:\/\/schema.org","@graph":[{"@type":"Article","@id":"https:\/\/kibrisdakik.com\/?p=69790#article","isPartOf":{"@id":"https:\/\/kibrisdakik.com\/?p=69790"},"author":{"name":"admin","@id":"https:\/\/kibrisdakik.com\/#\/schema\/person\/9cd9d437bbb44f72b73ba127e06d8e79"},"headline":"\u00d6zt\u00fcrkler, G\u0130KAD taraf\u0131ndan d\u00fczenlenen panelin a\u00e7\u0131l\u0131\u015f\u0131na kat\u0131ld\u0131","datePublished":"2024-11-22T13:07:35+00:00","mainEntityOfPage":{"@id":"https:\/\/kibrisdakik.com\/?p=69790"},"wordCount":319,"commentCount":0,"image":{"@id":"https:\/\/kibrisdakik.com\/?p=69790#primaryimage"},"thumbnailUrl":"https:\/\/kibrisdakik.com\/wp-content\/uploads\/2024\/11\/dfd71df1-28ad-4a08-94f1-8f2fabf482a6-740x420.jpg","articleSection":["K\u0131br\u0131s"],"inLanguage":"tr","potentialAction":[{"@type":"CommentAction","name":"Comment","target":["https:\/\/kibrisdakik.com\/?p=69790#respond"]}]},{"@type":"WebPage","@id":"https:\/\/kibrisdakik.com\/?p=69790","url":"https:\/\/kibrisdakik.com\/?p=69790","name":"\u00d6zt\u00fcrkler, G\u0130KAD taraf\u0131ndan d\u00fczenlenen panelin a\u00e7\u0131l\u0131\u015f\u0131na kat\u0131ld\u0131 -","isPartOf":{"@id":"https:\/\/kibrisdakik.com\/#website"},"primaryImageOfPage":{"@id":"https:\/\/kibrisdakik.com\/?p=69790#primaryimage"},"image":{"@id":"https:\/\/kibrisdakik.com\/?p=69790#primaryimage"},"thumbnailUrl":"https:\/\/kibrisdakik.com\/wp-content\/uploads\/2024\/11\/dfd71df1-28ad-4a08-94f1-8f2fabf482a6-740x420.jpg","datePublished":"2024-11-22T13:07:35+00:00","author":{"@id":"https:\/\/kibrisdakik.com\/#\/schema\/person\/9cd9d437bbb44f72b73ba127e06d8e79"},"breadcrumb":{"@id":"https:\/\/kibrisdakik.com\/?p=69790#breadcrumb"},"inLanguage":"tr","potentialAction":[{"@type":"ReadAction","target":["https:\/\/kibrisdakik.com\/?p=69790"]}]},{"@type":"ImageObject","inLanguage":"tr","@id":"https:\/\/kibrisdakik.com\/?p=69790#primaryimage","url":"https:\/\/kibrisdakik.com\/wp-content\/uploads\/2024\/11\/dfd71df1-28ad-4a08-94f1-8f2fabf482a6-740x420.jpg","contentUrl":"https:\/\/kibrisdakik.com\/wp-content\/uploads\/2024\/11\/dfd71df1-28ad-4a08-94f1-8f2fabf482a6-740x420.jpg","width":1600,"height":902},{"@type":"BreadcrumbList","@id":"https:\/\/kibrisdakik.com\/?p=69790#breadcrumb","itemListElement":[{"@type":"ListItem","position":1,"name":"Home","item":"https:\/\/kibrisdakik.com\/"},{"@type":"ListItem","position":2,"name":"\u00d6zt\u00fcrkler, G\u0130KAD taraf\u0131ndan d\u00fczenlenen panelin a\u00e7\u0131l\u0131\u015f\u0131na kat\u0131ld\u0131"}]},{"@type":"WebSite","@id":"https:\/\/kibrisdakik.com\/#website","url":"https:\/\/kibrisdakik.com\/","name":"","description":"Tam vaktinde haber","potentialAction":[{"@type":"SearchAction","target":{"@type":"EntryPoint","urlTemplate":"https:\/\/kibrisdakik.com\/?s={search_term_string}"},"query-input":{"@type":"PropertyValueSpecification","valueRequired":true,"valueName":"search_term_string"}}],"inLanguage":"tr"},{"@type":"Person","@id":"https:\/\/kibrisdakik.com\/#\/schema\/person\/9cd9d437bbb44f72b73ba127e06d8e79","name":"admin","image":{"@type":"ImageObject","inLanguage":"tr","@id":"https:\/\/secure.gravatar.com\/avatar\/ccc17943b9d660506c869530f897617f7cb1c21a4bf30023f252596d83e1f007?s=96&d=mm&r=g","url":"https:\/\/secure.gravatar.com\/avatar\/ccc17943b9d660506c869530f897617f7cb1c21a4bf30023f252596d83e1f007?s=96&d=mm&r=g","contentUrl":"https:\/\/secure.gravatar.com\/avatar\/ccc17943b9d660506c869530f897617f7cb1c21a4bf30023f252596d83e1f007?s=96&d=mm&r=g","caption":"admin"},"sameAs":["https:\/\/kibrisdakik.com"],"url":"https:\/\/kibrisdakik.com\/?author=1"}]}},"_links":{"self":[{"href":"https:\/\/kibrisdakik.com\/index.php?rest_route=\/wp\/v2\/posts\/69790","targetHints":{"allow":["GET"]}}],"collection":[{"href":"https:\/\/kibrisdakik.com\/index.php?rest_route=\/wp\/v2\/posts"}],"about":[{"href":"https:\/\/kibrisdakik.com\/index.php?rest_route=\/wp\/v2\/types\/post"}],"author":[{"embeddable":true,"href":"https:\/\/kibrisdakik.com\/index.php?rest_route=\/wp\/v2\/users\/1"}],"replies":[{"embeddable":true,"href":"https:\/\/kibrisdakik.com\/index.php?rest_route=%2Fwp%2Fv2%2Fcomments&post=69790"}],"version-history":[{"count":0,"href":"https:\/\/kibrisdakik.com\/index.php?rest_route=\/wp\/v2\/posts\/69790\/revisions"}],"wp:featuredmedia":[{"embeddable":true,"href":"https:\/\/kibrisdakik.com\/index.php?rest_route=\/wp\/v2\/media\/69791"}],"wp:attachment":[{"href":"https:\/\/kibrisdakik.com\/index.php?rest_route=%2Fwp%2Fv2%2Fmedia&parent=69790"}],"wp:term":[{"taxonomy":"category","embeddable":true,"href":"https:\/\/kibrisdakik.com\/index.php?rest_route=%2Fwp%2Fv2%2Fcategories&post=69790"},{"taxonomy":"post_tag","embeddable":true,"href":"https:\/\/kibrisdakik.com\/index.php?rest_route=%2Fwp%2Fv2%2Ftags&post=69790"}],"curies":[{"name":"wp","href":"https:\/\/api.w.org\/{rel}","templated":true}]}}