{"id":69795,"date":"2024-11-22T16:19:41","date_gmt":"2024-11-22T13:19:41","guid":{"rendered":"https:\/\/kibrisdakik.com\/index.php\/2024\/11\/22\/tarim-bakani-cavus-narenciye-ureticileri-ile-gorustunarenciye-sektorunun-daha-da-guclendirilmesi-adina-onumuzdeki-yil-adimlar-atilacak\/"},"modified":"2024-11-22T16:19:41","modified_gmt":"2024-11-22T13:19:41","slug":"tarim-bakani-cavus-narenciye-ureticileri-ile-gorustunarenciye-sektorunun-daha-da-guclendirilmesi-adina-onumuzdeki-yil-adimlar-atilacak","status":"publish","type":"post","link":"https:\/\/kibrisdakik.com\/?p=69795","title":{"rendered":"Tar\u0131m Bakan\u0131 \u00c7avu\u015f, narenciye \u00fcreticileri ile g\u00f6r\u00fc\u015ft\u00fc:\u201dNarenciye sekt\u00f6r\u00fcn\u00fcn daha da g\u00fc\u00e7lendirilmesi ad\u0131na \u00f6n\u00fcm\u00fczdeki y\u0131l ad\u0131mlar at\u0131lacak\u201d"},"content":{"rendered":"<div>\n<div class=\"mariselle-image-container center\">\n                                            <\/div>\n<p>Tar\u0131m ve Do\u011fal Kaynaklar Bakan\u0131 H\u00fcseyin \u00c7avu\u015f, narenciye \u00fcreticileri ile g\u00f6r\u00fc\u015ft\u00fc.<\/p>\n<p>Tar\u0131m ve Do\u011fal Kaynaklar Bakanl\u0131\u011f\u0131ndan verilen bilgiye g\u00f6re, H\u00fcseyin \u00c7avu\u015f, Narenciye \u00dcreticileri Birli\u011fi Ba\u015fkan\u0131 ve \u00fcreticilerle toplant\u0131 d\u00fczenleyerek, sekt\u00f6rdeki mevcut durum ve kar\u015f\u0131la\u015f\u0131lan zorluklar hakk\u0131nda g\u00f6r\u00fc\u015f al\u0131\u015fveri\u015finde bulundu.<\/p>\n<p>Toplant\u0131da, narenciye \u00fcretiminin desteklenmesi, verimlili\u011fin art\u0131r\u0131lmas\u0131 ve ihracat olanaklar\u0131n\u0131n geni\u015fletilmesi gibi konular ele al\u0131nd\u0131.<\/p>\n<p>Toplant\u0131ya, Tar\u0131m ve Do\u011fal Kaynaklar Bakanl\u0131\u011f\u0131 M\u00fcste\u015far\u0131 Ozan \u00d6zuyan\u0131k ve Bakanl\u0131k M\u00fcd\u00fcr\u00fc Re\u015fat De\u011firmenci de kat\u0131ld\u0131.<\/p>\n<p>-\u00c7avu\u015f\u2019tan narenciye sekt\u00f6r\u00fcne yat\u0131r\u0131m vurgusu<\/p>\n<p>Tar\u0131m Bakan\u0131 \u00c7avu\u015f, bakanl\u0131k b\u00fct\u00e7esinde narenciye sekt\u00f6r\u00fcne yap\u0131lan yat\u0131r\u0131m\u0131n b\u00fcy\u00fck bir art\u0131\u015f g\u00f6sterdi\u011fini belirterek, tar\u0131m b\u00fct\u00e7esi i\u00e7indeki narenciye pay\u0131n\u0131n y\u00fczde 3\u2019ten y\u00fczde 17\u2019ye \u00e7\u0131kar\u0131ld\u0131\u011f\u0131n\u0131 s\u00f6yledi.<\/p>\n<p>\u00c7avu\u015f, bakanl\u0131k ve h\u00fck\u00fcmet olarak, \u00fcreticilerin ekonomik y\u00fcklerini hafifletmek i\u00e7in mazot, g\u00fcbre ve su desteklerinin sa\u011fland\u0131\u011f\u0131n\u0131, ayr\u0131ca dal\u0131nda kalan King Mandora Mandalin i\u00e7in Bakanl\u0131k b\u00fct\u00e7esinden 70 milyon TL \u00f6dendi\u011fini ifade etti.<\/p>\n<p>Narenciye sekt\u00f6r\u00fcn\u00fcn daha da g\u00fc\u00e7lendirilmesi ad\u0131na Ba\u015fbakan ve T\u00fcrkiye Cumhurba\u015fkan\u0131 Yard\u0131mc\u0131s\u0131 Cevdet Y\u0131lmaz ile g\u00f6r\u00fc\u015fmeler ger\u00e7ekle\u015ftirdiklerini belirten \u00c7avu\u015f, \u00f6n\u00fcm\u00fczdeki y\u0131l i\u00e7in sekt\u00f6rdeki b\u00fcy\u00fcmeyi destekleyecek ad\u0131mlar at\u0131laca\u011f\u0131n\u0131 duyurdu.<\/p>\n<p>-Biyolojik m\u00fccadelede ba\u015far\u0131 sa\u011fland\u0131<\/p>\n<p>Biyolojik m\u00fccadele konusunda \u00f6nemli ilerlemeler kaydedildi\u011fini aktaran \u00c7avu\u015f, biyolojik m\u00fccadelenin G\u00fcney K\u0131br\u0131s ile kar\u015f\u0131la\u015ft\u0131r\u0131ld\u0131\u011f\u0131nda daha etkili bir \u015fekilde y\u00fcr\u00fct\u00fcld\u00fc\u011f\u00fcn\u00fc ve pop\u00fclasyonun azald\u0131\u011f\u0131n\u0131 g\u00f6zlemlediklerini s\u00f6yledi. Hem T\u00fcrkiye\u2019den gelen uzman ekipler, hem de Bakanl\u0131k personelinin katk\u0131lar\u0131yla bu alanda \u00f6nemli bir ba\u015far\u0131 sa\u011fland\u0131\u011f\u0131 ifade edildi.<\/p>\n<p>-Sulama alanlar\u0131 ve destekler geni\u015fletildi<\/p>\n<p>G\u00fczelyurt b\u00f6lgesindeki sulama alanlar\u0131n\u0131n s\u0131n\u0131rl\u0131 oldu\u011funu hat\u0131rlatan \u00c7avu\u015f, h\u00fck\u00fcmet olarak bu alanlar\u0131 projelerle geni\u015flettiklerini ve b\u00f6lgeye daha verimli tar\u0131m yapma imkan\u0131 sunduklar\u0131n\u0131 belirtti. \u00c7avu\u015f, ayr\u0131ca, sekt\u00f6rdeki finansal destekler kapsam\u0131nda dal\u0131nda kalan 164 milyon TL\u2019lik \u00f6demenin en yak\u0131n zamanda yap\u0131laca\u011f\u0131n\u0131 kaydetti.<\/p>\n<\/p><\/div>\n<p><script async\n                    defer\n                    crossorigin=\"anonymous\"\n                    src=\"https:\/\/connect.facebook.net\/tr_TR\/sdk.js#xfbml=1&#038;version=v3.3\"\n            ><\/script><\/p>\n","protected":false},"excerpt":{"rendered":"<p>Tar\u0131m ve Do\u011fal Kaynaklar Bakan\u0131 H\u00fcseyin \u00c7avu\u015f, narenciye \u00fcreticileri ile g\u00f6r\u00fc\u015ft\u00fc. Tar\u0131m ve Do\u011fal Kaynaklar Bakanl\u0131\u011f\u0131ndan verilen bilgiye g\u00f6re, H\u00fcseyin \u00c7avu\u015f, Narenciye \u00dcreticileri Birli\u011fi Ba\u015fkan\u0131 ve \u00fcreticilerle toplant\u0131 d\u00fczenleyerek, sekt\u00f6rdeki mevcut durum ve kar\u015f\u0131la\u015f\u0131lan zorluklar hakk\u0131nda g\u00f6r\u00fc\u015f al\u0131\u015fveri\u015finde bulundu. Toplant\u0131da, narenciye \u00fcretiminin desteklenmesi, verimlili\u011fin art\u0131r\u0131lmas\u0131 ve ihracat olanaklar\u0131n\u0131n geni\u015fletilmesi gibi konular ele al\u0131nd\u0131. Toplant\u0131ya, Tar\u0131m<\/p>\n","protected":false},"author":1,"featured_media":69796,"comment_status":"open","ping_status":"open","sticky":false,"template":"","format":"standard","meta":{"footnotes":""},"categories":[81],"tags":[],"class_list":["post-69795","post","type-post","status-publish","format-standard","has-post-thumbnail","hentry","category-kibris"],"yoast_head":"<!-- This site is optimized with the Yoast SEO plugin v27.5 - https:\/\/yoast.com\/product\/yoast-seo-wordpress\/ -->\n<title>Tar\u0131m Bakan\u0131 \u00c7avu\u015f, narenciye \u00fcreticileri ile g\u00f6r\u00fc\u015ft\u00fc:\u201dNarenciye sekt\u00f6r\u00fcn\u00fcn daha da g\u00fc\u00e7lendirilmesi ad\u0131na \u00f6n\u00fcm\u00fczdeki y\u0131l ad\u0131mlar at\u0131lacak\u201d -<\/title>\n<meta name=\"robots\" content=\"index, follow, max-snippet:-1, max-image-preview:large, max-video-preview:-1\" \/>\n<link rel=\"canonical\" href=\"https:\/\/kibrisdakik.com\/?p=69795\" \/>\n<meta property=\"og:locale\" content=\"tr_TR\" \/>\n<meta property=\"og:type\" content=\"article\" \/>\n<meta property=\"og:title\" content=\"Tar\u0131m Bakan\u0131 \u00c7avu\u015f, narenciye \u00fcreticileri ile g\u00f6r\u00fc\u015ft\u00fc:\u201dNarenciye sekt\u00f6r\u00fcn\u00fcn daha da g\u00fc\u00e7lendirilmesi ad\u0131na \u00f6n\u00fcm\u00fczdeki y\u0131l ad\u0131mlar at\u0131lacak\u201d -\" \/>\n<meta property=\"og:description\" content=\"Tar\u0131m ve Do\u011fal Kaynaklar Bakan\u0131 H\u00fcseyin \u00c7avu\u015f, narenciye \u00fcreticileri ile g\u00f6r\u00fc\u015ft\u00fc. Tar\u0131m ve Do\u011fal Kaynaklar Bakanl\u0131\u011f\u0131ndan verilen bilgiye g\u00f6re, H\u00fcseyin \u00c7avu\u015f, Narenciye \u00dcreticileri Birli\u011fi Ba\u015fkan\u0131 ve \u00fcreticilerle toplant\u0131 d\u00fczenleyerek, sekt\u00f6rdeki mevcut durum ve kar\u015f\u0131la\u015f\u0131lan zorluklar hakk\u0131nda g\u00f6r\u00fc\u015f al\u0131\u015fveri\u015finde bulundu. Toplant\u0131da, narenciye \u00fcretiminin desteklenmesi, verimlili\u011fin art\u0131r\u0131lmas\u0131 ve ihracat olanaklar\u0131n\u0131n geni\u015fletilmesi gibi konular ele al\u0131nd\u0131. Toplant\u0131ya, Tar\u0131m\" \/>\n<meta property=\"og:url\" content=\"https:\/\/kibrisdakik.com\/?p=69795\" \/>\n<meta property=\"article:published_time\" content=\"2024-11-22T13:19:41+00:00\" \/>\n<meta property=\"og:image\" content=\"https:\/\/kibrisdakik.com\/wp-content\/uploads\/2024\/11\/NSG-740x420.jpg\" \/>\n\t<meta property=\"og:image:width\" content=\"2048\" \/>\n\t<meta property=\"og:image:height\" content=\"720\" \/>\n\t<meta property=\"og:image:type\" content=\"image\/jpeg\" \/>\n<meta name=\"author\" content=\"admin\" \/>\n<meta name=\"twitter:card\" content=\"summary_large_image\" \/>\n<meta name=\"twitter:label1\" content=\"Yazan:\" \/>\n\t<meta name=\"twitter:data1\" content=\"admin\" \/>\n\t<meta name=\"twitter:label2\" content=\"Tahmini okuma s\u00fcresi\" \/>\n\t<meta name=\"twitter:data2\" content=\"2 dakika\" \/>\n<script type=\"application\/ld+json\" class=\"yoast-schema-graph\">{\"@context\":\"https:\\\/\\\/schema.org\",\"@graph\":[{\"@type\":\"Article\",\"@id\":\"https:\\\/\\\/kibrisdakik.com\\\/?p=69795#article\",\"isPartOf\":{\"@id\":\"https:\\\/\\\/kibrisdakik.com\\\/?p=69795\"},\"author\":{\"name\":\"admin\",\"@id\":\"https:\\\/\\\/kibrisdakik.com\\\/#\\\/schema\\\/person\\\/9cd9d437bbb44f72b73ba127e06d8e79\"},\"headline\":\"Tar\u0131m Bakan\u0131 \u00c7avu\u015f, narenciye \u00fcreticileri ile g\u00f6r\u00fc\u015ft\u00fc:\u201dNarenciye sekt\u00f6r\u00fcn\u00fcn daha da g\u00fc\u00e7lendirilmesi ad\u0131na \u00f6n\u00fcm\u00fczdeki y\u0131l ad\u0131mlar at\u0131lacak\u201d\",\"datePublished\":\"2024-11-22T13:19:41+00:00\",\"mainEntityOfPage\":{\"@id\":\"https:\\\/\\\/kibrisdakik.com\\\/?p=69795\"},\"wordCount\":439,\"commentCount\":0,\"image\":{\"@id\":\"https:\\\/\\\/kibrisdakik.com\\\/?p=69795#primaryimage\"},\"thumbnailUrl\":\"https:\\\/\\\/kibrisdakik.com\\\/wp-content\\\/uploads\\\/2024\\\/11\\\/NSG-740x420.jpg\",\"articleSection\":[\"K\u0131br\u0131s\"],\"inLanguage\":\"tr\",\"potentialAction\":[{\"@type\":\"CommentAction\",\"name\":\"Comment\",\"target\":[\"https:\\\/\\\/kibrisdakik.com\\\/?p=69795#respond\"]}]},{\"@type\":\"WebPage\",\"@id\":\"https:\\\/\\\/kibrisdakik.com\\\/?p=69795\",\"url\":\"https:\\\/\\\/kibrisdakik.com\\\/?p=69795\",\"name\":\"Tar\u0131m Bakan\u0131 \u00c7avu\u015f, narenciye \u00fcreticileri ile g\u00f6r\u00fc\u015ft\u00fc:\u201dNarenciye sekt\u00f6r\u00fcn\u00fcn daha da g\u00fc\u00e7lendirilmesi ad\u0131na \u00f6n\u00fcm\u00fczdeki y\u0131l ad\u0131mlar at\u0131lacak\u201d -\",\"isPartOf\":{\"@id\":\"https:\\\/\\\/kibrisdakik.com\\\/#website\"},\"primaryImageOfPage\":{\"@id\":\"https:\\\/\\\/kibrisdakik.com\\\/?p=69795#primaryimage\"},\"image\":{\"@id\":\"https:\\\/\\\/kibrisdakik.com\\\/?p=69795#primaryimage\"},\"thumbnailUrl\":\"https:\\\/\\\/kibrisdakik.com\\\/wp-content\\\/uploads\\\/2024\\\/11\\\/NSG-740x420.jpg\",\"datePublished\":\"2024-11-22T13:19:41+00:00\",\"author\":{\"@id\":\"https:\\\/\\\/kibrisdakik.com\\\/#\\\/schema\\\/person\\\/9cd9d437bbb44f72b73ba127e06d8e79\"},\"breadcrumb\":{\"@id\":\"https:\\\/\\\/kibrisdakik.com\\\/?p=69795#breadcrumb\"},\"inLanguage\":\"tr\",\"potentialAction\":[{\"@type\":\"ReadAction\",\"target\":[\"https:\\\/\\\/kibrisdakik.com\\\/?p=69795\"]}]},{\"@type\":\"ImageObject\",\"inLanguage\":\"tr\",\"@id\":\"https:\\\/\\\/kibrisdakik.com\\\/?p=69795#primaryimage\",\"url\":\"https:\\\/\\\/kibrisdakik.com\\\/wp-content\\\/uploads\\\/2024\\\/11\\\/NSG-740x420.jpg\",\"contentUrl\":\"https:\\\/\\\/kibrisdakik.com\\\/wp-content\\\/uploads\\\/2024\\\/11\\\/NSG-740x420.jpg\",\"width\":2048,\"height\":720},{\"@type\":\"BreadcrumbList\",\"@id\":\"https:\\\/\\\/kibrisdakik.com\\\/?p=69795#breadcrumb\",\"itemListElement\":[{\"@type\":\"ListItem\",\"position\":1,\"name\":\"Home\",\"item\":\"https:\\\/\\\/kibrisdakik.com\\\/\"},{\"@type\":\"ListItem\",\"position\":2,\"name\":\"Tar\u0131m Bakan\u0131 \u00c7avu\u015f, narenciye \u00fcreticileri ile g\u00f6r\u00fc\u015ft\u00fc:\u201dNarenciye sekt\u00f6r\u00fcn\u00fcn daha da g\u00fc\u00e7lendirilmesi ad\u0131na \u00f6n\u00fcm\u00fczdeki y\u0131l ad\u0131mlar at\u0131lacak\u201d\"}]},{\"@type\":\"WebSite\",\"@id\":\"https:\\\/\\\/kibrisdakik.com\\\/#website\",\"url\":\"https:\\\/\\\/kibrisdakik.com\\\/\",\"name\":\"\",\"description\":\"Tam vaktinde haber\",\"potentialAction\":[{\"@type\":\"SearchAction\",\"target\":{\"@type\":\"EntryPoint\",\"urlTemplate\":\"https:\\\/\\\/kibrisdakik.com\\\/?s={search_term_string}\"},\"query-input\":{\"@type\":\"PropertyValueSpecification\",\"valueRequired\":true,\"valueName\":\"search_term_string\"}}],\"inLanguage\":\"tr\"},{\"@type\":\"Person\",\"@id\":\"https:\\\/\\\/kibrisdakik.com\\\/#\\\/schema\\\/person\\\/9cd9d437bbb44f72b73ba127e06d8e79\",\"name\":\"admin\",\"image\":{\"@type\":\"ImageObject\",\"inLanguage\":\"tr\",\"@id\":\"https:\\\/\\\/secure.gravatar.com\\\/avatar\\\/ccc17943b9d660506c869530f897617f7cb1c21a4bf30023f252596d83e1f007?s=96&d=mm&r=g\",\"url\":\"https:\\\/\\\/secure.gravatar.com\\\/avatar\\\/ccc17943b9d660506c869530f897617f7cb1c21a4bf30023f252596d83e1f007?s=96&d=mm&r=g\",\"contentUrl\":\"https:\\\/\\\/secure.gravatar.com\\\/avatar\\\/ccc17943b9d660506c869530f897617f7cb1c21a4bf30023f252596d83e1f007?s=96&d=mm&r=g\",\"caption\":\"admin\"},\"sameAs\":[\"https:\\\/\\\/kibrisdakik.com\"],\"url\":\"https:\\\/\\\/kibrisdakik.com\\\/?author=1\"}]}<\/script>\n<!-- \/ Yoast SEO plugin. -->","yoast_head_json":{"title":"Tar\u0131m Bakan\u0131 \u00c7avu\u015f, narenciye \u00fcreticileri ile g\u00f6r\u00fc\u015ft\u00fc:\u201dNarenciye sekt\u00f6r\u00fcn\u00fcn daha da g\u00fc\u00e7lendirilmesi ad\u0131na \u00f6n\u00fcm\u00fczdeki y\u0131l ad\u0131mlar at\u0131lacak\u201d -","robots":{"index":"index","follow":"follow","max-snippet":"max-snippet:-1","max-image-preview":"max-image-preview:large","max-video-preview":"max-video-preview:-1"},"canonical":"https:\/\/kibrisdakik.com\/?p=69795","og_locale":"tr_TR","og_type":"article","og_title":"Tar\u0131m Bakan\u0131 \u00c7avu\u015f, narenciye \u00fcreticileri ile g\u00f6r\u00fc\u015ft\u00fc:\u201dNarenciye sekt\u00f6r\u00fcn\u00fcn daha da g\u00fc\u00e7lendirilmesi ad\u0131na \u00f6n\u00fcm\u00fczdeki y\u0131l ad\u0131mlar at\u0131lacak\u201d -","og_description":"Tar\u0131m ve Do\u011fal Kaynaklar Bakan\u0131 H\u00fcseyin \u00c7avu\u015f, narenciye \u00fcreticileri ile g\u00f6r\u00fc\u015ft\u00fc. Tar\u0131m ve Do\u011fal Kaynaklar Bakanl\u0131\u011f\u0131ndan verilen bilgiye g\u00f6re, H\u00fcseyin \u00c7avu\u015f, Narenciye \u00dcreticileri Birli\u011fi Ba\u015fkan\u0131 ve \u00fcreticilerle toplant\u0131 d\u00fczenleyerek, sekt\u00f6rdeki mevcut durum ve kar\u015f\u0131la\u015f\u0131lan zorluklar hakk\u0131nda g\u00f6r\u00fc\u015f al\u0131\u015fveri\u015finde bulundu. Toplant\u0131da, narenciye \u00fcretiminin desteklenmesi, verimlili\u011fin art\u0131r\u0131lmas\u0131 ve ihracat olanaklar\u0131n\u0131n geni\u015fletilmesi gibi konular ele al\u0131nd\u0131. Toplant\u0131ya, Tar\u0131m","og_url":"https:\/\/kibrisdakik.com\/?p=69795","article_published_time":"2024-11-22T13:19:41+00:00","og_image":[{"width":2048,"height":720,"url":"https:\/\/kibrisdakik.com\/wp-content\/uploads\/2024\/11\/NSG-740x420.jpg","type":"image\/jpeg"}],"author":"admin","twitter_card":"summary_large_image","twitter_misc":{"Yazan:":"admin","Tahmini okuma s\u00fcresi":"2 dakika"},"schema":{"@context":"https:\/\/schema.org","@graph":[{"@type":"Article","@id":"https:\/\/kibrisdakik.com\/?p=69795#article","isPartOf":{"@id":"https:\/\/kibrisdakik.com\/?p=69795"},"author":{"name":"admin","@id":"https:\/\/kibrisdakik.com\/#\/schema\/person\/9cd9d437bbb44f72b73ba127e06d8e79"},"headline":"Tar\u0131m Bakan\u0131 \u00c7avu\u015f, narenciye \u00fcreticileri ile g\u00f6r\u00fc\u015ft\u00fc:\u201dNarenciye sekt\u00f6r\u00fcn\u00fcn daha da g\u00fc\u00e7lendirilmesi ad\u0131na \u00f6n\u00fcm\u00fczdeki y\u0131l ad\u0131mlar at\u0131lacak\u201d","datePublished":"2024-11-22T13:19:41+00:00","mainEntityOfPage":{"@id":"https:\/\/kibrisdakik.com\/?p=69795"},"wordCount":439,"commentCount":0,"image":{"@id":"https:\/\/kibrisdakik.com\/?p=69795#primaryimage"},"thumbnailUrl":"https:\/\/kibrisdakik.com\/wp-content\/uploads\/2024\/11\/NSG-740x420.jpg","articleSection":["K\u0131br\u0131s"],"inLanguage":"tr","potentialAction":[{"@type":"CommentAction","name":"Comment","target":["https:\/\/kibrisdakik.com\/?p=69795#respond"]}]},{"@type":"WebPage","@id":"https:\/\/kibrisdakik.com\/?p=69795","url":"https:\/\/kibrisdakik.com\/?p=69795","name":"Tar\u0131m Bakan\u0131 \u00c7avu\u015f, narenciye \u00fcreticileri ile g\u00f6r\u00fc\u015ft\u00fc:\u201dNarenciye sekt\u00f6r\u00fcn\u00fcn daha da g\u00fc\u00e7lendirilmesi ad\u0131na \u00f6n\u00fcm\u00fczdeki y\u0131l ad\u0131mlar at\u0131lacak\u201d -","isPartOf":{"@id":"https:\/\/kibrisdakik.com\/#website"},"primaryImageOfPage":{"@id":"https:\/\/kibrisdakik.com\/?p=69795#primaryimage"},"image":{"@id":"https:\/\/kibrisdakik.com\/?p=69795#primaryimage"},"thumbnailUrl":"https:\/\/kibrisdakik.com\/wp-content\/uploads\/2024\/11\/NSG-740x420.jpg","datePublished":"2024-11-22T13:19:41+00:00","author":{"@id":"https:\/\/kibrisdakik.com\/#\/schema\/person\/9cd9d437bbb44f72b73ba127e06d8e79"},"breadcrumb":{"@id":"https:\/\/kibrisdakik.com\/?p=69795#breadcrumb"},"inLanguage":"tr","potentialAction":[{"@type":"ReadAction","target":["https:\/\/kibrisdakik.com\/?p=69795"]}]},{"@type":"ImageObject","inLanguage":"tr","@id":"https:\/\/kibrisdakik.com\/?p=69795#primaryimage","url":"https:\/\/kibrisdakik.com\/wp-content\/uploads\/2024\/11\/NSG-740x420.jpg","contentUrl":"https:\/\/kibrisdakik.com\/wp-content\/uploads\/2024\/11\/NSG-740x420.jpg","width":2048,"height":720},{"@type":"BreadcrumbList","@id":"https:\/\/kibrisdakik.com\/?p=69795#breadcrumb","itemListElement":[{"@type":"ListItem","position":1,"name":"Home","item":"https:\/\/kibrisdakik.com\/"},{"@type":"ListItem","position":2,"name":"Tar\u0131m Bakan\u0131 \u00c7avu\u015f, narenciye \u00fcreticileri ile g\u00f6r\u00fc\u015ft\u00fc:\u201dNarenciye sekt\u00f6r\u00fcn\u00fcn daha da g\u00fc\u00e7lendirilmesi ad\u0131na \u00f6n\u00fcm\u00fczdeki y\u0131l ad\u0131mlar at\u0131lacak\u201d"}]},{"@type":"WebSite","@id":"https:\/\/kibrisdakik.com\/#website","url":"https:\/\/kibrisdakik.com\/","name":"","description":"Tam vaktinde haber","potentialAction":[{"@type":"SearchAction","target":{"@type":"EntryPoint","urlTemplate":"https:\/\/kibrisdakik.com\/?s={search_term_string}"},"query-input":{"@type":"PropertyValueSpecification","valueRequired":true,"valueName":"search_term_string"}}],"inLanguage":"tr"},{"@type":"Person","@id":"https:\/\/kibrisdakik.com\/#\/schema\/person\/9cd9d437bbb44f72b73ba127e06d8e79","name":"admin","image":{"@type":"ImageObject","inLanguage":"tr","@id":"https:\/\/secure.gravatar.com\/avatar\/ccc17943b9d660506c869530f897617f7cb1c21a4bf30023f252596d83e1f007?s=96&d=mm&r=g","url":"https:\/\/secure.gravatar.com\/avatar\/ccc17943b9d660506c869530f897617f7cb1c21a4bf30023f252596d83e1f007?s=96&d=mm&r=g","contentUrl":"https:\/\/secure.gravatar.com\/avatar\/ccc17943b9d660506c869530f897617f7cb1c21a4bf30023f252596d83e1f007?s=96&d=mm&r=g","caption":"admin"},"sameAs":["https:\/\/kibrisdakik.com"],"url":"https:\/\/kibrisdakik.com\/?author=1"}]}},"_links":{"self":[{"href":"https:\/\/kibrisdakik.com\/index.php?rest_route=\/wp\/v2\/posts\/69795","targetHints":{"allow":["GET"]}}],"collection":[{"href":"https:\/\/kibrisdakik.com\/index.php?rest_route=\/wp\/v2\/posts"}],"about":[{"href":"https:\/\/kibrisdakik.com\/index.php?rest_route=\/wp\/v2\/types\/post"}],"author":[{"embeddable":true,"href":"https:\/\/kibrisdakik.com\/index.php?rest_route=\/wp\/v2\/users\/1"}],"replies":[{"embeddable":true,"href":"https:\/\/kibrisdakik.com\/index.php?rest_route=%2Fwp%2Fv2%2Fcomments&post=69795"}],"version-history":[{"count":0,"href":"https:\/\/kibrisdakik.com\/index.php?rest_route=\/wp\/v2\/posts\/69795\/revisions"}],"wp:featuredmedia":[{"embeddable":true,"href":"https:\/\/kibrisdakik.com\/index.php?rest_route=\/wp\/v2\/media\/69796"}],"wp:attachment":[{"href":"https:\/\/kibrisdakik.com\/index.php?rest_route=%2Fwp%2Fv2%2Fmedia&parent=69795"}],"wp:term":[{"taxonomy":"category","embeddable":true,"href":"https:\/\/kibrisdakik.com\/index.php?rest_route=%2Fwp%2Fv2%2Fcategories&post=69795"},{"taxonomy":"post_tag","embeddable":true,"href":"https:\/\/kibrisdakik.com\/index.php?rest_route=%2Fwp%2Fv2%2Ftags&post=69795"}],"curies":[{"name":"wp","href":"https:\/\/api.w.org\/{rel}","templated":true}]}}