{"id":69842,"date":"2024-11-23T10:49:34","date_gmt":"2024-11-23T07:49:34","guid":{"rendered":"https:\/\/kibrisdakik.com\/index.php\/2024\/11\/23\/cumhurbaskani-tatar-brukselden-varsovaya-gecti\/"},"modified":"2024-11-23T10:49:34","modified_gmt":"2024-11-23T07:49:34","slug":"cumhurbaskani-tatar-brukselden-varsovaya-gecti","status":"publish","type":"post","link":"https:\/\/kibrisdakik.com\/?p=69842","title":{"rendered":"Cumhurba\u015fkan\u0131 Tatar, Br\u00fcksel\u2019den Var\u015fova\u2019ya ge\u00e7ti"},"content":{"rendered":"<div>\n<div class=\"mariselle-image-container none\">\n                                            <\/div>\n<p>Cumhurba\u015fkan\u0131 Ersin Tatar, Var\u015fova\u2019da, Polonya Ticaret Odas\u0131 Ba\u015fkan\u0131 Marek K\u0142oczko ile g\u00f6r\u00fc\u015ft\u00fc<\/p>\n<p>Cumhurba\u015fkan\u0131 Ersin Tatar, Br\u00fcksel\u2019deki temaslar\u0131n\u0131 tamamlamas\u0131n\u0131n ard\u0131ndan Polonya\u2019n\u0131n ba\u015fkenti Var\u015fova\u2019ya ge\u00e7ti.<\/p>\n<p>Cumhurba\u015fkanl\u0131\u011f\u0131\u2019ndan yap\u0131lan a\u00e7\u0131klamaya g\u00f6re, Cumhurba\u015fkan\u0131 Tatar\u2019\u0131n Polonya Ticaret Odas\u0131\u2019nda Marek K\u0142oczko ve beraberindeki heyetle g\u00f6r\u00fc\u015fmesinde T\u00fcrkiye Cumhuriyeti\u2019nin Var\u015fova B\u00fcy\u00fckel\u00e7isi Rauf Alp Denkta\u015f da yer ald\u0131.<\/p>\n<p>Cumhurba\u015fkan\u0131 Tatar, K\u0142oczko\u2019ya toplant\u0131ya kat\u0131ld\u0131\u011f\u0131 i\u00e7in te\u015fekk\u00fcr ederek, i\u015f d\u00fcnyas\u0131 ve bas\u0131n ile temaslarda bulunmak ve K\u0131br\u0131s\u2019ta iki devletli \u00e7\u00f6z\u00fcm vizyonunu anlatmak amac\u0131yla Var\u015fova\u2019da bulundu\u011funu s\u00f6yledi.<\/p>\n<p>\u201cUluslararas\u0131 toplumun, K\u0131br\u0131s T\u00fcrklerine devam eden insanl\u0131k d\u0131\u015f\u0131 izolasyonlara sona erdirmek i\u00e7in verdi\u011fi s\u00f6zleri tutmamas\u0131na ra\u011fmen KKTC, T\u00fcrkiye Cumhuriyeti\u2019nin de deste\u011fiyle geli\u015fmeye devam etmektedir\u201d diyen Cumhurba\u015fkan\u0131 Tatar, KKTC\u2019nin egemen bir devlet oldu\u011funu vurgulad\u0131.\u00a0\u00a0<\/p>\n<p>Cumhurba\u015fkan\u0131 Tatar, \u00fclkemizin turizm, y\u00fcksek\u00f6\u011fretim ve tar\u0131m sekt\u00f6rlerinde ba\u015far\u0131l\u0131 geli\u015fmeler elde etti\u011fini ve \u00f6nemli potansiyele sahip oldu\u011funu belirtti. Cumhurba\u015fkan\u0131 Tatar, \u201cPolonya\u2019n\u0131n kaliteli s\u00fct \u00fcretimiyle \u00fcnl\u00fc oldu\u011funu duydum ve burada iki K\u0131br\u0131sl\u0131 T\u00fcrk giri\u015fimcinin kendi \u00e7iftliklerini kurarak hellim \u00fcretimi yapmalar\u0131 beni \u00e7ok gururland\u0131rd\u0131\u201d diye konu\u015ftu.<\/p>\n<p>K\u0142oczko da, Cumhurba\u015fkan\u0131 Tatar\u2019a Polonya Ticaret Odas\u0131\u2019n\u0131 ziyaret etti\u011fi ve \u00fclkedeki i\u015f potansiyeli hakk\u0131nda bilgi verdi\u011fi i\u00e7in te\u015fekk\u00fcr etti.<\/p>\n<p>Cumhurba\u015fkan\u0131 Tatar\u2019a g\u00f6r\u00fc\u015fme s\u0131ras\u0131nda, Uluslararas\u0131 \u0130li\u015fkiler ve Diplomasi \u00d6zel Dan\u0131\u015fman\u0131 Prof. Dr. H\u00fcseyin I\u015f\u0131ksal ve D\u0131\u015f Bas\u0131n Sorumlusu Kerem Haser e\u015flik etti.<\/p>\n<\/p><\/div>\n<p><script async\n                    defer\n                    crossorigin=\"anonymous\"\n                    src=\"https:\/\/connect.facebook.net\/tr_TR\/sdk.js#xfbml=1&#038;version=v3.3\"\n            ><\/script><\/p>\n","protected":false},"excerpt":{"rendered":"<p>Cumhurba\u015fkan\u0131 Ersin Tatar, Var\u015fova\u2019da, Polonya Ticaret Odas\u0131 Ba\u015fkan\u0131 Marek K\u0142oczko ile g\u00f6r\u00fc\u015ft\u00fc Cumhurba\u015fkan\u0131 Ersin Tatar, Br\u00fcksel\u2019deki temaslar\u0131n\u0131 tamamlamas\u0131n\u0131n ard\u0131ndan Polonya\u2019n\u0131n ba\u015fkenti Var\u015fova\u2019ya ge\u00e7ti. Cumhurba\u015fkanl\u0131\u011f\u0131\u2019ndan yap\u0131lan a\u00e7\u0131klamaya g\u00f6re, Cumhurba\u015fkan\u0131 Tatar\u2019\u0131n Polonya Ticaret Odas\u0131\u2019nda Marek K\u0142oczko ve beraberindeki heyetle g\u00f6r\u00fc\u015fmesinde T\u00fcrkiye Cumhuriyeti\u2019nin Var\u015fova B\u00fcy\u00fckel\u00e7isi Rauf Alp Denkta\u015f da yer ald\u0131. Cumhurba\u015fkan\u0131 Tatar, K\u0142oczko\u2019ya toplant\u0131ya kat\u0131ld\u0131\u011f\u0131 i\u00e7in te\u015fekk\u00fcr<\/p>\n","protected":false},"author":1,"featured_media":69843,"comment_status":"open","ping_status":"open","sticky":false,"template":"","format":"standard","meta":{"footnotes":""},"categories":[81],"tags":[],"class_list":["post-69842","post","type-post","status-publish","format-standard","has-post-thumbnail","hentry","category-kibris"],"yoast_head":"<!-- This site is optimized with the Yoast SEO plugin v27.5 - https:\/\/yoast.com\/product\/yoast-seo-wordpress\/ -->\n<title>Cumhurba\u015fkan\u0131 Tatar, Br\u00fcksel\u2019den Var\u015fova\u2019ya ge\u00e7ti -<\/title>\n<meta name=\"robots\" content=\"index, follow, max-snippet:-1, max-image-preview:large, max-video-preview:-1\" \/>\n<link rel=\"canonical\" href=\"https:\/\/kibrisdakik.com\/?p=69842\" \/>\n<meta property=\"og:locale\" content=\"tr_TR\" \/>\n<meta property=\"og:type\" content=\"article\" \/>\n<meta property=\"og:title\" content=\"Cumhurba\u015fkan\u0131 Tatar, Br\u00fcksel\u2019den Var\u015fova\u2019ya ge\u00e7ti -\" \/>\n<meta property=\"og:description\" content=\"Cumhurba\u015fkan\u0131 Ersin Tatar, Var\u015fova\u2019da, Polonya Ticaret Odas\u0131 Ba\u015fkan\u0131 Marek K\u0142oczko ile g\u00f6r\u00fc\u015ft\u00fc Cumhurba\u015fkan\u0131 Ersin Tatar, Br\u00fcksel\u2019deki temaslar\u0131n\u0131 tamamlamas\u0131n\u0131n ard\u0131ndan Polonya\u2019n\u0131n ba\u015fkenti Var\u015fova\u2019ya ge\u00e7ti. Cumhurba\u015fkanl\u0131\u011f\u0131\u2019ndan yap\u0131lan a\u00e7\u0131klamaya g\u00f6re, Cumhurba\u015fkan\u0131 Tatar\u2019\u0131n Polonya Ticaret Odas\u0131\u2019nda Marek K\u0142oczko ve beraberindeki heyetle g\u00f6r\u00fc\u015fmesinde T\u00fcrkiye Cumhuriyeti\u2019nin Var\u015fova B\u00fcy\u00fckel\u00e7isi Rauf Alp Denkta\u015f da yer ald\u0131. Cumhurba\u015fkan\u0131 Tatar, K\u0142oczko\u2019ya toplant\u0131ya kat\u0131ld\u0131\u011f\u0131 i\u00e7in te\u015fekk\u00fcr\" \/>\n<meta property=\"og:url\" content=\"https:\/\/kibrisdakik.com\/?p=69842\" \/>\n<meta property=\"article:published_time\" content=\"2024-11-23T07:49:34+00:00\" \/>\n<meta property=\"og:image\" content=\"https:\/\/kibrisdakik.com\/wp-content\/uploads\/2024\/11\/tatar-scaled-740x420.jpg\" \/>\n\t<meta property=\"og:image:width\" content=\"2560\" \/>\n\t<meta property=\"og:image:height\" content=\"1704\" \/>\n\t<meta property=\"og:image:type\" content=\"image\/jpeg\" \/>\n<meta name=\"author\" content=\"admin\" \/>\n<meta name=\"twitter:card\" content=\"summary_large_image\" \/>\n<meta name=\"twitter:label1\" content=\"Yazan:\" \/>\n\t<meta name=\"twitter:data1\" content=\"admin\" \/>\n\t<meta name=\"twitter:label2\" content=\"Tahmini okuma s\u00fcresi\" \/>\n\t<meta name=\"twitter:data2\" content=\"2 dakika\" \/>\n<script type=\"application\/ld+json\" class=\"yoast-schema-graph\">{\"@context\":\"https:\\\/\\\/schema.org\",\"@graph\":[{\"@type\":\"Article\",\"@id\":\"https:\\\/\\\/kibrisdakik.com\\\/?p=69842#article\",\"isPartOf\":{\"@id\":\"https:\\\/\\\/kibrisdakik.com\\\/?p=69842\"},\"author\":{\"name\":\"admin\",\"@id\":\"https:\\\/\\\/kibrisdakik.com\\\/#\\\/schema\\\/person\\\/9cd9d437bbb44f72b73ba127e06d8e79\"},\"headline\":\"Cumhurba\u015fkan\u0131 Tatar, Br\u00fcksel\u2019den Var\u015fova\u2019ya ge\u00e7ti\",\"datePublished\":\"2024-11-23T07:49:34+00:00\",\"mainEntityOfPage\":{\"@id\":\"https:\\\/\\\/kibrisdakik.com\\\/?p=69842\"},\"wordCount\":318,\"commentCount\":0,\"image\":{\"@id\":\"https:\\\/\\\/kibrisdakik.com\\\/?p=69842#primaryimage\"},\"thumbnailUrl\":\"https:\\\/\\\/kibrisdakik.com\\\/wp-content\\\/uploads\\\/2024\\\/11\\\/tatar-scaled-740x420.jpg\",\"articleSection\":[\"K\u0131br\u0131s\"],\"inLanguage\":\"tr\",\"potentialAction\":[{\"@type\":\"CommentAction\",\"name\":\"Comment\",\"target\":[\"https:\\\/\\\/kibrisdakik.com\\\/?p=69842#respond\"]}]},{\"@type\":\"WebPage\",\"@id\":\"https:\\\/\\\/kibrisdakik.com\\\/?p=69842\",\"url\":\"https:\\\/\\\/kibrisdakik.com\\\/?p=69842\",\"name\":\"Cumhurba\u015fkan\u0131 Tatar, Br\u00fcksel\u2019den Var\u015fova\u2019ya ge\u00e7ti -\",\"isPartOf\":{\"@id\":\"https:\\\/\\\/kibrisdakik.com\\\/#website\"},\"primaryImageOfPage\":{\"@id\":\"https:\\\/\\\/kibrisdakik.com\\\/?p=69842#primaryimage\"},\"image\":{\"@id\":\"https:\\\/\\\/kibrisdakik.com\\\/?p=69842#primaryimage\"},\"thumbnailUrl\":\"https:\\\/\\\/kibrisdakik.com\\\/wp-content\\\/uploads\\\/2024\\\/11\\\/tatar-scaled-740x420.jpg\",\"datePublished\":\"2024-11-23T07:49:34+00:00\",\"author\":{\"@id\":\"https:\\\/\\\/kibrisdakik.com\\\/#\\\/schema\\\/person\\\/9cd9d437bbb44f72b73ba127e06d8e79\"},\"breadcrumb\":{\"@id\":\"https:\\\/\\\/kibrisdakik.com\\\/?p=69842#breadcrumb\"},\"inLanguage\":\"tr\",\"potentialAction\":[{\"@type\":\"ReadAction\",\"target\":[\"https:\\\/\\\/kibrisdakik.com\\\/?p=69842\"]}]},{\"@type\":\"ImageObject\",\"inLanguage\":\"tr\",\"@id\":\"https:\\\/\\\/kibrisdakik.com\\\/?p=69842#primaryimage\",\"url\":\"https:\\\/\\\/kibrisdakik.com\\\/wp-content\\\/uploads\\\/2024\\\/11\\\/tatar-scaled-740x420.jpg\",\"contentUrl\":\"https:\\\/\\\/kibrisdakik.com\\\/wp-content\\\/uploads\\\/2024\\\/11\\\/tatar-scaled-740x420.jpg\",\"width\":2560,\"height\":1704},{\"@type\":\"BreadcrumbList\",\"@id\":\"https:\\\/\\\/kibrisdakik.com\\\/?p=69842#breadcrumb\",\"itemListElement\":[{\"@type\":\"ListItem\",\"position\":1,\"name\":\"Home\",\"item\":\"https:\\\/\\\/kibrisdakik.com\\\/\"},{\"@type\":\"ListItem\",\"position\":2,\"name\":\"Cumhurba\u015fkan\u0131 Tatar, Br\u00fcksel\u2019den Var\u015fova\u2019ya ge\u00e7ti\"}]},{\"@type\":\"WebSite\",\"@id\":\"https:\\\/\\\/kibrisdakik.com\\\/#website\",\"url\":\"https:\\\/\\\/kibrisdakik.com\\\/\",\"name\":\"\",\"description\":\"Tam vaktinde haber\",\"potentialAction\":[{\"@type\":\"SearchAction\",\"target\":{\"@type\":\"EntryPoint\",\"urlTemplate\":\"https:\\\/\\\/kibrisdakik.com\\\/?s={search_term_string}\"},\"query-input\":{\"@type\":\"PropertyValueSpecification\",\"valueRequired\":true,\"valueName\":\"search_term_string\"}}],\"inLanguage\":\"tr\"},{\"@type\":\"Person\",\"@id\":\"https:\\\/\\\/kibrisdakik.com\\\/#\\\/schema\\\/person\\\/9cd9d437bbb44f72b73ba127e06d8e79\",\"name\":\"admin\",\"image\":{\"@type\":\"ImageObject\",\"inLanguage\":\"tr\",\"@id\":\"https:\\\/\\\/secure.gravatar.com\\\/avatar\\\/ccc17943b9d660506c869530f897617f7cb1c21a4bf30023f252596d83e1f007?s=96&d=mm&r=g\",\"url\":\"https:\\\/\\\/secure.gravatar.com\\\/avatar\\\/ccc17943b9d660506c869530f897617f7cb1c21a4bf30023f252596d83e1f007?s=96&d=mm&r=g\",\"contentUrl\":\"https:\\\/\\\/secure.gravatar.com\\\/avatar\\\/ccc17943b9d660506c869530f897617f7cb1c21a4bf30023f252596d83e1f007?s=96&d=mm&r=g\",\"caption\":\"admin\"},\"sameAs\":[\"https:\\\/\\\/kibrisdakik.com\"],\"url\":\"https:\\\/\\\/kibrisdakik.com\\\/?author=1\"}]}<\/script>\n<!-- \/ Yoast SEO plugin. -->","yoast_head_json":{"title":"Cumhurba\u015fkan\u0131 Tatar, Br\u00fcksel\u2019den Var\u015fova\u2019ya ge\u00e7ti -","robots":{"index":"index","follow":"follow","max-snippet":"max-snippet:-1","max-image-preview":"max-image-preview:large","max-video-preview":"max-video-preview:-1"},"canonical":"https:\/\/kibrisdakik.com\/?p=69842","og_locale":"tr_TR","og_type":"article","og_title":"Cumhurba\u015fkan\u0131 Tatar, Br\u00fcksel\u2019den Var\u015fova\u2019ya ge\u00e7ti -","og_description":"Cumhurba\u015fkan\u0131 Ersin Tatar, Var\u015fova\u2019da, Polonya Ticaret Odas\u0131 Ba\u015fkan\u0131 Marek K\u0142oczko ile g\u00f6r\u00fc\u015ft\u00fc Cumhurba\u015fkan\u0131 Ersin Tatar, Br\u00fcksel\u2019deki temaslar\u0131n\u0131 tamamlamas\u0131n\u0131n ard\u0131ndan Polonya\u2019n\u0131n ba\u015fkenti Var\u015fova\u2019ya ge\u00e7ti. Cumhurba\u015fkanl\u0131\u011f\u0131\u2019ndan yap\u0131lan a\u00e7\u0131klamaya g\u00f6re, Cumhurba\u015fkan\u0131 Tatar\u2019\u0131n Polonya Ticaret Odas\u0131\u2019nda Marek K\u0142oczko ve beraberindeki heyetle g\u00f6r\u00fc\u015fmesinde T\u00fcrkiye Cumhuriyeti\u2019nin Var\u015fova B\u00fcy\u00fckel\u00e7isi Rauf Alp Denkta\u015f da yer ald\u0131. Cumhurba\u015fkan\u0131 Tatar, K\u0142oczko\u2019ya toplant\u0131ya kat\u0131ld\u0131\u011f\u0131 i\u00e7in te\u015fekk\u00fcr","og_url":"https:\/\/kibrisdakik.com\/?p=69842","article_published_time":"2024-11-23T07:49:34+00:00","og_image":[{"width":2560,"height":1704,"url":"https:\/\/kibrisdakik.com\/wp-content\/uploads\/2024\/11\/tatar-scaled-740x420.jpg","type":"image\/jpeg"}],"author":"admin","twitter_card":"summary_large_image","twitter_misc":{"Yazan:":"admin","Tahmini okuma s\u00fcresi":"2 dakika"},"schema":{"@context":"https:\/\/schema.org","@graph":[{"@type":"Article","@id":"https:\/\/kibrisdakik.com\/?p=69842#article","isPartOf":{"@id":"https:\/\/kibrisdakik.com\/?p=69842"},"author":{"name":"admin","@id":"https:\/\/kibrisdakik.com\/#\/schema\/person\/9cd9d437bbb44f72b73ba127e06d8e79"},"headline":"Cumhurba\u015fkan\u0131 Tatar, Br\u00fcksel\u2019den Var\u015fova\u2019ya ge\u00e7ti","datePublished":"2024-11-23T07:49:34+00:00","mainEntityOfPage":{"@id":"https:\/\/kibrisdakik.com\/?p=69842"},"wordCount":318,"commentCount":0,"image":{"@id":"https:\/\/kibrisdakik.com\/?p=69842#primaryimage"},"thumbnailUrl":"https:\/\/kibrisdakik.com\/wp-content\/uploads\/2024\/11\/tatar-scaled-740x420.jpg","articleSection":["K\u0131br\u0131s"],"inLanguage":"tr","potentialAction":[{"@type":"CommentAction","name":"Comment","target":["https:\/\/kibrisdakik.com\/?p=69842#respond"]}]},{"@type":"WebPage","@id":"https:\/\/kibrisdakik.com\/?p=69842","url":"https:\/\/kibrisdakik.com\/?p=69842","name":"Cumhurba\u015fkan\u0131 Tatar, Br\u00fcksel\u2019den Var\u015fova\u2019ya ge\u00e7ti -","isPartOf":{"@id":"https:\/\/kibrisdakik.com\/#website"},"primaryImageOfPage":{"@id":"https:\/\/kibrisdakik.com\/?p=69842#primaryimage"},"image":{"@id":"https:\/\/kibrisdakik.com\/?p=69842#primaryimage"},"thumbnailUrl":"https:\/\/kibrisdakik.com\/wp-content\/uploads\/2024\/11\/tatar-scaled-740x420.jpg","datePublished":"2024-11-23T07:49:34+00:00","author":{"@id":"https:\/\/kibrisdakik.com\/#\/schema\/person\/9cd9d437bbb44f72b73ba127e06d8e79"},"breadcrumb":{"@id":"https:\/\/kibrisdakik.com\/?p=69842#breadcrumb"},"inLanguage":"tr","potentialAction":[{"@type":"ReadAction","target":["https:\/\/kibrisdakik.com\/?p=69842"]}]},{"@type":"ImageObject","inLanguage":"tr","@id":"https:\/\/kibrisdakik.com\/?p=69842#primaryimage","url":"https:\/\/kibrisdakik.com\/wp-content\/uploads\/2024\/11\/tatar-scaled-740x420.jpg","contentUrl":"https:\/\/kibrisdakik.com\/wp-content\/uploads\/2024\/11\/tatar-scaled-740x420.jpg","width":2560,"height":1704},{"@type":"BreadcrumbList","@id":"https:\/\/kibrisdakik.com\/?p=69842#breadcrumb","itemListElement":[{"@type":"ListItem","position":1,"name":"Home","item":"https:\/\/kibrisdakik.com\/"},{"@type":"ListItem","position":2,"name":"Cumhurba\u015fkan\u0131 Tatar, Br\u00fcksel\u2019den Var\u015fova\u2019ya ge\u00e7ti"}]},{"@type":"WebSite","@id":"https:\/\/kibrisdakik.com\/#website","url":"https:\/\/kibrisdakik.com\/","name":"","description":"Tam vaktinde haber","potentialAction":[{"@type":"SearchAction","target":{"@type":"EntryPoint","urlTemplate":"https:\/\/kibrisdakik.com\/?s={search_term_string}"},"query-input":{"@type":"PropertyValueSpecification","valueRequired":true,"valueName":"search_term_string"}}],"inLanguage":"tr"},{"@type":"Person","@id":"https:\/\/kibrisdakik.com\/#\/schema\/person\/9cd9d437bbb44f72b73ba127e06d8e79","name":"admin","image":{"@type":"ImageObject","inLanguage":"tr","@id":"https:\/\/secure.gravatar.com\/avatar\/ccc17943b9d660506c869530f897617f7cb1c21a4bf30023f252596d83e1f007?s=96&d=mm&r=g","url":"https:\/\/secure.gravatar.com\/avatar\/ccc17943b9d660506c869530f897617f7cb1c21a4bf30023f252596d83e1f007?s=96&d=mm&r=g","contentUrl":"https:\/\/secure.gravatar.com\/avatar\/ccc17943b9d660506c869530f897617f7cb1c21a4bf30023f252596d83e1f007?s=96&d=mm&r=g","caption":"admin"},"sameAs":["https:\/\/kibrisdakik.com"],"url":"https:\/\/kibrisdakik.com\/?author=1"}]}},"_links":{"self":[{"href":"https:\/\/kibrisdakik.com\/index.php?rest_route=\/wp\/v2\/posts\/69842","targetHints":{"allow":["GET"]}}],"collection":[{"href":"https:\/\/kibrisdakik.com\/index.php?rest_route=\/wp\/v2\/posts"}],"about":[{"href":"https:\/\/kibrisdakik.com\/index.php?rest_route=\/wp\/v2\/types\/post"}],"author":[{"embeddable":true,"href":"https:\/\/kibrisdakik.com\/index.php?rest_route=\/wp\/v2\/users\/1"}],"replies":[{"embeddable":true,"href":"https:\/\/kibrisdakik.com\/index.php?rest_route=%2Fwp%2Fv2%2Fcomments&post=69842"}],"version-history":[{"count":0,"href":"https:\/\/kibrisdakik.com\/index.php?rest_route=\/wp\/v2\/posts\/69842\/revisions"}],"wp:featuredmedia":[{"embeddable":true,"href":"https:\/\/kibrisdakik.com\/index.php?rest_route=\/wp\/v2\/media\/69843"}],"wp:attachment":[{"href":"https:\/\/kibrisdakik.com\/index.php?rest_route=%2Fwp%2Fv2%2Fmedia&parent=69842"}],"wp:term":[{"taxonomy":"category","embeddable":true,"href":"https:\/\/kibrisdakik.com\/index.php?rest_route=%2Fwp%2Fv2%2Fcategories&post=69842"},{"taxonomy":"post_tag","embeddable":true,"href":"https:\/\/kibrisdakik.com\/index.php?rest_route=%2Fwp%2Fv2%2Ftags&post=69842"}],"curies":[{"name":"wp","href":"https:\/\/api.w.org\/{rel}","templated":true}]}}