{"id":69852,"date":"2024-11-23T12:34:42","date_gmt":"2024-11-23T09:34:42","guid":{"rendered":"https:\/\/kibrisdakik.com\/index.php\/2024\/11\/23\/calisma-ve-sosyal-guvenlik-bakani-gardiyanoglu-antalya-valiligini-ziyaret-etti\/"},"modified":"2024-11-23T12:34:42","modified_gmt":"2024-11-23T09:34:42","slug":"calisma-ve-sosyal-guvenlik-bakani-gardiyanoglu-antalya-valiligini-ziyaret-etti","status":"publish","type":"post","link":"https:\/\/kibrisdakik.com\/?p=69852","title":{"rendered":"\u00c7al\u0131\u015fma ve Sosyal G\u00fcvenlik Bakan\u0131 Gardiyano\u011flu, Antalya Valili\u011fi\u2019ni ziyaret etti"},"content":{"rendered":"<div>\n<div class=\"mariselle-image-container none\">\n                                            <\/div>\n<p>Antalya\u2019da temaslarda bulunan \u00c7al\u0131\u015fma ve Sosyal G\u00fcvenlik Bakan\u0131 Sad\u0131k Gardiyano\u011flu, Antalya Valili\u011fi\u2019ni ziyaret etti.\u00a0Ziyarette Gardiyano\u011flu\u2019na KKTC Antalya Ba\u015fkonsolosu Asl\u0131 Erkmen e\u015flik etti.<\/p>\n<p>Bakanl\u0131ktan yap\u0131lan a\u00e7\u0131klamada, Antalya Valisi Hulisi \u015eahin ile bir araya gelen Gardiyano\u011flu\u2019nun, KKTC\u2019nin Antalya Ba\u015fkonsoloslu\u011fu ile kurulan yak\u0131n i\u015f birli\u011fi ve b\u00f6lgede ya\u015fayan KKTC vatanda\u015flar\u0131n\u0131n sorunlar\u0131yla yak\u0131ndan ilgilenildi\u011fi i\u00e7in \u015eahin\u2019e te\u015fekk\u00fcr etti\u011fi belirtildi.<\/p>\n<p>Antalya Valisi Hulusi \u015eahin de, K\u0131br\u0131s T\u00fcrk halk\u0131na her zaman hizmet etmek i\u00e7in \u00f6zveriyle \u00e7al\u0131\u015ft\u0131klar\u0131n\u0131, onlara yard\u0131mc\u0131 olmaya ayr\u0131 bir \u00f6nem verdiklerini kaydederek, Gardiyano\u011flu\u2019nun ziyaretinden duydu\u011fu memnuniyeti dile getirdi.<\/p>\n<\/p><\/div>\n<p><script async\n                    defer\n                    crossorigin=\"anonymous\"\n                    src=\"https:\/\/connect.facebook.net\/tr_TR\/sdk.js#xfbml=1&#038;version=v3.3\"\n            ><\/script><\/p>\n","protected":false},"excerpt":{"rendered":"<p>Antalya\u2019da temaslarda bulunan \u00c7al\u0131\u015fma ve Sosyal G\u00fcvenlik Bakan\u0131 Sad\u0131k Gardiyano\u011flu, Antalya Valili\u011fi\u2019ni ziyaret etti.\u00a0Ziyarette Gardiyano\u011flu\u2019na KKTC Antalya Ba\u015fkonsolosu Asl\u0131 Erkmen e\u015flik etti. Bakanl\u0131ktan yap\u0131lan a\u00e7\u0131klamada, Antalya Valisi Hulisi \u015eahin ile bir araya gelen Gardiyano\u011flu\u2019nun, KKTC\u2019nin Antalya Ba\u015fkonsoloslu\u011fu ile kurulan yak\u0131n i\u015f birli\u011fi ve b\u00f6lgede ya\u015fayan KKTC vatanda\u015flar\u0131n\u0131n sorunlar\u0131yla yak\u0131ndan ilgilenildi\u011fi i\u00e7in \u015eahin\u2019e te\u015fekk\u00fcr etti\u011fi belirtildi.<\/p>\n","protected":false},"author":1,"featured_media":69853,"comment_status":"open","ping_status":"open","sticky":false,"template":"","format":"standard","meta":{"footnotes":""},"categories":[81],"tags":[],"class_list":["post-69852","post","type-post","status-publish","format-standard","has-post-thumbnail","hentry","category-kibris"],"yoast_head":"<!-- This site is optimized with the Yoast SEO plugin v27.4 - https:\/\/yoast.com\/product\/yoast-seo-wordpress\/ -->\n<title>\u00c7al\u0131\u015fma ve Sosyal G\u00fcvenlik Bakan\u0131 Gardiyano\u011flu, Antalya Valili\u011fi\u2019ni ziyaret etti -<\/title>\n<meta name=\"robots\" content=\"index, follow, max-snippet:-1, max-image-preview:large, max-video-preview:-1\" \/>\n<link rel=\"canonical\" href=\"https:\/\/kibrisdakik.com\/?p=69852\" \/>\n<meta property=\"og:locale\" content=\"tr_TR\" \/>\n<meta property=\"og:type\" content=\"article\" \/>\n<meta property=\"og:title\" content=\"\u00c7al\u0131\u015fma ve Sosyal G\u00fcvenlik Bakan\u0131 Gardiyano\u011flu, Antalya Valili\u011fi\u2019ni ziyaret etti -\" \/>\n<meta property=\"og:description\" content=\"Antalya\u2019da temaslarda bulunan \u00c7al\u0131\u015fma ve Sosyal G\u00fcvenlik Bakan\u0131 Sad\u0131k Gardiyano\u011flu, Antalya Valili\u011fi\u2019ni ziyaret etti.\u00a0Ziyarette Gardiyano\u011flu\u2019na KKTC Antalya Ba\u015fkonsolosu Asl\u0131 Erkmen e\u015flik etti. Bakanl\u0131ktan yap\u0131lan a\u00e7\u0131klamada, Antalya Valisi Hulisi \u015eahin ile bir araya gelen Gardiyano\u011flu\u2019nun, KKTC\u2019nin Antalya Ba\u015fkonsoloslu\u011fu ile kurulan yak\u0131n i\u015f birli\u011fi ve b\u00f6lgede ya\u015fayan KKTC vatanda\u015flar\u0131n\u0131n sorunlar\u0131yla yak\u0131ndan ilgilenildi\u011fi i\u00e7in \u015eahin\u2019e te\u015fekk\u00fcr etti\u011fi belirtildi.\" \/>\n<meta property=\"og:url\" content=\"https:\/\/kibrisdakik.com\/?p=69852\" \/>\n<meta property=\"article:published_time\" content=\"2024-11-23T09:34:42+00:00\" \/>\n<meta property=\"og:image\" content=\"https:\/\/kibrisdakik.com\/wp-content\/uploads\/2024\/11\/gardiyanoglu-3--740x420.jpeg\" \/>\n\t<meta property=\"og:image:width\" content=\"1600\" \/>\n\t<meta property=\"og:image:height\" content=\"1087\" \/>\n\t<meta property=\"og:image:type\" content=\"image\/jpeg\" \/>\n<meta name=\"author\" content=\"admin\" \/>\n<meta name=\"twitter:card\" content=\"summary_large_image\" \/>\n<meta name=\"twitter:label1\" content=\"Yazan:\" \/>\n\t<meta name=\"twitter:data1\" content=\"admin\" \/>\n\t<meta name=\"twitter:label2\" content=\"Tahmini okuma s\u00fcresi\" \/>\n\t<meta name=\"twitter:data2\" content=\"1 dakika\" \/>\n<script type=\"application\/ld+json\" class=\"yoast-schema-graph\">{\"@context\":\"https:\\\/\\\/schema.org\",\"@graph\":[{\"@type\":\"Article\",\"@id\":\"https:\\\/\\\/kibrisdakik.com\\\/?p=69852#article\",\"isPartOf\":{\"@id\":\"https:\\\/\\\/kibrisdakik.com\\\/?p=69852\"},\"author\":{\"name\":\"admin\",\"@id\":\"https:\\\/\\\/kibrisdakik.com\\\/#\\\/schema\\\/person\\\/9cd9d437bbb44f72b73ba127e06d8e79\"},\"headline\":\"\u00c7al\u0131\u015fma ve Sosyal G\u00fcvenlik Bakan\u0131 Gardiyano\u011flu, Antalya Valili\u011fi\u2019ni ziyaret etti\",\"datePublished\":\"2024-11-23T09:34:42+00:00\",\"mainEntityOfPage\":{\"@id\":\"https:\\\/\\\/kibrisdakik.com\\\/?p=69852\"},\"wordCount\":146,\"commentCount\":0,\"image\":{\"@id\":\"https:\\\/\\\/kibrisdakik.com\\\/?p=69852#primaryimage\"},\"thumbnailUrl\":\"https:\\\/\\\/kibrisdakik.com\\\/wp-content\\\/uploads\\\/2024\\\/11\\\/gardiyanoglu-3--740x420.jpeg\",\"articleSection\":[\"K\u0131br\u0131s\"],\"inLanguage\":\"tr\",\"potentialAction\":[{\"@type\":\"CommentAction\",\"name\":\"Comment\",\"target\":[\"https:\\\/\\\/kibrisdakik.com\\\/?p=69852#respond\"]}]},{\"@type\":\"WebPage\",\"@id\":\"https:\\\/\\\/kibrisdakik.com\\\/?p=69852\",\"url\":\"https:\\\/\\\/kibrisdakik.com\\\/?p=69852\",\"name\":\"\u00c7al\u0131\u015fma ve Sosyal G\u00fcvenlik Bakan\u0131 Gardiyano\u011flu, Antalya Valili\u011fi\u2019ni ziyaret etti -\",\"isPartOf\":{\"@id\":\"https:\\\/\\\/kibrisdakik.com\\\/#website\"},\"primaryImageOfPage\":{\"@id\":\"https:\\\/\\\/kibrisdakik.com\\\/?p=69852#primaryimage\"},\"image\":{\"@id\":\"https:\\\/\\\/kibrisdakik.com\\\/?p=69852#primaryimage\"},\"thumbnailUrl\":\"https:\\\/\\\/kibrisdakik.com\\\/wp-content\\\/uploads\\\/2024\\\/11\\\/gardiyanoglu-3--740x420.jpeg\",\"datePublished\":\"2024-11-23T09:34:42+00:00\",\"author\":{\"@id\":\"https:\\\/\\\/kibrisdakik.com\\\/#\\\/schema\\\/person\\\/9cd9d437bbb44f72b73ba127e06d8e79\"},\"breadcrumb\":{\"@id\":\"https:\\\/\\\/kibrisdakik.com\\\/?p=69852#breadcrumb\"},\"inLanguage\":\"tr\",\"potentialAction\":[{\"@type\":\"ReadAction\",\"target\":[\"https:\\\/\\\/kibrisdakik.com\\\/?p=69852\"]}]},{\"@type\":\"ImageObject\",\"inLanguage\":\"tr\",\"@id\":\"https:\\\/\\\/kibrisdakik.com\\\/?p=69852#primaryimage\",\"url\":\"https:\\\/\\\/kibrisdakik.com\\\/wp-content\\\/uploads\\\/2024\\\/11\\\/gardiyanoglu-3--740x420.jpeg\",\"contentUrl\":\"https:\\\/\\\/kibrisdakik.com\\\/wp-content\\\/uploads\\\/2024\\\/11\\\/gardiyanoglu-3--740x420.jpeg\",\"width\":1600,\"height\":1087},{\"@type\":\"BreadcrumbList\",\"@id\":\"https:\\\/\\\/kibrisdakik.com\\\/?p=69852#breadcrumb\",\"itemListElement\":[{\"@type\":\"ListItem\",\"position\":1,\"name\":\"Home\",\"item\":\"https:\\\/\\\/kibrisdakik.com\\\/\"},{\"@type\":\"ListItem\",\"position\":2,\"name\":\"\u00c7al\u0131\u015fma ve Sosyal G\u00fcvenlik Bakan\u0131 Gardiyano\u011flu, Antalya Valili\u011fi\u2019ni ziyaret etti\"}]},{\"@type\":\"WebSite\",\"@id\":\"https:\\\/\\\/kibrisdakik.com\\\/#website\",\"url\":\"https:\\\/\\\/kibrisdakik.com\\\/\",\"name\":\"\",\"description\":\"Tam vaktinde haber\",\"potentialAction\":[{\"@type\":\"SearchAction\",\"target\":{\"@type\":\"EntryPoint\",\"urlTemplate\":\"https:\\\/\\\/kibrisdakik.com\\\/?s={search_term_string}\"},\"query-input\":{\"@type\":\"PropertyValueSpecification\",\"valueRequired\":true,\"valueName\":\"search_term_string\"}}],\"inLanguage\":\"tr\"},{\"@type\":\"Person\",\"@id\":\"https:\\\/\\\/kibrisdakik.com\\\/#\\\/schema\\\/person\\\/9cd9d437bbb44f72b73ba127e06d8e79\",\"name\":\"admin\",\"image\":{\"@type\":\"ImageObject\",\"inLanguage\":\"tr\",\"@id\":\"https:\\\/\\\/secure.gravatar.com\\\/avatar\\\/ccc17943b9d660506c869530f897617f7cb1c21a4bf30023f252596d83e1f007?s=96&d=mm&r=g\",\"url\":\"https:\\\/\\\/secure.gravatar.com\\\/avatar\\\/ccc17943b9d660506c869530f897617f7cb1c21a4bf30023f252596d83e1f007?s=96&d=mm&r=g\",\"contentUrl\":\"https:\\\/\\\/secure.gravatar.com\\\/avatar\\\/ccc17943b9d660506c869530f897617f7cb1c21a4bf30023f252596d83e1f007?s=96&d=mm&r=g\",\"caption\":\"admin\"},\"sameAs\":[\"https:\\\/\\\/kibrisdakik.com\"],\"url\":\"https:\\\/\\\/kibrisdakik.com\\\/?author=1\"}]}<\/script>\n<!-- \/ Yoast SEO plugin. -->","yoast_head_json":{"title":"\u00c7al\u0131\u015fma ve Sosyal G\u00fcvenlik Bakan\u0131 Gardiyano\u011flu, Antalya Valili\u011fi\u2019ni ziyaret etti -","robots":{"index":"index","follow":"follow","max-snippet":"max-snippet:-1","max-image-preview":"max-image-preview:large","max-video-preview":"max-video-preview:-1"},"canonical":"https:\/\/kibrisdakik.com\/?p=69852","og_locale":"tr_TR","og_type":"article","og_title":"\u00c7al\u0131\u015fma ve Sosyal G\u00fcvenlik Bakan\u0131 Gardiyano\u011flu, Antalya Valili\u011fi\u2019ni ziyaret etti -","og_description":"Antalya\u2019da temaslarda bulunan \u00c7al\u0131\u015fma ve Sosyal G\u00fcvenlik Bakan\u0131 Sad\u0131k Gardiyano\u011flu, Antalya Valili\u011fi\u2019ni ziyaret etti.\u00a0Ziyarette Gardiyano\u011flu\u2019na KKTC Antalya Ba\u015fkonsolosu Asl\u0131 Erkmen e\u015flik etti. Bakanl\u0131ktan yap\u0131lan a\u00e7\u0131klamada, Antalya Valisi Hulisi \u015eahin ile bir araya gelen Gardiyano\u011flu\u2019nun, KKTC\u2019nin Antalya Ba\u015fkonsoloslu\u011fu ile kurulan yak\u0131n i\u015f birli\u011fi ve b\u00f6lgede ya\u015fayan KKTC vatanda\u015flar\u0131n\u0131n sorunlar\u0131yla yak\u0131ndan ilgilenildi\u011fi i\u00e7in \u015eahin\u2019e te\u015fekk\u00fcr etti\u011fi belirtildi.","og_url":"https:\/\/kibrisdakik.com\/?p=69852","article_published_time":"2024-11-23T09:34:42+00:00","og_image":[{"width":1600,"height":1087,"url":"https:\/\/kibrisdakik.com\/wp-content\/uploads\/2024\/11\/gardiyanoglu-3--740x420.jpeg","type":"image\/jpeg"}],"author":"admin","twitter_card":"summary_large_image","twitter_misc":{"Yazan:":"admin","Tahmini okuma s\u00fcresi":"1 dakika"},"schema":{"@context":"https:\/\/schema.org","@graph":[{"@type":"Article","@id":"https:\/\/kibrisdakik.com\/?p=69852#article","isPartOf":{"@id":"https:\/\/kibrisdakik.com\/?p=69852"},"author":{"name":"admin","@id":"https:\/\/kibrisdakik.com\/#\/schema\/person\/9cd9d437bbb44f72b73ba127e06d8e79"},"headline":"\u00c7al\u0131\u015fma ve Sosyal G\u00fcvenlik Bakan\u0131 Gardiyano\u011flu, Antalya Valili\u011fi\u2019ni ziyaret etti","datePublished":"2024-11-23T09:34:42+00:00","mainEntityOfPage":{"@id":"https:\/\/kibrisdakik.com\/?p=69852"},"wordCount":146,"commentCount":0,"image":{"@id":"https:\/\/kibrisdakik.com\/?p=69852#primaryimage"},"thumbnailUrl":"https:\/\/kibrisdakik.com\/wp-content\/uploads\/2024\/11\/gardiyanoglu-3--740x420.jpeg","articleSection":["K\u0131br\u0131s"],"inLanguage":"tr","potentialAction":[{"@type":"CommentAction","name":"Comment","target":["https:\/\/kibrisdakik.com\/?p=69852#respond"]}]},{"@type":"WebPage","@id":"https:\/\/kibrisdakik.com\/?p=69852","url":"https:\/\/kibrisdakik.com\/?p=69852","name":"\u00c7al\u0131\u015fma ve Sosyal G\u00fcvenlik Bakan\u0131 Gardiyano\u011flu, Antalya Valili\u011fi\u2019ni ziyaret etti -","isPartOf":{"@id":"https:\/\/kibrisdakik.com\/#website"},"primaryImageOfPage":{"@id":"https:\/\/kibrisdakik.com\/?p=69852#primaryimage"},"image":{"@id":"https:\/\/kibrisdakik.com\/?p=69852#primaryimage"},"thumbnailUrl":"https:\/\/kibrisdakik.com\/wp-content\/uploads\/2024\/11\/gardiyanoglu-3--740x420.jpeg","datePublished":"2024-11-23T09:34:42+00:00","author":{"@id":"https:\/\/kibrisdakik.com\/#\/schema\/person\/9cd9d437bbb44f72b73ba127e06d8e79"},"breadcrumb":{"@id":"https:\/\/kibrisdakik.com\/?p=69852#breadcrumb"},"inLanguage":"tr","potentialAction":[{"@type":"ReadAction","target":["https:\/\/kibrisdakik.com\/?p=69852"]}]},{"@type":"ImageObject","inLanguage":"tr","@id":"https:\/\/kibrisdakik.com\/?p=69852#primaryimage","url":"https:\/\/kibrisdakik.com\/wp-content\/uploads\/2024\/11\/gardiyanoglu-3--740x420.jpeg","contentUrl":"https:\/\/kibrisdakik.com\/wp-content\/uploads\/2024\/11\/gardiyanoglu-3--740x420.jpeg","width":1600,"height":1087},{"@type":"BreadcrumbList","@id":"https:\/\/kibrisdakik.com\/?p=69852#breadcrumb","itemListElement":[{"@type":"ListItem","position":1,"name":"Home","item":"https:\/\/kibrisdakik.com\/"},{"@type":"ListItem","position":2,"name":"\u00c7al\u0131\u015fma ve Sosyal G\u00fcvenlik Bakan\u0131 Gardiyano\u011flu, Antalya Valili\u011fi\u2019ni ziyaret etti"}]},{"@type":"WebSite","@id":"https:\/\/kibrisdakik.com\/#website","url":"https:\/\/kibrisdakik.com\/","name":"","description":"Tam vaktinde haber","potentialAction":[{"@type":"SearchAction","target":{"@type":"EntryPoint","urlTemplate":"https:\/\/kibrisdakik.com\/?s={search_term_string}"},"query-input":{"@type":"PropertyValueSpecification","valueRequired":true,"valueName":"search_term_string"}}],"inLanguage":"tr"},{"@type":"Person","@id":"https:\/\/kibrisdakik.com\/#\/schema\/person\/9cd9d437bbb44f72b73ba127e06d8e79","name":"admin","image":{"@type":"ImageObject","inLanguage":"tr","@id":"https:\/\/secure.gravatar.com\/avatar\/ccc17943b9d660506c869530f897617f7cb1c21a4bf30023f252596d83e1f007?s=96&d=mm&r=g","url":"https:\/\/secure.gravatar.com\/avatar\/ccc17943b9d660506c869530f897617f7cb1c21a4bf30023f252596d83e1f007?s=96&d=mm&r=g","contentUrl":"https:\/\/secure.gravatar.com\/avatar\/ccc17943b9d660506c869530f897617f7cb1c21a4bf30023f252596d83e1f007?s=96&d=mm&r=g","caption":"admin"},"sameAs":["https:\/\/kibrisdakik.com"],"url":"https:\/\/kibrisdakik.com\/?author=1"}]}},"_links":{"self":[{"href":"https:\/\/kibrisdakik.com\/index.php?rest_route=\/wp\/v2\/posts\/69852","targetHints":{"allow":["GET"]}}],"collection":[{"href":"https:\/\/kibrisdakik.com\/index.php?rest_route=\/wp\/v2\/posts"}],"about":[{"href":"https:\/\/kibrisdakik.com\/index.php?rest_route=\/wp\/v2\/types\/post"}],"author":[{"embeddable":true,"href":"https:\/\/kibrisdakik.com\/index.php?rest_route=\/wp\/v2\/users\/1"}],"replies":[{"embeddable":true,"href":"https:\/\/kibrisdakik.com\/index.php?rest_route=%2Fwp%2Fv2%2Fcomments&post=69852"}],"version-history":[{"count":0,"href":"https:\/\/kibrisdakik.com\/index.php?rest_route=\/wp\/v2\/posts\/69852\/revisions"}],"wp:featuredmedia":[{"embeddable":true,"href":"https:\/\/kibrisdakik.com\/index.php?rest_route=\/wp\/v2\/media\/69853"}],"wp:attachment":[{"href":"https:\/\/kibrisdakik.com\/index.php?rest_route=%2Fwp%2Fv2%2Fmedia&parent=69852"}],"wp:term":[{"taxonomy":"category","embeddable":true,"href":"https:\/\/kibrisdakik.com\/index.php?rest_route=%2Fwp%2Fv2%2Fcategories&post=69852"},{"taxonomy":"post_tag","embeddable":true,"href":"https:\/\/kibrisdakik.com\/index.php?rest_route=%2Fwp%2Fv2%2Ftags&post=69852"}],"curies":[{"name":"wp","href":"https:\/\/api.w.org\/{rel}","templated":true}]}}