{"id":69854,"date":"2024-11-23T12:37:56","date_gmt":"2024-11-23T09:37:56","guid":{"rendered":"https:\/\/kibrisdakik.com\/index.php\/2024\/11\/23\/emekli-subaylar-dernegi-ogretmenler-gununu-kutladi\/"},"modified":"2024-11-23T12:37:56","modified_gmt":"2024-11-23T09:37:56","slug":"emekli-subaylar-dernegi-ogretmenler-gununu-kutladi","status":"publish","type":"post","link":"https:\/\/kibrisdakik.com\/?p=69854","title":{"rendered":"Emekli Subaylar Derne\u011fi \u00d6\u011fretmenler G\u00fcn\u00fc\u2019n\u00fc kutlad\u0131"},"content":{"rendered":"<div>\n<div class=\"mariselle-image-container none\">\n                                            <\/div>\n<p>K\u0131br\u0131s T\u00fcrk Emekli Subaylar Derne\u011fi, \u00d6\u011fretmenler G\u00fcn\u00fcn\u00fc kutlad\u0131.<\/p>\n<p>K\u0131br\u0131s T\u00fcrk Emekli Subaylar Dernek Ba\u015fkan\u0131 Kaz\u0131m And mesaj\u0131nda, \u015fu ifadelere yer verdi:<\/p>\n<p>\u201cG\u00fczel \u00fclkemizin her yerinde yar\u0131nlar\u0131m\u0131z\u0131n ayd\u0131nl\u0131k neslini yeti\u015ftirmek i\u00e7in vazifelerini ba\u015far\u0131yla yerine getiren \u00f6\u011fretmenlerimizin, bu vazifesini yerine getirmi\u015f emekli \u00f6\u011fretmenlerimizin 24 Kas\u0131m \u00d6\u011fretmenler G\u00fcn\u00fc\u2019n\u00fc y\u00fcrekten kutluyor, Ba\u015f\u00f6\u011fretmenimiz Mustafa Kemal Atat\u00fcrk ile K\u0131br\u0131s T\u00fcrk Varolu\u015f\u00a0 M\u00fccadelesinin \u00f6n saflar\u0131nda yer alan \u00f6\u011fretmenlerimiz ba\u015fta olmak \u00fczere ebediyete intikal etmi\u015f t\u00fcm \u00f6\u011fretmenlerimizi rahmetle y\u00e2d ediyoruz. \u00d6\u011fretmenler g\u00fcn\u00fcn\u00fcz kutlu olsun\u201d dedi.<\/p>\n<\/p><\/div>\n<p><script async\n                    defer\n                    crossorigin=\"anonymous\"\n                    src=\"https:\/\/connect.facebook.net\/tr_TR\/sdk.js#xfbml=1&#038;version=v3.3\"\n            ><\/script><\/p>\n","protected":false},"excerpt":{"rendered":"<p>K\u0131br\u0131s T\u00fcrk Emekli Subaylar Derne\u011fi, \u00d6\u011fretmenler G\u00fcn\u00fcn\u00fc kutlad\u0131. K\u0131br\u0131s T\u00fcrk Emekli Subaylar Dernek Ba\u015fkan\u0131 Kaz\u0131m And mesaj\u0131nda, \u015fu ifadelere yer verdi: \u201cG\u00fczel \u00fclkemizin her yerinde yar\u0131nlar\u0131m\u0131z\u0131n ayd\u0131nl\u0131k neslini yeti\u015ftirmek i\u00e7in vazifelerini ba\u015far\u0131yla yerine getiren \u00f6\u011fretmenlerimizin, bu vazifesini yerine getirmi\u015f emekli \u00f6\u011fretmenlerimizin 24 Kas\u0131m \u00d6\u011fretmenler G\u00fcn\u00fc\u2019n\u00fc y\u00fcrekten kutluyor, Ba\u015f\u00f6\u011fretmenimiz Mustafa Kemal Atat\u00fcrk ile K\u0131br\u0131s T\u00fcrk Varolu\u015f\u00a0<\/p>\n","protected":false},"author":1,"featured_media":42396,"comment_status":"open","ping_status":"open","sticky":false,"template":"","format":"standard","meta":{"footnotes":""},"categories":[81],"tags":[],"class_list":["post-69854","post","type-post","status-publish","format-standard","has-post-thumbnail","hentry","category-kibris"],"yoast_head":"<!-- This site is optimized with the Yoast SEO plugin v27.5 - https:\/\/yoast.com\/product\/yoast-seo-wordpress\/ -->\n<title>Emekli Subaylar Derne\u011fi \u00d6\u011fretmenler G\u00fcn\u00fc\u2019n\u00fc kutlad\u0131 -<\/title>\n<meta name=\"robots\" content=\"index, follow, max-snippet:-1, max-image-preview:large, max-video-preview:-1\" \/>\n<link rel=\"canonical\" href=\"https:\/\/kibrisdakik.com\/?p=69854\" \/>\n<meta property=\"og:locale\" content=\"tr_TR\" \/>\n<meta property=\"og:type\" content=\"article\" \/>\n<meta property=\"og:title\" content=\"Emekli Subaylar Derne\u011fi \u00d6\u011fretmenler G\u00fcn\u00fc\u2019n\u00fc kutlad\u0131 -\" \/>\n<meta property=\"og:description\" content=\"K\u0131br\u0131s T\u00fcrk Emekli Subaylar Derne\u011fi, \u00d6\u011fretmenler G\u00fcn\u00fcn\u00fc kutlad\u0131. K\u0131br\u0131s T\u00fcrk Emekli Subaylar Dernek Ba\u015fkan\u0131 Kaz\u0131m And mesaj\u0131nda, \u015fu ifadelere yer verdi: \u201cG\u00fczel \u00fclkemizin her yerinde yar\u0131nlar\u0131m\u0131z\u0131n ayd\u0131nl\u0131k neslini yeti\u015ftirmek i\u00e7in vazifelerini ba\u015far\u0131yla yerine getiren \u00f6\u011fretmenlerimizin, bu vazifesini yerine getirmi\u015f emekli \u00f6\u011fretmenlerimizin 24 Kas\u0131m \u00d6\u011fretmenler G\u00fcn\u00fc\u2019n\u00fc y\u00fcrekten kutluyor, Ba\u015f\u00f6\u011fretmenimiz Mustafa Kemal Atat\u00fcrk ile K\u0131br\u0131s T\u00fcrk Varolu\u015f\u00a0\" \/>\n<meta property=\"og:url\" content=\"https:\/\/kibrisdakik.com\/?p=69854\" \/>\n<meta property=\"article:published_time\" content=\"2024-11-23T09:37:56+00:00\" \/>\n<meta property=\"og:image\" content=\"https:\/\/kibrisdakik.com\/wp-content\/uploads\/2024\/05\/emekli-subaylar6-740x420.jpg\" \/>\n\t<meta property=\"og:image:width\" content=\"971\" \/>\n\t<meta property=\"og:image:height\" content=\"551\" \/>\n\t<meta property=\"og:image:type\" content=\"image\/jpeg\" \/>\n<meta name=\"author\" content=\"admin\" \/>\n<meta name=\"twitter:card\" content=\"summary_large_image\" \/>\n<meta name=\"twitter:label1\" content=\"Yazan:\" \/>\n\t<meta name=\"twitter:data1\" content=\"admin\" \/>\n\t<meta name=\"twitter:label2\" content=\"Tahmini okuma s\u00fcresi\" \/>\n\t<meta name=\"twitter:data2\" content=\"1 dakika\" \/>\n<script type=\"application\/ld+json\" class=\"yoast-schema-graph\">{\"@context\":\"https:\\\/\\\/schema.org\",\"@graph\":[{\"@type\":\"Article\",\"@id\":\"https:\\\/\\\/kibrisdakik.com\\\/?p=69854#article\",\"isPartOf\":{\"@id\":\"https:\\\/\\\/kibrisdakik.com\\\/?p=69854\"},\"author\":{\"name\":\"admin\",\"@id\":\"https:\\\/\\\/kibrisdakik.com\\\/#\\\/schema\\\/person\\\/9cd9d437bbb44f72b73ba127e06d8e79\"},\"headline\":\"Emekli Subaylar Derne\u011fi \u00d6\u011fretmenler G\u00fcn\u00fc\u2019n\u00fc kutlad\u0131\",\"datePublished\":\"2024-11-23T09:37:56+00:00\",\"mainEntityOfPage\":{\"@id\":\"https:\\\/\\\/kibrisdakik.com\\\/?p=69854\"},\"wordCount\":125,\"commentCount\":0,\"image\":{\"@id\":\"https:\\\/\\\/kibrisdakik.com\\\/?p=69854#primaryimage\"},\"thumbnailUrl\":\"https:\\\/\\\/kibrisdakik.com\\\/wp-content\\\/uploads\\\/2024\\\/05\\\/emekli-subaylar6-740x420.jpg\",\"articleSection\":[\"K\u0131br\u0131s\"],\"inLanguage\":\"tr\",\"potentialAction\":[{\"@type\":\"CommentAction\",\"name\":\"Comment\",\"target\":[\"https:\\\/\\\/kibrisdakik.com\\\/?p=69854#respond\"]}]},{\"@type\":\"WebPage\",\"@id\":\"https:\\\/\\\/kibrisdakik.com\\\/?p=69854\",\"url\":\"https:\\\/\\\/kibrisdakik.com\\\/?p=69854\",\"name\":\"Emekli Subaylar Derne\u011fi \u00d6\u011fretmenler G\u00fcn\u00fc\u2019n\u00fc kutlad\u0131 -\",\"isPartOf\":{\"@id\":\"https:\\\/\\\/kibrisdakik.com\\\/#website\"},\"primaryImageOfPage\":{\"@id\":\"https:\\\/\\\/kibrisdakik.com\\\/?p=69854#primaryimage\"},\"image\":{\"@id\":\"https:\\\/\\\/kibrisdakik.com\\\/?p=69854#primaryimage\"},\"thumbnailUrl\":\"https:\\\/\\\/kibrisdakik.com\\\/wp-content\\\/uploads\\\/2024\\\/05\\\/emekli-subaylar6-740x420.jpg\",\"datePublished\":\"2024-11-23T09:37:56+00:00\",\"author\":{\"@id\":\"https:\\\/\\\/kibrisdakik.com\\\/#\\\/schema\\\/person\\\/9cd9d437bbb44f72b73ba127e06d8e79\"},\"breadcrumb\":{\"@id\":\"https:\\\/\\\/kibrisdakik.com\\\/?p=69854#breadcrumb\"},\"inLanguage\":\"tr\",\"potentialAction\":[{\"@type\":\"ReadAction\",\"target\":[\"https:\\\/\\\/kibrisdakik.com\\\/?p=69854\"]}]},{\"@type\":\"ImageObject\",\"inLanguage\":\"tr\",\"@id\":\"https:\\\/\\\/kibrisdakik.com\\\/?p=69854#primaryimage\",\"url\":\"https:\\\/\\\/kibrisdakik.com\\\/wp-content\\\/uploads\\\/2024\\\/05\\\/emekli-subaylar6-740x420.jpg\",\"contentUrl\":\"https:\\\/\\\/kibrisdakik.com\\\/wp-content\\\/uploads\\\/2024\\\/05\\\/emekli-subaylar6-740x420.jpg\",\"width\":971,\"height\":551},{\"@type\":\"BreadcrumbList\",\"@id\":\"https:\\\/\\\/kibrisdakik.com\\\/?p=69854#breadcrumb\",\"itemListElement\":[{\"@type\":\"ListItem\",\"position\":1,\"name\":\"Home\",\"item\":\"https:\\\/\\\/kibrisdakik.com\\\/\"},{\"@type\":\"ListItem\",\"position\":2,\"name\":\"Emekli Subaylar Derne\u011fi \u00d6\u011fretmenler G\u00fcn\u00fc\u2019n\u00fc kutlad\u0131\"}]},{\"@type\":\"WebSite\",\"@id\":\"https:\\\/\\\/kibrisdakik.com\\\/#website\",\"url\":\"https:\\\/\\\/kibrisdakik.com\\\/\",\"name\":\"\",\"description\":\"Tam vaktinde haber\",\"potentialAction\":[{\"@type\":\"SearchAction\",\"target\":{\"@type\":\"EntryPoint\",\"urlTemplate\":\"https:\\\/\\\/kibrisdakik.com\\\/?s={search_term_string}\"},\"query-input\":{\"@type\":\"PropertyValueSpecification\",\"valueRequired\":true,\"valueName\":\"search_term_string\"}}],\"inLanguage\":\"tr\"},{\"@type\":\"Person\",\"@id\":\"https:\\\/\\\/kibrisdakik.com\\\/#\\\/schema\\\/person\\\/9cd9d437bbb44f72b73ba127e06d8e79\",\"name\":\"admin\",\"image\":{\"@type\":\"ImageObject\",\"inLanguage\":\"tr\",\"@id\":\"https:\\\/\\\/secure.gravatar.com\\\/avatar\\\/ccc17943b9d660506c869530f897617f7cb1c21a4bf30023f252596d83e1f007?s=96&d=mm&r=g\",\"url\":\"https:\\\/\\\/secure.gravatar.com\\\/avatar\\\/ccc17943b9d660506c869530f897617f7cb1c21a4bf30023f252596d83e1f007?s=96&d=mm&r=g\",\"contentUrl\":\"https:\\\/\\\/secure.gravatar.com\\\/avatar\\\/ccc17943b9d660506c869530f897617f7cb1c21a4bf30023f252596d83e1f007?s=96&d=mm&r=g\",\"caption\":\"admin\"},\"sameAs\":[\"https:\\\/\\\/kibrisdakik.com\"],\"url\":\"https:\\\/\\\/kibrisdakik.com\\\/?author=1\"}]}<\/script>\n<!-- \/ Yoast SEO plugin. -->","yoast_head_json":{"title":"Emekli Subaylar Derne\u011fi \u00d6\u011fretmenler G\u00fcn\u00fc\u2019n\u00fc kutlad\u0131 -","robots":{"index":"index","follow":"follow","max-snippet":"max-snippet:-1","max-image-preview":"max-image-preview:large","max-video-preview":"max-video-preview:-1"},"canonical":"https:\/\/kibrisdakik.com\/?p=69854","og_locale":"tr_TR","og_type":"article","og_title":"Emekli Subaylar Derne\u011fi \u00d6\u011fretmenler G\u00fcn\u00fc\u2019n\u00fc kutlad\u0131 -","og_description":"K\u0131br\u0131s T\u00fcrk Emekli Subaylar Derne\u011fi, \u00d6\u011fretmenler G\u00fcn\u00fcn\u00fc kutlad\u0131. K\u0131br\u0131s T\u00fcrk Emekli Subaylar Dernek Ba\u015fkan\u0131 Kaz\u0131m And mesaj\u0131nda, \u015fu ifadelere yer verdi: \u201cG\u00fczel \u00fclkemizin her yerinde yar\u0131nlar\u0131m\u0131z\u0131n ayd\u0131nl\u0131k neslini yeti\u015ftirmek i\u00e7in vazifelerini ba\u015far\u0131yla yerine getiren \u00f6\u011fretmenlerimizin, bu vazifesini yerine getirmi\u015f emekli \u00f6\u011fretmenlerimizin 24 Kas\u0131m \u00d6\u011fretmenler G\u00fcn\u00fc\u2019n\u00fc y\u00fcrekten kutluyor, Ba\u015f\u00f6\u011fretmenimiz Mustafa Kemal Atat\u00fcrk ile K\u0131br\u0131s T\u00fcrk Varolu\u015f\u00a0","og_url":"https:\/\/kibrisdakik.com\/?p=69854","article_published_time":"2024-11-23T09:37:56+00:00","og_image":[{"width":971,"height":551,"url":"https:\/\/kibrisdakik.com\/wp-content\/uploads\/2024\/05\/emekli-subaylar6-740x420.jpg","type":"image\/jpeg"}],"author":"admin","twitter_card":"summary_large_image","twitter_misc":{"Yazan:":"admin","Tahmini okuma s\u00fcresi":"1 dakika"},"schema":{"@context":"https:\/\/schema.org","@graph":[{"@type":"Article","@id":"https:\/\/kibrisdakik.com\/?p=69854#article","isPartOf":{"@id":"https:\/\/kibrisdakik.com\/?p=69854"},"author":{"name":"admin","@id":"https:\/\/kibrisdakik.com\/#\/schema\/person\/9cd9d437bbb44f72b73ba127e06d8e79"},"headline":"Emekli Subaylar Derne\u011fi \u00d6\u011fretmenler G\u00fcn\u00fc\u2019n\u00fc kutlad\u0131","datePublished":"2024-11-23T09:37:56+00:00","mainEntityOfPage":{"@id":"https:\/\/kibrisdakik.com\/?p=69854"},"wordCount":125,"commentCount":0,"image":{"@id":"https:\/\/kibrisdakik.com\/?p=69854#primaryimage"},"thumbnailUrl":"https:\/\/kibrisdakik.com\/wp-content\/uploads\/2024\/05\/emekli-subaylar6-740x420.jpg","articleSection":["K\u0131br\u0131s"],"inLanguage":"tr","potentialAction":[{"@type":"CommentAction","name":"Comment","target":["https:\/\/kibrisdakik.com\/?p=69854#respond"]}]},{"@type":"WebPage","@id":"https:\/\/kibrisdakik.com\/?p=69854","url":"https:\/\/kibrisdakik.com\/?p=69854","name":"Emekli Subaylar Derne\u011fi \u00d6\u011fretmenler G\u00fcn\u00fc\u2019n\u00fc kutlad\u0131 -","isPartOf":{"@id":"https:\/\/kibrisdakik.com\/#website"},"primaryImageOfPage":{"@id":"https:\/\/kibrisdakik.com\/?p=69854#primaryimage"},"image":{"@id":"https:\/\/kibrisdakik.com\/?p=69854#primaryimage"},"thumbnailUrl":"https:\/\/kibrisdakik.com\/wp-content\/uploads\/2024\/05\/emekli-subaylar6-740x420.jpg","datePublished":"2024-11-23T09:37:56+00:00","author":{"@id":"https:\/\/kibrisdakik.com\/#\/schema\/person\/9cd9d437bbb44f72b73ba127e06d8e79"},"breadcrumb":{"@id":"https:\/\/kibrisdakik.com\/?p=69854#breadcrumb"},"inLanguage":"tr","potentialAction":[{"@type":"ReadAction","target":["https:\/\/kibrisdakik.com\/?p=69854"]}]},{"@type":"ImageObject","inLanguage":"tr","@id":"https:\/\/kibrisdakik.com\/?p=69854#primaryimage","url":"https:\/\/kibrisdakik.com\/wp-content\/uploads\/2024\/05\/emekli-subaylar6-740x420.jpg","contentUrl":"https:\/\/kibrisdakik.com\/wp-content\/uploads\/2024\/05\/emekli-subaylar6-740x420.jpg","width":971,"height":551},{"@type":"BreadcrumbList","@id":"https:\/\/kibrisdakik.com\/?p=69854#breadcrumb","itemListElement":[{"@type":"ListItem","position":1,"name":"Home","item":"https:\/\/kibrisdakik.com\/"},{"@type":"ListItem","position":2,"name":"Emekli Subaylar Derne\u011fi \u00d6\u011fretmenler G\u00fcn\u00fc\u2019n\u00fc kutlad\u0131"}]},{"@type":"WebSite","@id":"https:\/\/kibrisdakik.com\/#website","url":"https:\/\/kibrisdakik.com\/","name":"","description":"Tam vaktinde haber","potentialAction":[{"@type":"SearchAction","target":{"@type":"EntryPoint","urlTemplate":"https:\/\/kibrisdakik.com\/?s={search_term_string}"},"query-input":{"@type":"PropertyValueSpecification","valueRequired":true,"valueName":"search_term_string"}}],"inLanguage":"tr"},{"@type":"Person","@id":"https:\/\/kibrisdakik.com\/#\/schema\/person\/9cd9d437bbb44f72b73ba127e06d8e79","name":"admin","image":{"@type":"ImageObject","inLanguage":"tr","@id":"https:\/\/secure.gravatar.com\/avatar\/ccc17943b9d660506c869530f897617f7cb1c21a4bf30023f252596d83e1f007?s=96&d=mm&r=g","url":"https:\/\/secure.gravatar.com\/avatar\/ccc17943b9d660506c869530f897617f7cb1c21a4bf30023f252596d83e1f007?s=96&d=mm&r=g","contentUrl":"https:\/\/secure.gravatar.com\/avatar\/ccc17943b9d660506c869530f897617f7cb1c21a4bf30023f252596d83e1f007?s=96&d=mm&r=g","caption":"admin"},"sameAs":["https:\/\/kibrisdakik.com"],"url":"https:\/\/kibrisdakik.com\/?author=1"}]}},"_links":{"self":[{"href":"https:\/\/kibrisdakik.com\/index.php?rest_route=\/wp\/v2\/posts\/69854","targetHints":{"allow":["GET"]}}],"collection":[{"href":"https:\/\/kibrisdakik.com\/index.php?rest_route=\/wp\/v2\/posts"}],"about":[{"href":"https:\/\/kibrisdakik.com\/index.php?rest_route=\/wp\/v2\/types\/post"}],"author":[{"embeddable":true,"href":"https:\/\/kibrisdakik.com\/index.php?rest_route=\/wp\/v2\/users\/1"}],"replies":[{"embeddable":true,"href":"https:\/\/kibrisdakik.com\/index.php?rest_route=%2Fwp%2Fv2%2Fcomments&post=69854"}],"version-history":[{"count":0,"href":"https:\/\/kibrisdakik.com\/index.php?rest_route=\/wp\/v2\/posts\/69854\/revisions"}],"wp:featuredmedia":[{"embeddable":true,"href":"https:\/\/kibrisdakik.com\/index.php?rest_route=\/wp\/v2\/media\/42396"}],"wp:attachment":[{"href":"https:\/\/kibrisdakik.com\/index.php?rest_route=%2Fwp%2Fv2%2Fmedia&parent=69854"}],"wp:term":[{"taxonomy":"category","embeddable":true,"href":"https:\/\/kibrisdakik.com\/index.php?rest_route=%2Fwp%2Fv2%2Fcategories&post=69854"},{"taxonomy":"post_tag","embeddable":true,"href":"https:\/\/kibrisdakik.com\/index.php?rest_route=%2Fwp%2Fv2%2Ftags&post=69854"}],"curies":[{"name":"wp","href":"https:\/\/api.w.org\/{rel}","templated":true}]}}