{"id":69888,"date":"2024-11-23T21:03:50","date_gmt":"2024-11-23T18:03:50","guid":{"rendered":"https:\/\/kibrisdakik.com\/index.php\/2024\/11\/23\/tatar-varsovada-polonya-turizm-odasi-yetkilileriyle-bir-araya-geldi\/"},"modified":"2024-11-23T21:03:50","modified_gmt":"2024-11-23T18:03:50","slug":"tatar-varsovada-polonya-turizm-odasi-yetkilileriyle-bir-araya-geldi","status":"publish","type":"post","link":"https:\/\/kibrisdakik.com\/?p=69888","title":{"rendered":"Tatar, Var\u015fova\u2019da Polonya Turizm Odas\u0131 yetkilileriyle bir araya geldi"},"content":{"rendered":"<div>\n<div class=\"mariselle-image-container center\">\n                                            <\/div>\n<p>Cumhurba\u015fkan\u0131 Ersin Tatar, Polonya\u2019n\u0131n ba\u015fkenti Var\u015fova\u2019da Polonya Turizm Odas\u0131 yetkilileriyle bir araya geldi.<\/p>\n<p>Cumhurba\u015fkan\u0131 Ersin Tatar, Polonya temaslar\u0131 kapsam\u0131nda, Polonya Turizm Odas\u0131 Ba\u015fkan\u0131 Pawel Niewiadomski ve Turizm Odas\u0131 Genel Sekreteri Pawel Radolinski ile bir araya geldi.<\/p>\n<p>Cumhurba\u015fkan\u0131 Tatar, turizmin, k\u00fclt\u00fcrlerin ve insanlar\u0131n kayna\u015fmas\u0131 oldu\u011funu belirterek, \u00fclkemizin Do\u011fu Akdeniz\u2019de yer alan \u0131l\u0131man iklimli, zengin k\u00fclt\u00fcrel mirasa ve ge\u00e7mi\u015f medeniyetlerden kalan tarihi yerlere sahip oldu\u011funa dikkat \u00e7ekti.<\/p>\n<div class=\"mariselle-image-container center\">\n                <img loading=\"lazy\" decoding=\"async\" width=\"2560\" height=\"1704\" class=\"lazy-image\" alt=\"\" sizes=\"auto, (max-width: 2560px) 100vw, 2560px\" src=\"https:\/\/brtk.net\/wp-content\/uploads\/2024\/11\/23\/TATARR-scaled.jpg?ver=dd7171df45cce601d05669199f0804de\" srcset=\"https:\/\/brtk.net\/wp-content\/uploads\/2024\/11\/23\/TATARR-scaled.jpg?ver=dd7171df45cce601d05669199f0804de 2560w, https:\/\/brtk.net\/wp-content\/uploads\/2024\/11\/23\/TATARR-300x200.jpg?ver=07e7ddd0bd128e4b9c8ff3a8c66ac02f 300w, https:\/\/brtk.net\/wp-content\/uploads\/2024\/11\/23\/TATARR-1024x682.jpg?ver=848d5c7a5b050de42fede0775206a0ca 1024w, https:\/\/brtk.net\/wp-content\/uploads\/2024\/11\/23\/TATARR-768x511.jpg?ver=be3ff75e7aa17a7911552528deaf65fc 768w, https:\/\/brtk.net\/wp-content\/uploads\/2024\/11\/23\/TATARR-1536x1022.jpg?ver=15d319a828932648c71494c77540c3b7 1536w, https:\/\/brtk.net\/wp-content\/uploads\/2024\/11\/23\/TATARR-2048x1363.jpg?ver=1295df77ef67a51dfd0def37f6d6cea9 2048w\"\/>                            <\/div>\n<p>\u201cTurizm, siyasetle kar\u0131\u015ft\u0131r\u0131lmamal\u0131d\u0131r\u201d diye konu\u015fan Cumhurba\u015fkan\u0131 Tatar, \u201cPolonyal\u0131 turizm seyahat acenteleri ve i\u015fletmelerini, \u00e7ok say\u0131da gezilecek yere sahip Kuzey K\u0131br\u0131s\u2019ta daha \u00e7ok g\u00f6rmek istiyoruz\u201d dedi.<\/p>\n<p>Cumhurba\u015fkan\u0131 Tatar, Polonyal\u0131 turistlerin T\u00fcrkiye \u00fczerinden yapacaklar\u0131 k\u0131sa bir aktarma ile KKTC\u2019ye seyahat edebilece\u011fini belirterek, T\u00fcrkiye\u2019nin \u0130stanbul, Ankara, Antalya, \u0130zmir ve Adana gibi \u015fehirlerinden KKTC\u2019ye g\u00fcnde yakla\u015f\u0131k 50 u\u00e7u\u015f d\u00fczenlendi\u011fini anlatt\u0131.<\/p>\n<p>Polonyal\u0131 turizm yetkilileri de, Cumhurba\u015fkan\u0131 Tatar\u2019a toplant\u0131 dolay\u0131s\u0131yla te\u015fekk\u00fcr etti.<\/p>\n<\/p><\/div>\n<p><script async\n                    defer\n                    crossorigin=\"anonymous\"\n                    src=\"https:\/\/connect.facebook.net\/tr_TR\/sdk.js#xfbml=1&#038;version=v3.3\"\n            ><\/script><\/p>\n","protected":false},"excerpt":{"rendered":"<p>Cumhurba\u015fkan\u0131 Ersin Tatar, Polonya\u2019n\u0131n ba\u015fkenti Var\u015fova\u2019da Polonya Turizm Odas\u0131 yetkilileriyle bir araya geldi. Cumhurba\u015fkan\u0131 Ersin Tatar, Polonya temaslar\u0131 kapsam\u0131nda, Polonya Turizm Odas\u0131 Ba\u015fkan\u0131 Pawel Niewiadomski ve Turizm Odas\u0131 Genel Sekreteri Pawel Radolinski ile bir araya geldi. Cumhurba\u015fkan\u0131 Tatar, turizmin, k\u00fclt\u00fcrlerin ve insanlar\u0131n kayna\u015fmas\u0131 oldu\u011funu belirterek, \u00fclkemizin Do\u011fu Akdeniz\u2019de yer alan \u0131l\u0131man iklimli, zengin k\u00fclt\u00fcrel mirasa<\/p>\n","protected":false},"author":1,"featured_media":69889,"comment_status":"open","ping_status":"open","sticky":false,"template":"","format":"standard","meta":{"footnotes":""},"categories":[81],"tags":[],"class_list":["post-69888","post","type-post","status-publish","format-standard","has-post-thumbnail","hentry","category-kibris"],"yoast_head":"<!-- This site is optimized with the Yoast SEO plugin v27.4 - https:\/\/yoast.com\/product\/yoast-seo-wordpress\/ -->\n<title>Tatar, Var\u015fova\u2019da Polonya Turizm Odas\u0131 yetkilileriyle bir araya geldi -<\/title>\n<meta name=\"robots\" content=\"index, follow, max-snippet:-1, max-image-preview:large, max-video-preview:-1\" \/>\n<link rel=\"canonical\" href=\"https:\/\/kibrisdakik.com\/?p=69888\" \/>\n<meta property=\"og:locale\" content=\"tr_TR\" \/>\n<meta property=\"og:type\" content=\"article\" \/>\n<meta property=\"og:title\" content=\"Tatar, Var\u015fova\u2019da Polonya Turizm Odas\u0131 yetkilileriyle bir araya geldi -\" \/>\n<meta property=\"og:description\" content=\"Cumhurba\u015fkan\u0131 Ersin Tatar, Polonya\u2019n\u0131n ba\u015fkenti Var\u015fova\u2019da Polonya Turizm Odas\u0131 yetkilileriyle bir araya geldi. Cumhurba\u015fkan\u0131 Ersin Tatar, Polonya temaslar\u0131 kapsam\u0131nda, Polonya Turizm Odas\u0131 Ba\u015fkan\u0131 Pawel Niewiadomski ve Turizm Odas\u0131 Genel Sekreteri Pawel Radolinski ile bir araya geldi. Cumhurba\u015fkan\u0131 Tatar, turizmin, k\u00fclt\u00fcrlerin ve insanlar\u0131n kayna\u015fmas\u0131 oldu\u011funu belirterek, \u00fclkemizin Do\u011fu Akdeniz\u2019de yer alan \u0131l\u0131man iklimli, zengin k\u00fclt\u00fcrel mirasa\" \/>\n<meta property=\"og:url\" content=\"https:\/\/kibrisdakik.com\/?p=69888\" \/>\n<meta property=\"article:published_time\" content=\"2024-11-23T18:03:50+00:00\" \/>\n<meta property=\"og:image\" content=\"https:\/\/kibrisdakik.com\/wp-content\/uploads\/2024\/11\/IMG-20241123-WA0025-scaled-740x420.jpg\" \/>\n\t<meta property=\"og:image:width\" content=\"2560\" \/>\n\t<meta property=\"og:image:height\" content=\"1289\" \/>\n\t<meta property=\"og:image:type\" content=\"image\/jpeg\" \/>\n<meta name=\"author\" content=\"admin\" \/>\n<meta name=\"twitter:card\" content=\"summary_large_image\" \/>\n<meta name=\"twitter:label1\" content=\"Yazan:\" \/>\n\t<meta name=\"twitter:data1\" content=\"admin\" \/>\n\t<meta name=\"twitter:label2\" content=\"Tahmini okuma s\u00fcresi\" \/>\n\t<meta name=\"twitter:data2\" content=\"1 dakika\" \/>\n<script type=\"application\/ld+json\" class=\"yoast-schema-graph\">{\"@context\":\"https:\\\/\\\/schema.org\",\"@graph\":[{\"@type\":\"Article\",\"@id\":\"https:\\\/\\\/kibrisdakik.com\\\/?p=69888#article\",\"isPartOf\":{\"@id\":\"https:\\\/\\\/kibrisdakik.com\\\/?p=69888\"},\"author\":{\"name\":\"admin\",\"@id\":\"https:\\\/\\\/kibrisdakik.com\\\/#\\\/schema\\\/person\\\/9cd9d437bbb44f72b73ba127e06d8e79\"},\"headline\":\"Tatar, Var\u015fova\u2019da Polonya Turizm Odas\u0131 yetkilileriyle bir araya geldi\",\"datePublished\":\"2024-11-23T18:03:50+00:00\",\"mainEntityOfPage\":{\"@id\":\"https:\\\/\\\/kibrisdakik.com\\\/?p=69888\"},\"wordCount\":195,\"commentCount\":0,\"image\":{\"@id\":\"https:\\\/\\\/kibrisdakik.com\\\/?p=69888#primaryimage\"},\"thumbnailUrl\":\"https:\\\/\\\/kibrisdakik.com\\\/wp-content\\\/uploads\\\/2024\\\/11\\\/IMG-20241123-WA0025-scaled-740x420.jpg\",\"articleSection\":[\"K\u0131br\u0131s\"],\"inLanguage\":\"tr\",\"potentialAction\":[{\"@type\":\"CommentAction\",\"name\":\"Comment\",\"target\":[\"https:\\\/\\\/kibrisdakik.com\\\/?p=69888#respond\"]}]},{\"@type\":\"WebPage\",\"@id\":\"https:\\\/\\\/kibrisdakik.com\\\/?p=69888\",\"url\":\"https:\\\/\\\/kibrisdakik.com\\\/?p=69888\",\"name\":\"Tatar, Var\u015fova\u2019da Polonya Turizm Odas\u0131 yetkilileriyle bir araya geldi -\",\"isPartOf\":{\"@id\":\"https:\\\/\\\/kibrisdakik.com\\\/#website\"},\"primaryImageOfPage\":{\"@id\":\"https:\\\/\\\/kibrisdakik.com\\\/?p=69888#primaryimage\"},\"image\":{\"@id\":\"https:\\\/\\\/kibrisdakik.com\\\/?p=69888#primaryimage\"},\"thumbnailUrl\":\"https:\\\/\\\/kibrisdakik.com\\\/wp-content\\\/uploads\\\/2024\\\/11\\\/IMG-20241123-WA0025-scaled-740x420.jpg\",\"datePublished\":\"2024-11-23T18:03:50+00:00\",\"author\":{\"@id\":\"https:\\\/\\\/kibrisdakik.com\\\/#\\\/schema\\\/person\\\/9cd9d437bbb44f72b73ba127e06d8e79\"},\"breadcrumb\":{\"@id\":\"https:\\\/\\\/kibrisdakik.com\\\/?p=69888#breadcrumb\"},\"inLanguage\":\"tr\",\"potentialAction\":[{\"@type\":\"ReadAction\",\"target\":[\"https:\\\/\\\/kibrisdakik.com\\\/?p=69888\"]}]},{\"@type\":\"ImageObject\",\"inLanguage\":\"tr\",\"@id\":\"https:\\\/\\\/kibrisdakik.com\\\/?p=69888#primaryimage\",\"url\":\"https:\\\/\\\/kibrisdakik.com\\\/wp-content\\\/uploads\\\/2024\\\/11\\\/IMG-20241123-WA0025-scaled-740x420.jpg\",\"contentUrl\":\"https:\\\/\\\/kibrisdakik.com\\\/wp-content\\\/uploads\\\/2024\\\/11\\\/IMG-20241123-WA0025-scaled-740x420.jpg\",\"width\":2560,\"height\":1289},{\"@type\":\"BreadcrumbList\",\"@id\":\"https:\\\/\\\/kibrisdakik.com\\\/?p=69888#breadcrumb\",\"itemListElement\":[{\"@type\":\"ListItem\",\"position\":1,\"name\":\"Home\",\"item\":\"https:\\\/\\\/kibrisdakik.com\\\/\"},{\"@type\":\"ListItem\",\"position\":2,\"name\":\"Tatar, Var\u015fova\u2019da Polonya Turizm Odas\u0131 yetkilileriyle bir araya geldi\"}]},{\"@type\":\"WebSite\",\"@id\":\"https:\\\/\\\/kibrisdakik.com\\\/#website\",\"url\":\"https:\\\/\\\/kibrisdakik.com\\\/\",\"name\":\"\",\"description\":\"Tam vaktinde haber\",\"potentialAction\":[{\"@type\":\"SearchAction\",\"target\":{\"@type\":\"EntryPoint\",\"urlTemplate\":\"https:\\\/\\\/kibrisdakik.com\\\/?s={search_term_string}\"},\"query-input\":{\"@type\":\"PropertyValueSpecification\",\"valueRequired\":true,\"valueName\":\"search_term_string\"}}],\"inLanguage\":\"tr\"},{\"@type\":\"Person\",\"@id\":\"https:\\\/\\\/kibrisdakik.com\\\/#\\\/schema\\\/person\\\/9cd9d437bbb44f72b73ba127e06d8e79\",\"name\":\"admin\",\"image\":{\"@type\":\"ImageObject\",\"inLanguage\":\"tr\",\"@id\":\"https:\\\/\\\/secure.gravatar.com\\\/avatar\\\/ccc17943b9d660506c869530f897617f7cb1c21a4bf30023f252596d83e1f007?s=96&d=mm&r=g\",\"url\":\"https:\\\/\\\/secure.gravatar.com\\\/avatar\\\/ccc17943b9d660506c869530f897617f7cb1c21a4bf30023f252596d83e1f007?s=96&d=mm&r=g\",\"contentUrl\":\"https:\\\/\\\/secure.gravatar.com\\\/avatar\\\/ccc17943b9d660506c869530f897617f7cb1c21a4bf30023f252596d83e1f007?s=96&d=mm&r=g\",\"caption\":\"admin\"},\"sameAs\":[\"https:\\\/\\\/kibrisdakik.com\"],\"url\":\"https:\\\/\\\/kibrisdakik.com\\\/?author=1\"}]}<\/script>\n<!-- \/ Yoast SEO plugin. -->","yoast_head_json":{"title":"Tatar, Var\u015fova\u2019da Polonya Turizm Odas\u0131 yetkilileriyle bir araya geldi -","robots":{"index":"index","follow":"follow","max-snippet":"max-snippet:-1","max-image-preview":"max-image-preview:large","max-video-preview":"max-video-preview:-1"},"canonical":"https:\/\/kibrisdakik.com\/?p=69888","og_locale":"tr_TR","og_type":"article","og_title":"Tatar, Var\u015fova\u2019da Polonya Turizm Odas\u0131 yetkilileriyle bir araya geldi -","og_description":"Cumhurba\u015fkan\u0131 Ersin Tatar, Polonya\u2019n\u0131n ba\u015fkenti Var\u015fova\u2019da Polonya Turizm Odas\u0131 yetkilileriyle bir araya geldi. Cumhurba\u015fkan\u0131 Ersin Tatar, Polonya temaslar\u0131 kapsam\u0131nda, Polonya Turizm Odas\u0131 Ba\u015fkan\u0131 Pawel Niewiadomski ve Turizm Odas\u0131 Genel Sekreteri Pawel Radolinski ile bir araya geldi. Cumhurba\u015fkan\u0131 Tatar, turizmin, k\u00fclt\u00fcrlerin ve insanlar\u0131n kayna\u015fmas\u0131 oldu\u011funu belirterek, \u00fclkemizin Do\u011fu Akdeniz\u2019de yer alan \u0131l\u0131man iklimli, zengin k\u00fclt\u00fcrel mirasa","og_url":"https:\/\/kibrisdakik.com\/?p=69888","article_published_time":"2024-11-23T18:03:50+00:00","og_image":[{"width":2560,"height":1289,"url":"https:\/\/kibrisdakik.com\/wp-content\/uploads\/2024\/11\/IMG-20241123-WA0025-scaled-740x420.jpg","type":"image\/jpeg"}],"author":"admin","twitter_card":"summary_large_image","twitter_misc":{"Yazan:":"admin","Tahmini okuma s\u00fcresi":"1 dakika"},"schema":{"@context":"https:\/\/schema.org","@graph":[{"@type":"Article","@id":"https:\/\/kibrisdakik.com\/?p=69888#article","isPartOf":{"@id":"https:\/\/kibrisdakik.com\/?p=69888"},"author":{"name":"admin","@id":"https:\/\/kibrisdakik.com\/#\/schema\/person\/9cd9d437bbb44f72b73ba127e06d8e79"},"headline":"Tatar, Var\u015fova\u2019da Polonya Turizm Odas\u0131 yetkilileriyle bir araya geldi","datePublished":"2024-11-23T18:03:50+00:00","mainEntityOfPage":{"@id":"https:\/\/kibrisdakik.com\/?p=69888"},"wordCount":195,"commentCount":0,"image":{"@id":"https:\/\/kibrisdakik.com\/?p=69888#primaryimage"},"thumbnailUrl":"https:\/\/kibrisdakik.com\/wp-content\/uploads\/2024\/11\/IMG-20241123-WA0025-scaled-740x420.jpg","articleSection":["K\u0131br\u0131s"],"inLanguage":"tr","potentialAction":[{"@type":"CommentAction","name":"Comment","target":["https:\/\/kibrisdakik.com\/?p=69888#respond"]}]},{"@type":"WebPage","@id":"https:\/\/kibrisdakik.com\/?p=69888","url":"https:\/\/kibrisdakik.com\/?p=69888","name":"Tatar, Var\u015fova\u2019da Polonya Turizm Odas\u0131 yetkilileriyle bir araya geldi -","isPartOf":{"@id":"https:\/\/kibrisdakik.com\/#website"},"primaryImageOfPage":{"@id":"https:\/\/kibrisdakik.com\/?p=69888#primaryimage"},"image":{"@id":"https:\/\/kibrisdakik.com\/?p=69888#primaryimage"},"thumbnailUrl":"https:\/\/kibrisdakik.com\/wp-content\/uploads\/2024\/11\/IMG-20241123-WA0025-scaled-740x420.jpg","datePublished":"2024-11-23T18:03:50+00:00","author":{"@id":"https:\/\/kibrisdakik.com\/#\/schema\/person\/9cd9d437bbb44f72b73ba127e06d8e79"},"breadcrumb":{"@id":"https:\/\/kibrisdakik.com\/?p=69888#breadcrumb"},"inLanguage":"tr","potentialAction":[{"@type":"ReadAction","target":["https:\/\/kibrisdakik.com\/?p=69888"]}]},{"@type":"ImageObject","inLanguage":"tr","@id":"https:\/\/kibrisdakik.com\/?p=69888#primaryimage","url":"https:\/\/kibrisdakik.com\/wp-content\/uploads\/2024\/11\/IMG-20241123-WA0025-scaled-740x420.jpg","contentUrl":"https:\/\/kibrisdakik.com\/wp-content\/uploads\/2024\/11\/IMG-20241123-WA0025-scaled-740x420.jpg","width":2560,"height":1289},{"@type":"BreadcrumbList","@id":"https:\/\/kibrisdakik.com\/?p=69888#breadcrumb","itemListElement":[{"@type":"ListItem","position":1,"name":"Home","item":"https:\/\/kibrisdakik.com\/"},{"@type":"ListItem","position":2,"name":"Tatar, Var\u015fova\u2019da Polonya Turizm Odas\u0131 yetkilileriyle bir araya geldi"}]},{"@type":"WebSite","@id":"https:\/\/kibrisdakik.com\/#website","url":"https:\/\/kibrisdakik.com\/","name":"","description":"Tam vaktinde haber","potentialAction":[{"@type":"SearchAction","target":{"@type":"EntryPoint","urlTemplate":"https:\/\/kibrisdakik.com\/?s={search_term_string}"},"query-input":{"@type":"PropertyValueSpecification","valueRequired":true,"valueName":"search_term_string"}}],"inLanguage":"tr"},{"@type":"Person","@id":"https:\/\/kibrisdakik.com\/#\/schema\/person\/9cd9d437bbb44f72b73ba127e06d8e79","name":"admin","image":{"@type":"ImageObject","inLanguage":"tr","@id":"https:\/\/secure.gravatar.com\/avatar\/ccc17943b9d660506c869530f897617f7cb1c21a4bf30023f252596d83e1f007?s=96&d=mm&r=g","url":"https:\/\/secure.gravatar.com\/avatar\/ccc17943b9d660506c869530f897617f7cb1c21a4bf30023f252596d83e1f007?s=96&d=mm&r=g","contentUrl":"https:\/\/secure.gravatar.com\/avatar\/ccc17943b9d660506c869530f897617f7cb1c21a4bf30023f252596d83e1f007?s=96&d=mm&r=g","caption":"admin"},"sameAs":["https:\/\/kibrisdakik.com"],"url":"https:\/\/kibrisdakik.com\/?author=1"}]}},"_links":{"self":[{"href":"https:\/\/kibrisdakik.com\/index.php?rest_route=\/wp\/v2\/posts\/69888","targetHints":{"allow":["GET"]}}],"collection":[{"href":"https:\/\/kibrisdakik.com\/index.php?rest_route=\/wp\/v2\/posts"}],"about":[{"href":"https:\/\/kibrisdakik.com\/index.php?rest_route=\/wp\/v2\/types\/post"}],"author":[{"embeddable":true,"href":"https:\/\/kibrisdakik.com\/index.php?rest_route=\/wp\/v2\/users\/1"}],"replies":[{"embeddable":true,"href":"https:\/\/kibrisdakik.com\/index.php?rest_route=%2Fwp%2Fv2%2Fcomments&post=69888"}],"version-history":[{"count":0,"href":"https:\/\/kibrisdakik.com\/index.php?rest_route=\/wp\/v2\/posts\/69888\/revisions"}],"wp:featuredmedia":[{"embeddable":true,"href":"https:\/\/kibrisdakik.com\/index.php?rest_route=\/wp\/v2\/media\/69889"}],"wp:attachment":[{"href":"https:\/\/kibrisdakik.com\/index.php?rest_route=%2Fwp%2Fv2%2Fmedia&parent=69888"}],"wp:term":[{"taxonomy":"category","embeddable":true,"href":"https:\/\/kibrisdakik.com\/index.php?rest_route=%2Fwp%2Fv2%2Fcategories&post=69888"},{"taxonomy":"post_tag","embeddable":true,"href":"https:\/\/kibrisdakik.com\/index.php?rest_route=%2Fwp%2Fv2%2Ftags&post=69888"}],"curies":[{"name":"wp","href":"https:\/\/api.w.org\/{rel}","templated":true}]}}