{"id":69911,"date":"2024-11-24T12:28:11","date_gmt":"2024-11-24T09:28:11","guid":{"rendered":"https:\/\/kibrisdakik.com\/index.php\/2024\/11\/24\/saglik-bakani-dincyurek-24-kasim-ogretmenler-gunu-nedeniyle-mesaj-yayimladi\/"},"modified":"2024-11-24T12:28:11","modified_gmt":"2024-11-24T09:28:11","slug":"saglik-bakani-dincyurek-24-kasim-ogretmenler-gunu-nedeniyle-mesaj-yayimladi","status":"publish","type":"post","link":"https:\/\/kibrisdakik.com\/?p=69911","title":{"rendered":"Sa\u011fl\u0131k Bakan\u0131 Din\u00e7y\u00fcrek 24 Kas\u0131m \u00d6\u011fretmenler G\u00fcn\u00fc nedeniyle mesaj yay\u0131mlad\u0131"},"content":{"rendered":"<div>\n<div class=\"mariselle-image-container center\">\n                                            <\/div>\n<p>Sa\u011fl\u0131k Bakan\u0131 Dr.Hakan Din\u00e7y\u00fcrek 24 Kas\u0131m \u00d6\u011fretmenler G\u00fcn\u00fc nedeniyle mesaj yay\u0131mlad\u0131. <\/p>\n<p>Din\u00e7y\u00fcrek \u015fu ifadelerde bulundu ; <\/p>\n<p>\u2018Bug\u00fcn, \u00fclkemizin ayd\u0131nl\u0131k gelece\u011fini in\u015fa eden, bilgileriyle, sab\u0131rlar\u0131yla ve emekleriyle nesiller yeti\u015ftiren siz de\u011ferli \u00f6\u011fretmenlerimizin g\u00fcn\u00fc olan 24 Kas\u0131m \u00d6\u011fretmenler G\u00fcn\u00fc\u2019n\u00fc en i\u00e7ten duygular\u0131mla kutluyorum.<\/p>\n<p>Ba\u015fta Ba\u015f\u00f6\u011fretmen Mustafa Kemal Atat\u00fcrk olmak \u00fczere, ebediyete intikal etmi\u015f t\u00fcm \u00f6\u011fretmenlerimizi rahmet ve minnetle an\u0131yor, emekli ve g\u00f6revdeki t\u00fcm \u00f6\u011fretmenlerimize sa\u011fl\u0131kl\u0131 g\u00fcnler diliyorum.<\/p>\n<p>\u00d6\u011fretmenler G\u00fcn\u00fc\u2019n\u00fcz kutlu olsun. \u2018<\/p>\n<\/p><\/div>\n<p><script async\n                    defer\n                    crossorigin=\"anonymous\"\n                    src=\"https:\/\/connect.facebook.net\/tr_TR\/sdk.js#xfbml=1&#038;version=v3.3\"\n            ><\/script><\/p>\n","protected":false},"excerpt":{"rendered":"<p>Sa\u011fl\u0131k Bakan\u0131 Dr.Hakan Din\u00e7y\u00fcrek 24 Kas\u0131m \u00d6\u011fretmenler G\u00fcn\u00fc nedeniyle mesaj yay\u0131mlad\u0131. Din\u00e7y\u00fcrek \u015fu ifadelerde bulundu ; \u2018Bug\u00fcn, \u00fclkemizin ayd\u0131nl\u0131k gelece\u011fini in\u015fa eden, bilgileriyle, sab\u0131rlar\u0131yla ve emekleriyle nesiller yeti\u015ftiren siz de\u011ferli \u00f6\u011fretmenlerimizin g\u00fcn\u00fc olan 24 Kas\u0131m \u00d6\u011fretmenler G\u00fcn\u00fc\u2019n\u00fc en i\u00e7ten duygular\u0131mla kutluyorum. Ba\u015fta Ba\u015f\u00f6\u011fretmen Mustafa Kemal Atat\u00fcrk olmak \u00fczere, ebediyete intikal etmi\u015f t\u00fcm \u00f6\u011fretmenlerimizi rahmet ve<\/p>\n","protected":false},"author":1,"featured_media":68240,"comment_status":"open","ping_status":"open","sticky":false,"template":"","format":"standard","meta":{"footnotes":""},"categories":[81],"tags":[],"class_list":["post-69911","post","type-post","status-publish","format-standard","has-post-thumbnail","hentry","category-kibris"],"yoast_head":"<!-- This site is optimized with the Yoast SEO plugin v27.4 - https:\/\/yoast.com\/product\/yoast-seo-wordpress\/ -->\n<title>Sa\u011fl\u0131k Bakan\u0131 Din\u00e7y\u00fcrek 24 Kas\u0131m \u00d6\u011fretmenler G\u00fcn\u00fc nedeniyle mesaj yay\u0131mlad\u0131 -<\/title>\n<meta name=\"robots\" content=\"index, follow, max-snippet:-1, max-image-preview:large, max-video-preview:-1\" \/>\n<link rel=\"canonical\" href=\"https:\/\/kibrisdakik.com\/?p=69911\" \/>\n<meta property=\"og:locale\" content=\"tr_TR\" \/>\n<meta property=\"og:type\" content=\"article\" \/>\n<meta property=\"og:title\" content=\"Sa\u011fl\u0131k Bakan\u0131 Din\u00e7y\u00fcrek 24 Kas\u0131m \u00d6\u011fretmenler G\u00fcn\u00fc nedeniyle mesaj yay\u0131mlad\u0131 -\" \/>\n<meta property=\"og:description\" content=\"Sa\u011fl\u0131k Bakan\u0131 Dr.Hakan Din\u00e7y\u00fcrek 24 Kas\u0131m \u00d6\u011fretmenler G\u00fcn\u00fc nedeniyle mesaj yay\u0131mlad\u0131. Din\u00e7y\u00fcrek \u015fu ifadelerde bulundu ; \u2018Bug\u00fcn, \u00fclkemizin ayd\u0131nl\u0131k gelece\u011fini in\u015fa eden, bilgileriyle, sab\u0131rlar\u0131yla ve emekleriyle nesiller yeti\u015ftiren siz de\u011ferli \u00f6\u011fretmenlerimizin g\u00fcn\u00fc olan 24 Kas\u0131m \u00d6\u011fretmenler G\u00fcn\u00fc\u2019n\u00fc en i\u00e7ten duygular\u0131mla kutluyorum. Ba\u015fta Ba\u015f\u00f6\u011fretmen Mustafa Kemal Atat\u00fcrk olmak \u00fczere, ebediyete intikal etmi\u015f t\u00fcm \u00f6\u011fretmenlerimizi rahmet ve\" \/>\n<meta property=\"og:url\" content=\"https:\/\/kibrisdakik.com\/?p=69911\" \/>\n<meta property=\"article:published_time\" content=\"2024-11-24T09:28:11+00:00\" \/>\n<meta property=\"og:image\" content=\"https:\/\/kibrisdakik.com\/wp-content\/uploads\/2024\/11\/saglik-bakani-dincyurek-740x420.jpg\" \/>\n\t<meta property=\"og:image:width\" content=\"960\" \/>\n\t<meta property=\"og:image:height\" content=\"688\" \/>\n\t<meta property=\"og:image:type\" content=\"image\/jpeg\" \/>\n<meta name=\"author\" content=\"admin\" \/>\n<meta name=\"twitter:card\" content=\"summary_large_image\" \/>\n<meta name=\"twitter:label1\" content=\"Yazan:\" \/>\n\t<meta name=\"twitter:data1\" content=\"admin\" \/>\n\t<meta name=\"twitter:label2\" content=\"Tahmini okuma s\u00fcresi\" \/>\n\t<meta name=\"twitter:data2\" content=\"1 dakika\" \/>\n<script type=\"application\/ld+json\" class=\"yoast-schema-graph\">{\"@context\":\"https:\\\/\\\/schema.org\",\"@graph\":[{\"@type\":\"Article\",\"@id\":\"https:\\\/\\\/kibrisdakik.com\\\/?p=69911#article\",\"isPartOf\":{\"@id\":\"https:\\\/\\\/kibrisdakik.com\\\/?p=69911\"},\"author\":{\"name\":\"admin\",\"@id\":\"https:\\\/\\\/kibrisdakik.com\\\/#\\\/schema\\\/person\\\/9cd9d437bbb44f72b73ba127e06d8e79\"},\"headline\":\"Sa\u011fl\u0131k Bakan\u0131 Din\u00e7y\u00fcrek 24 Kas\u0131m \u00d6\u011fretmenler G\u00fcn\u00fc nedeniyle mesaj yay\u0131mlad\u0131\",\"datePublished\":\"2024-11-24T09:28:11+00:00\",\"mainEntityOfPage\":{\"@id\":\"https:\\\/\\\/kibrisdakik.com\\\/?p=69911\"},\"wordCount\":120,\"commentCount\":0,\"image\":{\"@id\":\"https:\\\/\\\/kibrisdakik.com\\\/?p=69911#primaryimage\"},\"thumbnailUrl\":\"https:\\\/\\\/kibrisdakik.com\\\/wp-content\\\/uploads\\\/2024\\\/11\\\/saglik-bakani-dincyurek-740x420.jpg\",\"articleSection\":[\"K\u0131br\u0131s\"],\"inLanguage\":\"tr\",\"potentialAction\":[{\"@type\":\"CommentAction\",\"name\":\"Comment\",\"target\":[\"https:\\\/\\\/kibrisdakik.com\\\/?p=69911#respond\"]}]},{\"@type\":\"WebPage\",\"@id\":\"https:\\\/\\\/kibrisdakik.com\\\/?p=69911\",\"url\":\"https:\\\/\\\/kibrisdakik.com\\\/?p=69911\",\"name\":\"Sa\u011fl\u0131k Bakan\u0131 Din\u00e7y\u00fcrek 24 Kas\u0131m \u00d6\u011fretmenler G\u00fcn\u00fc nedeniyle mesaj yay\u0131mlad\u0131 -\",\"isPartOf\":{\"@id\":\"https:\\\/\\\/kibrisdakik.com\\\/#website\"},\"primaryImageOfPage\":{\"@id\":\"https:\\\/\\\/kibrisdakik.com\\\/?p=69911#primaryimage\"},\"image\":{\"@id\":\"https:\\\/\\\/kibrisdakik.com\\\/?p=69911#primaryimage\"},\"thumbnailUrl\":\"https:\\\/\\\/kibrisdakik.com\\\/wp-content\\\/uploads\\\/2024\\\/11\\\/saglik-bakani-dincyurek-740x420.jpg\",\"datePublished\":\"2024-11-24T09:28:11+00:00\",\"author\":{\"@id\":\"https:\\\/\\\/kibrisdakik.com\\\/#\\\/schema\\\/person\\\/9cd9d437bbb44f72b73ba127e06d8e79\"},\"breadcrumb\":{\"@id\":\"https:\\\/\\\/kibrisdakik.com\\\/?p=69911#breadcrumb\"},\"inLanguage\":\"tr\",\"potentialAction\":[{\"@type\":\"ReadAction\",\"target\":[\"https:\\\/\\\/kibrisdakik.com\\\/?p=69911\"]}]},{\"@type\":\"ImageObject\",\"inLanguage\":\"tr\",\"@id\":\"https:\\\/\\\/kibrisdakik.com\\\/?p=69911#primaryimage\",\"url\":\"https:\\\/\\\/kibrisdakik.com\\\/wp-content\\\/uploads\\\/2024\\\/11\\\/saglik-bakani-dincyurek-740x420.jpg\",\"contentUrl\":\"https:\\\/\\\/kibrisdakik.com\\\/wp-content\\\/uploads\\\/2024\\\/11\\\/saglik-bakani-dincyurek-740x420.jpg\",\"width\":960,\"height\":688},{\"@type\":\"BreadcrumbList\",\"@id\":\"https:\\\/\\\/kibrisdakik.com\\\/?p=69911#breadcrumb\",\"itemListElement\":[{\"@type\":\"ListItem\",\"position\":1,\"name\":\"Home\",\"item\":\"https:\\\/\\\/kibrisdakik.com\\\/\"},{\"@type\":\"ListItem\",\"position\":2,\"name\":\"Sa\u011fl\u0131k Bakan\u0131 Din\u00e7y\u00fcrek 24 Kas\u0131m \u00d6\u011fretmenler G\u00fcn\u00fc nedeniyle mesaj yay\u0131mlad\u0131\"}]},{\"@type\":\"WebSite\",\"@id\":\"https:\\\/\\\/kibrisdakik.com\\\/#website\",\"url\":\"https:\\\/\\\/kibrisdakik.com\\\/\",\"name\":\"\",\"description\":\"Tam vaktinde haber\",\"potentialAction\":[{\"@type\":\"SearchAction\",\"target\":{\"@type\":\"EntryPoint\",\"urlTemplate\":\"https:\\\/\\\/kibrisdakik.com\\\/?s={search_term_string}\"},\"query-input\":{\"@type\":\"PropertyValueSpecification\",\"valueRequired\":true,\"valueName\":\"search_term_string\"}}],\"inLanguage\":\"tr\"},{\"@type\":\"Person\",\"@id\":\"https:\\\/\\\/kibrisdakik.com\\\/#\\\/schema\\\/person\\\/9cd9d437bbb44f72b73ba127e06d8e79\",\"name\":\"admin\",\"image\":{\"@type\":\"ImageObject\",\"inLanguage\":\"tr\",\"@id\":\"https:\\\/\\\/secure.gravatar.com\\\/avatar\\\/ccc17943b9d660506c869530f897617f7cb1c21a4bf30023f252596d83e1f007?s=96&d=mm&r=g\",\"url\":\"https:\\\/\\\/secure.gravatar.com\\\/avatar\\\/ccc17943b9d660506c869530f897617f7cb1c21a4bf30023f252596d83e1f007?s=96&d=mm&r=g\",\"contentUrl\":\"https:\\\/\\\/secure.gravatar.com\\\/avatar\\\/ccc17943b9d660506c869530f897617f7cb1c21a4bf30023f252596d83e1f007?s=96&d=mm&r=g\",\"caption\":\"admin\"},\"sameAs\":[\"https:\\\/\\\/kibrisdakik.com\"],\"url\":\"https:\\\/\\\/kibrisdakik.com\\\/?author=1\"}]}<\/script>\n<!-- \/ Yoast SEO plugin. -->","yoast_head_json":{"title":"Sa\u011fl\u0131k Bakan\u0131 Din\u00e7y\u00fcrek 24 Kas\u0131m \u00d6\u011fretmenler G\u00fcn\u00fc nedeniyle mesaj yay\u0131mlad\u0131 -","robots":{"index":"index","follow":"follow","max-snippet":"max-snippet:-1","max-image-preview":"max-image-preview:large","max-video-preview":"max-video-preview:-1"},"canonical":"https:\/\/kibrisdakik.com\/?p=69911","og_locale":"tr_TR","og_type":"article","og_title":"Sa\u011fl\u0131k Bakan\u0131 Din\u00e7y\u00fcrek 24 Kas\u0131m \u00d6\u011fretmenler G\u00fcn\u00fc nedeniyle mesaj yay\u0131mlad\u0131 -","og_description":"Sa\u011fl\u0131k Bakan\u0131 Dr.Hakan Din\u00e7y\u00fcrek 24 Kas\u0131m \u00d6\u011fretmenler G\u00fcn\u00fc nedeniyle mesaj yay\u0131mlad\u0131. Din\u00e7y\u00fcrek \u015fu ifadelerde bulundu ; \u2018Bug\u00fcn, \u00fclkemizin ayd\u0131nl\u0131k gelece\u011fini in\u015fa eden, bilgileriyle, sab\u0131rlar\u0131yla ve emekleriyle nesiller yeti\u015ftiren siz de\u011ferli \u00f6\u011fretmenlerimizin g\u00fcn\u00fc olan 24 Kas\u0131m \u00d6\u011fretmenler G\u00fcn\u00fc\u2019n\u00fc en i\u00e7ten duygular\u0131mla kutluyorum. Ba\u015fta Ba\u015f\u00f6\u011fretmen Mustafa Kemal Atat\u00fcrk olmak \u00fczere, ebediyete intikal etmi\u015f t\u00fcm \u00f6\u011fretmenlerimizi rahmet ve","og_url":"https:\/\/kibrisdakik.com\/?p=69911","article_published_time":"2024-11-24T09:28:11+00:00","og_image":[{"width":960,"height":688,"url":"https:\/\/kibrisdakik.com\/wp-content\/uploads\/2024\/11\/saglik-bakani-dincyurek-740x420.jpg","type":"image\/jpeg"}],"author":"admin","twitter_card":"summary_large_image","twitter_misc":{"Yazan:":"admin","Tahmini okuma s\u00fcresi":"1 dakika"},"schema":{"@context":"https:\/\/schema.org","@graph":[{"@type":"Article","@id":"https:\/\/kibrisdakik.com\/?p=69911#article","isPartOf":{"@id":"https:\/\/kibrisdakik.com\/?p=69911"},"author":{"name":"admin","@id":"https:\/\/kibrisdakik.com\/#\/schema\/person\/9cd9d437bbb44f72b73ba127e06d8e79"},"headline":"Sa\u011fl\u0131k Bakan\u0131 Din\u00e7y\u00fcrek 24 Kas\u0131m \u00d6\u011fretmenler G\u00fcn\u00fc nedeniyle mesaj yay\u0131mlad\u0131","datePublished":"2024-11-24T09:28:11+00:00","mainEntityOfPage":{"@id":"https:\/\/kibrisdakik.com\/?p=69911"},"wordCount":120,"commentCount":0,"image":{"@id":"https:\/\/kibrisdakik.com\/?p=69911#primaryimage"},"thumbnailUrl":"https:\/\/kibrisdakik.com\/wp-content\/uploads\/2024\/11\/saglik-bakani-dincyurek-740x420.jpg","articleSection":["K\u0131br\u0131s"],"inLanguage":"tr","potentialAction":[{"@type":"CommentAction","name":"Comment","target":["https:\/\/kibrisdakik.com\/?p=69911#respond"]}]},{"@type":"WebPage","@id":"https:\/\/kibrisdakik.com\/?p=69911","url":"https:\/\/kibrisdakik.com\/?p=69911","name":"Sa\u011fl\u0131k Bakan\u0131 Din\u00e7y\u00fcrek 24 Kas\u0131m \u00d6\u011fretmenler G\u00fcn\u00fc nedeniyle mesaj yay\u0131mlad\u0131 -","isPartOf":{"@id":"https:\/\/kibrisdakik.com\/#website"},"primaryImageOfPage":{"@id":"https:\/\/kibrisdakik.com\/?p=69911#primaryimage"},"image":{"@id":"https:\/\/kibrisdakik.com\/?p=69911#primaryimage"},"thumbnailUrl":"https:\/\/kibrisdakik.com\/wp-content\/uploads\/2024\/11\/saglik-bakani-dincyurek-740x420.jpg","datePublished":"2024-11-24T09:28:11+00:00","author":{"@id":"https:\/\/kibrisdakik.com\/#\/schema\/person\/9cd9d437bbb44f72b73ba127e06d8e79"},"breadcrumb":{"@id":"https:\/\/kibrisdakik.com\/?p=69911#breadcrumb"},"inLanguage":"tr","potentialAction":[{"@type":"ReadAction","target":["https:\/\/kibrisdakik.com\/?p=69911"]}]},{"@type":"ImageObject","inLanguage":"tr","@id":"https:\/\/kibrisdakik.com\/?p=69911#primaryimage","url":"https:\/\/kibrisdakik.com\/wp-content\/uploads\/2024\/11\/saglik-bakani-dincyurek-740x420.jpg","contentUrl":"https:\/\/kibrisdakik.com\/wp-content\/uploads\/2024\/11\/saglik-bakani-dincyurek-740x420.jpg","width":960,"height":688},{"@type":"BreadcrumbList","@id":"https:\/\/kibrisdakik.com\/?p=69911#breadcrumb","itemListElement":[{"@type":"ListItem","position":1,"name":"Home","item":"https:\/\/kibrisdakik.com\/"},{"@type":"ListItem","position":2,"name":"Sa\u011fl\u0131k Bakan\u0131 Din\u00e7y\u00fcrek 24 Kas\u0131m \u00d6\u011fretmenler G\u00fcn\u00fc nedeniyle mesaj yay\u0131mlad\u0131"}]},{"@type":"WebSite","@id":"https:\/\/kibrisdakik.com\/#website","url":"https:\/\/kibrisdakik.com\/","name":"","description":"Tam vaktinde haber","potentialAction":[{"@type":"SearchAction","target":{"@type":"EntryPoint","urlTemplate":"https:\/\/kibrisdakik.com\/?s={search_term_string}"},"query-input":{"@type":"PropertyValueSpecification","valueRequired":true,"valueName":"search_term_string"}}],"inLanguage":"tr"},{"@type":"Person","@id":"https:\/\/kibrisdakik.com\/#\/schema\/person\/9cd9d437bbb44f72b73ba127e06d8e79","name":"admin","image":{"@type":"ImageObject","inLanguage":"tr","@id":"https:\/\/secure.gravatar.com\/avatar\/ccc17943b9d660506c869530f897617f7cb1c21a4bf30023f252596d83e1f007?s=96&d=mm&r=g","url":"https:\/\/secure.gravatar.com\/avatar\/ccc17943b9d660506c869530f897617f7cb1c21a4bf30023f252596d83e1f007?s=96&d=mm&r=g","contentUrl":"https:\/\/secure.gravatar.com\/avatar\/ccc17943b9d660506c869530f897617f7cb1c21a4bf30023f252596d83e1f007?s=96&d=mm&r=g","caption":"admin"},"sameAs":["https:\/\/kibrisdakik.com"],"url":"https:\/\/kibrisdakik.com\/?author=1"}]}},"_links":{"self":[{"href":"https:\/\/kibrisdakik.com\/index.php?rest_route=\/wp\/v2\/posts\/69911","targetHints":{"allow":["GET"]}}],"collection":[{"href":"https:\/\/kibrisdakik.com\/index.php?rest_route=\/wp\/v2\/posts"}],"about":[{"href":"https:\/\/kibrisdakik.com\/index.php?rest_route=\/wp\/v2\/types\/post"}],"author":[{"embeddable":true,"href":"https:\/\/kibrisdakik.com\/index.php?rest_route=\/wp\/v2\/users\/1"}],"replies":[{"embeddable":true,"href":"https:\/\/kibrisdakik.com\/index.php?rest_route=%2Fwp%2Fv2%2Fcomments&post=69911"}],"version-history":[{"count":0,"href":"https:\/\/kibrisdakik.com\/index.php?rest_route=\/wp\/v2\/posts\/69911\/revisions"}],"wp:featuredmedia":[{"embeddable":true,"href":"https:\/\/kibrisdakik.com\/index.php?rest_route=\/wp\/v2\/media\/68240"}],"wp:attachment":[{"href":"https:\/\/kibrisdakik.com\/index.php?rest_route=%2Fwp%2Fv2%2Fmedia&parent=69911"}],"wp:term":[{"taxonomy":"category","embeddable":true,"href":"https:\/\/kibrisdakik.com\/index.php?rest_route=%2Fwp%2Fv2%2Fcategories&post=69911"},{"taxonomy":"post_tag","embeddable":true,"href":"https:\/\/kibrisdakik.com\/index.php?rest_route=%2Fwp%2Fv2%2Ftags&post=69911"}],"curies":[{"name":"wp","href":"https:\/\/api.w.org\/{rel}","templated":true}]}}