{"id":69916,"date":"2024-11-24T15:12:51","date_gmt":"2024-11-24T12:12:51","guid":{"rendered":"https:\/\/kibrisdakik.com\/index.php\/2024\/11\/24\/25-kasim-kadina-yonelik-siddetle-uluslararasi-mucadele-gunu-yuruyusu-yarin-dereboyunda\/"},"modified":"2024-11-24T15:12:51","modified_gmt":"2024-11-24T12:12:51","slug":"25-kasim-kadina-yonelik-siddetle-uluslararasi-mucadele-gunu-yuruyusu-yarin-dereboyunda","status":"publish","type":"post","link":"https:\/\/kibrisdakik.com\/?p=69916","title":{"rendered":"25 Kas\u0131m Kad\u0131na Y\u00f6nelik \u015eiddetle Uluslararas\u0131 M\u00fccadele G\u00fcn\u00fc y\u00fcr\u00fcy\u00fc\u015f\u00fc yar\u0131n Dereboyu\u2019nda"},"content":{"rendered":"<div>\n<div class=\"mariselle-image-container center\">\n                                            <\/div>\n<p>\n25 Kas\u0131m Kad\u0131na Y\u00f6nelik \u015eiddetle Uluslararas\u0131 M\u00fccadele G\u00fcn\u00fc nedeniyle, 25 Kas\u0131m Organizasyon Komitesi yar\u0131n ak\u015fam 17.30\u2019da Dereboyu\u2019nda y\u00fcr\u00fcy\u00fc\u015f ger\u00e7ekle\u015ftirecek. <\/p>\n<p>Baraka K\u00fclt\u00fcr Merkezi yapt\u0131\u011f\u0131 yaz\u0131l\u0131 a\u00e7\u0131klamada, bile\u015feni oldu\u011fu ve baz\u0131 siyasi parti ve sivil toplum \u00f6rg\u00fctlerinin olu\u015fturdu\u011fu \u201c25 Kas\u0131m Organizasyon Komitesi\u201dnin d\u00fczenleyece\u011fi gece y\u00fcr\u00fcy\u00fc\u015f\u00fcne t\u00fcm halk\u0131n davetli oldu\u011funu bildirdi.<\/p>\n<p>Baraka Y\u00f6netim Kurulu \u00dcyesi Zekiye \u015eent\u00fcrkler, gece y\u00fcr\u00fcy\u00fc\u015f\u00fcn\u00fcn Kumsal Park\u0131\u2019n\u0131n Dereboyu giri\u015finde saat 17.30\u2019da ba\u015flayaca\u011f\u0131n\u0131 ve buradan Cumhuriyet Meclisi\u2019ne y\u00fcr\u00fcnece\u011fini belirterek, t\u00fcm halk\u0131 y\u00fcr\u00fcy\u00fc\u015fe kat\u0131lmaya \u00e7a\u011f\u0131rd\u0131.<\/p>\n<\/p><\/div>\n<p><script async\n                    defer\n                    crossorigin=\"anonymous\"\n                    src=\"https:\/\/connect.facebook.net\/tr_TR\/sdk.js#xfbml=1&#038;version=v3.3\"\n            ><\/script><\/p>\n","protected":false},"excerpt":{"rendered":"<p>25 Kas\u0131m Kad\u0131na Y\u00f6nelik \u015eiddetle Uluslararas\u0131 M\u00fccadele G\u00fcn\u00fc nedeniyle, 25 Kas\u0131m Organizasyon Komitesi yar\u0131n ak\u015fam 17.30\u2019da Dereboyu\u2019nda y\u00fcr\u00fcy\u00fc\u015f ger\u00e7ekle\u015ftirecek. Baraka K\u00fclt\u00fcr Merkezi yapt\u0131\u011f\u0131 yaz\u0131l\u0131 a\u00e7\u0131klamada, bile\u015feni oldu\u011fu ve baz\u0131 siyasi parti ve sivil toplum \u00f6rg\u00fctlerinin olu\u015fturdu\u011fu \u201c25 Kas\u0131m Organizasyon Komitesi\u201dnin d\u00fczenleyece\u011fi gece y\u00fcr\u00fcy\u00fc\u015f\u00fcne t\u00fcm halk\u0131n davetli oldu\u011funu bildirdi. Baraka Y\u00f6netim Kurulu \u00dcyesi Zekiye \u015eent\u00fcrkler, gece<\/p>\n","protected":false},"author":1,"featured_media":69917,"comment_status":"open","ping_status":"open","sticky":false,"template":"","format":"standard","meta":{"footnotes":""},"categories":[81],"tags":[],"class_list":["post-69916","post","type-post","status-publish","format-standard","has-post-thumbnail","hentry","category-kibris"],"yoast_head":"<!-- This site is optimized with the Yoast SEO plugin v27.5 - https:\/\/yoast.com\/product\/yoast-seo-wordpress\/ -->\n<title>25 Kas\u0131m Kad\u0131na Y\u00f6nelik \u015eiddetle Uluslararas\u0131 M\u00fccadele G\u00fcn\u00fc y\u00fcr\u00fcy\u00fc\u015f\u00fc yar\u0131n Dereboyu\u2019nda -<\/title>\n<meta name=\"robots\" content=\"index, follow, max-snippet:-1, max-image-preview:large, max-video-preview:-1\" \/>\n<link rel=\"canonical\" href=\"https:\/\/kibrisdakik.com\/?p=69916\" \/>\n<meta property=\"og:locale\" content=\"tr_TR\" \/>\n<meta property=\"og:type\" content=\"article\" \/>\n<meta property=\"og:title\" content=\"25 Kas\u0131m Kad\u0131na Y\u00f6nelik \u015eiddetle Uluslararas\u0131 M\u00fccadele G\u00fcn\u00fc y\u00fcr\u00fcy\u00fc\u015f\u00fc yar\u0131n Dereboyu\u2019nda -\" \/>\n<meta property=\"og:description\" content=\"25 Kas\u0131m Kad\u0131na Y\u00f6nelik \u015eiddetle Uluslararas\u0131 M\u00fccadele G\u00fcn\u00fc nedeniyle, 25 Kas\u0131m Organizasyon Komitesi yar\u0131n ak\u015fam 17.30\u2019da Dereboyu\u2019nda y\u00fcr\u00fcy\u00fc\u015f ger\u00e7ekle\u015ftirecek. Baraka K\u00fclt\u00fcr Merkezi yapt\u0131\u011f\u0131 yaz\u0131l\u0131 a\u00e7\u0131klamada, bile\u015feni oldu\u011fu ve baz\u0131 siyasi parti ve sivil toplum \u00f6rg\u00fctlerinin olu\u015fturdu\u011fu \u201c25 Kas\u0131m Organizasyon Komitesi\u201dnin d\u00fczenleyece\u011fi gece y\u00fcr\u00fcy\u00fc\u015f\u00fcne t\u00fcm halk\u0131n davetli oldu\u011funu bildirdi. Baraka Y\u00f6netim Kurulu \u00dcyesi Zekiye \u015eent\u00fcrkler, gece\" \/>\n<meta property=\"og:url\" content=\"https:\/\/kibrisdakik.com\/?p=69916\" \/>\n<meta property=\"article:published_time\" content=\"2024-11-24T12:12:51+00:00\" \/>\n<meta property=\"og:image\" content=\"https:\/\/kibrisdakik.com\/wp-content\/uploads\/2024\/11\/25-kasim-2024-baraka-bildiri-gorsel-740x420.jpeg\" \/>\n\t<meta property=\"og:image:width\" content=\"1600\" \/>\n\t<meta property=\"og:image:height\" content=\"1066\" \/>\n\t<meta property=\"og:image:type\" content=\"image\/jpeg\" \/>\n<meta name=\"author\" content=\"admin\" \/>\n<meta name=\"twitter:card\" content=\"summary_large_image\" \/>\n<meta name=\"twitter:label1\" content=\"Yazan:\" \/>\n\t<meta name=\"twitter:data1\" content=\"admin\" \/>\n\t<meta name=\"twitter:label2\" content=\"Tahmini okuma s\u00fcresi\" \/>\n\t<meta name=\"twitter:data2\" content=\"1 dakika\" \/>\n<script type=\"application\/ld+json\" class=\"yoast-schema-graph\">{\"@context\":\"https:\\\/\\\/schema.org\",\"@graph\":[{\"@type\":\"Article\",\"@id\":\"https:\\\/\\\/kibrisdakik.com\\\/?p=69916#article\",\"isPartOf\":{\"@id\":\"https:\\\/\\\/kibrisdakik.com\\\/?p=69916\"},\"author\":{\"name\":\"admin\",\"@id\":\"https:\\\/\\\/kibrisdakik.com\\\/#\\\/schema\\\/person\\\/9cd9d437bbb44f72b73ba127e06d8e79\"},\"headline\":\"25 Kas\u0131m Kad\u0131na Y\u00f6nelik \u015eiddetle Uluslararas\u0131 M\u00fccadele G\u00fcn\u00fc y\u00fcr\u00fcy\u00fc\u015f\u00fc yar\u0131n Dereboyu\u2019nda\",\"datePublished\":\"2024-11-24T12:12:51+00:00\",\"mainEntityOfPage\":{\"@id\":\"https:\\\/\\\/kibrisdakik.com\\\/?p=69916\"},\"wordCount\":143,\"commentCount\":0,\"image\":{\"@id\":\"https:\\\/\\\/kibrisdakik.com\\\/?p=69916#primaryimage\"},\"thumbnailUrl\":\"https:\\\/\\\/kibrisdakik.com\\\/wp-content\\\/uploads\\\/2024\\\/11\\\/25-kasim-2024-baraka-bildiri-gorsel-740x420.jpeg\",\"articleSection\":[\"K\u0131br\u0131s\"],\"inLanguage\":\"tr\",\"potentialAction\":[{\"@type\":\"CommentAction\",\"name\":\"Comment\",\"target\":[\"https:\\\/\\\/kibrisdakik.com\\\/?p=69916#respond\"]}]},{\"@type\":\"WebPage\",\"@id\":\"https:\\\/\\\/kibrisdakik.com\\\/?p=69916\",\"url\":\"https:\\\/\\\/kibrisdakik.com\\\/?p=69916\",\"name\":\"25 Kas\u0131m Kad\u0131na Y\u00f6nelik \u015eiddetle Uluslararas\u0131 M\u00fccadele G\u00fcn\u00fc y\u00fcr\u00fcy\u00fc\u015f\u00fc yar\u0131n Dereboyu\u2019nda -\",\"isPartOf\":{\"@id\":\"https:\\\/\\\/kibrisdakik.com\\\/#website\"},\"primaryImageOfPage\":{\"@id\":\"https:\\\/\\\/kibrisdakik.com\\\/?p=69916#primaryimage\"},\"image\":{\"@id\":\"https:\\\/\\\/kibrisdakik.com\\\/?p=69916#primaryimage\"},\"thumbnailUrl\":\"https:\\\/\\\/kibrisdakik.com\\\/wp-content\\\/uploads\\\/2024\\\/11\\\/25-kasim-2024-baraka-bildiri-gorsel-740x420.jpeg\",\"datePublished\":\"2024-11-24T12:12:51+00:00\",\"author\":{\"@id\":\"https:\\\/\\\/kibrisdakik.com\\\/#\\\/schema\\\/person\\\/9cd9d437bbb44f72b73ba127e06d8e79\"},\"breadcrumb\":{\"@id\":\"https:\\\/\\\/kibrisdakik.com\\\/?p=69916#breadcrumb\"},\"inLanguage\":\"tr\",\"potentialAction\":[{\"@type\":\"ReadAction\",\"target\":[\"https:\\\/\\\/kibrisdakik.com\\\/?p=69916\"]}]},{\"@type\":\"ImageObject\",\"inLanguage\":\"tr\",\"@id\":\"https:\\\/\\\/kibrisdakik.com\\\/?p=69916#primaryimage\",\"url\":\"https:\\\/\\\/kibrisdakik.com\\\/wp-content\\\/uploads\\\/2024\\\/11\\\/25-kasim-2024-baraka-bildiri-gorsel-740x420.jpeg\",\"contentUrl\":\"https:\\\/\\\/kibrisdakik.com\\\/wp-content\\\/uploads\\\/2024\\\/11\\\/25-kasim-2024-baraka-bildiri-gorsel-740x420.jpeg\",\"width\":1600,\"height\":1066},{\"@type\":\"BreadcrumbList\",\"@id\":\"https:\\\/\\\/kibrisdakik.com\\\/?p=69916#breadcrumb\",\"itemListElement\":[{\"@type\":\"ListItem\",\"position\":1,\"name\":\"Home\",\"item\":\"https:\\\/\\\/kibrisdakik.com\\\/\"},{\"@type\":\"ListItem\",\"position\":2,\"name\":\"25 Kas\u0131m Kad\u0131na Y\u00f6nelik \u015eiddetle Uluslararas\u0131 M\u00fccadele G\u00fcn\u00fc y\u00fcr\u00fcy\u00fc\u015f\u00fc yar\u0131n Dereboyu\u2019nda\"}]},{\"@type\":\"WebSite\",\"@id\":\"https:\\\/\\\/kibrisdakik.com\\\/#website\",\"url\":\"https:\\\/\\\/kibrisdakik.com\\\/\",\"name\":\"\",\"description\":\"Tam vaktinde haber\",\"potentialAction\":[{\"@type\":\"SearchAction\",\"target\":{\"@type\":\"EntryPoint\",\"urlTemplate\":\"https:\\\/\\\/kibrisdakik.com\\\/?s={search_term_string}\"},\"query-input\":{\"@type\":\"PropertyValueSpecification\",\"valueRequired\":true,\"valueName\":\"search_term_string\"}}],\"inLanguage\":\"tr\"},{\"@type\":\"Person\",\"@id\":\"https:\\\/\\\/kibrisdakik.com\\\/#\\\/schema\\\/person\\\/9cd9d437bbb44f72b73ba127e06d8e79\",\"name\":\"admin\",\"image\":{\"@type\":\"ImageObject\",\"inLanguage\":\"tr\",\"@id\":\"https:\\\/\\\/secure.gravatar.com\\\/avatar\\\/ccc17943b9d660506c869530f897617f7cb1c21a4bf30023f252596d83e1f007?s=96&d=mm&r=g\",\"url\":\"https:\\\/\\\/secure.gravatar.com\\\/avatar\\\/ccc17943b9d660506c869530f897617f7cb1c21a4bf30023f252596d83e1f007?s=96&d=mm&r=g\",\"contentUrl\":\"https:\\\/\\\/secure.gravatar.com\\\/avatar\\\/ccc17943b9d660506c869530f897617f7cb1c21a4bf30023f252596d83e1f007?s=96&d=mm&r=g\",\"caption\":\"admin\"},\"sameAs\":[\"https:\\\/\\\/kibrisdakik.com\"],\"url\":\"https:\\\/\\\/kibrisdakik.com\\\/?author=1\"}]}<\/script>\n<!-- \/ Yoast SEO plugin. -->","yoast_head_json":{"title":"25 Kas\u0131m Kad\u0131na Y\u00f6nelik \u015eiddetle Uluslararas\u0131 M\u00fccadele G\u00fcn\u00fc y\u00fcr\u00fcy\u00fc\u015f\u00fc yar\u0131n Dereboyu\u2019nda -","robots":{"index":"index","follow":"follow","max-snippet":"max-snippet:-1","max-image-preview":"max-image-preview:large","max-video-preview":"max-video-preview:-1"},"canonical":"https:\/\/kibrisdakik.com\/?p=69916","og_locale":"tr_TR","og_type":"article","og_title":"25 Kas\u0131m Kad\u0131na Y\u00f6nelik \u015eiddetle Uluslararas\u0131 M\u00fccadele G\u00fcn\u00fc y\u00fcr\u00fcy\u00fc\u015f\u00fc yar\u0131n Dereboyu\u2019nda -","og_description":"25 Kas\u0131m Kad\u0131na Y\u00f6nelik \u015eiddetle Uluslararas\u0131 M\u00fccadele G\u00fcn\u00fc nedeniyle, 25 Kas\u0131m Organizasyon Komitesi yar\u0131n ak\u015fam 17.30\u2019da Dereboyu\u2019nda y\u00fcr\u00fcy\u00fc\u015f ger\u00e7ekle\u015ftirecek. Baraka K\u00fclt\u00fcr Merkezi yapt\u0131\u011f\u0131 yaz\u0131l\u0131 a\u00e7\u0131klamada, bile\u015feni oldu\u011fu ve baz\u0131 siyasi parti ve sivil toplum \u00f6rg\u00fctlerinin olu\u015fturdu\u011fu \u201c25 Kas\u0131m Organizasyon Komitesi\u201dnin d\u00fczenleyece\u011fi gece y\u00fcr\u00fcy\u00fc\u015f\u00fcne t\u00fcm halk\u0131n davetli oldu\u011funu bildirdi. Baraka Y\u00f6netim Kurulu \u00dcyesi Zekiye \u015eent\u00fcrkler, gece","og_url":"https:\/\/kibrisdakik.com\/?p=69916","article_published_time":"2024-11-24T12:12:51+00:00","og_image":[{"width":1600,"height":1066,"url":"https:\/\/kibrisdakik.com\/wp-content\/uploads\/2024\/11\/25-kasim-2024-baraka-bildiri-gorsel-740x420.jpeg","type":"image\/jpeg"}],"author":"admin","twitter_card":"summary_large_image","twitter_misc":{"Yazan:":"admin","Tahmini okuma s\u00fcresi":"1 dakika"},"schema":{"@context":"https:\/\/schema.org","@graph":[{"@type":"Article","@id":"https:\/\/kibrisdakik.com\/?p=69916#article","isPartOf":{"@id":"https:\/\/kibrisdakik.com\/?p=69916"},"author":{"name":"admin","@id":"https:\/\/kibrisdakik.com\/#\/schema\/person\/9cd9d437bbb44f72b73ba127e06d8e79"},"headline":"25 Kas\u0131m Kad\u0131na Y\u00f6nelik \u015eiddetle Uluslararas\u0131 M\u00fccadele G\u00fcn\u00fc y\u00fcr\u00fcy\u00fc\u015f\u00fc yar\u0131n Dereboyu\u2019nda","datePublished":"2024-11-24T12:12:51+00:00","mainEntityOfPage":{"@id":"https:\/\/kibrisdakik.com\/?p=69916"},"wordCount":143,"commentCount":0,"image":{"@id":"https:\/\/kibrisdakik.com\/?p=69916#primaryimage"},"thumbnailUrl":"https:\/\/kibrisdakik.com\/wp-content\/uploads\/2024\/11\/25-kasim-2024-baraka-bildiri-gorsel-740x420.jpeg","articleSection":["K\u0131br\u0131s"],"inLanguage":"tr","potentialAction":[{"@type":"CommentAction","name":"Comment","target":["https:\/\/kibrisdakik.com\/?p=69916#respond"]}]},{"@type":"WebPage","@id":"https:\/\/kibrisdakik.com\/?p=69916","url":"https:\/\/kibrisdakik.com\/?p=69916","name":"25 Kas\u0131m Kad\u0131na Y\u00f6nelik \u015eiddetle Uluslararas\u0131 M\u00fccadele G\u00fcn\u00fc y\u00fcr\u00fcy\u00fc\u015f\u00fc yar\u0131n Dereboyu\u2019nda -","isPartOf":{"@id":"https:\/\/kibrisdakik.com\/#website"},"primaryImageOfPage":{"@id":"https:\/\/kibrisdakik.com\/?p=69916#primaryimage"},"image":{"@id":"https:\/\/kibrisdakik.com\/?p=69916#primaryimage"},"thumbnailUrl":"https:\/\/kibrisdakik.com\/wp-content\/uploads\/2024\/11\/25-kasim-2024-baraka-bildiri-gorsel-740x420.jpeg","datePublished":"2024-11-24T12:12:51+00:00","author":{"@id":"https:\/\/kibrisdakik.com\/#\/schema\/person\/9cd9d437bbb44f72b73ba127e06d8e79"},"breadcrumb":{"@id":"https:\/\/kibrisdakik.com\/?p=69916#breadcrumb"},"inLanguage":"tr","potentialAction":[{"@type":"ReadAction","target":["https:\/\/kibrisdakik.com\/?p=69916"]}]},{"@type":"ImageObject","inLanguage":"tr","@id":"https:\/\/kibrisdakik.com\/?p=69916#primaryimage","url":"https:\/\/kibrisdakik.com\/wp-content\/uploads\/2024\/11\/25-kasim-2024-baraka-bildiri-gorsel-740x420.jpeg","contentUrl":"https:\/\/kibrisdakik.com\/wp-content\/uploads\/2024\/11\/25-kasim-2024-baraka-bildiri-gorsel-740x420.jpeg","width":1600,"height":1066},{"@type":"BreadcrumbList","@id":"https:\/\/kibrisdakik.com\/?p=69916#breadcrumb","itemListElement":[{"@type":"ListItem","position":1,"name":"Home","item":"https:\/\/kibrisdakik.com\/"},{"@type":"ListItem","position":2,"name":"25 Kas\u0131m Kad\u0131na Y\u00f6nelik \u015eiddetle Uluslararas\u0131 M\u00fccadele G\u00fcn\u00fc y\u00fcr\u00fcy\u00fc\u015f\u00fc yar\u0131n Dereboyu\u2019nda"}]},{"@type":"WebSite","@id":"https:\/\/kibrisdakik.com\/#website","url":"https:\/\/kibrisdakik.com\/","name":"","description":"Tam vaktinde haber","potentialAction":[{"@type":"SearchAction","target":{"@type":"EntryPoint","urlTemplate":"https:\/\/kibrisdakik.com\/?s={search_term_string}"},"query-input":{"@type":"PropertyValueSpecification","valueRequired":true,"valueName":"search_term_string"}}],"inLanguage":"tr"},{"@type":"Person","@id":"https:\/\/kibrisdakik.com\/#\/schema\/person\/9cd9d437bbb44f72b73ba127e06d8e79","name":"admin","image":{"@type":"ImageObject","inLanguage":"tr","@id":"https:\/\/secure.gravatar.com\/avatar\/ccc17943b9d660506c869530f897617f7cb1c21a4bf30023f252596d83e1f007?s=96&d=mm&r=g","url":"https:\/\/secure.gravatar.com\/avatar\/ccc17943b9d660506c869530f897617f7cb1c21a4bf30023f252596d83e1f007?s=96&d=mm&r=g","contentUrl":"https:\/\/secure.gravatar.com\/avatar\/ccc17943b9d660506c869530f897617f7cb1c21a4bf30023f252596d83e1f007?s=96&d=mm&r=g","caption":"admin"},"sameAs":["https:\/\/kibrisdakik.com"],"url":"https:\/\/kibrisdakik.com\/?author=1"}]}},"_links":{"self":[{"href":"https:\/\/kibrisdakik.com\/index.php?rest_route=\/wp\/v2\/posts\/69916","targetHints":{"allow":["GET"]}}],"collection":[{"href":"https:\/\/kibrisdakik.com\/index.php?rest_route=\/wp\/v2\/posts"}],"about":[{"href":"https:\/\/kibrisdakik.com\/index.php?rest_route=\/wp\/v2\/types\/post"}],"author":[{"embeddable":true,"href":"https:\/\/kibrisdakik.com\/index.php?rest_route=\/wp\/v2\/users\/1"}],"replies":[{"embeddable":true,"href":"https:\/\/kibrisdakik.com\/index.php?rest_route=%2Fwp%2Fv2%2Fcomments&post=69916"}],"version-history":[{"count":0,"href":"https:\/\/kibrisdakik.com\/index.php?rest_route=\/wp\/v2\/posts\/69916\/revisions"}],"wp:featuredmedia":[{"embeddable":true,"href":"https:\/\/kibrisdakik.com\/index.php?rest_route=\/wp\/v2\/media\/69917"}],"wp:attachment":[{"href":"https:\/\/kibrisdakik.com\/index.php?rest_route=%2Fwp%2Fv2%2Fmedia&parent=69916"}],"wp:term":[{"taxonomy":"category","embeddable":true,"href":"https:\/\/kibrisdakik.com\/index.php?rest_route=%2Fwp%2Fv2%2Fcategories&post=69916"},{"taxonomy":"post_tag","embeddable":true,"href":"https:\/\/kibrisdakik.com\/index.php?rest_route=%2Fwp%2Fv2%2Ftags&post=69916"}],"curies":[{"name":"wp","href":"https:\/\/api.w.org\/{rel}","templated":true}]}}