{"id":69949,"date":"2024-11-24T21:41:11","date_gmt":"2024-11-24T18:41:11","guid":{"rendered":"https:\/\/kibrisdakik.com\/index.php\/2024\/11\/24\/girne-alsancak-cevreyolu-trafige-acildi-yola-ucan-cati-kaldirildi\/"},"modified":"2024-11-24T21:41:11","modified_gmt":"2024-11-24T18:41:11","slug":"girne-alsancak-cevreyolu-trafige-acildi-yola-ucan-cati-kaldirildi","status":"publish","type":"post","link":"https:\/\/kibrisdakik.com\/?p=69949","title":{"rendered":"Girne-Alsancak \u00e7evreyolu trafi\u011fe a\u00e7\u0131ld\u0131: Yola u\u00e7an \u00e7at\u0131 kald\u0131r\u0131ld\u0131"},"content":{"rendered":"<div>\n<div class=\"mariselle-image-container center\">\n                                            <\/div>\n<p>Girne-Alsancak \u00c7evre Yolu, f\u0131rt\u0131na nedeniyle \u00fczerine u\u00e7an bir \u00e7at\u0131 nedeniyle bir s\u00fcre ula\u015f\u0131ma kapanm\u0131\u015ft\u0131.<\/p>\n<p>\u00c7at\u0131, vin\u00e7 yard\u0131m\u0131yla kald\u0131r\u0131larak yol yeniden trafi\u011fe a\u00e7\u0131ld\u0131.<\/p>\n<p>Polis, b\u00f6lgede seyahat edecek s\u00fcr\u00fcc\u00fcleri dikkatli olmaya \u00e7a\u011f\u0131rd\u0131.<\/p>\n<p>F\u0131rt\u0131nan\u0131n b\u00f6lgede yol a\u00e7t\u0131\u011f\u0131 di\u011fer hasarlar\u0131n tespiti ve giderilmesi i\u00e7in \u00e7al\u0131\u015fmalar\u0131n devam etti\u011fi \u00f6\u011frenildi.<\/p>\n<\/p><\/div>\n<p><script async\n                    defer\n                    crossorigin=\"anonymous\"\n                    src=\"https:\/\/connect.facebook.net\/tr_TR\/sdk.js#xfbml=1&#038;version=v3.3\"\n            ><\/script><\/p>\n","protected":false},"excerpt":{"rendered":"<p>Girne-Alsancak \u00c7evre Yolu, f\u0131rt\u0131na nedeniyle \u00fczerine u\u00e7an bir \u00e7at\u0131 nedeniyle bir s\u00fcre ula\u015f\u0131ma kapanm\u0131\u015ft\u0131. \u00c7at\u0131, vin\u00e7 yard\u0131m\u0131yla kald\u0131r\u0131larak yol yeniden trafi\u011fe a\u00e7\u0131ld\u0131. Polis, b\u00f6lgede seyahat edecek s\u00fcr\u00fcc\u00fcleri dikkatli olmaya \u00e7a\u011f\u0131rd\u0131. F\u0131rt\u0131nan\u0131n b\u00f6lgede yol a\u00e7t\u0131\u011f\u0131 di\u011fer hasarlar\u0131n tespiti ve giderilmesi i\u00e7in \u00e7al\u0131\u015fmalar\u0131n devam etti\u011fi \u00f6\u011frenildi.<\/p>\n","protected":false},"author":1,"featured_media":69950,"comment_status":"open","ping_status":"open","sticky":false,"template":"","format":"standard","meta":{"footnotes":""},"categories":[81],"tags":[],"class_list":["post-69949","post","type-post","status-publish","format-standard","has-post-thumbnail","hentry","category-kibris"],"yoast_head":"<!-- This site is optimized with the Yoast SEO plugin v27.5 - https:\/\/yoast.com\/product\/yoast-seo-wordpress\/ -->\n<title>Girne-Alsancak \u00e7evreyolu trafi\u011fe a\u00e7\u0131ld\u0131: Yola u\u00e7an \u00e7at\u0131 kald\u0131r\u0131ld\u0131 -<\/title>\n<meta name=\"robots\" content=\"index, follow, max-snippet:-1, max-image-preview:large, max-video-preview:-1\" \/>\n<link rel=\"canonical\" href=\"https:\/\/kibrisdakik.com\/?p=69949\" \/>\n<meta property=\"og:locale\" content=\"tr_TR\" \/>\n<meta property=\"og:type\" content=\"article\" \/>\n<meta property=\"og:title\" content=\"Girne-Alsancak \u00e7evreyolu trafi\u011fe a\u00e7\u0131ld\u0131: Yola u\u00e7an \u00e7at\u0131 kald\u0131r\u0131ld\u0131 -\" \/>\n<meta property=\"og:description\" content=\"Girne-Alsancak \u00c7evre Yolu, f\u0131rt\u0131na nedeniyle \u00fczerine u\u00e7an bir \u00e7at\u0131 nedeniyle bir s\u00fcre ula\u015f\u0131ma kapanm\u0131\u015ft\u0131. \u00c7at\u0131, vin\u00e7 yard\u0131m\u0131yla kald\u0131r\u0131larak yol yeniden trafi\u011fe a\u00e7\u0131ld\u0131. Polis, b\u00f6lgede seyahat edecek s\u00fcr\u00fcc\u00fcleri dikkatli olmaya \u00e7a\u011f\u0131rd\u0131. F\u0131rt\u0131nan\u0131n b\u00f6lgede yol a\u00e7t\u0131\u011f\u0131 di\u011fer hasarlar\u0131n tespiti ve giderilmesi i\u00e7in \u00e7al\u0131\u015fmalar\u0131n devam etti\u011fi \u00f6\u011frenildi.\" \/>\n<meta property=\"og:url\" content=\"https:\/\/kibrisdakik.com\/?p=69949\" \/>\n<meta property=\"article:published_time\" content=\"2024-11-24T18:41:11+00:00\" \/>\n<meta property=\"og:image\" content=\"https:\/\/kibrisdakik.com\/wp-content\/uploads\/2024\/11\/sas-740x420.jpg\" \/>\n\t<meta property=\"og:image:width\" content=\"2048\" \/>\n\t<meta property=\"og:image:height\" content=\"1536\" \/>\n\t<meta property=\"og:image:type\" content=\"image\/jpeg\" \/>\n<meta name=\"author\" content=\"admin\" \/>\n<meta name=\"twitter:card\" content=\"summary_large_image\" \/>\n<meta name=\"twitter:label1\" content=\"Yazan:\" \/>\n\t<meta name=\"twitter:data1\" content=\"admin\" \/>\n<script type=\"application\/ld+json\" class=\"yoast-schema-graph\">{\"@context\":\"https:\\\/\\\/schema.org\",\"@graph\":[{\"@type\":\"Article\",\"@id\":\"https:\\\/\\\/kibrisdakik.com\\\/?p=69949#article\",\"isPartOf\":{\"@id\":\"https:\\\/\\\/kibrisdakik.com\\\/?p=69949\"},\"author\":{\"name\":\"admin\",\"@id\":\"https:\\\/\\\/kibrisdakik.com\\\/#\\\/schema\\\/person\\\/9cd9d437bbb44f72b73ba127e06d8e79\"},\"headline\":\"Girne-Alsancak \u00e7evreyolu trafi\u011fe a\u00e7\u0131ld\u0131: Yola u\u00e7an \u00e7at\u0131 kald\u0131r\u0131ld\u0131\",\"datePublished\":\"2024-11-24T18:41:11+00:00\",\"mainEntityOfPage\":{\"@id\":\"https:\\\/\\\/kibrisdakik.com\\\/?p=69949\"},\"wordCount\":85,\"commentCount\":0,\"image\":{\"@id\":\"https:\\\/\\\/kibrisdakik.com\\\/?p=69949#primaryimage\"},\"thumbnailUrl\":\"https:\\\/\\\/kibrisdakik.com\\\/wp-content\\\/uploads\\\/2024\\\/11\\\/sas-740x420.jpg\",\"articleSection\":[\"K\u0131br\u0131s\"],\"inLanguage\":\"tr\",\"potentialAction\":[{\"@type\":\"CommentAction\",\"name\":\"Comment\",\"target\":[\"https:\\\/\\\/kibrisdakik.com\\\/?p=69949#respond\"]}]},{\"@type\":\"WebPage\",\"@id\":\"https:\\\/\\\/kibrisdakik.com\\\/?p=69949\",\"url\":\"https:\\\/\\\/kibrisdakik.com\\\/?p=69949\",\"name\":\"Girne-Alsancak \u00e7evreyolu trafi\u011fe a\u00e7\u0131ld\u0131: Yola u\u00e7an \u00e7at\u0131 kald\u0131r\u0131ld\u0131 -\",\"isPartOf\":{\"@id\":\"https:\\\/\\\/kibrisdakik.com\\\/#website\"},\"primaryImageOfPage\":{\"@id\":\"https:\\\/\\\/kibrisdakik.com\\\/?p=69949#primaryimage\"},\"image\":{\"@id\":\"https:\\\/\\\/kibrisdakik.com\\\/?p=69949#primaryimage\"},\"thumbnailUrl\":\"https:\\\/\\\/kibrisdakik.com\\\/wp-content\\\/uploads\\\/2024\\\/11\\\/sas-740x420.jpg\",\"datePublished\":\"2024-11-24T18:41:11+00:00\",\"author\":{\"@id\":\"https:\\\/\\\/kibrisdakik.com\\\/#\\\/schema\\\/person\\\/9cd9d437bbb44f72b73ba127e06d8e79\"},\"breadcrumb\":{\"@id\":\"https:\\\/\\\/kibrisdakik.com\\\/?p=69949#breadcrumb\"},\"inLanguage\":\"tr\",\"potentialAction\":[{\"@type\":\"ReadAction\",\"target\":[\"https:\\\/\\\/kibrisdakik.com\\\/?p=69949\"]}]},{\"@type\":\"ImageObject\",\"inLanguage\":\"tr\",\"@id\":\"https:\\\/\\\/kibrisdakik.com\\\/?p=69949#primaryimage\",\"url\":\"https:\\\/\\\/kibrisdakik.com\\\/wp-content\\\/uploads\\\/2024\\\/11\\\/sas-740x420.jpg\",\"contentUrl\":\"https:\\\/\\\/kibrisdakik.com\\\/wp-content\\\/uploads\\\/2024\\\/11\\\/sas-740x420.jpg\",\"width\":2048,\"height\":1536},{\"@type\":\"BreadcrumbList\",\"@id\":\"https:\\\/\\\/kibrisdakik.com\\\/?p=69949#breadcrumb\",\"itemListElement\":[{\"@type\":\"ListItem\",\"position\":1,\"name\":\"Home\",\"item\":\"https:\\\/\\\/kibrisdakik.com\\\/\"},{\"@type\":\"ListItem\",\"position\":2,\"name\":\"Girne-Alsancak \u00e7evreyolu trafi\u011fe a\u00e7\u0131ld\u0131: Yola u\u00e7an \u00e7at\u0131 kald\u0131r\u0131ld\u0131\"}]},{\"@type\":\"WebSite\",\"@id\":\"https:\\\/\\\/kibrisdakik.com\\\/#website\",\"url\":\"https:\\\/\\\/kibrisdakik.com\\\/\",\"name\":\"\",\"description\":\"Tam vaktinde haber\",\"potentialAction\":[{\"@type\":\"SearchAction\",\"target\":{\"@type\":\"EntryPoint\",\"urlTemplate\":\"https:\\\/\\\/kibrisdakik.com\\\/?s={search_term_string}\"},\"query-input\":{\"@type\":\"PropertyValueSpecification\",\"valueRequired\":true,\"valueName\":\"search_term_string\"}}],\"inLanguage\":\"tr\"},{\"@type\":\"Person\",\"@id\":\"https:\\\/\\\/kibrisdakik.com\\\/#\\\/schema\\\/person\\\/9cd9d437bbb44f72b73ba127e06d8e79\",\"name\":\"admin\",\"image\":{\"@type\":\"ImageObject\",\"inLanguage\":\"tr\",\"@id\":\"https:\\\/\\\/secure.gravatar.com\\\/avatar\\\/ccc17943b9d660506c869530f897617f7cb1c21a4bf30023f252596d83e1f007?s=96&d=mm&r=g\",\"url\":\"https:\\\/\\\/secure.gravatar.com\\\/avatar\\\/ccc17943b9d660506c869530f897617f7cb1c21a4bf30023f252596d83e1f007?s=96&d=mm&r=g\",\"contentUrl\":\"https:\\\/\\\/secure.gravatar.com\\\/avatar\\\/ccc17943b9d660506c869530f897617f7cb1c21a4bf30023f252596d83e1f007?s=96&d=mm&r=g\",\"caption\":\"admin\"},\"sameAs\":[\"https:\\\/\\\/kibrisdakik.com\"],\"url\":\"https:\\\/\\\/kibrisdakik.com\\\/?author=1\"}]}<\/script>\n<!-- \/ Yoast SEO plugin. -->","yoast_head_json":{"title":"Girne-Alsancak \u00e7evreyolu trafi\u011fe a\u00e7\u0131ld\u0131: Yola u\u00e7an \u00e7at\u0131 kald\u0131r\u0131ld\u0131 -","robots":{"index":"index","follow":"follow","max-snippet":"max-snippet:-1","max-image-preview":"max-image-preview:large","max-video-preview":"max-video-preview:-1"},"canonical":"https:\/\/kibrisdakik.com\/?p=69949","og_locale":"tr_TR","og_type":"article","og_title":"Girne-Alsancak \u00e7evreyolu trafi\u011fe a\u00e7\u0131ld\u0131: Yola u\u00e7an \u00e7at\u0131 kald\u0131r\u0131ld\u0131 -","og_description":"Girne-Alsancak \u00c7evre Yolu, f\u0131rt\u0131na nedeniyle \u00fczerine u\u00e7an bir \u00e7at\u0131 nedeniyle bir s\u00fcre ula\u015f\u0131ma kapanm\u0131\u015ft\u0131. \u00c7at\u0131, vin\u00e7 yard\u0131m\u0131yla kald\u0131r\u0131larak yol yeniden trafi\u011fe a\u00e7\u0131ld\u0131. Polis, b\u00f6lgede seyahat edecek s\u00fcr\u00fcc\u00fcleri dikkatli olmaya \u00e7a\u011f\u0131rd\u0131. F\u0131rt\u0131nan\u0131n b\u00f6lgede yol a\u00e7t\u0131\u011f\u0131 di\u011fer hasarlar\u0131n tespiti ve giderilmesi i\u00e7in \u00e7al\u0131\u015fmalar\u0131n devam etti\u011fi \u00f6\u011frenildi.","og_url":"https:\/\/kibrisdakik.com\/?p=69949","article_published_time":"2024-11-24T18:41:11+00:00","og_image":[{"width":2048,"height":1536,"url":"https:\/\/kibrisdakik.com\/wp-content\/uploads\/2024\/11\/sas-740x420.jpg","type":"image\/jpeg"}],"author":"admin","twitter_card":"summary_large_image","twitter_misc":{"Yazan:":"admin"},"schema":{"@context":"https:\/\/schema.org","@graph":[{"@type":"Article","@id":"https:\/\/kibrisdakik.com\/?p=69949#article","isPartOf":{"@id":"https:\/\/kibrisdakik.com\/?p=69949"},"author":{"name":"admin","@id":"https:\/\/kibrisdakik.com\/#\/schema\/person\/9cd9d437bbb44f72b73ba127e06d8e79"},"headline":"Girne-Alsancak \u00e7evreyolu trafi\u011fe a\u00e7\u0131ld\u0131: Yola u\u00e7an \u00e7at\u0131 kald\u0131r\u0131ld\u0131","datePublished":"2024-11-24T18:41:11+00:00","mainEntityOfPage":{"@id":"https:\/\/kibrisdakik.com\/?p=69949"},"wordCount":85,"commentCount":0,"image":{"@id":"https:\/\/kibrisdakik.com\/?p=69949#primaryimage"},"thumbnailUrl":"https:\/\/kibrisdakik.com\/wp-content\/uploads\/2024\/11\/sas-740x420.jpg","articleSection":["K\u0131br\u0131s"],"inLanguage":"tr","potentialAction":[{"@type":"CommentAction","name":"Comment","target":["https:\/\/kibrisdakik.com\/?p=69949#respond"]}]},{"@type":"WebPage","@id":"https:\/\/kibrisdakik.com\/?p=69949","url":"https:\/\/kibrisdakik.com\/?p=69949","name":"Girne-Alsancak \u00e7evreyolu trafi\u011fe a\u00e7\u0131ld\u0131: Yola u\u00e7an \u00e7at\u0131 kald\u0131r\u0131ld\u0131 -","isPartOf":{"@id":"https:\/\/kibrisdakik.com\/#website"},"primaryImageOfPage":{"@id":"https:\/\/kibrisdakik.com\/?p=69949#primaryimage"},"image":{"@id":"https:\/\/kibrisdakik.com\/?p=69949#primaryimage"},"thumbnailUrl":"https:\/\/kibrisdakik.com\/wp-content\/uploads\/2024\/11\/sas-740x420.jpg","datePublished":"2024-11-24T18:41:11+00:00","author":{"@id":"https:\/\/kibrisdakik.com\/#\/schema\/person\/9cd9d437bbb44f72b73ba127e06d8e79"},"breadcrumb":{"@id":"https:\/\/kibrisdakik.com\/?p=69949#breadcrumb"},"inLanguage":"tr","potentialAction":[{"@type":"ReadAction","target":["https:\/\/kibrisdakik.com\/?p=69949"]}]},{"@type":"ImageObject","inLanguage":"tr","@id":"https:\/\/kibrisdakik.com\/?p=69949#primaryimage","url":"https:\/\/kibrisdakik.com\/wp-content\/uploads\/2024\/11\/sas-740x420.jpg","contentUrl":"https:\/\/kibrisdakik.com\/wp-content\/uploads\/2024\/11\/sas-740x420.jpg","width":2048,"height":1536},{"@type":"BreadcrumbList","@id":"https:\/\/kibrisdakik.com\/?p=69949#breadcrumb","itemListElement":[{"@type":"ListItem","position":1,"name":"Home","item":"https:\/\/kibrisdakik.com\/"},{"@type":"ListItem","position":2,"name":"Girne-Alsancak \u00e7evreyolu trafi\u011fe a\u00e7\u0131ld\u0131: Yola u\u00e7an \u00e7at\u0131 kald\u0131r\u0131ld\u0131"}]},{"@type":"WebSite","@id":"https:\/\/kibrisdakik.com\/#website","url":"https:\/\/kibrisdakik.com\/","name":"","description":"Tam vaktinde haber","potentialAction":[{"@type":"SearchAction","target":{"@type":"EntryPoint","urlTemplate":"https:\/\/kibrisdakik.com\/?s={search_term_string}"},"query-input":{"@type":"PropertyValueSpecification","valueRequired":true,"valueName":"search_term_string"}}],"inLanguage":"tr"},{"@type":"Person","@id":"https:\/\/kibrisdakik.com\/#\/schema\/person\/9cd9d437bbb44f72b73ba127e06d8e79","name":"admin","image":{"@type":"ImageObject","inLanguage":"tr","@id":"https:\/\/secure.gravatar.com\/avatar\/ccc17943b9d660506c869530f897617f7cb1c21a4bf30023f252596d83e1f007?s=96&d=mm&r=g","url":"https:\/\/secure.gravatar.com\/avatar\/ccc17943b9d660506c869530f897617f7cb1c21a4bf30023f252596d83e1f007?s=96&d=mm&r=g","contentUrl":"https:\/\/secure.gravatar.com\/avatar\/ccc17943b9d660506c869530f897617f7cb1c21a4bf30023f252596d83e1f007?s=96&d=mm&r=g","caption":"admin"},"sameAs":["https:\/\/kibrisdakik.com"],"url":"https:\/\/kibrisdakik.com\/?author=1"}]}},"_links":{"self":[{"href":"https:\/\/kibrisdakik.com\/index.php?rest_route=\/wp\/v2\/posts\/69949","targetHints":{"allow":["GET"]}}],"collection":[{"href":"https:\/\/kibrisdakik.com\/index.php?rest_route=\/wp\/v2\/posts"}],"about":[{"href":"https:\/\/kibrisdakik.com\/index.php?rest_route=\/wp\/v2\/types\/post"}],"author":[{"embeddable":true,"href":"https:\/\/kibrisdakik.com\/index.php?rest_route=\/wp\/v2\/users\/1"}],"replies":[{"embeddable":true,"href":"https:\/\/kibrisdakik.com\/index.php?rest_route=%2Fwp%2Fv2%2Fcomments&post=69949"}],"version-history":[{"count":0,"href":"https:\/\/kibrisdakik.com\/index.php?rest_route=\/wp\/v2\/posts\/69949\/revisions"}],"wp:featuredmedia":[{"embeddable":true,"href":"https:\/\/kibrisdakik.com\/index.php?rest_route=\/wp\/v2\/media\/69950"}],"wp:attachment":[{"href":"https:\/\/kibrisdakik.com\/index.php?rest_route=%2Fwp%2Fv2%2Fmedia&parent=69949"}],"wp:term":[{"taxonomy":"category","embeddable":true,"href":"https:\/\/kibrisdakik.com\/index.php?rest_route=%2Fwp%2Fv2%2Fcategories&post=69949"},{"taxonomy":"post_tag","embeddable":true,"href":"https:\/\/kibrisdakik.com\/index.php?rest_route=%2Fwp%2Fv2%2Ftags&post=69949"}],"curies":[{"name":"wp","href":"https:\/\/api.w.org\/{rel}","templated":true}]}}