{"id":69956,"date":"2024-11-24T22:18:11","date_gmt":"2024-11-24T19:18:11","guid":{"rendered":"https:\/\/kibrisdakik.com\/index.php\/2024\/11\/24\/turkiye-firtina-ve-kar-yagisinin-etkisinde\/"},"modified":"2024-11-24T22:18:11","modified_gmt":"2024-11-24T19:18:11","slug":"turkiye-firtina-ve-kar-yagisinin-etkisinde","status":"publish","type":"post","link":"https:\/\/kibrisdakik.com\/?p=69956","title":{"rendered":"T\u00fcrkiye  f\u0131rt\u0131na ve kar ya\u011f\u0131\u015f\u0131n\u0131n etkisinde"},"content":{"rendered":"<p><\/p>\n<div>\n<div class=\"mariselle-image-container center\">\n                <img loading=\"lazy\" decoding=\"async\" width=\"1280\" height=\"720\" class=\"lazy-image\" alt=\"\" sizes=\"auto, (max-width: 1280px) 100vw, 1280px\" src=\"https:\/\/brtk.net\/wp-content\/uploads\/2024\/11\/24\/2306376.jpg?ver=944e9d3ccb51ec3d3742c8528512aa27\" srcset=\"https:\/\/brtk.net\/wp-content\/uploads\/2024\/11\/24\/2306376.jpg?ver=944e9d3ccb51ec3d3742c8528512aa27 1280w, https:\/\/brtk.net\/wp-content\/uploads\/2024\/11\/24\/2306376-300x169.jpg?ver=ebeda205fe7b60b1caf67f2a6e960f43 300w, https:\/\/brtk.net\/wp-content\/uploads\/2024\/11\/24\/2306376-1024x576.jpg?ver=ebeda205fe7b60b1caf67f2a6e960f43 1024w, https:\/\/brtk.net\/wp-content\/uploads\/2024\/11\/24\/2306376-768x432.jpg?ver=ebeda205fe7b60b1caf67f2a6e960f43 768w\"\/>                            <\/div>\n<p>T\u00fcrkiye\u2019nin bir\u00e7ok ilinde f\u0131rt\u0131na ve kar ya\u011f\u0131\u015f\u0131 hayat\u0131 fel\u00e7 etti. <\/p>\n<p>Ula\u015f\u0131mda aksamalar ya\u015fand\u0131, yo\u011fun kar ya\u011f\u0131\u015f\u0131 nedeniyle baz\u0131 yollar trafi\u011fe kapat\u0131ld\u0131.<\/p>\n<p>49 il kuvvetli ya\u011f\u0131\u015f ve f\u0131rt\u0131nadan etkilendi.<\/p>\n<p> \tBir\u00e7ok il karla beyaza b\u00fcr\u00fcn\u00fcrken \u00fc\u00e7 ilde yar\u0131n e\u011fitme ara verildi.<\/p>\n<p>Nev\u015fehir, Kayseri ve Ni\u011fde\u2019de il geneli ile Adana\u2019n\u0131n Tufanbeyli il\u00e7esinde 1 g\u00fcn s\u00fcre ile okullar kapat\u0131ld\u0131.<\/p>\n<\/p><\/div>\n<p><script async\n                    defer\n                    crossorigin=\"anonymous\"\n                    src=\"https:\/\/connect.facebook.net\/tr_TR\/sdk.js#xfbml=1&#038;version=v3.3\"\n            ><\/script><\/p>\n","protected":false},"excerpt":{"rendered":"<p>T\u00fcrkiye\u2019nin bir\u00e7ok ilinde f\u0131rt\u0131na ve kar ya\u011f\u0131\u015f\u0131 hayat\u0131 fel\u00e7 etti. Ula\u015f\u0131mda aksamalar ya\u015fand\u0131, yo\u011fun kar ya\u011f\u0131\u015f\u0131 nedeniyle baz\u0131 yollar trafi\u011fe kapat\u0131ld\u0131. 49 il kuvvetli ya\u011f\u0131\u015f ve f\u0131rt\u0131nadan etkilendi. Bir\u00e7ok il karla beyaza b\u00fcr\u00fcn\u00fcrken \u00fc\u00e7 ilde yar\u0131n e\u011fitme ara verildi. Nev\u015fehir, Kayseri ve Ni\u011fde\u2019de il geneli ile Adana\u2019n\u0131n Tufanbeyli il\u00e7esinde 1 g\u00fcn s\u00fcre ile okullar kapat\u0131ld\u0131.<\/p>\n","protected":false},"author":1,"featured_media":69957,"comment_status":"open","ping_status":"open","sticky":false,"template":"","format":"standard","meta":{"footnotes":""},"categories":[86],"tags":[],"class_list":["post-69956","post","type-post","status-publish","format-standard","has-post-thumbnail","hentry","category-turkiye"],"yoast_head":"<!-- This site is optimized with the Yoast SEO plugin v27.5 - https:\/\/yoast.com\/product\/yoast-seo-wordpress\/ -->\n<title>T\u00fcrkiye f\u0131rt\u0131na ve kar ya\u011f\u0131\u015f\u0131n\u0131n etkisinde -<\/title>\n<meta name=\"robots\" content=\"index, follow, max-snippet:-1, max-image-preview:large, max-video-preview:-1\" \/>\n<link rel=\"canonical\" href=\"https:\/\/kibrisdakik.com\/?p=69956\" \/>\n<meta property=\"og:locale\" content=\"tr_TR\" \/>\n<meta property=\"og:type\" content=\"article\" \/>\n<meta property=\"og:title\" content=\"T\u00fcrkiye f\u0131rt\u0131na ve kar ya\u011f\u0131\u015f\u0131n\u0131n etkisinde -\" \/>\n<meta property=\"og:description\" content=\"T\u00fcrkiye\u2019nin bir\u00e7ok ilinde f\u0131rt\u0131na ve kar ya\u011f\u0131\u015f\u0131 hayat\u0131 fel\u00e7 etti. Ula\u015f\u0131mda aksamalar ya\u015fand\u0131, yo\u011fun kar ya\u011f\u0131\u015f\u0131 nedeniyle baz\u0131 yollar trafi\u011fe kapat\u0131ld\u0131. 49 il kuvvetli ya\u011f\u0131\u015f ve f\u0131rt\u0131nadan etkilendi. Bir\u00e7ok il karla beyaza b\u00fcr\u00fcn\u00fcrken \u00fc\u00e7 ilde yar\u0131n e\u011fitme ara verildi. Nev\u015fehir, Kayseri ve Ni\u011fde\u2019de il geneli ile Adana\u2019n\u0131n Tufanbeyli il\u00e7esinde 1 g\u00fcn s\u00fcre ile okullar kapat\u0131ld\u0131.\" \/>\n<meta property=\"og:url\" content=\"https:\/\/kibrisdakik.com\/?p=69956\" \/>\n<meta property=\"article:published_time\" content=\"2024-11-24T19:18:11+00:00\" \/>\n<meta property=\"og:image\" content=\"https:\/\/kibrisdakik.com\/wp-content\/uploads\/2024\/11\/2306376-740x420.jpg\" \/>\n\t<meta property=\"og:image:width\" content=\"1280\" \/>\n\t<meta property=\"og:image:height\" content=\"720\" \/>\n\t<meta property=\"og:image:type\" content=\"image\/jpeg\" \/>\n<meta name=\"author\" content=\"admin\" \/>\n<meta name=\"twitter:card\" content=\"summary_large_image\" \/>\n<meta name=\"twitter:label1\" content=\"Yazan:\" \/>\n\t<meta name=\"twitter:data1\" content=\"admin\" \/>\n<script type=\"application\/ld+json\" class=\"yoast-schema-graph\">{\"@context\":\"https:\\\/\\\/schema.org\",\"@graph\":[{\"@type\":\"Article\",\"@id\":\"https:\\\/\\\/kibrisdakik.com\\\/?p=69956#article\",\"isPartOf\":{\"@id\":\"https:\\\/\\\/kibrisdakik.com\\\/?p=69956\"},\"author\":{\"name\":\"admin\",\"@id\":\"https:\\\/\\\/kibrisdakik.com\\\/#\\\/schema\\\/person\\\/9cd9d437bbb44f72b73ba127e06d8e79\"},\"headline\":\"T\u00fcrkiye f\u0131rt\u0131na ve kar ya\u011f\u0131\u015f\u0131n\u0131n etkisinde\",\"datePublished\":\"2024-11-24T19:18:11+00:00\",\"mainEntityOfPage\":{\"@id\":\"https:\\\/\\\/kibrisdakik.com\\\/?p=69956\"},\"wordCount\":90,\"commentCount\":0,\"image\":{\"@id\":\"https:\\\/\\\/kibrisdakik.com\\\/?p=69956#primaryimage\"},\"thumbnailUrl\":\"https:\\\/\\\/kibrisdakik.com\\\/wp-content\\\/uploads\\\/2024\\\/11\\\/2306376-740x420.jpg\",\"articleSection\":[\"T\u00fcrkiye\"],\"inLanguage\":\"tr\",\"potentialAction\":[{\"@type\":\"CommentAction\",\"name\":\"Comment\",\"target\":[\"https:\\\/\\\/kibrisdakik.com\\\/?p=69956#respond\"]}]},{\"@type\":\"WebPage\",\"@id\":\"https:\\\/\\\/kibrisdakik.com\\\/?p=69956\",\"url\":\"https:\\\/\\\/kibrisdakik.com\\\/?p=69956\",\"name\":\"T\u00fcrkiye f\u0131rt\u0131na ve kar ya\u011f\u0131\u015f\u0131n\u0131n etkisinde -\",\"isPartOf\":{\"@id\":\"https:\\\/\\\/kibrisdakik.com\\\/#website\"},\"primaryImageOfPage\":{\"@id\":\"https:\\\/\\\/kibrisdakik.com\\\/?p=69956#primaryimage\"},\"image\":{\"@id\":\"https:\\\/\\\/kibrisdakik.com\\\/?p=69956#primaryimage\"},\"thumbnailUrl\":\"https:\\\/\\\/kibrisdakik.com\\\/wp-content\\\/uploads\\\/2024\\\/11\\\/2306376-740x420.jpg\",\"datePublished\":\"2024-11-24T19:18:11+00:00\",\"author\":{\"@id\":\"https:\\\/\\\/kibrisdakik.com\\\/#\\\/schema\\\/person\\\/9cd9d437bbb44f72b73ba127e06d8e79\"},\"breadcrumb\":{\"@id\":\"https:\\\/\\\/kibrisdakik.com\\\/?p=69956#breadcrumb\"},\"inLanguage\":\"tr\",\"potentialAction\":[{\"@type\":\"ReadAction\",\"target\":[\"https:\\\/\\\/kibrisdakik.com\\\/?p=69956\"]}]},{\"@type\":\"ImageObject\",\"inLanguage\":\"tr\",\"@id\":\"https:\\\/\\\/kibrisdakik.com\\\/?p=69956#primaryimage\",\"url\":\"https:\\\/\\\/kibrisdakik.com\\\/wp-content\\\/uploads\\\/2024\\\/11\\\/2306376-740x420.jpg\",\"contentUrl\":\"https:\\\/\\\/kibrisdakik.com\\\/wp-content\\\/uploads\\\/2024\\\/11\\\/2306376-740x420.jpg\",\"width\":1280,\"height\":720},{\"@type\":\"BreadcrumbList\",\"@id\":\"https:\\\/\\\/kibrisdakik.com\\\/?p=69956#breadcrumb\",\"itemListElement\":[{\"@type\":\"ListItem\",\"position\":1,\"name\":\"Home\",\"item\":\"https:\\\/\\\/kibrisdakik.com\\\/\"},{\"@type\":\"ListItem\",\"position\":2,\"name\":\"T\u00fcrkiye f\u0131rt\u0131na ve kar ya\u011f\u0131\u015f\u0131n\u0131n etkisinde\"}]},{\"@type\":\"WebSite\",\"@id\":\"https:\\\/\\\/kibrisdakik.com\\\/#website\",\"url\":\"https:\\\/\\\/kibrisdakik.com\\\/\",\"name\":\"\",\"description\":\"Tam vaktinde haber\",\"potentialAction\":[{\"@type\":\"SearchAction\",\"target\":{\"@type\":\"EntryPoint\",\"urlTemplate\":\"https:\\\/\\\/kibrisdakik.com\\\/?s={search_term_string}\"},\"query-input\":{\"@type\":\"PropertyValueSpecification\",\"valueRequired\":true,\"valueName\":\"search_term_string\"}}],\"inLanguage\":\"tr\"},{\"@type\":\"Person\",\"@id\":\"https:\\\/\\\/kibrisdakik.com\\\/#\\\/schema\\\/person\\\/9cd9d437bbb44f72b73ba127e06d8e79\",\"name\":\"admin\",\"image\":{\"@type\":\"ImageObject\",\"inLanguage\":\"tr\",\"@id\":\"https:\\\/\\\/secure.gravatar.com\\\/avatar\\\/ccc17943b9d660506c869530f897617f7cb1c21a4bf30023f252596d83e1f007?s=96&d=mm&r=g\",\"url\":\"https:\\\/\\\/secure.gravatar.com\\\/avatar\\\/ccc17943b9d660506c869530f897617f7cb1c21a4bf30023f252596d83e1f007?s=96&d=mm&r=g\",\"contentUrl\":\"https:\\\/\\\/secure.gravatar.com\\\/avatar\\\/ccc17943b9d660506c869530f897617f7cb1c21a4bf30023f252596d83e1f007?s=96&d=mm&r=g\",\"caption\":\"admin\"},\"sameAs\":[\"https:\\\/\\\/kibrisdakik.com\"],\"url\":\"https:\\\/\\\/kibrisdakik.com\\\/?author=1\"}]}<\/script>\n<!-- \/ Yoast SEO plugin. -->","yoast_head_json":{"title":"T\u00fcrkiye f\u0131rt\u0131na ve kar ya\u011f\u0131\u015f\u0131n\u0131n etkisinde -","robots":{"index":"index","follow":"follow","max-snippet":"max-snippet:-1","max-image-preview":"max-image-preview:large","max-video-preview":"max-video-preview:-1"},"canonical":"https:\/\/kibrisdakik.com\/?p=69956","og_locale":"tr_TR","og_type":"article","og_title":"T\u00fcrkiye f\u0131rt\u0131na ve kar ya\u011f\u0131\u015f\u0131n\u0131n etkisinde -","og_description":"T\u00fcrkiye\u2019nin bir\u00e7ok ilinde f\u0131rt\u0131na ve kar ya\u011f\u0131\u015f\u0131 hayat\u0131 fel\u00e7 etti. Ula\u015f\u0131mda aksamalar ya\u015fand\u0131, yo\u011fun kar ya\u011f\u0131\u015f\u0131 nedeniyle baz\u0131 yollar trafi\u011fe kapat\u0131ld\u0131. 49 il kuvvetli ya\u011f\u0131\u015f ve f\u0131rt\u0131nadan etkilendi. Bir\u00e7ok il karla beyaza b\u00fcr\u00fcn\u00fcrken \u00fc\u00e7 ilde yar\u0131n e\u011fitme ara verildi. Nev\u015fehir, Kayseri ve Ni\u011fde\u2019de il geneli ile Adana\u2019n\u0131n Tufanbeyli il\u00e7esinde 1 g\u00fcn s\u00fcre ile okullar kapat\u0131ld\u0131.","og_url":"https:\/\/kibrisdakik.com\/?p=69956","article_published_time":"2024-11-24T19:18:11+00:00","og_image":[{"width":1280,"height":720,"url":"https:\/\/kibrisdakik.com\/wp-content\/uploads\/2024\/11\/2306376-740x420.jpg","type":"image\/jpeg"}],"author":"admin","twitter_card":"summary_large_image","twitter_misc":{"Yazan:":"admin"},"schema":{"@context":"https:\/\/schema.org","@graph":[{"@type":"Article","@id":"https:\/\/kibrisdakik.com\/?p=69956#article","isPartOf":{"@id":"https:\/\/kibrisdakik.com\/?p=69956"},"author":{"name":"admin","@id":"https:\/\/kibrisdakik.com\/#\/schema\/person\/9cd9d437bbb44f72b73ba127e06d8e79"},"headline":"T\u00fcrkiye f\u0131rt\u0131na ve kar ya\u011f\u0131\u015f\u0131n\u0131n etkisinde","datePublished":"2024-11-24T19:18:11+00:00","mainEntityOfPage":{"@id":"https:\/\/kibrisdakik.com\/?p=69956"},"wordCount":90,"commentCount":0,"image":{"@id":"https:\/\/kibrisdakik.com\/?p=69956#primaryimage"},"thumbnailUrl":"https:\/\/kibrisdakik.com\/wp-content\/uploads\/2024\/11\/2306376-740x420.jpg","articleSection":["T\u00fcrkiye"],"inLanguage":"tr","potentialAction":[{"@type":"CommentAction","name":"Comment","target":["https:\/\/kibrisdakik.com\/?p=69956#respond"]}]},{"@type":"WebPage","@id":"https:\/\/kibrisdakik.com\/?p=69956","url":"https:\/\/kibrisdakik.com\/?p=69956","name":"T\u00fcrkiye f\u0131rt\u0131na ve kar ya\u011f\u0131\u015f\u0131n\u0131n etkisinde -","isPartOf":{"@id":"https:\/\/kibrisdakik.com\/#website"},"primaryImageOfPage":{"@id":"https:\/\/kibrisdakik.com\/?p=69956#primaryimage"},"image":{"@id":"https:\/\/kibrisdakik.com\/?p=69956#primaryimage"},"thumbnailUrl":"https:\/\/kibrisdakik.com\/wp-content\/uploads\/2024\/11\/2306376-740x420.jpg","datePublished":"2024-11-24T19:18:11+00:00","author":{"@id":"https:\/\/kibrisdakik.com\/#\/schema\/person\/9cd9d437bbb44f72b73ba127e06d8e79"},"breadcrumb":{"@id":"https:\/\/kibrisdakik.com\/?p=69956#breadcrumb"},"inLanguage":"tr","potentialAction":[{"@type":"ReadAction","target":["https:\/\/kibrisdakik.com\/?p=69956"]}]},{"@type":"ImageObject","inLanguage":"tr","@id":"https:\/\/kibrisdakik.com\/?p=69956#primaryimage","url":"https:\/\/kibrisdakik.com\/wp-content\/uploads\/2024\/11\/2306376-740x420.jpg","contentUrl":"https:\/\/kibrisdakik.com\/wp-content\/uploads\/2024\/11\/2306376-740x420.jpg","width":1280,"height":720},{"@type":"BreadcrumbList","@id":"https:\/\/kibrisdakik.com\/?p=69956#breadcrumb","itemListElement":[{"@type":"ListItem","position":1,"name":"Home","item":"https:\/\/kibrisdakik.com\/"},{"@type":"ListItem","position":2,"name":"T\u00fcrkiye f\u0131rt\u0131na ve kar ya\u011f\u0131\u015f\u0131n\u0131n etkisinde"}]},{"@type":"WebSite","@id":"https:\/\/kibrisdakik.com\/#website","url":"https:\/\/kibrisdakik.com\/","name":"","description":"Tam vaktinde haber","potentialAction":[{"@type":"SearchAction","target":{"@type":"EntryPoint","urlTemplate":"https:\/\/kibrisdakik.com\/?s={search_term_string}"},"query-input":{"@type":"PropertyValueSpecification","valueRequired":true,"valueName":"search_term_string"}}],"inLanguage":"tr"},{"@type":"Person","@id":"https:\/\/kibrisdakik.com\/#\/schema\/person\/9cd9d437bbb44f72b73ba127e06d8e79","name":"admin","image":{"@type":"ImageObject","inLanguage":"tr","@id":"https:\/\/secure.gravatar.com\/avatar\/ccc17943b9d660506c869530f897617f7cb1c21a4bf30023f252596d83e1f007?s=96&d=mm&r=g","url":"https:\/\/secure.gravatar.com\/avatar\/ccc17943b9d660506c869530f897617f7cb1c21a4bf30023f252596d83e1f007?s=96&d=mm&r=g","contentUrl":"https:\/\/secure.gravatar.com\/avatar\/ccc17943b9d660506c869530f897617f7cb1c21a4bf30023f252596d83e1f007?s=96&d=mm&r=g","caption":"admin"},"sameAs":["https:\/\/kibrisdakik.com"],"url":"https:\/\/kibrisdakik.com\/?author=1"}]}},"_links":{"self":[{"href":"https:\/\/kibrisdakik.com\/index.php?rest_route=\/wp\/v2\/posts\/69956","targetHints":{"allow":["GET"]}}],"collection":[{"href":"https:\/\/kibrisdakik.com\/index.php?rest_route=\/wp\/v2\/posts"}],"about":[{"href":"https:\/\/kibrisdakik.com\/index.php?rest_route=\/wp\/v2\/types\/post"}],"author":[{"embeddable":true,"href":"https:\/\/kibrisdakik.com\/index.php?rest_route=\/wp\/v2\/users\/1"}],"replies":[{"embeddable":true,"href":"https:\/\/kibrisdakik.com\/index.php?rest_route=%2Fwp%2Fv2%2Fcomments&post=69956"}],"version-history":[{"count":0,"href":"https:\/\/kibrisdakik.com\/index.php?rest_route=\/wp\/v2\/posts\/69956\/revisions"}],"wp:featuredmedia":[{"embeddable":true,"href":"https:\/\/kibrisdakik.com\/index.php?rest_route=\/wp\/v2\/media\/69957"}],"wp:attachment":[{"href":"https:\/\/kibrisdakik.com\/index.php?rest_route=%2Fwp%2Fv2%2Fmedia&parent=69956"}],"wp:term":[{"taxonomy":"category","embeddable":true,"href":"https:\/\/kibrisdakik.com\/index.php?rest_route=%2Fwp%2Fv2%2Fcategories&post=69956"},{"taxonomy":"post_tag","embeddable":true,"href":"https:\/\/kibrisdakik.com\/index.php?rest_route=%2Fwp%2Fv2%2Ftags&post=69956"}],"curies":[{"name":"wp","href":"https:\/\/api.w.org\/{rel}","templated":true}]}}