{"id":69970,"date":"2024-11-24T23:44:11","date_gmt":"2024-11-24T20:44:11","guid":{"rendered":"https:\/\/kibrisdakik.com\/index.php\/2024\/11\/24\/milli-egitim-bakani-cavusoglu-firtinanin-yarin-etkisinin-azalacagini-bu-nedenle-okullarin-yarin-egitime-devam-etmesinde-bir-sakinca-gorulmedigini-acikladi\/"},"modified":"2024-11-24T23:44:11","modified_gmt":"2024-11-24T20:44:11","slug":"milli-egitim-bakani-cavusoglu-firtinanin-yarin-etkisinin-azalacagini-bu-nedenle-okullarin-yarin-egitime-devam-etmesinde-bir-sakinca-gorulmedigini-acikladi","status":"publish","type":"post","link":"https:\/\/kibrisdakik.com\/?p=69970","title":{"rendered":"Milli E\u011fitim Bakan\u0131 \u00c7avu\u015fo\u011flu f\u0131rt\u0131nan\u0131n yar\u0131n etkisinin azalaca\u011f\u0131n\u0131, bu nedenle okullar\u0131n yar\u0131n e\u011fitime devam etmesinde bir sak\u0131nca g\u00f6r\u00fclmedi\u011fini a\u00e7\u0131klad\u0131"},"content":{"rendered":"<div>\n<p>Milli E\u011fitim Bakan\u0131 Naz\u0131m \u00c7avu\u015fo\u011flu, BRT\u2018ye yapt\u0131\u011f\u0131 a\u00e7\u0131klamada Meteoroloji Dairesi\u2019nden gelen son tahminlere g\u00f6re bug\u00fcnk\u00fc f\u0131rt\u0131nan\u0131n yar\u0131n etkisinin azalaca\u011f\u0131n\u0131, bu nedenle okullar\u0131n yar\u0131n e\u011fitime devam etmesinde bir sak\u0131nca g\u00f6r\u00fclmedi\u011fini a\u00e7\u0131klad\u0131.<\/p>\n<p>\u00c7avu\u015fo\u011flu, \u201cokullarda herhangi bir hasar \u015fu an i\u00e7in taraf\u0131m\u0131za ula\u015fmad\u0131\u201d dedi.<\/p>\n<\/p><\/div>\n<p><script async\n                    defer\n                    crossorigin=\"anonymous\"\n                    src=\"https:\/\/connect.facebook.net\/tr_TR\/sdk.js#xfbml=1&#038;version=v3.3\"\n            ><\/script><\/p>\n","protected":false},"excerpt":{"rendered":"<p>Milli E\u011fitim Bakan\u0131 Naz\u0131m \u00c7avu\u015fo\u011flu, BRT\u2018ye yapt\u0131\u011f\u0131 a\u00e7\u0131klamada Meteoroloji Dairesi\u2019nden gelen son tahminlere g\u00f6re bug\u00fcnk\u00fc f\u0131rt\u0131nan\u0131n yar\u0131n etkisinin azalaca\u011f\u0131n\u0131, bu nedenle okullar\u0131n yar\u0131n e\u011fitime devam etmesinde bir sak\u0131nca g\u00f6r\u00fclmedi\u011fini a\u00e7\u0131klad\u0131. \u00c7avu\u015fo\u011flu, \u201cokullarda herhangi bir hasar \u015fu an i\u00e7in taraf\u0131m\u0131za ula\u015fmad\u0131\u201d dedi.<\/p>\n","protected":false},"author":1,"featured_media":62637,"comment_status":"open","ping_status":"open","sticky":false,"template":"","format":"standard","meta":{"footnotes":""},"categories":[81],"tags":[],"class_list":["post-69970","post","type-post","status-publish","format-standard","has-post-thumbnail","hentry","category-kibris"],"yoast_head":"<!-- This site is optimized with the Yoast SEO plugin v27.4 - https:\/\/yoast.com\/product\/yoast-seo-wordpress\/ -->\n<title>Milli E\u011fitim Bakan\u0131 \u00c7avu\u015fo\u011flu f\u0131rt\u0131nan\u0131n yar\u0131n etkisinin azalaca\u011f\u0131n\u0131, bu nedenle okullar\u0131n yar\u0131n e\u011fitime devam etmesinde bir sak\u0131nca g\u00f6r\u00fclmedi\u011fini a\u00e7\u0131klad\u0131 -<\/title>\n<meta name=\"robots\" content=\"index, follow, max-snippet:-1, max-image-preview:large, max-video-preview:-1\" \/>\n<link rel=\"canonical\" href=\"https:\/\/kibrisdakik.com\/?p=69970\" \/>\n<meta property=\"og:locale\" content=\"tr_TR\" \/>\n<meta property=\"og:type\" content=\"article\" \/>\n<meta property=\"og:title\" content=\"Milli E\u011fitim Bakan\u0131 \u00c7avu\u015fo\u011flu f\u0131rt\u0131nan\u0131n yar\u0131n etkisinin azalaca\u011f\u0131n\u0131, bu nedenle okullar\u0131n yar\u0131n e\u011fitime devam etmesinde bir sak\u0131nca g\u00f6r\u00fclmedi\u011fini a\u00e7\u0131klad\u0131 -\" \/>\n<meta property=\"og:description\" content=\"Milli E\u011fitim Bakan\u0131 Naz\u0131m \u00c7avu\u015fo\u011flu, BRT\u2018ye yapt\u0131\u011f\u0131 a\u00e7\u0131klamada Meteoroloji Dairesi\u2019nden gelen son tahminlere g\u00f6re bug\u00fcnk\u00fc f\u0131rt\u0131nan\u0131n yar\u0131n etkisinin azalaca\u011f\u0131n\u0131, bu nedenle okullar\u0131n yar\u0131n e\u011fitime devam etmesinde bir sak\u0131nca g\u00f6r\u00fclmedi\u011fini a\u00e7\u0131klad\u0131. \u00c7avu\u015fo\u011flu, \u201cokullarda herhangi bir hasar \u015fu an i\u00e7in taraf\u0131m\u0131za ula\u015fmad\u0131\u201d dedi.\" \/>\n<meta property=\"og:url\" content=\"https:\/\/kibrisdakik.com\/?p=69970\" \/>\n<meta property=\"article:published_time\" content=\"2024-11-24T20:44:11+00:00\" \/>\n<meta property=\"og:image\" content=\"https:\/\/kibrisdakik.com\/wp-content\/uploads\/2024\/09\/nazim-cavusoglu-2024-bb-740x420.jpg\" \/>\n\t<meta property=\"og:image:width\" content=\"2480\" \/>\n\t<meta property=\"og:image:height\" content=\"1656\" \/>\n\t<meta property=\"og:image:type\" content=\"image\/jpeg\" \/>\n<meta name=\"author\" content=\"admin\" \/>\n<meta name=\"twitter:card\" content=\"summary_large_image\" \/>\n<meta name=\"twitter:label1\" content=\"Yazan:\" \/>\n\t<meta name=\"twitter:data1\" content=\"admin\" \/>\n<script type=\"application\/ld+json\" class=\"yoast-schema-graph\">{\"@context\":\"https:\\\/\\\/schema.org\",\"@graph\":[{\"@type\":\"Article\",\"@id\":\"https:\\\/\\\/kibrisdakik.com\\\/?p=69970#article\",\"isPartOf\":{\"@id\":\"https:\\\/\\\/kibrisdakik.com\\\/?p=69970\"},\"author\":{\"name\":\"admin\",\"@id\":\"https:\\\/\\\/kibrisdakik.com\\\/#\\\/schema\\\/person\\\/9cd9d437bbb44f72b73ba127e06d8e79\"},\"headline\":\"Milli E\u011fitim Bakan\u0131 \u00c7avu\u015fo\u011flu f\u0131rt\u0131nan\u0131n yar\u0131n etkisinin azalaca\u011f\u0131n\u0131, bu nedenle okullar\u0131n yar\u0131n e\u011fitime devam etmesinde bir sak\u0131nca g\u00f6r\u00fclmedi\u011fini a\u00e7\u0131klad\u0131\",\"datePublished\":\"2024-11-24T20:44:11+00:00\",\"mainEntityOfPage\":{\"@id\":\"https:\\\/\\\/kibrisdakik.com\\\/?p=69970\"},\"wordCount\":104,\"commentCount\":0,\"image\":{\"@id\":\"https:\\\/\\\/kibrisdakik.com\\\/?p=69970#primaryimage\"},\"thumbnailUrl\":\"https:\\\/\\\/kibrisdakik.com\\\/wp-content\\\/uploads\\\/2024\\\/09\\\/nazim-cavusoglu-2024-bb-740x420.jpg\",\"articleSection\":[\"K\u0131br\u0131s\"],\"inLanguage\":\"tr\",\"potentialAction\":[{\"@type\":\"CommentAction\",\"name\":\"Comment\",\"target\":[\"https:\\\/\\\/kibrisdakik.com\\\/?p=69970#respond\"]}]},{\"@type\":\"WebPage\",\"@id\":\"https:\\\/\\\/kibrisdakik.com\\\/?p=69970\",\"url\":\"https:\\\/\\\/kibrisdakik.com\\\/?p=69970\",\"name\":\"Milli E\u011fitim Bakan\u0131 \u00c7avu\u015fo\u011flu f\u0131rt\u0131nan\u0131n yar\u0131n etkisinin azalaca\u011f\u0131n\u0131, bu nedenle okullar\u0131n yar\u0131n e\u011fitime devam etmesinde bir sak\u0131nca g\u00f6r\u00fclmedi\u011fini a\u00e7\u0131klad\u0131 -\",\"isPartOf\":{\"@id\":\"https:\\\/\\\/kibrisdakik.com\\\/#website\"},\"primaryImageOfPage\":{\"@id\":\"https:\\\/\\\/kibrisdakik.com\\\/?p=69970#primaryimage\"},\"image\":{\"@id\":\"https:\\\/\\\/kibrisdakik.com\\\/?p=69970#primaryimage\"},\"thumbnailUrl\":\"https:\\\/\\\/kibrisdakik.com\\\/wp-content\\\/uploads\\\/2024\\\/09\\\/nazim-cavusoglu-2024-bb-740x420.jpg\",\"datePublished\":\"2024-11-24T20:44:11+00:00\",\"author\":{\"@id\":\"https:\\\/\\\/kibrisdakik.com\\\/#\\\/schema\\\/person\\\/9cd9d437bbb44f72b73ba127e06d8e79\"},\"breadcrumb\":{\"@id\":\"https:\\\/\\\/kibrisdakik.com\\\/?p=69970#breadcrumb\"},\"inLanguage\":\"tr\",\"potentialAction\":[{\"@type\":\"ReadAction\",\"target\":[\"https:\\\/\\\/kibrisdakik.com\\\/?p=69970\"]}]},{\"@type\":\"ImageObject\",\"inLanguage\":\"tr\",\"@id\":\"https:\\\/\\\/kibrisdakik.com\\\/?p=69970#primaryimage\",\"url\":\"https:\\\/\\\/kibrisdakik.com\\\/wp-content\\\/uploads\\\/2024\\\/09\\\/nazim-cavusoglu-2024-bb-740x420.jpg\",\"contentUrl\":\"https:\\\/\\\/kibrisdakik.com\\\/wp-content\\\/uploads\\\/2024\\\/09\\\/nazim-cavusoglu-2024-bb-740x420.jpg\",\"width\":2480,\"height\":1656},{\"@type\":\"BreadcrumbList\",\"@id\":\"https:\\\/\\\/kibrisdakik.com\\\/?p=69970#breadcrumb\",\"itemListElement\":[{\"@type\":\"ListItem\",\"position\":1,\"name\":\"Home\",\"item\":\"https:\\\/\\\/kibrisdakik.com\\\/\"},{\"@type\":\"ListItem\",\"position\":2,\"name\":\"Milli E\u011fitim Bakan\u0131 \u00c7avu\u015fo\u011flu f\u0131rt\u0131nan\u0131n yar\u0131n etkisinin azalaca\u011f\u0131n\u0131, bu nedenle okullar\u0131n yar\u0131n e\u011fitime devam etmesinde bir sak\u0131nca g\u00f6r\u00fclmedi\u011fini a\u00e7\u0131klad\u0131\"}]},{\"@type\":\"WebSite\",\"@id\":\"https:\\\/\\\/kibrisdakik.com\\\/#website\",\"url\":\"https:\\\/\\\/kibrisdakik.com\\\/\",\"name\":\"\",\"description\":\"Tam vaktinde haber\",\"potentialAction\":[{\"@type\":\"SearchAction\",\"target\":{\"@type\":\"EntryPoint\",\"urlTemplate\":\"https:\\\/\\\/kibrisdakik.com\\\/?s={search_term_string}\"},\"query-input\":{\"@type\":\"PropertyValueSpecification\",\"valueRequired\":true,\"valueName\":\"search_term_string\"}}],\"inLanguage\":\"tr\"},{\"@type\":\"Person\",\"@id\":\"https:\\\/\\\/kibrisdakik.com\\\/#\\\/schema\\\/person\\\/9cd9d437bbb44f72b73ba127e06d8e79\",\"name\":\"admin\",\"image\":{\"@type\":\"ImageObject\",\"inLanguage\":\"tr\",\"@id\":\"https:\\\/\\\/secure.gravatar.com\\\/avatar\\\/ccc17943b9d660506c869530f897617f7cb1c21a4bf30023f252596d83e1f007?s=96&d=mm&r=g\",\"url\":\"https:\\\/\\\/secure.gravatar.com\\\/avatar\\\/ccc17943b9d660506c869530f897617f7cb1c21a4bf30023f252596d83e1f007?s=96&d=mm&r=g\",\"contentUrl\":\"https:\\\/\\\/secure.gravatar.com\\\/avatar\\\/ccc17943b9d660506c869530f897617f7cb1c21a4bf30023f252596d83e1f007?s=96&d=mm&r=g\",\"caption\":\"admin\"},\"sameAs\":[\"https:\\\/\\\/kibrisdakik.com\"],\"url\":\"https:\\\/\\\/kibrisdakik.com\\\/?author=1\"}]}<\/script>\n<!-- \/ Yoast SEO plugin. -->","yoast_head_json":{"title":"Milli E\u011fitim Bakan\u0131 \u00c7avu\u015fo\u011flu f\u0131rt\u0131nan\u0131n yar\u0131n etkisinin azalaca\u011f\u0131n\u0131, bu nedenle okullar\u0131n yar\u0131n e\u011fitime devam etmesinde bir sak\u0131nca g\u00f6r\u00fclmedi\u011fini a\u00e7\u0131klad\u0131 -","robots":{"index":"index","follow":"follow","max-snippet":"max-snippet:-1","max-image-preview":"max-image-preview:large","max-video-preview":"max-video-preview:-1"},"canonical":"https:\/\/kibrisdakik.com\/?p=69970","og_locale":"tr_TR","og_type":"article","og_title":"Milli E\u011fitim Bakan\u0131 \u00c7avu\u015fo\u011flu f\u0131rt\u0131nan\u0131n yar\u0131n etkisinin azalaca\u011f\u0131n\u0131, bu nedenle okullar\u0131n yar\u0131n e\u011fitime devam etmesinde bir sak\u0131nca g\u00f6r\u00fclmedi\u011fini a\u00e7\u0131klad\u0131 -","og_description":"Milli E\u011fitim Bakan\u0131 Naz\u0131m \u00c7avu\u015fo\u011flu, BRT\u2018ye yapt\u0131\u011f\u0131 a\u00e7\u0131klamada Meteoroloji Dairesi\u2019nden gelen son tahminlere g\u00f6re bug\u00fcnk\u00fc f\u0131rt\u0131nan\u0131n yar\u0131n etkisinin azalaca\u011f\u0131n\u0131, bu nedenle okullar\u0131n yar\u0131n e\u011fitime devam etmesinde bir sak\u0131nca g\u00f6r\u00fclmedi\u011fini a\u00e7\u0131klad\u0131. \u00c7avu\u015fo\u011flu, \u201cokullarda herhangi bir hasar \u015fu an i\u00e7in taraf\u0131m\u0131za ula\u015fmad\u0131\u201d dedi.","og_url":"https:\/\/kibrisdakik.com\/?p=69970","article_published_time":"2024-11-24T20:44:11+00:00","og_image":[{"width":2480,"height":1656,"url":"https:\/\/kibrisdakik.com\/wp-content\/uploads\/2024\/09\/nazim-cavusoglu-2024-bb-740x420.jpg","type":"image\/jpeg"}],"author":"admin","twitter_card":"summary_large_image","twitter_misc":{"Yazan:":"admin"},"schema":{"@context":"https:\/\/schema.org","@graph":[{"@type":"Article","@id":"https:\/\/kibrisdakik.com\/?p=69970#article","isPartOf":{"@id":"https:\/\/kibrisdakik.com\/?p=69970"},"author":{"name":"admin","@id":"https:\/\/kibrisdakik.com\/#\/schema\/person\/9cd9d437bbb44f72b73ba127e06d8e79"},"headline":"Milli E\u011fitim Bakan\u0131 \u00c7avu\u015fo\u011flu f\u0131rt\u0131nan\u0131n yar\u0131n etkisinin azalaca\u011f\u0131n\u0131, bu nedenle okullar\u0131n yar\u0131n e\u011fitime devam etmesinde bir sak\u0131nca g\u00f6r\u00fclmedi\u011fini a\u00e7\u0131klad\u0131","datePublished":"2024-11-24T20:44:11+00:00","mainEntityOfPage":{"@id":"https:\/\/kibrisdakik.com\/?p=69970"},"wordCount":104,"commentCount":0,"image":{"@id":"https:\/\/kibrisdakik.com\/?p=69970#primaryimage"},"thumbnailUrl":"https:\/\/kibrisdakik.com\/wp-content\/uploads\/2024\/09\/nazim-cavusoglu-2024-bb-740x420.jpg","articleSection":["K\u0131br\u0131s"],"inLanguage":"tr","potentialAction":[{"@type":"CommentAction","name":"Comment","target":["https:\/\/kibrisdakik.com\/?p=69970#respond"]}]},{"@type":"WebPage","@id":"https:\/\/kibrisdakik.com\/?p=69970","url":"https:\/\/kibrisdakik.com\/?p=69970","name":"Milli E\u011fitim Bakan\u0131 \u00c7avu\u015fo\u011flu f\u0131rt\u0131nan\u0131n yar\u0131n etkisinin azalaca\u011f\u0131n\u0131, bu nedenle okullar\u0131n yar\u0131n e\u011fitime devam etmesinde bir sak\u0131nca g\u00f6r\u00fclmedi\u011fini a\u00e7\u0131klad\u0131 -","isPartOf":{"@id":"https:\/\/kibrisdakik.com\/#website"},"primaryImageOfPage":{"@id":"https:\/\/kibrisdakik.com\/?p=69970#primaryimage"},"image":{"@id":"https:\/\/kibrisdakik.com\/?p=69970#primaryimage"},"thumbnailUrl":"https:\/\/kibrisdakik.com\/wp-content\/uploads\/2024\/09\/nazim-cavusoglu-2024-bb-740x420.jpg","datePublished":"2024-11-24T20:44:11+00:00","author":{"@id":"https:\/\/kibrisdakik.com\/#\/schema\/person\/9cd9d437bbb44f72b73ba127e06d8e79"},"breadcrumb":{"@id":"https:\/\/kibrisdakik.com\/?p=69970#breadcrumb"},"inLanguage":"tr","potentialAction":[{"@type":"ReadAction","target":["https:\/\/kibrisdakik.com\/?p=69970"]}]},{"@type":"ImageObject","inLanguage":"tr","@id":"https:\/\/kibrisdakik.com\/?p=69970#primaryimage","url":"https:\/\/kibrisdakik.com\/wp-content\/uploads\/2024\/09\/nazim-cavusoglu-2024-bb-740x420.jpg","contentUrl":"https:\/\/kibrisdakik.com\/wp-content\/uploads\/2024\/09\/nazim-cavusoglu-2024-bb-740x420.jpg","width":2480,"height":1656},{"@type":"BreadcrumbList","@id":"https:\/\/kibrisdakik.com\/?p=69970#breadcrumb","itemListElement":[{"@type":"ListItem","position":1,"name":"Home","item":"https:\/\/kibrisdakik.com\/"},{"@type":"ListItem","position":2,"name":"Milli E\u011fitim Bakan\u0131 \u00c7avu\u015fo\u011flu f\u0131rt\u0131nan\u0131n yar\u0131n etkisinin azalaca\u011f\u0131n\u0131, bu nedenle okullar\u0131n yar\u0131n e\u011fitime devam etmesinde bir sak\u0131nca g\u00f6r\u00fclmedi\u011fini a\u00e7\u0131klad\u0131"}]},{"@type":"WebSite","@id":"https:\/\/kibrisdakik.com\/#website","url":"https:\/\/kibrisdakik.com\/","name":"","description":"Tam vaktinde haber","potentialAction":[{"@type":"SearchAction","target":{"@type":"EntryPoint","urlTemplate":"https:\/\/kibrisdakik.com\/?s={search_term_string}"},"query-input":{"@type":"PropertyValueSpecification","valueRequired":true,"valueName":"search_term_string"}}],"inLanguage":"tr"},{"@type":"Person","@id":"https:\/\/kibrisdakik.com\/#\/schema\/person\/9cd9d437bbb44f72b73ba127e06d8e79","name":"admin","image":{"@type":"ImageObject","inLanguage":"tr","@id":"https:\/\/secure.gravatar.com\/avatar\/ccc17943b9d660506c869530f897617f7cb1c21a4bf30023f252596d83e1f007?s=96&d=mm&r=g","url":"https:\/\/secure.gravatar.com\/avatar\/ccc17943b9d660506c869530f897617f7cb1c21a4bf30023f252596d83e1f007?s=96&d=mm&r=g","contentUrl":"https:\/\/secure.gravatar.com\/avatar\/ccc17943b9d660506c869530f897617f7cb1c21a4bf30023f252596d83e1f007?s=96&d=mm&r=g","caption":"admin"},"sameAs":["https:\/\/kibrisdakik.com"],"url":"https:\/\/kibrisdakik.com\/?author=1"}]}},"_links":{"self":[{"href":"https:\/\/kibrisdakik.com\/index.php?rest_route=\/wp\/v2\/posts\/69970","targetHints":{"allow":["GET"]}}],"collection":[{"href":"https:\/\/kibrisdakik.com\/index.php?rest_route=\/wp\/v2\/posts"}],"about":[{"href":"https:\/\/kibrisdakik.com\/index.php?rest_route=\/wp\/v2\/types\/post"}],"author":[{"embeddable":true,"href":"https:\/\/kibrisdakik.com\/index.php?rest_route=\/wp\/v2\/users\/1"}],"replies":[{"embeddable":true,"href":"https:\/\/kibrisdakik.com\/index.php?rest_route=%2Fwp%2Fv2%2Fcomments&post=69970"}],"version-history":[{"count":0,"href":"https:\/\/kibrisdakik.com\/index.php?rest_route=\/wp\/v2\/posts\/69970\/revisions"}],"wp:featuredmedia":[{"embeddable":true,"href":"https:\/\/kibrisdakik.com\/index.php?rest_route=\/wp\/v2\/media\/62637"}],"wp:attachment":[{"href":"https:\/\/kibrisdakik.com\/index.php?rest_route=%2Fwp%2Fv2%2Fmedia&parent=69970"}],"wp:term":[{"taxonomy":"category","embeddable":true,"href":"https:\/\/kibrisdakik.com\/index.php?rest_route=%2Fwp%2Fv2%2Fcategories&post=69970"},{"taxonomy":"post_tag","embeddable":true,"href":"https:\/\/kibrisdakik.com\/index.php?rest_route=%2Fwp%2Fv2%2Ftags&post=69970"}],"curies":[{"name":"wp","href":"https:\/\/api.w.org\/{rel}","templated":true}]}}