{"id":69972,"date":"2024-11-25T00:03:52","date_gmt":"2024-11-24T21:03:52","guid":{"rendered":"https:\/\/kibrisdakik.com\/index.php\/2024\/11\/25\/meteoroloji-kuvvetli-firtinanin-sabah-saatlerinde-etkisini-azaltacagini-duyurdu\/"},"modified":"2024-11-25T00:03:52","modified_gmt":"2024-11-24T21:03:52","slug":"meteoroloji-kuvvetli-firtinanin-sabah-saatlerinde-etkisini-azaltacagini-duyurdu","status":"publish","type":"post","link":"https:\/\/kibrisdakik.com\/?p=69972","title":{"rendered":"Meteoroloji, kuvvetli f\u0131rt\u0131nan\u0131n sabah saatlerinde etkisini azaltaca\u011f\u0131n\u0131 duyurdu"},"content":{"rendered":"<div>\n<div class=\"mariselle-image-container center\">\n                                            <\/div>\n<p>Meteoroloji Dairesi, kuvvetli f\u0131rt\u0131na \u015feklinde esen r\u00fczgar\u0131n, sabah saatlerinde etkisini azaltarak yer yer f\u0131rt\u0131nams\u0131 r\u00fczgar \u015feklinde esece\u011fini  duyurdu. <\/p>\n<p>Meteoroloji Dairesi yapt\u0131\u011f\u0131 a\u00e7\u0131klamada, g\u00fcncellenen meteorolojik veriler ve son yap\u0131lan analizleri kamuoyuyla payla\u015ft\u0131.<\/p>\n<p>A\u00e7\u0131klamada, yar\u0131n sabah 06.00 ile 15.00 saatleri aras\u0131nda, 75-88 km\/saat \u015feklinde esen r\u00fczgar\u0131n etkisini azaltarak, kuvvetli r\u00fczgar ve yer yer f\u0131rt\u0131nams\u0131 r\u00fczgar \u015feklinde esmesinin beklendi\u011fi kaydedildi.<\/p>\n<\/p><\/div>\n<p><script async\n                    defer\n                    crossorigin=\"anonymous\"\n                    src=\"https:\/\/connect.facebook.net\/tr_TR\/sdk.js#xfbml=1&#038;version=v3.3\"\n            ><\/script><\/p>\n","protected":false},"excerpt":{"rendered":"<p>Meteoroloji Dairesi, kuvvetli f\u0131rt\u0131na \u015feklinde esen r\u00fczgar\u0131n, sabah saatlerinde etkisini azaltarak yer yer f\u0131rt\u0131nams\u0131 r\u00fczgar \u015feklinde esece\u011fini duyurdu. Meteoroloji Dairesi yapt\u0131\u011f\u0131 a\u00e7\u0131klamada, g\u00fcncellenen meteorolojik veriler ve son yap\u0131lan analizleri kamuoyuyla payla\u015ft\u0131. A\u00e7\u0131klamada, yar\u0131n sabah 06.00 ile 15.00 saatleri aras\u0131nda, 75-88 km\/saat \u015feklinde esen r\u00fczgar\u0131n etkisini azaltarak, kuvvetli r\u00fczgar ve yer yer f\u0131rt\u0131nams\u0131 r\u00fczgar \u015feklinde esmesinin<\/p>\n","protected":false},"author":1,"featured_media":69973,"comment_status":"open","ping_status":"open","sticky":false,"template":"","format":"standard","meta":{"footnotes":""},"categories":[81],"tags":[],"class_list":["post-69972","post","type-post","status-publish","format-standard","has-post-thumbnail","hentry","category-kibris"],"yoast_head":"<!-- This site is optimized with the Yoast SEO plugin v27.4 - https:\/\/yoast.com\/product\/yoast-seo-wordpress\/ -->\n<title>Meteoroloji, kuvvetli f\u0131rt\u0131nan\u0131n sabah saatlerinde etkisini azaltaca\u011f\u0131n\u0131 duyurdu -<\/title>\n<meta name=\"robots\" content=\"index, follow, max-snippet:-1, max-image-preview:large, max-video-preview:-1\" \/>\n<link rel=\"canonical\" href=\"https:\/\/kibrisdakik.com\/?p=69972\" \/>\n<meta property=\"og:locale\" content=\"tr_TR\" \/>\n<meta property=\"og:type\" content=\"article\" \/>\n<meta property=\"og:title\" content=\"Meteoroloji, kuvvetli f\u0131rt\u0131nan\u0131n sabah saatlerinde etkisini azaltaca\u011f\u0131n\u0131 duyurdu -\" \/>\n<meta property=\"og:description\" content=\"Meteoroloji Dairesi, kuvvetli f\u0131rt\u0131na \u015feklinde esen r\u00fczgar\u0131n, sabah saatlerinde etkisini azaltarak yer yer f\u0131rt\u0131nams\u0131 r\u00fczgar \u015feklinde esece\u011fini duyurdu. Meteoroloji Dairesi yapt\u0131\u011f\u0131 a\u00e7\u0131klamada, g\u00fcncellenen meteorolojik veriler ve son yap\u0131lan analizleri kamuoyuyla payla\u015ft\u0131. A\u00e7\u0131klamada, yar\u0131n sabah 06.00 ile 15.00 saatleri aras\u0131nda, 75-88 km\/saat \u015feklinde esen r\u00fczgar\u0131n etkisini azaltarak, kuvvetli r\u00fczgar ve yer yer f\u0131rt\u0131nams\u0131 r\u00fczgar \u015feklinde esmesinin\" \/>\n<meta property=\"og:url\" content=\"https:\/\/kibrisdakik.com\/?p=69972\" \/>\n<meta property=\"article:published_time\" content=\"2024-11-24T21:03:52+00:00\" \/>\n<meta property=\"og:image\" content=\"https:\/\/kibrisdakik.com\/wp-content\/uploads\/2024\/11\/FIRTINAAA-740x420.jpg\" \/>\n\t<meta property=\"og:image:width\" content=\"971\" \/>\n\t<meta property=\"og:image:height\" content=\"551\" \/>\n\t<meta property=\"og:image:type\" content=\"image\/jpeg\" \/>\n<meta name=\"author\" content=\"admin\" \/>\n<meta name=\"twitter:card\" content=\"summary_large_image\" \/>\n<meta name=\"twitter:label1\" content=\"Yazan:\" \/>\n\t<meta name=\"twitter:data1\" content=\"admin\" \/>\n<script type=\"application\/ld+json\" class=\"yoast-schema-graph\">{\"@context\":\"https:\\\/\\\/schema.org\",\"@graph\":[{\"@type\":\"Article\",\"@id\":\"https:\\\/\\\/kibrisdakik.com\\\/?p=69972#article\",\"isPartOf\":{\"@id\":\"https:\\\/\\\/kibrisdakik.com\\\/?p=69972\"},\"author\":{\"name\":\"admin\",\"@id\":\"https:\\\/\\\/kibrisdakik.com\\\/#\\\/schema\\\/person\\\/9cd9d437bbb44f72b73ba127e06d8e79\"},\"headline\":\"Meteoroloji, kuvvetli f\u0131rt\u0131nan\u0131n sabah saatlerinde etkisini azaltaca\u011f\u0131n\u0131 duyurdu\",\"datePublished\":\"2024-11-24T21:03:52+00:00\",\"mainEntityOfPage\":{\"@id\":\"https:\\\/\\\/kibrisdakik.com\\\/?p=69972\"},\"wordCount\":90,\"commentCount\":0,\"image\":{\"@id\":\"https:\\\/\\\/kibrisdakik.com\\\/?p=69972#primaryimage\"},\"thumbnailUrl\":\"https:\\\/\\\/kibrisdakik.com\\\/wp-content\\\/uploads\\\/2024\\\/11\\\/FIRTINAAA-740x420.jpg\",\"articleSection\":[\"K\u0131br\u0131s\"],\"inLanguage\":\"tr\",\"potentialAction\":[{\"@type\":\"CommentAction\",\"name\":\"Comment\",\"target\":[\"https:\\\/\\\/kibrisdakik.com\\\/?p=69972#respond\"]}]},{\"@type\":\"WebPage\",\"@id\":\"https:\\\/\\\/kibrisdakik.com\\\/?p=69972\",\"url\":\"https:\\\/\\\/kibrisdakik.com\\\/?p=69972\",\"name\":\"Meteoroloji, kuvvetli f\u0131rt\u0131nan\u0131n sabah saatlerinde etkisini azaltaca\u011f\u0131n\u0131 duyurdu -\",\"isPartOf\":{\"@id\":\"https:\\\/\\\/kibrisdakik.com\\\/#website\"},\"primaryImageOfPage\":{\"@id\":\"https:\\\/\\\/kibrisdakik.com\\\/?p=69972#primaryimage\"},\"image\":{\"@id\":\"https:\\\/\\\/kibrisdakik.com\\\/?p=69972#primaryimage\"},\"thumbnailUrl\":\"https:\\\/\\\/kibrisdakik.com\\\/wp-content\\\/uploads\\\/2024\\\/11\\\/FIRTINAAA-740x420.jpg\",\"datePublished\":\"2024-11-24T21:03:52+00:00\",\"author\":{\"@id\":\"https:\\\/\\\/kibrisdakik.com\\\/#\\\/schema\\\/person\\\/9cd9d437bbb44f72b73ba127e06d8e79\"},\"breadcrumb\":{\"@id\":\"https:\\\/\\\/kibrisdakik.com\\\/?p=69972#breadcrumb\"},\"inLanguage\":\"tr\",\"potentialAction\":[{\"@type\":\"ReadAction\",\"target\":[\"https:\\\/\\\/kibrisdakik.com\\\/?p=69972\"]}]},{\"@type\":\"ImageObject\",\"inLanguage\":\"tr\",\"@id\":\"https:\\\/\\\/kibrisdakik.com\\\/?p=69972#primaryimage\",\"url\":\"https:\\\/\\\/kibrisdakik.com\\\/wp-content\\\/uploads\\\/2024\\\/11\\\/FIRTINAAA-740x420.jpg\",\"contentUrl\":\"https:\\\/\\\/kibrisdakik.com\\\/wp-content\\\/uploads\\\/2024\\\/11\\\/FIRTINAAA-740x420.jpg\",\"width\":971,\"height\":551},{\"@type\":\"BreadcrumbList\",\"@id\":\"https:\\\/\\\/kibrisdakik.com\\\/?p=69972#breadcrumb\",\"itemListElement\":[{\"@type\":\"ListItem\",\"position\":1,\"name\":\"Home\",\"item\":\"https:\\\/\\\/kibrisdakik.com\\\/\"},{\"@type\":\"ListItem\",\"position\":2,\"name\":\"Meteoroloji, kuvvetli f\u0131rt\u0131nan\u0131n sabah saatlerinde etkisini azaltaca\u011f\u0131n\u0131 duyurdu\"}]},{\"@type\":\"WebSite\",\"@id\":\"https:\\\/\\\/kibrisdakik.com\\\/#website\",\"url\":\"https:\\\/\\\/kibrisdakik.com\\\/\",\"name\":\"\",\"description\":\"Tam vaktinde haber\",\"potentialAction\":[{\"@type\":\"SearchAction\",\"target\":{\"@type\":\"EntryPoint\",\"urlTemplate\":\"https:\\\/\\\/kibrisdakik.com\\\/?s={search_term_string}\"},\"query-input\":{\"@type\":\"PropertyValueSpecification\",\"valueRequired\":true,\"valueName\":\"search_term_string\"}}],\"inLanguage\":\"tr\"},{\"@type\":\"Person\",\"@id\":\"https:\\\/\\\/kibrisdakik.com\\\/#\\\/schema\\\/person\\\/9cd9d437bbb44f72b73ba127e06d8e79\",\"name\":\"admin\",\"image\":{\"@type\":\"ImageObject\",\"inLanguage\":\"tr\",\"@id\":\"https:\\\/\\\/secure.gravatar.com\\\/avatar\\\/ccc17943b9d660506c869530f897617f7cb1c21a4bf30023f252596d83e1f007?s=96&d=mm&r=g\",\"url\":\"https:\\\/\\\/secure.gravatar.com\\\/avatar\\\/ccc17943b9d660506c869530f897617f7cb1c21a4bf30023f252596d83e1f007?s=96&d=mm&r=g\",\"contentUrl\":\"https:\\\/\\\/secure.gravatar.com\\\/avatar\\\/ccc17943b9d660506c869530f897617f7cb1c21a4bf30023f252596d83e1f007?s=96&d=mm&r=g\",\"caption\":\"admin\"},\"sameAs\":[\"https:\\\/\\\/kibrisdakik.com\"],\"url\":\"https:\\\/\\\/kibrisdakik.com\\\/?author=1\"}]}<\/script>\n<!-- \/ Yoast SEO plugin. -->","yoast_head_json":{"title":"Meteoroloji, kuvvetli f\u0131rt\u0131nan\u0131n sabah saatlerinde etkisini azaltaca\u011f\u0131n\u0131 duyurdu -","robots":{"index":"index","follow":"follow","max-snippet":"max-snippet:-1","max-image-preview":"max-image-preview:large","max-video-preview":"max-video-preview:-1"},"canonical":"https:\/\/kibrisdakik.com\/?p=69972","og_locale":"tr_TR","og_type":"article","og_title":"Meteoroloji, kuvvetli f\u0131rt\u0131nan\u0131n sabah saatlerinde etkisini azaltaca\u011f\u0131n\u0131 duyurdu -","og_description":"Meteoroloji Dairesi, kuvvetli f\u0131rt\u0131na \u015feklinde esen r\u00fczgar\u0131n, sabah saatlerinde etkisini azaltarak yer yer f\u0131rt\u0131nams\u0131 r\u00fczgar \u015feklinde esece\u011fini duyurdu. Meteoroloji Dairesi yapt\u0131\u011f\u0131 a\u00e7\u0131klamada, g\u00fcncellenen meteorolojik veriler ve son yap\u0131lan analizleri kamuoyuyla payla\u015ft\u0131. A\u00e7\u0131klamada, yar\u0131n sabah 06.00 ile 15.00 saatleri aras\u0131nda, 75-88 km\/saat \u015feklinde esen r\u00fczgar\u0131n etkisini azaltarak, kuvvetli r\u00fczgar ve yer yer f\u0131rt\u0131nams\u0131 r\u00fczgar \u015feklinde esmesinin","og_url":"https:\/\/kibrisdakik.com\/?p=69972","article_published_time":"2024-11-24T21:03:52+00:00","og_image":[{"width":971,"height":551,"url":"https:\/\/kibrisdakik.com\/wp-content\/uploads\/2024\/11\/FIRTINAAA-740x420.jpg","type":"image\/jpeg"}],"author":"admin","twitter_card":"summary_large_image","twitter_misc":{"Yazan:":"admin"},"schema":{"@context":"https:\/\/schema.org","@graph":[{"@type":"Article","@id":"https:\/\/kibrisdakik.com\/?p=69972#article","isPartOf":{"@id":"https:\/\/kibrisdakik.com\/?p=69972"},"author":{"name":"admin","@id":"https:\/\/kibrisdakik.com\/#\/schema\/person\/9cd9d437bbb44f72b73ba127e06d8e79"},"headline":"Meteoroloji, kuvvetli f\u0131rt\u0131nan\u0131n sabah saatlerinde etkisini azaltaca\u011f\u0131n\u0131 duyurdu","datePublished":"2024-11-24T21:03:52+00:00","mainEntityOfPage":{"@id":"https:\/\/kibrisdakik.com\/?p=69972"},"wordCount":90,"commentCount":0,"image":{"@id":"https:\/\/kibrisdakik.com\/?p=69972#primaryimage"},"thumbnailUrl":"https:\/\/kibrisdakik.com\/wp-content\/uploads\/2024\/11\/FIRTINAAA-740x420.jpg","articleSection":["K\u0131br\u0131s"],"inLanguage":"tr","potentialAction":[{"@type":"CommentAction","name":"Comment","target":["https:\/\/kibrisdakik.com\/?p=69972#respond"]}]},{"@type":"WebPage","@id":"https:\/\/kibrisdakik.com\/?p=69972","url":"https:\/\/kibrisdakik.com\/?p=69972","name":"Meteoroloji, kuvvetli f\u0131rt\u0131nan\u0131n sabah saatlerinde etkisini azaltaca\u011f\u0131n\u0131 duyurdu -","isPartOf":{"@id":"https:\/\/kibrisdakik.com\/#website"},"primaryImageOfPage":{"@id":"https:\/\/kibrisdakik.com\/?p=69972#primaryimage"},"image":{"@id":"https:\/\/kibrisdakik.com\/?p=69972#primaryimage"},"thumbnailUrl":"https:\/\/kibrisdakik.com\/wp-content\/uploads\/2024\/11\/FIRTINAAA-740x420.jpg","datePublished":"2024-11-24T21:03:52+00:00","author":{"@id":"https:\/\/kibrisdakik.com\/#\/schema\/person\/9cd9d437bbb44f72b73ba127e06d8e79"},"breadcrumb":{"@id":"https:\/\/kibrisdakik.com\/?p=69972#breadcrumb"},"inLanguage":"tr","potentialAction":[{"@type":"ReadAction","target":["https:\/\/kibrisdakik.com\/?p=69972"]}]},{"@type":"ImageObject","inLanguage":"tr","@id":"https:\/\/kibrisdakik.com\/?p=69972#primaryimage","url":"https:\/\/kibrisdakik.com\/wp-content\/uploads\/2024\/11\/FIRTINAAA-740x420.jpg","contentUrl":"https:\/\/kibrisdakik.com\/wp-content\/uploads\/2024\/11\/FIRTINAAA-740x420.jpg","width":971,"height":551},{"@type":"BreadcrumbList","@id":"https:\/\/kibrisdakik.com\/?p=69972#breadcrumb","itemListElement":[{"@type":"ListItem","position":1,"name":"Home","item":"https:\/\/kibrisdakik.com\/"},{"@type":"ListItem","position":2,"name":"Meteoroloji, kuvvetli f\u0131rt\u0131nan\u0131n sabah saatlerinde etkisini azaltaca\u011f\u0131n\u0131 duyurdu"}]},{"@type":"WebSite","@id":"https:\/\/kibrisdakik.com\/#website","url":"https:\/\/kibrisdakik.com\/","name":"","description":"Tam vaktinde haber","potentialAction":[{"@type":"SearchAction","target":{"@type":"EntryPoint","urlTemplate":"https:\/\/kibrisdakik.com\/?s={search_term_string}"},"query-input":{"@type":"PropertyValueSpecification","valueRequired":true,"valueName":"search_term_string"}}],"inLanguage":"tr"},{"@type":"Person","@id":"https:\/\/kibrisdakik.com\/#\/schema\/person\/9cd9d437bbb44f72b73ba127e06d8e79","name":"admin","image":{"@type":"ImageObject","inLanguage":"tr","@id":"https:\/\/secure.gravatar.com\/avatar\/ccc17943b9d660506c869530f897617f7cb1c21a4bf30023f252596d83e1f007?s=96&d=mm&r=g","url":"https:\/\/secure.gravatar.com\/avatar\/ccc17943b9d660506c869530f897617f7cb1c21a4bf30023f252596d83e1f007?s=96&d=mm&r=g","contentUrl":"https:\/\/secure.gravatar.com\/avatar\/ccc17943b9d660506c869530f897617f7cb1c21a4bf30023f252596d83e1f007?s=96&d=mm&r=g","caption":"admin"},"sameAs":["https:\/\/kibrisdakik.com"],"url":"https:\/\/kibrisdakik.com\/?author=1"}]}},"_links":{"self":[{"href":"https:\/\/kibrisdakik.com\/index.php?rest_route=\/wp\/v2\/posts\/69972","targetHints":{"allow":["GET"]}}],"collection":[{"href":"https:\/\/kibrisdakik.com\/index.php?rest_route=\/wp\/v2\/posts"}],"about":[{"href":"https:\/\/kibrisdakik.com\/index.php?rest_route=\/wp\/v2\/types\/post"}],"author":[{"embeddable":true,"href":"https:\/\/kibrisdakik.com\/index.php?rest_route=\/wp\/v2\/users\/1"}],"replies":[{"embeddable":true,"href":"https:\/\/kibrisdakik.com\/index.php?rest_route=%2Fwp%2Fv2%2Fcomments&post=69972"}],"version-history":[{"count":0,"href":"https:\/\/kibrisdakik.com\/index.php?rest_route=\/wp\/v2\/posts\/69972\/revisions"}],"wp:featuredmedia":[{"embeddable":true,"href":"https:\/\/kibrisdakik.com\/index.php?rest_route=\/wp\/v2\/media\/69973"}],"wp:attachment":[{"href":"https:\/\/kibrisdakik.com\/index.php?rest_route=%2Fwp%2Fv2%2Fmedia&parent=69972"}],"wp:term":[{"taxonomy":"category","embeddable":true,"href":"https:\/\/kibrisdakik.com\/index.php?rest_route=%2Fwp%2Fv2%2Fcategories&post=69972"},{"taxonomy":"post_tag","embeddable":true,"href":"https:\/\/kibrisdakik.com\/index.php?rest_route=%2Fwp%2Fv2%2Ftags&post=69972"}],"curies":[{"name":"wp","href":"https:\/\/api.w.org\/{rel}","templated":true}]}}