{"id":70026,"date":"2024-11-25T15:40:38","date_gmt":"2024-11-25T12:40:38","guid":{"rendered":"https:\/\/kibrisdakik.com\/index.php\/2024\/11\/25\/haksen-ulkede-kadina-siddet-konusundaki-rakamlar-buzdaginin-gorunen-yuzu\/"},"modified":"2024-11-25T15:40:38","modified_gmt":"2024-11-25T12:40:38","slug":"haksen-ulkede-kadina-siddet-konusundaki-rakamlar-buzdaginin-gorunen-yuzu","status":"publish","type":"post","link":"https:\/\/kibrisdakik.com\/?p=70026","title":{"rendered":"HAKSEN: \u201c\u00dclkede kad\u0131na \u015fiddet konusundaki rakamlar buzda\u011f\u0131n\u0131n g\u00f6r\u00fcnen y\u00fcz\u00fc\u201d"},"content":{"rendered":"<div>\n<div class=\"mariselle-image-container center\">\n                                            <\/div>\n<p>E\u015fit Hak ve Adalet Sendikas\u0131 (HAKSEN) Ba\u015fkan\u0131 Salih Er\u015fangil, \u00fclkede kad\u0131na \u015fiddet konusundaki rakamlar\u0131n \u201cbuzda\u011f\u0131n\u0131n g\u00f6r\u00fcnen y\u00fcz\u00fc\u201d oldu\u011funu s\u00f6yledi.<\/p>\n<p>Er\u015fangil, 25 Kas\u0131m Kad\u0131na Y\u00f6nelik \u015eiddete Kar\u015f\u0131 Uluslararas\u0131 M\u00fccadele G\u00fcn\u00fc dolay\u0131s\u0131yla yay\u0131mlad\u0131\u011f\u0131 mesajda, \u00fclkede yaln\u0131zca bir kad\u0131n s\u0131\u011f\u0131nma evinin olmas\u0131n\u0131 \u201ckabul edilmez\u201d olarak nitelendirdi ve s\u0131\u011f\u0131nma evi a\u00e7man\u0131n devletin g\u00f6revi oldu\u011funu vurgulad\u0131.<\/p>\n<p>\u201c\u00dclkemizde bir\u00e7ok kad\u0131n \u015fiddet g\u00f6rmekte, mobbing, taciz ve tecav\u00fcze u\u011framaktad\u0131r. Kad\u0131na \u015fiddet konusunda rakamlar bize do\u011fruyu s\u00f6ylememektedir. Polise ve mahkemelere ula\u015fan ve kay\u0131tlara ge\u00e7en konular, maalesef ki buzda\u011f\u0131n\u0131n g\u00f6r\u00fcnen y\u00fcz\u00fcd\u00fcr. Pek \u00e7ok kad\u0131n bu konularla ilgili yard\u0131m bulamamakta, korktu\u011fu i\u00e7in susmakta veya \u00e7evresinin bask\u0131s\u0131yla susturulmaktad\u0131r.\u201d ifadelerini kulland\u0131.<\/p>\n<p>Er\u015fangil,\u201cTek s\u0131\u011f\u0131nma evimizin ba\u015fkent Lefko\u015fa\u2019da ve belediyeye ait olmas\u0131, \u00fclkeyi y\u00f6neten zihniyetin bir kez daha s\u0131n\u0131fta kald\u0131\u011f\u0131n\u0131n g\u00f6stergesidir. \u00c7\u00fcnk\u00fc s\u0131\u011f\u0131nma evlerinin a\u00e7\u0131lmas\u0131 ve bunlar\u0131n t\u00fcm b\u00f6lgelere yay\u0131lmas\u0131 devletin \u00f6devidir ve g\u00f6revidir\u201d dedi.<\/p>\n<p>Er\u015fangil, bug\u00fcn saat 19.00\u2019da Lefko\u015fa Dereboyu\u2019nda 25 Kas\u0131m Kad\u0131na \u015eiddetle M\u00fccadele G\u00fcn\u00fc dolay\u0131s\u0131yla yap\u0131lacak y\u00fcr\u00fcy\u00fc\u015fe kat\u0131lacaklar\u0131n\u0131 da belirtti.<\/p>\n<\/p><\/div>\n<p><script async\n                    defer\n                    crossorigin=\"anonymous\"\n                    src=\"https:\/\/connect.facebook.net\/tr_TR\/sdk.js#xfbml=1&#038;version=v3.3\"\n            ><\/script><\/p>\n","protected":false},"excerpt":{"rendered":"<p>E\u015fit Hak ve Adalet Sendikas\u0131 (HAKSEN) Ba\u015fkan\u0131 Salih Er\u015fangil, \u00fclkede kad\u0131na \u015fiddet konusundaki rakamlar\u0131n \u201cbuzda\u011f\u0131n\u0131n g\u00f6r\u00fcnen y\u00fcz\u00fc\u201d oldu\u011funu s\u00f6yledi. Er\u015fangil, 25 Kas\u0131m Kad\u0131na Y\u00f6nelik \u015eiddete Kar\u015f\u0131 Uluslararas\u0131 M\u00fccadele G\u00fcn\u00fc dolay\u0131s\u0131yla yay\u0131mlad\u0131\u011f\u0131 mesajda, \u00fclkede yaln\u0131zca bir kad\u0131n s\u0131\u011f\u0131nma evinin olmas\u0131n\u0131 \u201ckabul edilmez\u201d olarak nitelendirdi ve s\u0131\u011f\u0131nma evi a\u00e7man\u0131n devletin g\u00f6revi oldu\u011funu vurgulad\u0131. \u201c\u00dclkemizde bir\u00e7ok kad\u0131n \u015fiddet<\/p>\n","protected":false},"author":1,"featured_media":70027,"comment_status":"open","ping_status":"open","sticky":false,"template":"","format":"standard","meta":{"footnotes":""},"categories":[81],"tags":[],"class_list":["post-70026","post","type-post","status-publish","format-standard","has-post-thumbnail","hentry","category-kibris"],"yoast_head":"<!-- This site is optimized with the Yoast SEO plugin v27.5 - https:\/\/yoast.com\/product\/yoast-seo-wordpress\/ -->\n<title>HAKSEN: \u201c\u00dclkede kad\u0131na \u015fiddet konusundaki rakamlar buzda\u011f\u0131n\u0131n g\u00f6r\u00fcnen y\u00fcz\u00fc\u201d -<\/title>\n<meta name=\"robots\" content=\"index, follow, max-snippet:-1, max-image-preview:large, max-video-preview:-1\" \/>\n<link rel=\"canonical\" href=\"https:\/\/kibrisdakik.com\/?p=70026\" \/>\n<meta property=\"og:locale\" content=\"tr_TR\" \/>\n<meta property=\"og:type\" content=\"article\" \/>\n<meta property=\"og:title\" content=\"HAKSEN: \u201c\u00dclkede kad\u0131na \u015fiddet konusundaki rakamlar buzda\u011f\u0131n\u0131n g\u00f6r\u00fcnen y\u00fcz\u00fc\u201d -\" \/>\n<meta property=\"og:description\" content=\"E\u015fit Hak ve Adalet Sendikas\u0131 (HAKSEN) Ba\u015fkan\u0131 Salih Er\u015fangil, \u00fclkede kad\u0131na \u015fiddet konusundaki rakamlar\u0131n \u201cbuzda\u011f\u0131n\u0131n g\u00f6r\u00fcnen y\u00fcz\u00fc\u201d oldu\u011funu s\u00f6yledi. Er\u015fangil, 25 Kas\u0131m Kad\u0131na Y\u00f6nelik \u015eiddete Kar\u015f\u0131 Uluslararas\u0131 M\u00fccadele G\u00fcn\u00fc dolay\u0131s\u0131yla yay\u0131mlad\u0131\u011f\u0131 mesajda, \u00fclkede yaln\u0131zca bir kad\u0131n s\u0131\u011f\u0131nma evinin olmas\u0131n\u0131 \u201ckabul edilmez\u201d olarak nitelendirdi ve s\u0131\u011f\u0131nma evi a\u00e7man\u0131n devletin g\u00f6revi oldu\u011funu vurgulad\u0131. \u201c\u00dclkemizde bir\u00e7ok kad\u0131n \u015fiddet\" \/>\n<meta property=\"og:url\" content=\"https:\/\/kibrisdakik.com\/?p=70026\" \/>\n<meta property=\"article:published_time\" content=\"2024-11-25T12:40:38+00:00\" \/>\n<meta property=\"og:image\" content=\"https:\/\/kibrisdakik.com\/wp-content\/uploads\/2024\/11\/haksen-lo1.jpg\" \/>\n\t<meta property=\"og:image:width\" content=\"474\" \/>\n\t<meta property=\"og:image:height\" content=\"237\" \/>\n\t<meta property=\"og:image:type\" content=\"image\/jpeg\" \/>\n<meta name=\"author\" content=\"admin\" \/>\n<meta name=\"twitter:card\" content=\"summary_large_image\" \/>\n<meta name=\"twitter:label1\" content=\"Yazan:\" \/>\n\t<meta name=\"twitter:data1\" content=\"admin\" \/>\n\t<meta name=\"twitter:label2\" content=\"Tahmini okuma s\u00fcresi\" \/>\n\t<meta name=\"twitter:data2\" content=\"1 dakika\" \/>\n<script type=\"application\/ld+json\" class=\"yoast-schema-graph\">{\"@context\":\"https:\\\/\\\/schema.org\",\"@graph\":[{\"@type\":\"Article\",\"@id\":\"https:\\\/\\\/kibrisdakik.com\\\/?p=70026#article\",\"isPartOf\":{\"@id\":\"https:\\\/\\\/kibrisdakik.com\\\/?p=70026\"},\"author\":{\"name\":\"admin\",\"@id\":\"https:\\\/\\\/kibrisdakik.com\\\/#\\\/schema\\\/person\\\/9cd9d437bbb44f72b73ba127e06d8e79\"},\"headline\":\"HAKSEN: \u201c\u00dclkede kad\u0131na \u015fiddet konusundaki rakamlar buzda\u011f\u0131n\u0131n g\u00f6r\u00fcnen y\u00fcz\u00fc\u201d\",\"datePublished\":\"2024-11-25T12:40:38+00:00\",\"mainEntityOfPage\":{\"@id\":\"https:\\\/\\\/kibrisdakik.com\\\/?p=70026\"},\"wordCount\":252,\"commentCount\":0,\"image\":{\"@id\":\"https:\\\/\\\/kibrisdakik.com\\\/?p=70026#primaryimage\"},\"thumbnailUrl\":\"https:\\\/\\\/kibrisdakik.com\\\/wp-content\\\/uploads\\\/2024\\\/11\\\/haksen-lo1.jpg\",\"articleSection\":[\"K\u0131br\u0131s\"],\"inLanguage\":\"tr\",\"potentialAction\":[{\"@type\":\"CommentAction\",\"name\":\"Comment\",\"target\":[\"https:\\\/\\\/kibrisdakik.com\\\/?p=70026#respond\"]}]},{\"@type\":\"WebPage\",\"@id\":\"https:\\\/\\\/kibrisdakik.com\\\/?p=70026\",\"url\":\"https:\\\/\\\/kibrisdakik.com\\\/?p=70026\",\"name\":\"HAKSEN: \u201c\u00dclkede kad\u0131na \u015fiddet konusundaki rakamlar buzda\u011f\u0131n\u0131n g\u00f6r\u00fcnen y\u00fcz\u00fc\u201d -\",\"isPartOf\":{\"@id\":\"https:\\\/\\\/kibrisdakik.com\\\/#website\"},\"primaryImageOfPage\":{\"@id\":\"https:\\\/\\\/kibrisdakik.com\\\/?p=70026#primaryimage\"},\"image\":{\"@id\":\"https:\\\/\\\/kibrisdakik.com\\\/?p=70026#primaryimage\"},\"thumbnailUrl\":\"https:\\\/\\\/kibrisdakik.com\\\/wp-content\\\/uploads\\\/2024\\\/11\\\/haksen-lo1.jpg\",\"datePublished\":\"2024-11-25T12:40:38+00:00\",\"author\":{\"@id\":\"https:\\\/\\\/kibrisdakik.com\\\/#\\\/schema\\\/person\\\/9cd9d437bbb44f72b73ba127e06d8e79\"},\"breadcrumb\":{\"@id\":\"https:\\\/\\\/kibrisdakik.com\\\/?p=70026#breadcrumb\"},\"inLanguage\":\"tr\",\"potentialAction\":[{\"@type\":\"ReadAction\",\"target\":[\"https:\\\/\\\/kibrisdakik.com\\\/?p=70026\"]}]},{\"@type\":\"ImageObject\",\"inLanguage\":\"tr\",\"@id\":\"https:\\\/\\\/kibrisdakik.com\\\/?p=70026#primaryimage\",\"url\":\"https:\\\/\\\/kibrisdakik.com\\\/wp-content\\\/uploads\\\/2024\\\/11\\\/haksen-lo1.jpg\",\"contentUrl\":\"https:\\\/\\\/kibrisdakik.com\\\/wp-content\\\/uploads\\\/2024\\\/11\\\/haksen-lo1.jpg\",\"width\":474,\"height\":237},{\"@type\":\"BreadcrumbList\",\"@id\":\"https:\\\/\\\/kibrisdakik.com\\\/?p=70026#breadcrumb\",\"itemListElement\":[{\"@type\":\"ListItem\",\"position\":1,\"name\":\"Home\",\"item\":\"https:\\\/\\\/kibrisdakik.com\\\/\"},{\"@type\":\"ListItem\",\"position\":2,\"name\":\"HAKSEN: \u201c\u00dclkede kad\u0131na \u015fiddet konusundaki rakamlar buzda\u011f\u0131n\u0131n g\u00f6r\u00fcnen y\u00fcz\u00fc\u201d\"}]},{\"@type\":\"WebSite\",\"@id\":\"https:\\\/\\\/kibrisdakik.com\\\/#website\",\"url\":\"https:\\\/\\\/kibrisdakik.com\\\/\",\"name\":\"\",\"description\":\"Tam vaktinde haber\",\"potentialAction\":[{\"@type\":\"SearchAction\",\"target\":{\"@type\":\"EntryPoint\",\"urlTemplate\":\"https:\\\/\\\/kibrisdakik.com\\\/?s={search_term_string}\"},\"query-input\":{\"@type\":\"PropertyValueSpecification\",\"valueRequired\":true,\"valueName\":\"search_term_string\"}}],\"inLanguage\":\"tr\"},{\"@type\":\"Person\",\"@id\":\"https:\\\/\\\/kibrisdakik.com\\\/#\\\/schema\\\/person\\\/9cd9d437bbb44f72b73ba127e06d8e79\",\"name\":\"admin\",\"image\":{\"@type\":\"ImageObject\",\"inLanguage\":\"tr\",\"@id\":\"https:\\\/\\\/secure.gravatar.com\\\/avatar\\\/ccc17943b9d660506c869530f897617f7cb1c21a4bf30023f252596d83e1f007?s=96&d=mm&r=g\",\"url\":\"https:\\\/\\\/secure.gravatar.com\\\/avatar\\\/ccc17943b9d660506c869530f897617f7cb1c21a4bf30023f252596d83e1f007?s=96&d=mm&r=g\",\"contentUrl\":\"https:\\\/\\\/secure.gravatar.com\\\/avatar\\\/ccc17943b9d660506c869530f897617f7cb1c21a4bf30023f252596d83e1f007?s=96&d=mm&r=g\",\"caption\":\"admin\"},\"sameAs\":[\"https:\\\/\\\/kibrisdakik.com\"],\"url\":\"https:\\\/\\\/kibrisdakik.com\\\/?author=1\"}]}<\/script>\n<!-- \/ Yoast SEO plugin. -->","yoast_head_json":{"title":"HAKSEN: \u201c\u00dclkede kad\u0131na \u015fiddet konusundaki rakamlar buzda\u011f\u0131n\u0131n g\u00f6r\u00fcnen y\u00fcz\u00fc\u201d -","robots":{"index":"index","follow":"follow","max-snippet":"max-snippet:-1","max-image-preview":"max-image-preview:large","max-video-preview":"max-video-preview:-1"},"canonical":"https:\/\/kibrisdakik.com\/?p=70026","og_locale":"tr_TR","og_type":"article","og_title":"HAKSEN: \u201c\u00dclkede kad\u0131na \u015fiddet konusundaki rakamlar buzda\u011f\u0131n\u0131n g\u00f6r\u00fcnen y\u00fcz\u00fc\u201d -","og_description":"E\u015fit Hak ve Adalet Sendikas\u0131 (HAKSEN) Ba\u015fkan\u0131 Salih Er\u015fangil, \u00fclkede kad\u0131na \u015fiddet konusundaki rakamlar\u0131n \u201cbuzda\u011f\u0131n\u0131n g\u00f6r\u00fcnen y\u00fcz\u00fc\u201d oldu\u011funu s\u00f6yledi. Er\u015fangil, 25 Kas\u0131m Kad\u0131na Y\u00f6nelik \u015eiddete Kar\u015f\u0131 Uluslararas\u0131 M\u00fccadele G\u00fcn\u00fc dolay\u0131s\u0131yla yay\u0131mlad\u0131\u011f\u0131 mesajda, \u00fclkede yaln\u0131zca bir kad\u0131n s\u0131\u011f\u0131nma evinin olmas\u0131n\u0131 \u201ckabul edilmez\u201d olarak nitelendirdi ve s\u0131\u011f\u0131nma evi a\u00e7man\u0131n devletin g\u00f6revi oldu\u011funu vurgulad\u0131. \u201c\u00dclkemizde bir\u00e7ok kad\u0131n \u015fiddet","og_url":"https:\/\/kibrisdakik.com\/?p=70026","article_published_time":"2024-11-25T12:40:38+00:00","og_image":[{"width":474,"height":237,"url":"https:\/\/kibrisdakik.com\/wp-content\/uploads\/2024\/11\/haksen-lo1.jpg","type":"image\/jpeg"}],"author":"admin","twitter_card":"summary_large_image","twitter_misc":{"Yazan:":"admin","Tahmini okuma s\u00fcresi":"1 dakika"},"schema":{"@context":"https:\/\/schema.org","@graph":[{"@type":"Article","@id":"https:\/\/kibrisdakik.com\/?p=70026#article","isPartOf":{"@id":"https:\/\/kibrisdakik.com\/?p=70026"},"author":{"name":"admin","@id":"https:\/\/kibrisdakik.com\/#\/schema\/person\/9cd9d437bbb44f72b73ba127e06d8e79"},"headline":"HAKSEN: \u201c\u00dclkede kad\u0131na \u015fiddet konusundaki rakamlar buzda\u011f\u0131n\u0131n g\u00f6r\u00fcnen y\u00fcz\u00fc\u201d","datePublished":"2024-11-25T12:40:38+00:00","mainEntityOfPage":{"@id":"https:\/\/kibrisdakik.com\/?p=70026"},"wordCount":252,"commentCount":0,"image":{"@id":"https:\/\/kibrisdakik.com\/?p=70026#primaryimage"},"thumbnailUrl":"https:\/\/kibrisdakik.com\/wp-content\/uploads\/2024\/11\/haksen-lo1.jpg","articleSection":["K\u0131br\u0131s"],"inLanguage":"tr","potentialAction":[{"@type":"CommentAction","name":"Comment","target":["https:\/\/kibrisdakik.com\/?p=70026#respond"]}]},{"@type":"WebPage","@id":"https:\/\/kibrisdakik.com\/?p=70026","url":"https:\/\/kibrisdakik.com\/?p=70026","name":"HAKSEN: \u201c\u00dclkede kad\u0131na \u015fiddet konusundaki rakamlar buzda\u011f\u0131n\u0131n g\u00f6r\u00fcnen y\u00fcz\u00fc\u201d -","isPartOf":{"@id":"https:\/\/kibrisdakik.com\/#website"},"primaryImageOfPage":{"@id":"https:\/\/kibrisdakik.com\/?p=70026#primaryimage"},"image":{"@id":"https:\/\/kibrisdakik.com\/?p=70026#primaryimage"},"thumbnailUrl":"https:\/\/kibrisdakik.com\/wp-content\/uploads\/2024\/11\/haksen-lo1.jpg","datePublished":"2024-11-25T12:40:38+00:00","author":{"@id":"https:\/\/kibrisdakik.com\/#\/schema\/person\/9cd9d437bbb44f72b73ba127e06d8e79"},"breadcrumb":{"@id":"https:\/\/kibrisdakik.com\/?p=70026#breadcrumb"},"inLanguage":"tr","potentialAction":[{"@type":"ReadAction","target":["https:\/\/kibrisdakik.com\/?p=70026"]}]},{"@type":"ImageObject","inLanguage":"tr","@id":"https:\/\/kibrisdakik.com\/?p=70026#primaryimage","url":"https:\/\/kibrisdakik.com\/wp-content\/uploads\/2024\/11\/haksen-lo1.jpg","contentUrl":"https:\/\/kibrisdakik.com\/wp-content\/uploads\/2024\/11\/haksen-lo1.jpg","width":474,"height":237},{"@type":"BreadcrumbList","@id":"https:\/\/kibrisdakik.com\/?p=70026#breadcrumb","itemListElement":[{"@type":"ListItem","position":1,"name":"Home","item":"https:\/\/kibrisdakik.com\/"},{"@type":"ListItem","position":2,"name":"HAKSEN: \u201c\u00dclkede kad\u0131na \u015fiddet konusundaki rakamlar buzda\u011f\u0131n\u0131n g\u00f6r\u00fcnen y\u00fcz\u00fc\u201d"}]},{"@type":"WebSite","@id":"https:\/\/kibrisdakik.com\/#website","url":"https:\/\/kibrisdakik.com\/","name":"","description":"Tam vaktinde haber","potentialAction":[{"@type":"SearchAction","target":{"@type":"EntryPoint","urlTemplate":"https:\/\/kibrisdakik.com\/?s={search_term_string}"},"query-input":{"@type":"PropertyValueSpecification","valueRequired":true,"valueName":"search_term_string"}}],"inLanguage":"tr"},{"@type":"Person","@id":"https:\/\/kibrisdakik.com\/#\/schema\/person\/9cd9d437bbb44f72b73ba127e06d8e79","name":"admin","image":{"@type":"ImageObject","inLanguage":"tr","@id":"https:\/\/secure.gravatar.com\/avatar\/ccc17943b9d660506c869530f897617f7cb1c21a4bf30023f252596d83e1f007?s=96&d=mm&r=g","url":"https:\/\/secure.gravatar.com\/avatar\/ccc17943b9d660506c869530f897617f7cb1c21a4bf30023f252596d83e1f007?s=96&d=mm&r=g","contentUrl":"https:\/\/secure.gravatar.com\/avatar\/ccc17943b9d660506c869530f897617f7cb1c21a4bf30023f252596d83e1f007?s=96&d=mm&r=g","caption":"admin"},"sameAs":["https:\/\/kibrisdakik.com"],"url":"https:\/\/kibrisdakik.com\/?author=1"}]}},"_links":{"self":[{"href":"https:\/\/kibrisdakik.com\/index.php?rest_route=\/wp\/v2\/posts\/70026","targetHints":{"allow":["GET"]}}],"collection":[{"href":"https:\/\/kibrisdakik.com\/index.php?rest_route=\/wp\/v2\/posts"}],"about":[{"href":"https:\/\/kibrisdakik.com\/index.php?rest_route=\/wp\/v2\/types\/post"}],"author":[{"embeddable":true,"href":"https:\/\/kibrisdakik.com\/index.php?rest_route=\/wp\/v2\/users\/1"}],"replies":[{"embeddable":true,"href":"https:\/\/kibrisdakik.com\/index.php?rest_route=%2Fwp%2Fv2%2Fcomments&post=70026"}],"version-history":[{"count":0,"href":"https:\/\/kibrisdakik.com\/index.php?rest_route=\/wp\/v2\/posts\/70026\/revisions"}],"wp:featuredmedia":[{"embeddable":true,"href":"https:\/\/kibrisdakik.com\/index.php?rest_route=\/wp\/v2\/media\/70027"}],"wp:attachment":[{"href":"https:\/\/kibrisdakik.com\/index.php?rest_route=%2Fwp%2Fv2%2Fmedia&parent=70026"}],"wp:term":[{"taxonomy":"category","embeddable":true,"href":"https:\/\/kibrisdakik.com\/index.php?rest_route=%2Fwp%2Fv2%2Fcategories&post=70026"},{"taxonomy":"post_tag","embeddable":true,"href":"https:\/\/kibrisdakik.com\/index.php?rest_route=%2Fwp%2Fv2%2Ftags&post=70026"}],"curies":[{"name":"wp","href":"https:\/\/api.w.org\/{rel}","templated":true}]}}