{"id":70064,"date":"2024-11-25T20:54:59","date_gmt":"2024-11-25T17:54:59","guid":{"rendered":"https:\/\/kibrisdakik.com\/index.php\/2024\/11\/25\/cumhurbaskani-tatar-gkk-gorguluyu-ziyaret-etti\/"},"modified":"2024-11-25T20:54:59","modified_gmt":"2024-11-25T17:54:59","slug":"cumhurbaskani-tatar-gkk-gorguluyu-ziyaret-etti","status":"publish","type":"post","link":"https:\/\/kibrisdakik.com\/?p=70064","title":{"rendered":"Cumhurba\u015fkan\u0131 Tatar, GKK G\u00f6rg\u00fcl\u00fc\u2019y\u00fc ziyaret etti"},"content":{"rendered":"<div>\n<div class=\"mariselle-image-container center\">\n                                            <\/div>\n<p>Cumhurba\u015fkan\u0131 Ersin Tatar, G\u00fcvenlik Kuvvetleri Komutan\u0131 T\u00fcmgeneral \u0130lker G\u00f6rg\u00fcl\u00fc\u2019y\u00fc ziyaret etti.<\/p>\n<p>Cumhurba\u015fkanl\u0131\u011f\u0131\u2019ndan verilen bilgiye g\u00f6re, G\u00fcvenlik Kuvvetleri Komutanl\u0131\u011f\u0131\u2019n\u0131n Bo\u011faz\u2019daki kararg\u00e2h\u0131n\u0131 ziyaret eden Cumhurba\u015fkan\u0131 Tatar, burada G\u00fcvenlik Kuvvetleri Komutan\u0131 T\u00fcmgeneral \u0130lker G\u00f6rg\u00fcl\u00fc taraf\u0131ndan askeri t\u00f6renle kar\u015f\u0131land\u0131.  <\/p>\n<div class=\"mariselle-image-container center\">\n                <img loading=\"lazy\" decoding=\"async\" width=\"2560\" height=\"1707\" class=\"lazy-image\" alt=\"\" sizes=\"auto, (max-width: 2560px) 100vw, 2560px\" src=\"https:\/\/brtk.net\/wp-content\/uploads\/2024\/11\/25\/c2007ab1-9a27-4e2a-b148-46725bc11cd6-scaled.jpg?ver=b03b6f8cec9d35b2a6ebfe36b16bf13f\" srcset=\"https:\/\/brtk.net\/wp-content\/uploads\/2024\/11\/25\/c2007ab1-9a27-4e2a-b148-46725bc11cd6-scaled.jpg?ver=b03b6f8cec9d35b2a6ebfe36b16bf13f 2560w, https:\/\/brtk.net\/wp-content\/uploads\/2024\/11\/25\/c2007ab1-9a27-4e2a-b148-46725bc11cd6-300x200.jpg?ver=b03b6f8cec9d35b2a6ebfe36b16bf13f 300w, https:\/\/brtk.net\/wp-content\/uploads\/2024\/11\/25\/c2007ab1-9a27-4e2a-b148-46725bc11cd6-1024x683.jpg?ver=3e6cc9c574d0e6ccbbfe8a99651f47fd 1024w, https:\/\/brtk.net\/wp-content\/uploads\/2024\/11\/25\/c2007ab1-9a27-4e2a-b148-46725bc11cd6-768x512.jpg?ver=d6614ab5670994ee3f5ac7067408b334 768w, https:\/\/brtk.net\/wp-content\/uploads\/2024\/11\/25\/c2007ab1-9a27-4e2a-b148-46725bc11cd6-1536x1024.jpg?ver=2c75ac3fa43d34941fb345f76be53897 1536w, https:\/\/brtk.net\/wp-content\/uploads\/2024\/11\/25\/c2007ab1-9a27-4e2a-b148-46725bc11cd6-2048x1365.jpg?ver=18fc2f0fb442b478dd4538344185c374 2048w\"\/>                            <\/div>\n<p>Cumhurba\u015fkan\u0131 Tatar, G\u00fcvenlik Kuvvetleri Komutanl\u0131\u011f\u0131 \u015feref defterini imzalad\u0131 ve  plaket takdimi yapt\u0131.<\/p>\n<\/p><\/div>\n<p><script async\n                    defer\n                    crossorigin=\"anonymous\"\n                    src=\"https:\/\/connect.facebook.net\/tr_TR\/sdk.js#xfbml=1&#038;version=v3.3\"\n            ><\/script><\/p>\n","protected":false},"excerpt":{"rendered":"<p>Cumhurba\u015fkan\u0131 Ersin Tatar, G\u00fcvenlik Kuvvetleri Komutan\u0131 T\u00fcmgeneral \u0130lker G\u00f6rg\u00fcl\u00fc\u2019y\u00fc ziyaret etti. Cumhurba\u015fkanl\u0131\u011f\u0131\u2019ndan verilen bilgiye g\u00f6re, G\u00fcvenlik Kuvvetleri Komutanl\u0131\u011f\u0131\u2019n\u0131n Bo\u011faz\u2019daki kararg\u00e2h\u0131n\u0131 ziyaret eden Cumhurba\u015fkan\u0131 Tatar, burada G\u00fcvenlik Kuvvetleri Komutan\u0131 T\u00fcmgeneral \u0130lker G\u00f6rg\u00fcl\u00fc taraf\u0131ndan askeri t\u00f6renle kar\u015f\u0131land\u0131. Cumhurba\u015fkan\u0131 Tatar, G\u00fcvenlik Kuvvetleri Komutanl\u0131\u011f\u0131 \u015feref defterini imzalad\u0131 ve plaket takdimi yapt\u0131.<\/p>\n","protected":false},"author":1,"featured_media":70065,"comment_status":"open","ping_status":"open","sticky":false,"template":"","format":"standard","meta":{"footnotes":""},"categories":[81],"tags":[],"class_list":["post-70064","post","type-post","status-publish","format-standard","has-post-thumbnail","hentry","category-kibris"],"yoast_head":"<!-- This site is optimized with the Yoast SEO plugin v27.4 - https:\/\/yoast.com\/product\/yoast-seo-wordpress\/ -->\n<title>Cumhurba\u015fkan\u0131 Tatar, GKK G\u00f6rg\u00fcl\u00fc\u2019y\u00fc ziyaret etti -<\/title>\n<meta name=\"robots\" content=\"index, follow, max-snippet:-1, max-image-preview:large, max-video-preview:-1\" \/>\n<link rel=\"canonical\" href=\"https:\/\/kibrisdakik.com\/?p=70064\" \/>\n<meta property=\"og:locale\" content=\"tr_TR\" \/>\n<meta property=\"og:type\" content=\"article\" \/>\n<meta property=\"og:title\" content=\"Cumhurba\u015fkan\u0131 Tatar, GKK G\u00f6rg\u00fcl\u00fc\u2019y\u00fc ziyaret etti -\" \/>\n<meta property=\"og:description\" content=\"Cumhurba\u015fkan\u0131 Ersin Tatar, G\u00fcvenlik Kuvvetleri Komutan\u0131 T\u00fcmgeneral \u0130lker G\u00f6rg\u00fcl\u00fc\u2019y\u00fc ziyaret etti. Cumhurba\u015fkanl\u0131\u011f\u0131\u2019ndan verilen bilgiye g\u00f6re, G\u00fcvenlik Kuvvetleri Komutanl\u0131\u011f\u0131\u2019n\u0131n Bo\u011faz\u2019daki kararg\u00e2h\u0131n\u0131 ziyaret eden Cumhurba\u015fkan\u0131 Tatar, burada G\u00fcvenlik Kuvvetleri Komutan\u0131 T\u00fcmgeneral \u0130lker G\u00f6rg\u00fcl\u00fc taraf\u0131ndan askeri t\u00f6renle kar\u015f\u0131land\u0131. Cumhurba\u015fkan\u0131 Tatar, G\u00fcvenlik Kuvvetleri Komutanl\u0131\u011f\u0131 \u015feref defterini imzalad\u0131 ve plaket takdimi yapt\u0131.\" \/>\n<meta property=\"og:url\" content=\"https:\/\/kibrisdakik.com\/?p=70064\" \/>\n<meta property=\"article:published_time\" content=\"2024-11-25T17:54:59+00:00\" \/>\n<meta property=\"og:image\" content=\"https:\/\/kibrisdakik.com\/wp-content\/uploads\/2024\/11\/6bf4e8db-21bd-48c7-a42a-ef0f6eb11cc2-scaled-740x420.jpg\" \/>\n\t<meta property=\"og:image:width\" content=\"2560\" \/>\n\t<meta property=\"og:image:height\" content=\"1707\" \/>\n\t<meta property=\"og:image:type\" content=\"image\/jpeg\" \/>\n<meta name=\"author\" content=\"admin\" \/>\n<meta name=\"twitter:card\" content=\"summary_large_image\" \/>\n<meta name=\"twitter:label1\" content=\"Yazan:\" \/>\n\t<meta name=\"twitter:data1\" content=\"admin\" \/>\n<script type=\"application\/ld+json\" class=\"yoast-schema-graph\">{\"@context\":\"https:\\\/\\\/schema.org\",\"@graph\":[{\"@type\":\"Article\",\"@id\":\"https:\\\/\\\/kibrisdakik.com\\\/?p=70064#article\",\"isPartOf\":{\"@id\":\"https:\\\/\\\/kibrisdakik.com\\\/?p=70064\"},\"author\":{\"name\":\"admin\",\"@id\":\"https:\\\/\\\/kibrisdakik.com\\\/#\\\/schema\\\/person\\\/9cd9d437bbb44f72b73ba127e06d8e79\"},\"headline\":\"Cumhurba\u015fkan\u0131 Tatar, GKK G\u00f6rg\u00fcl\u00fc\u2019y\u00fc ziyaret etti\",\"datePublished\":\"2024-11-25T17:54:59+00:00\",\"mainEntityOfPage\":{\"@id\":\"https:\\\/\\\/kibrisdakik.com\\\/?p=70064\"},\"wordCount\":83,\"commentCount\":0,\"image\":{\"@id\":\"https:\\\/\\\/kibrisdakik.com\\\/?p=70064#primaryimage\"},\"thumbnailUrl\":\"https:\\\/\\\/kibrisdakik.com\\\/wp-content\\\/uploads\\\/2024\\\/11\\\/6bf4e8db-21bd-48c7-a42a-ef0f6eb11cc2-scaled-740x420.jpg\",\"articleSection\":[\"K\u0131br\u0131s\"],\"inLanguage\":\"tr\",\"potentialAction\":[{\"@type\":\"CommentAction\",\"name\":\"Comment\",\"target\":[\"https:\\\/\\\/kibrisdakik.com\\\/?p=70064#respond\"]}]},{\"@type\":\"WebPage\",\"@id\":\"https:\\\/\\\/kibrisdakik.com\\\/?p=70064\",\"url\":\"https:\\\/\\\/kibrisdakik.com\\\/?p=70064\",\"name\":\"Cumhurba\u015fkan\u0131 Tatar, GKK G\u00f6rg\u00fcl\u00fc\u2019y\u00fc ziyaret etti -\",\"isPartOf\":{\"@id\":\"https:\\\/\\\/kibrisdakik.com\\\/#website\"},\"primaryImageOfPage\":{\"@id\":\"https:\\\/\\\/kibrisdakik.com\\\/?p=70064#primaryimage\"},\"image\":{\"@id\":\"https:\\\/\\\/kibrisdakik.com\\\/?p=70064#primaryimage\"},\"thumbnailUrl\":\"https:\\\/\\\/kibrisdakik.com\\\/wp-content\\\/uploads\\\/2024\\\/11\\\/6bf4e8db-21bd-48c7-a42a-ef0f6eb11cc2-scaled-740x420.jpg\",\"datePublished\":\"2024-11-25T17:54:59+00:00\",\"author\":{\"@id\":\"https:\\\/\\\/kibrisdakik.com\\\/#\\\/schema\\\/person\\\/9cd9d437bbb44f72b73ba127e06d8e79\"},\"breadcrumb\":{\"@id\":\"https:\\\/\\\/kibrisdakik.com\\\/?p=70064#breadcrumb\"},\"inLanguage\":\"tr\",\"potentialAction\":[{\"@type\":\"ReadAction\",\"target\":[\"https:\\\/\\\/kibrisdakik.com\\\/?p=70064\"]}]},{\"@type\":\"ImageObject\",\"inLanguage\":\"tr\",\"@id\":\"https:\\\/\\\/kibrisdakik.com\\\/?p=70064#primaryimage\",\"url\":\"https:\\\/\\\/kibrisdakik.com\\\/wp-content\\\/uploads\\\/2024\\\/11\\\/6bf4e8db-21bd-48c7-a42a-ef0f6eb11cc2-scaled-740x420.jpg\",\"contentUrl\":\"https:\\\/\\\/kibrisdakik.com\\\/wp-content\\\/uploads\\\/2024\\\/11\\\/6bf4e8db-21bd-48c7-a42a-ef0f6eb11cc2-scaled-740x420.jpg\",\"width\":2560,\"height\":1707},{\"@type\":\"BreadcrumbList\",\"@id\":\"https:\\\/\\\/kibrisdakik.com\\\/?p=70064#breadcrumb\",\"itemListElement\":[{\"@type\":\"ListItem\",\"position\":1,\"name\":\"Home\",\"item\":\"https:\\\/\\\/kibrisdakik.com\\\/\"},{\"@type\":\"ListItem\",\"position\":2,\"name\":\"Cumhurba\u015fkan\u0131 Tatar, GKK G\u00f6rg\u00fcl\u00fc\u2019y\u00fc ziyaret etti\"}]},{\"@type\":\"WebSite\",\"@id\":\"https:\\\/\\\/kibrisdakik.com\\\/#website\",\"url\":\"https:\\\/\\\/kibrisdakik.com\\\/\",\"name\":\"\",\"description\":\"Tam vaktinde haber\",\"potentialAction\":[{\"@type\":\"SearchAction\",\"target\":{\"@type\":\"EntryPoint\",\"urlTemplate\":\"https:\\\/\\\/kibrisdakik.com\\\/?s={search_term_string}\"},\"query-input\":{\"@type\":\"PropertyValueSpecification\",\"valueRequired\":true,\"valueName\":\"search_term_string\"}}],\"inLanguage\":\"tr\"},{\"@type\":\"Person\",\"@id\":\"https:\\\/\\\/kibrisdakik.com\\\/#\\\/schema\\\/person\\\/9cd9d437bbb44f72b73ba127e06d8e79\",\"name\":\"admin\",\"image\":{\"@type\":\"ImageObject\",\"inLanguage\":\"tr\",\"@id\":\"https:\\\/\\\/secure.gravatar.com\\\/avatar\\\/ccc17943b9d660506c869530f897617f7cb1c21a4bf30023f252596d83e1f007?s=96&d=mm&r=g\",\"url\":\"https:\\\/\\\/secure.gravatar.com\\\/avatar\\\/ccc17943b9d660506c869530f897617f7cb1c21a4bf30023f252596d83e1f007?s=96&d=mm&r=g\",\"contentUrl\":\"https:\\\/\\\/secure.gravatar.com\\\/avatar\\\/ccc17943b9d660506c869530f897617f7cb1c21a4bf30023f252596d83e1f007?s=96&d=mm&r=g\",\"caption\":\"admin\"},\"sameAs\":[\"https:\\\/\\\/kibrisdakik.com\"],\"url\":\"https:\\\/\\\/kibrisdakik.com\\\/?author=1\"}]}<\/script>\n<!-- \/ Yoast SEO plugin. -->","yoast_head_json":{"title":"Cumhurba\u015fkan\u0131 Tatar, GKK G\u00f6rg\u00fcl\u00fc\u2019y\u00fc ziyaret etti -","robots":{"index":"index","follow":"follow","max-snippet":"max-snippet:-1","max-image-preview":"max-image-preview:large","max-video-preview":"max-video-preview:-1"},"canonical":"https:\/\/kibrisdakik.com\/?p=70064","og_locale":"tr_TR","og_type":"article","og_title":"Cumhurba\u015fkan\u0131 Tatar, GKK G\u00f6rg\u00fcl\u00fc\u2019y\u00fc ziyaret etti -","og_description":"Cumhurba\u015fkan\u0131 Ersin Tatar, G\u00fcvenlik Kuvvetleri Komutan\u0131 T\u00fcmgeneral \u0130lker G\u00f6rg\u00fcl\u00fc\u2019y\u00fc ziyaret etti. Cumhurba\u015fkanl\u0131\u011f\u0131\u2019ndan verilen bilgiye g\u00f6re, G\u00fcvenlik Kuvvetleri Komutanl\u0131\u011f\u0131\u2019n\u0131n Bo\u011faz\u2019daki kararg\u00e2h\u0131n\u0131 ziyaret eden Cumhurba\u015fkan\u0131 Tatar, burada G\u00fcvenlik Kuvvetleri Komutan\u0131 T\u00fcmgeneral \u0130lker G\u00f6rg\u00fcl\u00fc taraf\u0131ndan askeri t\u00f6renle kar\u015f\u0131land\u0131. Cumhurba\u015fkan\u0131 Tatar, G\u00fcvenlik Kuvvetleri Komutanl\u0131\u011f\u0131 \u015feref defterini imzalad\u0131 ve plaket takdimi yapt\u0131.","og_url":"https:\/\/kibrisdakik.com\/?p=70064","article_published_time":"2024-11-25T17:54:59+00:00","og_image":[{"width":2560,"height":1707,"url":"https:\/\/kibrisdakik.com\/wp-content\/uploads\/2024\/11\/6bf4e8db-21bd-48c7-a42a-ef0f6eb11cc2-scaled-740x420.jpg","type":"image\/jpeg"}],"author":"admin","twitter_card":"summary_large_image","twitter_misc":{"Yazan:":"admin"},"schema":{"@context":"https:\/\/schema.org","@graph":[{"@type":"Article","@id":"https:\/\/kibrisdakik.com\/?p=70064#article","isPartOf":{"@id":"https:\/\/kibrisdakik.com\/?p=70064"},"author":{"name":"admin","@id":"https:\/\/kibrisdakik.com\/#\/schema\/person\/9cd9d437bbb44f72b73ba127e06d8e79"},"headline":"Cumhurba\u015fkan\u0131 Tatar, GKK G\u00f6rg\u00fcl\u00fc\u2019y\u00fc ziyaret etti","datePublished":"2024-11-25T17:54:59+00:00","mainEntityOfPage":{"@id":"https:\/\/kibrisdakik.com\/?p=70064"},"wordCount":83,"commentCount":0,"image":{"@id":"https:\/\/kibrisdakik.com\/?p=70064#primaryimage"},"thumbnailUrl":"https:\/\/kibrisdakik.com\/wp-content\/uploads\/2024\/11\/6bf4e8db-21bd-48c7-a42a-ef0f6eb11cc2-scaled-740x420.jpg","articleSection":["K\u0131br\u0131s"],"inLanguage":"tr","potentialAction":[{"@type":"CommentAction","name":"Comment","target":["https:\/\/kibrisdakik.com\/?p=70064#respond"]}]},{"@type":"WebPage","@id":"https:\/\/kibrisdakik.com\/?p=70064","url":"https:\/\/kibrisdakik.com\/?p=70064","name":"Cumhurba\u015fkan\u0131 Tatar, GKK G\u00f6rg\u00fcl\u00fc\u2019y\u00fc ziyaret etti -","isPartOf":{"@id":"https:\/\/kibrisdakik.com\/#website"},"primaryImageOfPage":{"@id":"https:\/\/kibrisdakik.com\/?p=70064#primaryimage"},"image":{"@id":"https:\/\/kibrisdakik.com\/?p=70064#primaryimage"},"thumbnailUrl":"https:\/\/kibrisdakik.com\/wp-content\/uploads\/2024\/11\/6bf4e8db-21bd-48c7-a42a-ef0f6eb11cc2-scaled-740x420.jpg","datePublished":"2024-11-25T17:54:59+00:00","author":{"@id":"https:\/\/kibrisdakik.com\/#\/schema\/person\/9cd9d437bbb44f72b73ba127e06d8e79"},"breadcrumb":{"@id":"https:\/\/kibrisdakik.com\/?p=70064#breadcrumb"},"inLanguage":"tr","potentialAction":[{"@type":"ReadAction","target":["https:\/\/kibrisdakik.com\/?p=70064"]}]},{"@type":"ImageObject","inLanguage":"tr","@id":"https:\/\/kibrisdakik.com\/?p=70064#primaryimage","url":"https:\/\/kibrisdakik.com\/wp-content\/uploads\/2024\/11\/6bf4e8db-21bd-48c7-a42a-ef0f6eb11cc2-scaled-740x420.jpg","contentUrl":"https:\/\/kibrisdakik.com\/wp-content\/uploads\/2024\/11\/6bf4e8db-21bd-48c7-a42a-ef0f6eb11cc2-scaled-740x420.jpg","width":2560,"height":1707},{"@type":"BreadcrumbList","@id":"https:\/\/kibrisdakik.com\/?p=70064#breadcrumb","itemListElement":[{"@type":"ListItem","position":1,"name":"Home","item":"https:\/\/kibrisdakik.com\/"},{"@type":"ListItem","position":2,"name":"Cumhurba\u015fkan\u0131 Tatar, GKK G\u00f6rg\u00fcl\u00fc\u2019y\u00fc ziyaret etti"}]},{"@type":"WebSite","@id":"https:\/\/kibrisdakik.com\/#website","url":"https:\/\/kibrisdakik.com\/","name":"","description":"Tam vaktinde haber","potentialAction":[{"@type":"SearchAction","target":{"@type":"EntryPoint","urlTemplate":"https:\/\/kibrisdakik.com\/?s={search_term_string}"},"query-input":{"@type":"PropertyValueSpecification","valueRequired":true,"valueName":"search_term_string"}}],"inLanguage":"tr"},{"@type":"Person","@id":"https:\/\/kibrisdakik.com\/#\/schema\/person\/9cd9d437bbb44f72b73ba127e06d8e79","name":"admin","image":{"@type":"ImageObject","inLanguage":"tr","@id":"https:\/\/secure.gravatar.com\/avatar\/ccc17943b9d660506c869530f897617f7cb1c21a4bf30023f252596d83e1f007?s=96&d=mm&r=g","url":"https:\/\/secure.gravatar.com\/avatar\/ccc17943b9d660506c869530f897617f7cb1c21a4bf30023f252596d83e1f007?s=96&d=mm&r=g","contentUrl":"https:\/\/secure.gravatar.com\/avatar\/ccc17943b9d660506c869530f897617f7cb1c21a4bf30023f252596d83e1f007?s=96&d=mm&r=g","caption":"admin"},"sameAs":["https:\/\/kibrisdakik.com"],"url":"https:\/\/kibrisdakik.com\/?author=1"}]}},"_links":{"self":[{"href":"https:\/\/kibrisdakik.com\/index.php?rest_route=\/wp\/v2\/posts\/70064","targetHints":{"allow":["GET"]}}],"collection":[{"href":"https:\/\/kibrisdakik.com\/index.php?rest_route=\/wp\/v2\/posts"}],"about":[{"href":"https:\/\/kibrisdakik.com\/index.php?rest_route=\/wp\/v2\/types\/post"}],"author":[{"embeddable":true,"href":"https:\/\/kibrisdakik.com\/index.php?rest_route=\/wp\/v2\/users\/1"}],"replies":[{"embeddable":true,"href":"https:\/\/kibrisdakik.com\/index.php?rest_route=%2Fwp%2Fv2%2Fcomments&post=70064"}],"version-history":[{"count":0,"href":"https:\/\/kibrisdakik.com\/index.php?rest_route=\/wp\/v2\/posts\/70064\/revisions"}],"wp:featuredmedia":[{"embeddable":true,"href":"https:\/\/kibrisdakik.com\/index.php?rest_route=\/wp\/v2\/media\/70065"}],"wp:attachment":[{"href":"https:\/\/kibrisdakik.com\/index.php?rest_route=%2Fwp%2Fv2%2Fmedia&parent=70064"}],"wp:term":[{"taxonomy":"category","embeddable":true,"href":"https:\/\/kibrisdakik.com\/index.php?rest_route=%2Fwp%2Fv2%2Fcategories&post=70064"},{"taxonomy":"post_tag","embeddable":true,"href":"https:\/\/kibrisdakik.com\/index.php?rest_route=%2Fwp%2Fv2%2Ftags&post=70064"}],"curies":[{"name":"wp","href":"https:\/\/api.w.org\/{rel}","templated":true}]}}