{"id":70071,"date":"2024-11-25T21:52:13","date_gmt":"2024-11-25T18:52:13","guid":{"rendered":"https:\/\/kibrisdakik.com\/index.php\/2024\/11\/25\/malatyada-46-buyuklugunde-deprem\/"},"modified":"2024-11-25T21:52:13","modified_gmt":"2024-11-25T18:52:13","slug":"malatyada-46-buyuklugunde-deprem","status":"publish","type":"post","link":"https:\/\/kibrisdakik.com\/?p=70071","title":{"rendered":"Malatya\u2019da 4,6 b\u00fcy\u00fckl\u00fc\u011f\u00fcnde deprem"},"content":{"rendered":"<p><\/p>\n<div>\n<div class=\"mariselle-image-container center\">\n                <img loading=\"lazy\" decoding=\"async\" width=\"2560\" height=\"1434\" class=\"lazy-image\" alt=\"\" sizes=\"auto, (max-width: 2560px) 100vw, 2560px\" src=\"https:\/\/brtk.net\/wp-content\/uploads\/2024\/09\/22\/deprem-son1-scaled.jpg?ver=b19997f49108ceed7896f5763bb41fa0\" srcset=\"https:\/\/brtk.net\/wp-content\/uploads\/2024\/09\/22\/deprem-son1-scaled.jpg?ver=b19997f49108ceed7896f5763bb41fa0 2560w, https:\/\/brtk.net\/wp-content\/uploads\/2024\/09\/22\/deprem-son1-300x168.jpg?ver=b19997f49108ceed7896f5763bb41fa0 300w, https:\/\/brtk.net\/wp-content\/uploads\/2024\/09\/22\/deprem-son1-1024x573.jpg?ver=6cf866dae8830ac614cba3e9c7d7c187 1024w, https:\/\/brtk.net\/wp-content\/uploads\/2024\/09\/22\/deprem-son1-768x430.jpg?ver=15c773fad6fffa6365885d28b84127a2 768w, https:\/\/brtk.net\/wp-content\/uploads\/2024\/09\/22\/deprem-son1-1536x860.jpg?ver=e64bdd4688e1576d729ff91216f8d2eb 1536w, https:\/\/brtk.net\/wp-content\/uploads\/2024\/09\/22\/deprem-son1-2048x1147.jpg?ver=10ca2c38c6a7204075085365940d44ba 2048w\"\/>                            <\/div>\n<p>\u00a0<\/p>\n<p>Malatya\u2019n\u0131n Do\u011fan\u015fehir il\u00e7esinde 4,6 b\u00fcy\u00fckl\u00fc\u011f\u00fcnde deprem meydana geldi.<\/p>\n<p>Afet ve Acil Durum Y\u00f6netimi Ba\u015fkanl\u0131\u011f\u0131n\u0131n (AFAD) internet sitesinde yer alan bilgiye g\u00f6re, saat 20.20\u2019de merkez \u00fcss\u00fc Malatya\u2019n\u0131n Do\u011fan\u015fehir il\u00e7esi olan 4,6 b\u00fcy\u00fckl\u00fc\u011f\u00fcnde sars\u0131nt\u0131 kaydedildi.<\/p>\n<p>Depremin 9,75 kilometre derinlikte meydana geldi\u011fi belirlendi.<\/p>\n<p>\u00d6te yandan AFAD, ayr\u0131ca yapt\u0131\u011f\u0131 a\u00e7\u0131klamada, depreme ili\u015fkin geli\u015fmelerin takip edildi\u011fini belirtti.<\/p>\n<p><strong>\u201cOlumsuz durum bulunmamaktad\u0131r\u201d<\/strong><\/p>\n<p>\u00a0<\/p>\n<p>TC \u0130\u00e7i\u015fleri Bakan\u0131 Ali Yerlikaya, sosyal medya hesab\u0131ndan yapt\u0131\u011f\u0131 a\u00e7\u0131klamada, \u00e7evre illerden de hissedilen depremin ard\u0131ndan AFAD ve ilgili kurumlar\u0131n t\u00fcm ekiplerinin saha taramalar\u0131na derhal ba\u015flad\u0131\u011f\u0131n\u0131 belirtti.<\/p>\n<p>\u0130lk belirlemelere g\u00f6re herhangi bir olumsuz durum bulunmad\u0131\u011f\u0131n\u0131 aktaran Yerlikaya, \u201cGelen ihbarlar de\u011ferlendirilmektedir. Depremden etkilenen vatanda\u015flar\u0131m\u0131za ge\u00e7mi\u015f olsun dileklerimi sunuyorum. Allah \u00fclkemizi ve milletimizi afetlerden korusun.\u201d ifadelerini kulland\u0131.<\/p>\n<\/p><\/div>\n<p><script async\n                    defer\n                    crossorigin=\"anonymous\"\n                    src=\"https:\/\/connect.facebook.net\/tr_TR\/sdk.js#xfbml=1&#038;version=v3.3\"\n            ><\/script><\/p>\n","protected":false},"excerpt":{"rendered":"<p>\u00a0 Malatya\u2019n\u0131n Do\u011fan\u015fehir il\u00e7esinde 4,6 b\u00fcy\u00fckl\u00fc\u011f\u00fcnde deprem meydana geldi. Afet ve Acil Durum Y\u00f6netimi Ba\u015fkanl\u0131\u011f\u0131n\u0131n (AFAD) internet sitesinde yer alan bilgiye g\u00f6re, saat 20.20\u2019de merkez \u00fcss\u00fc Malatya\u2019n\u0131n Do\u011fan\u015fehir il\u00e7esi olan 4,6 b\u00fcy\u00fckl\u00fc\u011f\u00fcnde sars\u0131nt\u0131 kaydedildi. Depremin 9,75 kilometre derinlikte meydana geldi\u011fi belirlendi. \u00d6te yandan AFAD, ayr\u0131ca yapt\u0131\u011f\u0131 a\u00e7\u0131klamada, depreme ili\u015fkin geli\u015fmelerin takip edildi\u011fini belirtti. \u201cOlumsuz durum<\/p>\n","protected":false},"author":1,"featured_media":64399,"comment_status":"open","ping_status":"open","sticky":false,"template":"","format":"standard","meta":{"footnotes":""},"categories":[86],"tags":[],"class_list":["post-70071","post","type-post","status-publish","format-standard","has-post-thumbnail","hentry","category-turkiye"],"yoast_head":"<!-- This site is optimized with the Yoast SEO plugin v27.4 - https:\/\/yoast.com\/product\/yoast-seo-wordpress\/ -->\n<title>Malatya\u2019da 4,6 b\u00fcy\u00fckl\u00fc\u011f\u00fcnde deprem -<\/title>\n<meta name=\"robots\" content=\"index, follow, max-snippet:-1, max-image-preview:large, max-video-preview:-1\" \/>\n<link rel=\"canonical\" href=\"https:\/\/kibrisdakik.com\/?p=70071\" \/>\n<meta property=\"og:locale\" content=\"tr_TR\" \/>\n<meta property=\"og:type\" content=\"article\" \/>\n<meta property=\"og:title\" content=\"Malatya\u2019da 4,6 b\u00fcy\u00fckl\u00fc\u011f\u00fcnde deprem -\" \/>\n<meta property=\"og:description\" content=\"\u00a0 Malatya\u2019n\u0131n Do\u011fan\u015fehir il\u00e7esinde 4,6 b\u00fcy\u00fckl\u00fc\u011f\u00fcnde deprem meydana geldi. Afet ve Acil Durum Y\u00f6netimi Ba\u015fkanl\u0131\u011f\u0131n\u0131n (AFAD) internet sitesinde yer alan bilgiye g\u00f6re, saat 20.20\u2019de merkez \u00fcss\u00fc Malatya\u2019n\u0131n Do\u011fan\u015fehir il\u00e7esi olan 4,6 b\u00fcy\u00fckl\u00fc\u011f\u00fcnde sars\u0131nt\u0131 kaydedildi. Depremin 9,75 kilometre derinlikte meydana geldi\u011fi belirlendi. \u00d6te yandan AFAD, ayr\u0131ca yapt\u0131\u011f\u0131 a\u00e7\u0131klamada, depreme ili\u015fkin geli\u015fmelerin takip edildi\u011fini belirtti. \u201cOlumsuz durum\" \/>\n<meta property=\"og:url\" content=\"https:\/\/kibrisdakik.com\/?p=70071\" \/>\n<meta property=\"article:published_time\" content=\"2024-11-25T18:52:13+00:00\" \/>\n<meta property=\"og:image\" content=\"https:\/\/kibrisdakik.com\/wp-content\/uploads\/2024\/09\/deprem-son1-scaled-740x420.jpg\" \/>\n\t<meta property=\"og:image:width\" content=\"2560\" \/>\n\t<meta property=\"og:image:height\" content=\"1434\" \/>\n\t<meta property=\"og:image:type\" content=\"image\/jpeg\" \/>\n<meta name=\"author\" content=\"admin\" \/>\n<meta name=\"twitter:card\" content=\"summary_large_image\" \/>\n<meta name=\"twitter:label1\" content=\"Yazan:\" \/>\n\t<meta name=\"twitter:data1\" content=\"admin\" \/>\n\t<meta name=\"twitter:label2\" content=\"Tahmini okuma s\u00fcresi\" \/>\n\t<meta name=\"twitter:data2\" content=\"1 dakika\" \/>\n<script type=\"application\/ld+json\" class=\"yoast-schema-graph\">{\"@context\":\"https:\\\/\\\/schema.org\",\"@graph\":[{\"@type\":\"Article\",\"@id\":\"https:\\\/\\\/kibrisdakik.com\\\/?p=70071#article\",\"isPartOf\":{\"@id\":\"https:\\\/\\\/kibrisdakik.com\\\/?p=70071\"},\"author\":{\"name\":\"admin\",\"@id\":\"https:\\\/\\\/kibrisdakik.com\\\/#\\\/schema\\\/person\\\/9cd9d437bbb44f72b73ba127e06d8e79\"},\"headline\":\"Malatya\u2019da 4,6 b\u00fcy\u00fckl\u00fc\u011f\u00fcnde deprem\",\"datePublished\":\"2024-11-25T18:52:13+00:00\",\"mainEntityOfPage\":{\"@id\":\"https:\\\/\\\/kibrisdakik.com\\\/?p=70071\"},\"wordCount\":159,\"commentCount\":0,\"image\":{\"@id\":\"https:\\\/\\\/kibrisdakik.com\\\/?p=70071#primaryimage\"},\"thumbnailUrl\":\"https:\\\/\\\/kibrisdakik.com\\\/wp-content\\\/uploads\\\/2024\\\/09\\\/deprem-son1-scaled-740x420.jpg\",\"articleSection\":[\"T\u00fcrkiye\"],\"inLanguage\":\"tr\",\"potentialAction\":[{\"@type\":\"CommentAction\",\"name\":\"Comment\",\"target\":[\"https:\\\/\\\/kibrisdakik.com\\\/?p=70071#respond\"]}]},{\"@type\":\"WebPage\",\"@id\":\"https:\\\/\\\/kibrisdakik.com\\\/?p=70071\",\"url\":\"https:\\\/\\\/kibrisdakik.com\\\/?p=70071\",\"name\":\"Malatya\u2019da 4,6 b\u00fcy\u00fckl\u00fc\u011f\u00fcnde deprem -\",\"isPartOf\":{\"@id\":\"https:\\\/\\\/kibrisdakik.com\\\/#website\"},\"primaryImageOfPage\":{\"@id\":\"https:\\\/\\\/kibrisdakik.com\\\/?p=70071#primaryimage\"},\"image\":{\"@id\":\"https:\\\/\\\/kibrisdakik.com\\\/?p=70071#primaryimage\"},\"thumbnailUrl\":\"https:\\\/\\\/kibrisdakik.com\\\/wp-content\\\/uploads\\\/2024\\\/09\\\/deprem-son1-scaled-740x420.jpg\",\"datePublished\":\"2024-11-25T18:52:13+00:00\",\"author\":{\"@id\":\"https:\\\/\\\/kibrisdakik.com\\\/#\\\/schema\\\/person\\\/9cd9d437bbb44f72b73ba127e06d8e79\"},\"breadcrumb\":{\"@id\":\"https:\\\/\\\/kibrisdakik.com\\\/?p=70071#breadcrumb\"},\"inLanguage\":\"tr\",\"potentialAction\":[{\"@type\":\"ReadAction\",\"target\":[\"https:\\\/\\\/kibrisdakik.com\\\/?p=70071\"]}]},{\"@type\":\"ImageObject\",\"inLanguage\":\"tr\",\"@id\":\"https:\\\/\\\/kibrisdakik.com\\\/?p=70071#primaryimage\",\"url\":\"https:\\\/\\\/kibrisdakik.com\\\/wp-content\\\/uploads\\\/2024\\\/09\\\/deprem-son1-scaled-740x420.jpg\",\"contentUrl\":\"https:\\\/\\\/kibrisdakik.com\\\/wp-content\\\/uploads\\\/2024\\\/09\\\/deprem-son1-scaled-740x420.jpg\",\"width\":2560,\"height\":1434},{\"@type\":\"BreadcrumbList\",\"@id\":\"https:\\\/\\\/kibrisdakik.com\\\/?p=70071#breadcrumb\",\"itemListElement\":[{\"@type\":\"ListItem\",\"position\":1,\"name\":\"Home\",\"item\":\"https:\\\/\\\/kibrisdakik.com\\\/\"},{\"@type\":\"ListItem\",\"position\":2,\"name\":\"Malatya\u2019da 4,6 b\u00fcy\u00fckl\u00fc\u011f\u00fcnde deprem\"}]},{\"@type\":\"WebSite\",\"@id\":\"https:\\\/\\\/kibrisdakik.com\\\/#website\",\"url\":\"https:\\\/\\\/kibrisdakik.com\\\/\",\"name\":\"\",\"description\":\"Tam vaktinde haber\",\"potentialAction\":[{\"@type\":\"SearchAction\",\"target\":{\"@type\":\"EntryPoint\",\"urlTemplate\":\"https:\\\/\\\/kibrisdakik.com\\\/?s={search_term_string}\"},\"query-input\":{\"@type\":\"PropertyValueSpecification\",\"valueRequired\":true,\"valueName\":\"search_term_string\"}}],\"inLanguage\":\"tr\"},{\"@type\":\"Person\",\"@id\":\"https:\\\/\\\/kibrisdakik.com\\\/#\\\/schema\\\/person\\\/9cd9d437bbb44f72b73ba127e06d8e79\",\"name\":\"admin\",\"image\":{\"@type\":\"ImageObject\",\"inLanguage\":\"tr\",\"@id\":\"https:\\\/\\\/secure.gravatar.com\\\/avatar\\\/ccc17943b9d660506c869530f897617f7cb1c21a4bf30023f252596d83e1f007?s=96&d=mm&r=g\",\"url\":\"https:\\\/\\\/secure.gravatar.com\\\/avatar\\\/ccc17943b9d660506c869530f897617f7cb1c21a4bf30023f252596d83e1f007?s=96&d=mm&r=g\",\"contentUrl\":\"https:\\\/\\\/secure.gravatar.com\\\/avatar\\\/ccc17943b9d660506c869530f897617f7cb1c21a4bf30023f252596d83e1f007?s=96&d=mm&r=g\",\"caption\":\"admin\"},\"sameAs\":[\"https:\\\/\\\/kibrisdakik.com\"],\"url\":\"https:\\\/\\\/kibrisdakik.com\\\/?author=1\"}]}<\/script>\n<!-- \/ Yoast SEO plugin. -->","yoast_head_json":{"title":"Malatya\u2019da 4,6 b\u00fcy\u00fckl\u00fc\u011f\u00fcnde deprem -","robots":{"index":"index","follow":"follow","max-snippet":"max-snippet:-1","max-image-preview":"max-image-preview:large","max-video-preview":"max-video-preview:-1"},"canonical":"https:\/\/kibrisdakik.com\/?p=70071","og_locale":"tr_TR","og_type":"article","og_title":"Malatya\u2019da 4,6 b\u00fcy\u00fckl\u00fc\u011f\u00fcnde deprem -","og_description":"\u00a0 Malatya\u2019n\u0131n Do\u011fan\u015fehir il\u00e7esinde 4,6 b\u00fcy\u00fckl\u00fc\u011f\u00fcnde deprem meydana geldi. Afet ve Acil Durum Y\u00f6netimi Ba\u015fkanl\u0131\u011f\u0131n\u0131n (AFAD) internet sitesinde yer alan bilgiye g\u00f6re, saat 20.20\u2019de merkez \u00fcss\u00fc Malatya\u2019n\u0131n Do\u011fan\u015fehir il\u00e7esi olan 4,6 b\u00fcy\u00fckl\u00fc\u011f\u00fcnde sars\u0131nt\u0131 kaydedildi. Depremin 9,75 kilometre derinlikte meydana geldi\u011fi belirlendi. \u00d6te yandan AFAD, ayr\u0131ca yapt\u0131\u011f\u0131 a\u00e7\u0131klamada, depreme ili\u015fkin geli\u015fmelerin takip edildi\u011fini belirtti. \u201cOlumsuz durum","og_url":"https:\/\/kibrisdakik.com\/?p=70071","article_published_time":"2024-11-25T18:52:13+00:00","og_image":[{"width":2560,"height":1434,"url":"https:\/\/kibrisdakik.com\/wp-content\/uploads\/2024\/09\/deprem-son1-scaled-740x420.jpg","type":"image\/jpeg"}],"author":"admin","twitter_card":"summary_large_image","twitter_misc":{"Yazan:":"admin","Tahmini okuma s\u00fcresi":"1 dakika"},"schema":{"@context":"https:\/\/schema.org","@graph":[{"@type":"Article","@id":"https:\/\/kibrisdakik.com\/?p=70071#article","isPartOf":{"@id":"https:\/\/kibrisdakik.com\/?p=70071"},"author":{"name":"admin","@id":"https:\/\/kibrisdakik.com\/#\/schema\/person\/9cd9d437bbb44f72b73ba127e06d8e79"},"headline":"Malatya\u2019da 4,6 b\u00fcy\u00fckl\u00fc\u011f\u00fcnde deprem","datePublished":"2024-11-25T18:52:13+00:00","mainEntityOfPage":{"@id":"https:\/\/kibrisdakik.com\/?p=70071"},"wordCount":159,"commentCount":0,"image":{"@id":"https:\/\/kibrisdakik.com\/?p=70071#primaryimage"},"thumbnailUrl":"https:\/\/kibrisdakik.com\/wp-content\/uploads\/2024\/09\/deprem-son1-scaled-740x420.jpg","articleSection":["T\u00fcrkiye"],"inLanguage":"tr","potentialAction":[{"@type":"CommentAction","name":"Comment","target":["https:\/\/kibrisdakik.com\/?p=70071#respond"]}]},{"@type":"WebPage","@id":"https:\/\/kibrisdakik.com\/?p=70071","url":"https:\/\/kibrisdakik.com\/?p=70071","name":"Malatya\u2019da 4,6 b\u00fcy\u00fckl\u00fc\u011f\u00fcnde deprem -","isPartOf":{"@id":"https:\/\/kibrisdakik.com\/#website"},"primaryImageOfPage":{"@id":"https:\/\/kibrisdakik.com\/?p=70071#primaryimage"},"image":{"@id":"https:\/\/kibrisdakik.com\/?p=70071#primaryimage"},"thumbnailUrl":"https:\/\/kibrisdakik.com\/wp-content\/uploads\/2024\/09\/deprem-son1-scaled-740x420.jpg","datePublished":"2024-11-25T18:52:13+00:00","author":{"@id":"https:\/\/kibrisdakik.com\/#\/schema\/person\/9cd9d437bbb44f72b73ba127e06d8e79"},"breadcrumb":{"@id":"https:\/\/kibrisdakik.com\/?p=70071#breadcrumb"},"inLanguage":"tr","potentialAction":[{"@type":"ReadAction","target":["https:\/\/kibrisdakik.com\/?p=70071"]}]},{"@type":"ImageObject","inLanguage":"tr","@id":"https:\/\/kibrisdakik.com\/?p=70071#primaryimage","url":"https:\/\/kibrisdakik.com\/wp-content\/uploads\/2024\/09\/deprem-son1-scaled-740x420.jpg","contentUrl":"https:\/\/kibrisdakik.com\/wp-content\/uploads\/2024\/09\/deprem-son1-scaled-740x420.jpg","width":2560,"height":1434},{"@type":"BreadcrumbList","@id":"https:\/\/kibrisdakik.com\/?p=70071#breadcrumb","itemListElement":[{"@type":"ListItem","position":1,"name":"Home","item":"https:\/\/kibrisdakik.com\/"},{"@type":"ListItem","position":2,"name":"Malatya\u2019da 4,6 b\u00fcy\u00fckl\u00fc\u011f\u00fcnde deprem"}]},{"@type":"WebSite","@id":"https:\/\/kibrisdakik.com\/#website","url":"https:\/\/kibrisdakik.com\/","name":"","description":"Tam vaktinde haber","potentialAction":[{"@type":"SearchAction","target":{"@type":"EntryPoint","urlTemplate":"https:\/\/kibrisdakik.com\/?s={search_term_string}"},"query-input":{"@type":"PropertyValueSpecification","valueRequired":true,"valueName":"search_term_string"}}],"inLanguage":"tr"},{"@type":"Person","@id":"https:\/\/kibrisdakik.com\/#\/schema\/person\/9cd9d437bbb44f72b73ba127e06d8e79","name":"admin","image":{"@type":"ImageObject","inLanguage":"tr","@id":"https:\/\/secure.gravatar.com\/avatar\/ccc17943b9d660506c869530f897617f7cb1c21a4bf30023f252596d83e1f007?s=96&d=mm&r=g","url":"https:\/\/secure.gravatar.com\/avatar\/ccc17943b9d660506c869530f897617f7cb1c21a4bf30023f252596d83e1f007?s=96&d=mm&r=g","contentUrl":"https:\/\/secure.gravatar.com\/avatar\/ccc17943b9d660506c869530f897617f7cb1c21a4bf30023f252596d83e1f007?s=96&d=mm&r=g","caption":"admin"},"sameAs":["https:\/\/kibrisdakik.com"],"url":"https:\/\/kibrisdakik.com\/?author=1"}]}},"_links":{"self":[{"href":"https:\/\/kibrisdakik.com\/index.php?rest_route=\/wp\/v2\/posts\/70071","targetHints":{"allow":["GET"]}}],"collection":[{"href":"https:\/\/kibrisdakik.com\/index.php?rest_route=\/wp\/v2\/posts"}],"about":[{"href":"https:\/\/kibrisdakik.com\/index.php?rest_route=\/wp\/v2\/types\/post"}],"author":[{"embeddable":true,"href":"https:\/\/kibrisdakik.com\/index.php?rest_route=\/wp\/v2\/users\/1"}],"replies":[{"embeddable":true,"href":"https:\/\/kibrisdakik.com\/index.php?rest_route=%2Fwp%2Fv2%2Fcomments&post=70071"}],"version-history":[{"count":0,"href":"https:\/\/kibrisdakik.com\/index.php?rest_route=\/wp\/v2\/posts\/70071\/revisions"}],"wp:featuredmedia":[{"embeddable":true,"href":"https:\/\/kibrisdakik.com\/index.php?rest_route=\/wp\/v2\/media\/64399"}],"wp:attachment":[{"href":"https:\/\/kibrisdakik.com\/index.php?rest_route=%2Fwp%2Fv2%2Fmedia&parent=70071"}],"wp:term":[{"taxonomy":"category","embeddable":true,"href":"https:\/\/kibrisdakik.com\/index.php?rest_route=%2Fwp%2Fv2%2Fcategories&post=70071"},{"taxonomy":"post_tag","embeddable":true,"href":"https:\/\/kibrisdakik.com\/index.php?rest_route=%2Fwp%2Fv2%2Ftags&post=70071"}],"curies":[{"name":"wp","href":"https:\/\/api.w.org\/{rel}","templated":true}]}}