{"id":70072,"date":"2024-11-25T20:08:54","date_gmt":"2024-11-25T17:08:54","guid":{"rendered":"https:\/\/kibrisdakik.com\/index.php\/2024\/11\/25\/g7-disisleri-bakanlari-orta-dogu-ve-rusya-ukrayna-savasi-gundemiyle-italyada-toplandi\/"},"modified":"2024-11-25T20:08:54","modified_gmt":"2024-11-25T17:08:54","slug":"g7-disisleri-bakanlari-orta-dogu-ve-rusya-ukrayna-savasi-gundemiyle-italyada-toplandi","status":"publish","type":"post","link":"https:\/\/kibrisdakik.com\/?p=70072","title":{"rendered":"G7 D\u0131\u015fi\u015fleri Bakanlar\u0131, Orta Do\u011fu ve Rusya-Ukrayna Sava\u015f\u0131 g\u00fcndemiyle \u0130talya\u2019da topland\u0131"},"content":{"rendered":"<p><\/p>\n<div>\n<div class=\"mariselle-image-container center\">\n                <img loading=\"lazy\" decoding=\"async\" width=\"679\" height=\"481\" class=\"lazy-image\" alt=\"\" sizes=\"auto, (max-width: 679px) 100vw, 679px\" src=\"https:\/\/brtk.net\/wp-content\/uploads\/2024\/11\/25\/gdpilc-xeaawuty.jpg?ver=4b9c351ff3e476dc073cc5cdaccfac31\" srcset=\"https:\/\/brtk.net\/wp-content\/uploads\/2024\/11\/25\/gdpilc-xeaawuty.jpg?ver=4b9c351ff3e476dc073cc5cdaccfac31 679w, https:\/\/brtk.net\/wp-content\/uploads\/2024\/11\/25\/gdpilc-xeaawuty-300x213.jpg?ver=4b9c351ff3e476dc073cc5cdaccfac31 300w\"\/>                            <\/div>\n<p>G7 \u00fclkelerinin d\u0131\u015fi\u015fleri bakanlar\u0131, uluslararas\u0131 krizleri ele almak \u00fczere d\u00f6nem ba\u015fkan\u0131 \u0130talya\u2019n\u0131n ev sahipli\u011findeki ikinci toplant\u0131lar\u0131 i\u00e7in bir araya geldi.<\/p>\n<p>ABD, Almanya, Fransa, \u0130ngiltere, \u0130talya, Kanada ve Japonya\u2019dan olu\u015fan G7 \u00fclkelerinin d\u0131\u015fi\u015fleri bakanlar\u0131 ve Avrupa Birli\u011fi (AB) Y\u00fcksek Temsilcisi, d\u00f6nem ba\u015fkan\u0131 \u0130talya\u2019n\u0131n ev sahipli\u011finde, uluslararas\u0131 g\u00fcndemdeki konular\u0131 g\u00f6r\u00fc\u015fmek \u00fczere, ba\u015fkent Roma\u2019ya 90 kilometre mesafedeki Anagni ve Fiuggi kasabalar\u0131ndaki oturumlarda bulu\u015ftu.<\/p>\n<p>G7 D\u0131\u015fi\u015fleri Bakanlar\u0131 toplant\u0131s\u0131, ev sahibi \u0130talya Ba\u015fbakan Yard\u0131mc\u0131s\u0131 ve D\u0131\u015fi\u015fleri Bakan\u0131 Antonio Tajani\u2019nin konuklar\u0131n\u0131 kar\u015f\u0131lamas\u0131 ve ard\u0131ndan \u201caile foto\u011fraf\u0131\u201dn\u0131n \u00e7ekilmesiyle ba\u015flad\u0131.<\/p>\n<p>\u0130talya D\u0131\u015fi\u015fleri Bakanl\u0131\u011f\u0131n\u0131n a\u00e7\u0131klad\u0131\u011f\u0131 programa g\u00f6re, bakanlar ilk g\u00fcnk\u00fc oturumlar\u0131nda Orta Do\u011fu\u2019daki krizleri ele alacak.<\/p>\n<p>Bakanlar\u0131n, Gazze\u2019de ate\u015fkes ve insani yard\u0131mlar\u0131n eri\u015fimi, \u0130srailli esirlerin serbest b\u0131rak\u0131lmas\u0131, L\u00fcbnan\u2019da d\u00fc\u015fmanl\u0131klar\u0131n sona erdirilmesi, \u0130srail ile \u0130ran aras\u0131ndaki gerginlik ve K\u0131z\u0131ldeniz\u2019deki durumu g\u00f6r\u00fc\u015fecekleri belirtildi.<\/p>\n<p>G7 D\u0131\u015fi\u015fleri Bakanlar\u0131 ayr\u0131ca d\u00fczenlenecek \u00f6zel oturumda, Arap \u00fclkelerinin bakanlar\u0131yla da bir araya gelecek.<\/p>\n<p>G7 D\u0131\u015fi\u015fleri Bakanlar\u0131, bug\u00fcn ve yar\u0131n s\u00fcrecek toplant\u0131lar\u0131n son g\u00fcn\u00fcnde ise Rusya-Ukrayna Sava\u015f\u0131, Hint-Pasifik\u2019teki durum ve di\u011fer konular\u0131 g\u00f6r\u00fc\u015fecek.<\/p>\n<p>Ukrayna\u2019ya deste\u011fin de\u011ferlendirilece\u011fi yar\u0131nki oturuma, Ukrayna D\u0131\u015fi\u015fleri Bakan\u0131 Andrii Sybiha\u2019n\u0131n da kat\u0131laca\u011f\u0131 belirtildi.<\/p>\n<p>Bakanlar toplant\u0131s\u0131n\u0131n sonunda sonu\u00e7 bildirgesinin yay\u0131mlanmas\u0131 bekleniyor.<\/p>\n<p>Bu arada, G7 i\u00e7in Anagni\u2019ye geli\u015finde \u0130talyan Tg2 kanal\u0131na bir a\u00e7\u0131klama yapan ev sahibi \u0130talya Ba\u015fbakan Yard\u0131mc\u0131s\u0131 ve D\u0131\u015fi\u015fleri Bakan\u0131 Tajani, L\u00fcbnan\u2019da ate\u015fkes ihtimaline ili\u015fkin bir soruya, \u201cBana, \u0130ran biraz kar\u015f\u0131 gibi g\u00f6r\u00fcn\u00fcyor ya da en az\u0131ndan s\u00fcreyi uzatmak istiyor. G\u00f6rece\u011fiz.\u201d yan\u0131t\u0131n\u0131 verdi.<\/p>\n<p>Di\u011fer yandan, G7 toplant\u0131s\u0131 i\u00e7in geni\u015f g\u00fcvenlik \u00f6nlemleri al\u0131n\u0131rken, Fiuggi ve Anagni kasabalar\u0131na 1500 ki\u015filik takviye g\u00fcvenlik g\u00fcc\u00fcn\u00fcn kayd\u0131r\u0131ld\u0131\u011f\u0131 bildirildi.<\/p>\n<p>G7 bakanlar\u0131, d\u00f6nem ba\u015fkan\u0131 \u0130talya\u2019n\u0131n ev sahipli\u011finde bu y\u0131l ikinci kez bu \u00fclkede bir araya gelmi\u015f oldu. Bakanlar, daha \u00f6nce 18-19 Nisan\u2019da Capri Adas\u0131\u2019nda g\u00f6r\u00fc\u015fm\u00fc\u015ft\u00fc.<\/p>\n<p>G7 D\u0131\u015fi\u015fleri Bakanlar\u0131 bu y\u0131l ayr\u0131ca iki de gayriresmi toplant\u0131da bir araya gelmi\u015fti. Bakanlar, \u0130talya d\u00f6nem ba\u015fkanl\u0131\u011f\u0131nda ilk kez 17 \u015eubat\u2019ta M\u00fcnih G\u00fcvenlik Konferans\u0131 b\u00fcnyesinde g\u00f6r\u00fc\u015fm\u00fc\u015f, ayr\u0131ca bir kere de New York\u2019taki Birle\u015fmi\u015f Milletler (BM) 79. Genel Kurulu kapsam\u0131nda gayriresmi toplant\u0131 yapm\u0131\u015ft\u0131.<\/p>\n<\/p><\/div>\n<p><script async\n                    defer\n                    crossorigin=\"anonymous\"\n                    src=\"https:\/\/connect.facebook.net\/tr_TR\/sdk.js#xfbml=1&#038;version=v3.3\"\n            ><\/script><\/p>\n","protected":false},"excerpt":{"rendered":"<p>G7 \u00fclkelerinin d\u0131\u015fi\u015fleri bakanlar\u0131, uluslararas\u0131 krizleri ele almak \u00fczere d\u00f6nem ba\u015fkan\u0131 \u0130talya\u2019n\u0131n ev sahipli\u011findeki ikinci toplant\u0131lar\u0131 i\u00e7in bir araya geldi. ABD, Almanya, Fransa, \u0130ngiltere, \u0130talya, Kanada ve Japonya\u2019dan olu\u015fan G7 \u00fclkelerinin d\u0131\u015fi\u015fleri bakanlar\u0131 ve Avrupa Birli\u011fi (AB) Y\u00fcksek Temsilcisi, d\u00f6nem ba\u015fkan\u0131 \u0130talya\u2019n\u0131n ev sahipli\u011finde, uluslararas\u0131 g\u00fcndemdeki konular\u0131 g\u00f6r\u00fc\u015fmek \u00fczere, ba\u015fkent Roma\u2019ya 90 kilometre mesafedeki Anagni<\/p>\n","protected":false},"author":1,"featured_media":70073,"comment_status":"open","ping_status":"open","sticky":false,"template":"","format":"standard","meta":{"footnotes":""},"categories":[1],"tags":[],"class_list":["post-70072","post","type-post","status-publish","format-standard","has-post-thumbnail","hentry","category-gundem"],"yoast_head":"<!-- This site is optimized with the Yoast SEO plugin v27.5 - https:\/\/yoast.com\/product\/yoast-seo-wordpress\/ -->\n<title>G7 D\u0131\u015fi\u015fleri Bakanlar\u0131, Orta Do\u011fu ve Rusya-Ukrayna Sava\u015f\u0131 g\u00fcndemiyle \u0130talya\u2019da topland\u0131 -<\/title>\n<meta name=\"robots\" content=\"index, follow, max-snippet:-1, max-image-preview:large, max-video-preview:-1\" \/>\n<link rel=\"canonical\" href=\"https:\/\/kibrisdakik.com\/?p=70072\" \/>\n<meta property=\"og:locale\" content=\"tr_TR\" \/>\n<meta property=\"og:type\" content=\"article\" \/>\n<meta property=\"og:title\" content=\"G7 D\u0131\u015fi\u015fleri Bakanlar\u0131, Orta Do\u011fu ve Rusya-Ukrayna Sava\u015f\u0131 g\u00fcndemiyle \u0130talya\u2019da topland\u0131 -\" \/>\n<meta property=\"og:description\" content=\"G7 \u00fclkelerinin d\u0131\u015fi\u015fleri bakanlar\u0131, uluslararas\u0131 krizleri ele almak \u00fczere d\u00f6nem ba\u015fkan\u0131 \u0130talya\u2019n\u0131n ev sahipli\u011findeki ikinci toplant\u0131lar\u0131 i\u00e7in bir araya geldi. ABD, Almanya, Fransa, \u0130ngiltere, \u0130talya, Kanada ve Japonya\u2019dan olu\u015fan G7 \u00fclkelerinin d\u0131\u015fi\u015fleri bakanlar\u0131 ve Avrupa Birli\u011fi (AB) Y\u00fcksek Temsilcisi, d\u00f6nem ba\u015fkan\u0131 \u0130talya\u2019n\u0131n ev sahipli\u011finde, uluslararas\u0131 g\u00fcndemdeki konular\u0131 g\u00f6r\u00fc\u015fmek \u00fczere, ba\u015fkent Roma\u2019ya 90 kilometre mesafedeki Anagni\" \/>\n<meta property=\"og:url\" content=\"https:\/\/kibrisdakik.com\/?p=70072\" \/>\n<meta property=\"article:published_time\" content=\"2024-11-25T17:08:54+00:00\" \/>\n<meta property=\"og:image\" content=\"https:\/\/kibrisdakik.com\/wp-content\/uploads\/2024\/11\/gdpilc-xeaawuty-679x420.jpg\" \/>\n\t<meta property=\"og:image:width\" content=\"679\" \/>\n\t<meta property=\"og:image:height\" content=\"481\" \/>\n\t<meta property=\"og:image:type\" content=\"image\/jpeg\" \/>\n<meta name=\"author\" content=\"admin\" \/>\n<meta name=\"twitter:card\" content=\"summary_large_image\" \/>\n<meta name=\"twitter:label1\" content=\"Yazan:\" \/>\n\t<meta name=\"twitter:data1\" content=\"admin\" \/>\n\t<meta name=\"twitter:label2\" content=\"Tahmini okuma s\u00fcresi\" \/>\n\t<meta name=\"twitter:data2\" content=\"2 dakika\" \/>\n<script type=\"application\/ld+json\" class=\"yoast-schema-graph\">{\"@context\":\"https:\\\/\\\/schema.org\",\"@graph\":[{\"@type\":\"Article\",\"@id\":\"https:\\\/\\\/kibrisdakik.com\\\/?p=70072#article\",\"isPartOf\":{\"@id\":\"https:\\\/\\\/kibrisdakik.com\\\/?p=70072\"},\"author\":{\"name\":\"admin\",\"@id\":\"https:\\\/\\\/kibrisdakik.com\\\/#\\\/schema\\\/person\\\/9cd9d437bbb44f72b73ba127e06d8e79\"},\"headline\":\"G7 D\u0131\u015fi\u015fleri Bakanlar\u0131, Orta Do\u011fu ve Rusya-Ukrayna Sava\u015f\u0131 g\u00fcndemiyle \u0130talya\u2019da topland\u0131\",\"datePublished\":\"2024-11-25T17:08:54+00:00\",\"mainEntityOfPage\":{\"@id\":\"https:\\\/\\\/kibrisdakik.com\\\/?p=70072\"},\"wordCount\":489,\"commentCount\":0,\"image\":{\"@id\":\"https:\\\/\\\/kibrisdakik.com\\\/?p=70072#primaryimage\"},\"thumbnailUrl\":\"https:\\\/\\\/kibrisdakik.com\\\/wp-content\\\/uploads\\\/2024\\\/11\\\/gdpilc-xeaawuty-679x420.jpg\",\"articleSection\":[\"G\u00fcndem\"],\"inLanguage\":\"tr\",\"potentialAction\":[{\"@type\":\"CommentAction\",\"name\":\"Comment\",\"target\":[\"https:\\\/\\\/kibrisdakik.com\\\/?p=70072#respond\"]}]},{\"@type\":\"WebPage\",\"@id\":\"https:\\\/\\\/kibrisdakik.com\\\/?p=70072\",\"url\":\"https:\\\/\\\/kibrisdakik.com\\\/?p=70072\",\"name\":\"G7 D\u0131\u015fi\u015fleri Bakanlar\u0131, Orta Do\u011fu ve Rusya-Ukrayna Sava\u015f\u0131 g\u00fcndemiyle \u0130talya\u2019da topland\u0131 -\",\"isPartOf\":{\"@id\":\"https:\\\/\\\/kibrisdakik.com\\\/#website\"},\"primaryImageOfPage\":{\"@id\":\"https:\\\/\\\/kibrisdakik.com\\\/?p=70072#primaryimage\"},\"image\":{\"@id\":\"https:\\\/\\\/kibrisdakik.com\\\/?p=70072#primaryimage\"},\"thumbnailUrl\":\"https:\\\/\\\/kibrisdakik.com\\\/wp-content\\\/uploads\\\/2024\\\/11\\\/gdpilc-xeaawuty-679x420.jpg\",\"datePublished\":\"2024-11-25T17:08:54+00:00\",\"author\":{\"@id\":\"https:\\\/\\\/kibrisdakik.com\\\/#\\\/schema\\\/person\\\/9cd9d437bbb44f72b73ba127e06d8e79\"},\"breadcrumb\":{\"@id\":\"https:\\\/\\\/kibrisdakik.com\\\/?p=70072#breadcrumb\"},\"inLanguage\":\"tr\",\"potentialAction\":[{\"@type\":\"ReadAction\",\"target\":[\"https:\\\/\\\/kibrisdakik.com\\\/?p=70072\"]}]},{\"@type\":\"ImageObject\",\"inLanguage\":\"tr\",\"@id\":\"https:\\\/\\\/kibrisdakik.com\\\/?p=70072#primaryimage\",\"url\":\"https:\\\/\\\/kibrisdakik.com\\\/wp-content\\\/uploads\\\/2024\\\/11\\\/gdpilc-xeaawuty-679x420.jpg\",\"contentUrl\":\"https:\\\/\\\/kibrisdakik.com\\\/wp-content\\\/uploads\\\/2024\\\/11\\\/gdpilc-xeaawuty-679x420.jpg\",\"width\":679,\"height\":481},{\"@type\":\"BreadcrumbList\",\"@id\":\"https:\\\/\\\/kibrisdakik.com\\\/?p=70072#breadcrumb\",\"itemListElement\":[{\"@type\":\"ListItem\",\"position\":1,\"name\":\"Home\",\"item\":\"https:\\\/\\\/kibrisdakik.com\\\/\"},{\"@type\":\"ListItem\",\"position\":2,\"name\":\"G7 D\u0131\u015fi\u015fleri Bakanlar\u0131, Orta Do\u011fu ve Rusya-Ukrayna Sava\u015f\u0131 g\u00fcndemiyle \u0130talya\u2019da topland\u0131\"}]},{\"@type\":\"WebSite\",\"@id\":\"https:\\\/\\\/kibrisdakik.com\\\/#website\",\"url\":\"https:\\\/\\\/kibrisdakik.com\\\/\",\"name\":\"\",\"description\":\"Tam vaktinde haber\",\"potentialAction\":[{\"@type\":\"SearchAction\",\"target\":{\"@type\":\"EntryPoint\",\"urlTemplate\":\"https:\\\/\\\/kibrisdakik.com\\\/?s={search_term_string}\"},\"query-input\":{\"@type\":\"PropertyValueSpecification\",\"valueRequired\":true,\"valueName\":\"search_term_string\"}}],\"inLanguage\":\"tr\"},{\"@type\":\"Person\",\"@id\":\"https:\\\/\\\/kibrisdakik.com\\\/#\\\/schema\\\/person\\\/9cd9d437bbb44f72b73ba127e06d8e79\",\"name\":\"admin\",\"image\":{\"@type\":\"ImageObject\",\"inLanguage\":\"tr\",\"@id\":\"https:\\\/\\\/secure.gravatar.com\\\/avatar\\\/ccc17943b9d660506c869530f897617f7cb1c21a4bf30023f252596d83e1f007?s=96&d=mm&r=g\",\"url\":\"https:\\\/\\\/secure.gravatar.com\\\/avatar\\\/ccc17943b9d660506c869530f897617f7cb1c21a4bf30023f252596d83e1f007?s=96&d=mm&r=g\",\"contentUrl\":\"https:\\\/\\\/secure.gravatar.com\\\/avatar\\\/ccc17943b9d660506c869530f897617f7cb1c21a4bf30023f252596d83e1f007?s=96&d=mm&r=g\",\"caption\":\"admin\"},\"sameAs\":[\"https:\\\/\\\/kibrisdakik.com\"],\"url\":\"https:\\\/\\\/kibrisdakik.com\\\/?author=1\"}]}<\/script>\n<!-- \/ Yoast SEO plugin. -->","yoast_head_json":{"title":"G7 D\u0131\u015fi\u015fleri Bakanlar\u0131, Orta Do\u011fu ve Rusya-Ukrayna Sava\u015f\u0131 g\u00fcndemiyle \u0130talya\u2019da topland\u0131 -","robots":{"index":"index","follow":"follow","max-snippet":"max-snippet:-1","max-image-preview":"max-image-preview:large","max-video-preview":"max-video-preview:-1"},"canonical":"https:\/\/kibrisdakik.com\/?p=70072","og_locale":"tr_TR","og_type":"article","og_title":"G7 D\u0131\u015fi\u015fleri Bakanlar\u0131, Orta Do\u011fu ve Rusya-Ukrayna Sava\u015f\u0131 g\u00fcndemiyle \u0130talya\u2019da topland\u0131 -","og_description":"G7 \u00fclkelerinin d\u0131\u015fi\u015fleri bakanlar\u0131, uluslararas\u0131 krizleri ele almak \u00fczere d\u00f6nem ba\u015fkan\u0131 \u0130talya\u2019n\u0131n ev sahipli\u011findeki ikinci toplant\u0131lar\u0131 i\u00e7in bir araya geldi. ABD, Almanya, Fransa, \u0130ngiltere, \u0130talya, Kanada ve Japonya\u2019dan olu\u015fan G7 \u00fclkelerinin d\u0131\u015fi\u015fleri bakanlar\u0131 ve Avrupa Birli\u011fi (AB) Y\u00fcksek Temsilcisi, d\u00f6nem ba\u015fkan\u0131 \u0130talya\u2019n\u0131n ev sahipli\u011finde, uluslararas\u0131 g\u00fcndemdeki konular\u0131 g\u00f6r\u00fc\u015fmek \u00fczere, ba\u015fkent Roma\u2019ya 90 kilometre mesafedeki Anagni","og_url":"https:\/\/kibrisdakik.com\/?p=70072","article_published_time":"2024-11-25T17:08:54+00:00","og_image":[{"width":679,"height":481,"url":"https:\/\/kibrisdakik.com\/wp-content\/uploads\/2024\/11\/gdpilc-xeaawuty-679x420.jpg","type":"image\/jpeg"}],"author":"admin","twitter_card":"summary_large_image","twitter_misc":{"Yazan:":"admin","Tahmini okuma s\u00fcresi":"2 dakika"},"schema":{"@context":"https:\/\/schema.org","@graph":[{"@type":"Article","@id":"https:\/\/kibrisdakik.com\/?p=70072#article","isPartOf":{"@id":"https:\/\/kibrisdakik.com\/?p=70072"},"author":{"name":"admin","@id":"https:\/\/kibrisdakik.com\/#\/schema\/person\/9cd9d437bbb44f72b73ba127e06d8e79"},"headline":"G7 D\u0131\u015fi\u015fleri Bakanlar\u0131, Orta Do\u011fu ve Rusya-Ukrayna Sava\u015f\u0131 g\u00fcndemiyle \u0130talya\u2019da topland\u0131","datePublished":"2024-11-25T17:08:54+00:00","mainEntityOfPage":{"@id":"https:\/\/kibrisdakik.com\/?p=70072"},"wordCount":489,"commentCount":0,"image":{"@id":"https:\/\/kibrisdakik.com\/?p=70072#primaryimage"},"thumbnailUrl":"https:\/\/kibrisdakik.com\/wp-content\/uploads\/2024\/11\/gdpilc-xeaawuty-679x420.jpg","articleSection":["G\u00fcndem"],"inLanguage":"tr","potentialAction":[{"@type":"CommentAction","name":"Comment","target":["https:\/\/kibrisdakik.com\/?p=70072#respond"]}]},{"@type":"WebPage","@id":"https:\/\/kibrisdakik.com\/?p=70072","url":"https:\/\/kibrisdakik.com\/?p=70072","name":"G7 D\u0131\u015fi\u015fleri Bakanlar\u0131, Orta Do\u011fu ve Rusya-Ukrayna Sava\u015f\u0131 g\u00fcndemiyle \u0130talya\u2019da topland\u0131 -","isPartOf":{"@id":"https:\/\/kibrisdakik.com\/#website"},"primaryImageOfPage":{"@id":"https:\/\/kibrisdakik.com\/?p=70072#primaryimage"},"image":{"@id":"https:\/\/kibrisdakik.com\/?p=70072#primaryimage"},"thumbnailUrl":"https:\/\/kibrisdakik.com\/wp-content\/uploads\/2024\/11\/gdpilc-xeaawuty-679x420.jpg","datePublished":"2024-11-25T17:08:54+00:00","author":{"@id":"https:\/\/kibrisdakik.com\/#\/schema\/person\/9cd9d437bbb44f72b73ba127e06d8e79"},"breadcrumb":{"@id":"https:\/\/kibrisdakik.com\/?p=70072#breadcrumb"},"inLanguage":"tr","potentialAction":[{"@type":"ReadAction","target":["https:\/\/kibrisdakik.com\/?p=70072"]}]},{"@type":"ImageObject","inLanguage":"tr","@id":"https:\/\/kibrisdakik.com\/?p=70072#primaryimage","url":"https:\/\/kibrisdakik.com\/wp-content\/uploads\/2024\/11\/gdpilc-xeaawuty-679x420.jpg","contentUrl":"https:\/\/kibrisdakik.com\/wp-content\/uploads\/2024\/11\/gdpilc-xeaawuty-679x420.jpg","width":679,"height":481},{"@type":"BreadcrumbList","@id":"https:\/\/kibrisdakik.com\/?p=70072#breadcrumb","itemListElement":[{"@type":"ListItem","position":1,"name":"Home","item":"https:\/\/kibrisdakik.com\/"},{"@type":"ListItem","position":2,"name":"G7 D\u0131\u015fi\u015fleri Bakanlar\u0131, Orta Do\u011fu ve Rusya-Ukrayna Sava\u015f\u0131 g\u00fcndemiyle \u0130talya\u2019da topland\u0131"}]},{"@type":"WebSite","@id":"https:\/\/kibrisdakik.com\/#website","url":"https:\/\/kibrisdakik.com\/","name":"","description":"Tam vaktinde haber","potentialAction":[{"@type":"SearchAction","target":{"@type":"EntryPoint","urlTemplate":"https:\/\/kibrisdakik.com\/?s={search_term_string}"},"query-input":{"@type":"PropertyValueSpecification","valueRequired":true,"valueName":"search_term_string"}}],"inLanguage":"tr"},{"@type":"Person","@id":"https:\/\/kibrisdakik.com\/#\/schema\/person\/9cd9d437bbb44f72b73ba127e06d8e79","name":"admin","image":{"@type":"ImageObject","inLanguage":"tr","@id":"https:\/\/secure.gravatar.com\/avatar\/ccc17943b9d660506c869530f897617f7cb1c21a4bf30023f252596d83e1f007?s=96&d=mm&r=g","url":"https:\/\/secure.gravatar.com\/avatar\/ccc17943b9d660506c869530f897617f7cb1c21a4bf30023f252596d83e1f007?s=96&d=mm&r=g","contentUrl":"https:\/\/secure.gravatar.com\/avatar\/ccc17943b9d660506c869530f897617f7cb1c21a4bf30023f252596d83e1f007?s=96&d=mm&r=g","caption":"admin"},"sameAs":["https:\/\/kibrisdakik.com"],"url":"https:\/\/kibrisdakik.com\/?author=1"}]}},"_links":{"self":[{"href":"https:\/\/kibrisdakik.com\/index.php?rest_route=\/wp\/v2\/posts\/70072","targetHints":{"allow":["GET"]}}],"collection":[{"href":"https:\/\/kibrisdakik.com\/index.php?rest_route=\/wp\/v2\/posts"}],"about":[{"href":"https:\/\/kibrisdakik.com\/index.php?rest_route=\/wp\/v2\/types\/post"}],"author":[{"embeddable":true,"href":"https:\/\/kibrisdakik.com\/index.php?rest_route=\/wp\/v2\/users\/1"}],"replies":[{"embeddable":true,"href":"https:\/\/kibrisdakik.com\/index.php?rest_route=%2Fwp%2Fv2%2Fcomments&post=70072"}],"version-history":[{"count":0,"href":"https:\/\/kibrisdakik.com\/index.php?rest_route=\/wp\/v2\/posts\/70072\/revisions"}],"wp:featuredmedia":[{"embeddable":true,"href":"https:\/\/kibrisdakik.com\/index.php?rest_route=\/wp\/v2\/media\/70073"}],"wp:attachment":[{"href":"https:\/\/kibrisdakik.com\/index.php?rest_route=%2Fwp%2Fv2%2Fmedia&parent=70072"}],"wp:term":[{"taxonomy":"category","embeddable":true,"href":"https:\/\/kibrisdakik.com\/index.php?rest_route=%2Fwp%2Fv2%2Fcategories&post=70072"},{"taxonomy":"post_tag","embeddable":true,"href":"https:\/\/kibrisdakik.com\/index.php?rest_route=%2Fwp%2Fv2%2Ftags&post=70072"}],"curies":[{"name":"wp","href":"https:\/\/api.w.org\/{rel}","templated":true}]}}