{"id":70074,"date":"2024-11-26T06:41:17","date_gmt":"2024-11-26T03:41:17","guid":{"rendered":"https:\/\/kibrisdakik.com\/index.php\/2024\/11\/26\/polis-genel-mudurlugu-butcesi-komitede-onaylandi\/"},"modified":"2024-11-26T06:41:17","modified_gmt":"2024-11-26T03:41:17","slug":"polis-genel-mudurlugu-butcesi-komitede-onaylandi","status":"publish","type":"post","link":"https:\/\/kibrisdakik.com\/?p=70074","title":{"rendered":"Polis Genel M\u00fcd\u00fcrl\u00fc\u011f\u00fc b\u00fct\u00e7esi komitede onayland\u0131"},"content":{"rendered":"<div>\n<div class=\"mariselle-image-container center\">\n                                            <\/div>\n<p>Polis Genel M\u00fcd\u00fcrl\u00fc\u011f\u00fc b\u00fct\u00e7esi 6 milyar 298 milyon 900 bin TL olarak Cumhuriyet Meclisi Ekonomi, Maliye, B\u00fct\u00e7e ve Plan Komitesi\u2019nde oy birli\u011fiyle onayland\u0131.<\/p>\n<p>UBP Gazima\u011fusa Milletvekili Resmiye Ero\u011flu Canaltay ba\u015fkanl\u0131\u011f\u0131ndaki komite toplant\u0131s\u0131na kat\u0131lan Polis Genel M\u00fcd\u00fcr\u00fc Kas\u0131m Kuni, b\u00fct\u00e7e g\u00f6r\u00fc\u015fmesinde yapt\u0131\u011f\u0131 konu\u015fmada, 3 bin kadroya kar\u015f\u0131n 2 bin 313 personelle hizmet verdiklerini, 687 m\u00fcnhalin bulundu\u011funu s\u00f6yledi. 2 bin 73 polisin hizmet verdi\u011fini belirten Kuni, 240 da itfaiye personeli oldu\u011funu kaydetti. Kuni, 327 sivil hizmet g\u00f6revlisi, 287 de sivil muhaceret memuru oldu\u011funu kaydetti.<\/p>\n<p>CTP Lefko\u015fa Milletvekili Sami \u00d6zuslu da, sahte diploma soru\u015fturmas\u0131 ile ilgili son durum ve dokunulmazl\u0131\u011f\u0131 kald\u0131r\u0131lmas\u0131 i\u00e7in biriyle ilgili giri\u015fim olup olmad\u0131\u011f\u0131n\u0131 sordu. \u0130la\u00e7 soru\u015fturmas\u0131, polislerin erken emeklilik ile ilgili talepleri, ek mesailer, trafik konular\u0131na de\u011finen \u00d6zuslu, trafikte \u00f6l\u00fcml\u00fc kazalar\u0131n artt\u0131\u011f\u0131na i\u015faret etti, cezalar yan\u0131nda altyap\u0131ya yat\u0131r\u0131m\u0131n, e\u011fitimin \u00f6nemine de\u011findi.<\/p>\n<p>CTP Lefko\u015fa Milletvekili S\u0131la Usar \u0130ncirli de, polisin \u00fcstlendi\u011fi g\u00f6revin zorlu\u011funa i\u015faret etti, te\u015fkilat ile ilgili geli\u015fmelerde ve ba\u015far\u0131l\u0131 \u00e7al\u0131\u015fmalarla gurur duyduklar\u0131n\u0131 s\u00f6yledi, b\u00fct\u00e7esine bakanl\u0131klar gibi bakmad\u0131\u011f\u0131n\u0131 s\u00f6yledi. \u0130ncirli, artan su\u00e7 \u00e7e\u015fitlili\u011fi ve polisin desteklenmesi gerekti\u011fine i\u015faret etti.<\/p>\n<p>\u00d6zellikle ila\u00e7 konusunda ba\u015flat\u0131lan soru\u015fturman\u0131n ne a\u015famada oldu\u011funu soran \u0130ncirli, \u2018\u00fcniversite adas\u0131\u2019 KKTC\u2019de ortaya \u00e7\u0131kan diploma konusundaki soru\u015fturmalar hakk\u0131nda da bilgi istedi.<\/p>\n<p>\u0130ncirli, bu konuda halka daha a\u00e7\u0131k davran\u0131lmas\u0131 durumunda, ayr\u0131mc\u0131l\u0131k yap\u0131lmad\u0131\u011f\u0131n\u0131n g\u00f6sterilmesinin, adalet duygusunun da y\u0131pranmamas\u0131n\u0131 sa\u011flayaca\u011f\u0131n\u0131 kaydetti. \u0130ncirli, \u00e7ocuk yo\u011fun bak\u0131m\u0131nda ya\u015fananlar ile ilgili de bilgi istedi.<\/p>\n<p>Ba\u011f\u0131ms\u0131z milletvekili Ay\u015feg\u00fcl Baybars da, polisin ve b\u00fct\u00e7esinin \u00f6nemine i\u015faret ederek, polis b\u00fct\u00e7esinin yetersizli\u011fine dikkat \u00e7ekti. Baybars, narenciye sekt\u00f6r\u00fcndeki \u00e7al\u0131\u015fanlarla ilgili ne gibi ad\u0131mlar at\u0131ld\u0131\u011f\u0131n\u0131 sordu, b\u00fct\u00e7edeki s\u0131k\u0131nt\u0131larla polisin nas\u0131l hizmet verdi\u011fini merak etti\u011fini s\u00f6yledi.<\/p>\n<p>Baybars, polisin gelece\u011fe y\u00f6nelik projelerini b\u00fct\u00e7ede g\u00f6remedi\u011fini, e\u011fitim, teknik altyap\u0131ya \u00f6nem vermesi gerekti\u011fini, insanlar\u0131n \u00f6zel hayat\u0131na \u00f6nem vermesi, sayg\u0131 g\u00f6stermesi gerekti\u011fini anlatt\u0131.<\/p>\n<p>\u00d6zel g\u00fcvenlik konusundaki son geli\u015fmeler, tutuklular\u0131n s\u0131n\u0131r d\u0131\u015f\u0131 edilmesi, teminatlar, sivil hizmet g\u00f6revlileri ile ilgili sorular soran Baybars, polisli\u011fin \u00e7ok zor bir g\u00f6rev oldu\u011funu ancak adaletli davran\u0131lmas\u0131 gerekti\u011fine de\u011findi.<\/p>\n<p>CTP Lefko\u015fa Milletvekili Fazilet \u00d6zdenefe de, polis ve savc\u0131l\u0131\u011f\u0131n adil bir soru\u015fturma s\u00fcreci y\u00fcr\u00fctmedi\u011fi, bu \u00e7er\u00e7evede ki\u015filerin ceza davalar\u0131 ile ilgili teminata ba\u011fland\u0131\u011f\u0131 g\u00f6r\u00fc\u015f\u00fcn\u00fc dile getirdi. \u00d6zdenefe, bu sorunun azalmak yerine artt\u0131\u011f\u0131n\u0131 belirterek, bu konuda bilgi talep etti. \u00d6zdenefe, \u201cjet raporu\u201d, ila\u00e7, eczac\u0131lara y\u00f6nelik davalar\u0131 sordu.<\/p>\n<p>-Kuni: \u201c\u0130la\u00e7 soru\u015fturmas\u0131nda 18 bin ifade al\u0131nd\u0131, 20 bin daha al\u0131nacak\u201d<\/p>\n<p>Ara ara milletvekillerinin sorular\u0131n\u0131 yan\u0131tlayan PGM Kuni de, ila\u00e7 soru\u015ft\u0131rmas\u0131 kapsam\u0131nda bug\u00fcne kadar 18 bin ifade al\u0131nd\u0131\u011f\u0131n\u0131, soru\u015fturman\u0131n geni\u015f bir \u015fekilde s\u00fcrd\u00fc\u011f\u00fcn\u00fc, dosyalar\u0131n Mali \u015eubeye aktar\u0131ld\u0131\u011f\u0131n\u0131 belirterek, s\u00fcrecin devam etti\u011fini, 20 bin ifade daha al\u0131naca\u011f\u0131n\u0131, 6-7 ay daha bu s\u00fcrecin s\u00fcrece\u011fini s\u00f6yledi.<\/p>\n<p>\u00d6zdenefe, doktorlar\u0131n eczac\u0131lar\u0131n kelep\u00e7e ile mahkemeye \u00e7\u0131kar\u0131lmas\u0131n\u0131 ele\u015ftirdi, bunun kendisine g\u00f6re yanl\u0131\u015fl\u0131\u011f\u0131na de\u011findi.<\/p>\n<p>CTP Gazima\u011fusa Milletvekili Erkut \u015eahali de, polis b\u00fct\u00e7esi ve te\u015fkilat \u015femas\u0131na y\u00f6nelik de\u011ferlendirme ve ele\u015ftirilerde bulundu. \u015eahali, polisin kamuoyunu yak\u0131ndan ilgilendiren konularda daha \u015feffaf olmas\u0131 gerekti\u011fini, ayr\u0131ca otoritenin art\u0131r\u0131lmas\u0131 gerekti\u011fini kaydetti. \u015eahali, polislerin sald\u0131r\u0131ya u\u011framas\u0131n\u0131n otorite eksikli\u011fi oldu\u011funu, kamuoyunu ilgilendiren konularda daha adil olunmas\u0131, h\u0131zl\u0131 ilerlenmesi, trafikte gerekli \u00f6nlemlerin al\u0131nmas\u0131 gerekti\u011fini, polis hem \u00f6nleyici hem cezaland\u0131r\u0131c\u0131 olmas\u0131 gerekti\u011fini s\u00f6yledi.<\/p>\n<p>CTP G\u00fczelyurt Milletvekili Arma\u011fan Candan da, sahte diploma konusunda G\u00fczelyurt\u2019taki davada bir ki\u015fiye neden ayr\u0131mc\u0131l\u0131k yap\u0131ld\u0131\u011f\u0131 ve Gazima\u011fusa Liman\u0131nda bulundu\u011fu iddia edilen para ile ilgili bilgi istedi.<\/p>\n<p>CTP Girne Milletvekili Ongun Talat da, polis te\u015fkilat\u0131n\u0131n s\u00fcratle \u00e7a\u011fda\u015fla\u015fmas\u0131 gerekti\u011fini, eskide kalan uygulamalar\u0131 yenilemesi ve kelep\u00e7e, avukat zanl\u0131 g\u00f6r\u00fc\u015fmeleri gibi konularda gerekli ad\u0131mlar\u0131n at\u0131lmas\u0131n\u0131 istedi. Talat, toplumdaki adalet duygusunun zedelenmemesi gerekti\u011fini ifade etti.<\/p>\n<p>Talat\u2019\u0131n a\u00e7\u0131\u011fa al\u0131nan polislerle ilgili sorusu \u00fczerine Kuni, hepsi ceza davas\u0131 ile ilgili 25 personelin a\u00e7\u0131\u011fa al\u0131nd\u0131\u011f\u0131n\u0131 ifade etti.<\/p>\n<p>CTP Lefke Milletvekili Salahi \u015eahiner de, b\u00fct\u00e7e \u00fczerine sorular sorarak, de\u011ferlendirmelerde bulundu. \u015eahiner, b\u00fct\u00e7enin polisin s\u0131k\u0131nt\u0131l\u0131 bir d\u00f6nem olaca\u011f\u0131n\u0131 g\u00f6sterdi\u011fini kaydetti.<\/p>\n<p>Kap\u0131larla ilgili soru \u00fczerine Kuni, kap\u0131larda ge\u00e7i\u015flerin h\u0131zland\u0131r\u0131lmas\u0131 i\u00e7in Rum taraf\u0131ndaki kap\u0131lar\u0131n da KKTC taraf\u0131ndaki gibi geni\u015fletilmesi ile \u00e7\u00f6z\u00fclebilece\u011fini s\u00f6yledi.<\/p>\n<p>Canaltay da, kad\u0131na y\u00f6nelik \u015fiddet ve \u00e7ocuk istismar\u0131na dikkat \u00e7ekti.<\/p>\n<p>-Kuni: \u201cDiploma konusunda toplam 19 ki\u015fi teminata ba\u011fland\u0131, 1 ki\u015fi de vekil oldu\u011fu i\u00e7in rapor Savc\u0131l\u0131\u011fa g\u00f6nderildi\u2026\u201d<\/p>\n<p>Polis Genel M\u00fcd\u00fcr\u00fc Kuni, ilk olarak diploma konusuna de\u011findi. Kuni, toplam 19 ki\u015finin teminata ba\u011fland\u0131\u011f\u0131n\u0131, 1 ki\u015finin de vekil oldu\u011fu i\u00e7in raporun Savc\u0131l\u0131\u011fa g\u00f6nderildi\u011fini, ancak Savc\u0131l\u0131ktan d\u00fczenleme i\u00e7in polise geri geldi\u011fini, 3-5 g\u00fcne kadar dosyan\u0131n tamamlan\u0131p geri g\u00f6nderilece\u011fini kaydetti.<\/p>\n<p>\u0130la\u00e7 soru\u015fturmas\u0131 ile ilgili de \u00e7al\u0131\u015fmalar\u0131n s\u00fcrd\u00fc\u011f\u00fcn\u00fc ifade eden Kuni, davalar\u0131n Savc\u0131l\u0131\u011fa birlikte g\u00f6nderilece\u011fini, o y\u00fczden 18 bin ifade al\u0131nd\u0131\u011f\u0131n\u0131 ve 20 bin ifadenin daha al\u0131naca\u011f\u0131n\u0131 s\u00f6yledi.<\/p>\n<p>Kuni, polislerin erken emeklili\u011fi ile ilgili \u00e7al\u0131\u015fmalar\u0131 oldu\u011funu, ek mesai i\u00e7in y\u00fczde 50 talepleri oldu\u011funu ifade etti. 85 d\u00fczensiz g\u00f6\u00e7menin yurtta kald\u0131\u011f\u0131 bilgisini verdi.<\/p>\n<p>Trafikte \u00e7ekirdekten yeti\u015ftirilmesi gerekti\u011fini, yetersiz altyap\u0131ya yat\u0131r\u0131m yap\u0131lmas\u0131 gerekti\u011fini ifade eden Kuni, yaka kameras\u0131n\u0131n Girne ve Lefko\u015fa\u2019da denenmeye ba\u015flad\u0131\u011f\u0131n\u0131 kaydetti.<\/p>\n<p>Kelep\u00e7e kullan\u0131lmas\u0131 ile ilgili kurallar\u0131 anlatan Kuni, yeni do\u011fan servisindeki olayla ilgili de hi\u00e7bir \u015fey s\u00f6ylemediklerini, Sa\u011fl\u0131k Bakan\u0131na \u201cbas\u0131n a\u00e7\u0131klamas\u0131 yapmay\u0131n\u201d diye bir \u015fey s\u00f6ylemediklerini belirtti.<\/p>\n<p>Narenciye sekt\u00f6r\u00fcndeki \u00e7al\u0131\u015fanlarla ilgili sorunlara y\u00f6nelik polisin su\u00e7 unsuru tespit etmedi\u011fini ifade eden Kuni, \u00f6zel g\u00fcvenlik ile ilgili de sorular\u0131 yan\u0131tlad\u0131. H\u00fccrelerin iyile\u015ftirildi\u011fini de ifade eden Kuni, narenciye sekt\u00f6r\u00fcndeki i\u015f\u00e7ilerin \u015fikayet\u00e7i oldu\u011funun hat\u0131rlat\u0131lmas\u0131 \u00fczerine, paralar\u0131n \u00fclkelerinde al\u0131nd\u0131\u011f\u0131n\u0131 burada al\u0131nmad\u0131\u011f\u0131n\u0131 s\u00f6yledi. Kuni, insan ticareti, tehdit, darp gibi iddialar\u0131n ara\u015ft\u0131r\u0131ld\u0131\u011f\u0131n\u0131 kaydetti, darp gibi olaylar\u0131n daha \u00f6nce oldu\u011funu, para al\u0131nmas\u0131 konusunun savc\u0131l\u0131\u011fa soruldu\u011funu anlatt\u0131. FET\u00d6 soru\u015fturmalar\u0131, davalar gibi konular\u0131n hat\u0131rlat\u0131ld\u0131\u011f\u0131 Kuni, davas\u0131 sonu\u00e7lanan ki\u015filerin b\u00fct\u00fcn \u00f6zl\u00fck haklar\u0131n\u0131n verildi\u011fini, g\u00f6revlerinin ba\u015f\u0131nda oldu\u011funu s\u00f6yledi.<\/p>\n<p>Kuni, b\u00fct\u00e7ede eme\u011fi ge\u00e7enlere te\u015fekk\u00fcr etti.<\/p>\n<\/p><\/div>\n<p><script async\n                    defer\n                    crossorigin=\"anonymous\"\n                    src=\"https:\/\/connect.facebook.net\/tr_TR\/sdk.js#xfbml=1&#038;version=v3.3\"\n            ><\/script><\/p>\n","protected":false},"excerpt":{"rendered":"<p>Polis Genel M\u00fcd\u00fcrl\u00fc\u011f\u00fc b\u00fct\u00e7esi 6 milyar 298 milyon 900 bin TL olarak Cumhuriyet Meclisi Ekonomi, Maliye, B\u00fct\u00e7e ve Plan Komitesi\u2019nde oy birli\u011fiyle onayland\u0131. UBP Gazima\u011fusa Milletvekili Resmiye Ero\u011flu Canaltay ba\u015fkanl\u0131\u011f\u0131ndaki komite toplant\u0131s\u0131na kat\u0131lan Polis Genel M\u00fcd\u00fcr\u00fc Kas\u0131m Kuni, b\u00fct\u00e7e g\u00f6r\u00fc\u015fmesinde yapt\u0131\u011f\u0131 konu\u015fmada, 3 bin kadroya kar\u015f\u0131n 2 bin 313 personelle hizmet verdiklerini, 687 m\u00fcnhalin bulundu\u011funu<\/p>\n","protected":false},"author":1,"featured_media":2972,"comment_status":"open","ping_status":"open","sticky":false,"template":"","format":"standard","meta":{"footnotes":""},"categories":[81],"tags":[],"class_list":["post-70074","post","type-post","status-publish","format-standard","has-post-thumbnail","hentry","category-kibris"],"yoast_head":"<!-- This site is optimized with the Yoast SEO plugin v27.4 - https:\/\/yoast.com\/product\/yoast-seo-wordpress\/ -->\n<title>Polis Genel M\u00fcd\u00fcrl\u00fc\u011f\u00fc b\u00fct\u00e7esi komitede onayland\u0131 -<\/title>\n<meta name=\"robots\" content=\"index, follow, max-snippet:-1, max-image-preview:large, max-video-preview:-1\" \/>\n<link rel=\"canonical\" href=\"https:\/\/kibrisdakik.com\/?p=70074\" \/>\n<meta property=\"og:locale\" content=\"tr_TR\" \/>\n<meta property=\"og:type\" content=\"article\" \/>\n<meta property=\"og:title\" content=\"Polis Genel M\u00fcd\u00fcrl\u00fc\u011f\u00fc b\u00fct\u00e7esi komitede onayland\u0131 -\" \/>\n<meta property=\"og:description\" content=\"Polis Genel M\u00fcd\u00fcrl\u00fc\u011f\u00fc b\u00fct\u00e7esi 6 milyar 298 milyon 900 bin TL olarak Cumhuriyet Meclisi Ekonomi, Maliye, B\u00fct\u00e7e ve Plan Komitesi\u2019nde oy birli\u011fiyle onayland\u0131. UBP Gazima\u011fusa Milletvekili Resmiye Ero\u011flu Canaltay ba\u015fkanl\u0131\u011f\u0131ndaki komite toplant\u0131s\u0131na kat\u0131lan Polis Genel M\u00fcd\u00fcr\u00fc Kas\u0131m Kuni, b\u00fct\u00e7e g\u00f6r\u00fc\u015fmesinde yapt\u0131\u011f\u0131 konu\u015fmada, 3 bin kadroya kar\u015f\u0131n 2 bin 313 personelle hizmet verdiklerini, 687 m\u00fcnhalin bulundu\u011funu\" \/>\n<meta property=\"og:url\" content=\"https:\/\/kibrisdakik.com\/?p=70074\" \/>\n<meta property=\"article:published_time\" content=\"2024-11-26T03:41:17+00:00\" \/>\n<meta property=\"og:image\" content=\"https:\/\/kibrisdakik.com\/wp-content\/uploads\/2023\/03\/pgm.jpg\" \/>\n\t<meta property=\"og:image:width\" content=\"620\" \/>\n\t<meta property=\"og:image:height\" content=\"350\" \/>\n\t<meta property=\"og:image:type\" content=\"image\/jpeg\" \/>\n<meta name=\"author\" content=\"admin\" \/>\n<meta name=\"twitter:card\" content=\"summary_large_image\" \/>\n<meta name=\"twitter:label1\" content=\"Yazan:\" \/>\n\t<meta name=\"twitter:data1\" content=\"admin\" \/>\n\t<meta name=\"twitter:label2\" content=\"Tahmini okuma s\u00fcresi\" \/>\n\t<meta name=\"twitter:data2\" content=\"6 dakika\" \/>\n<script type=\"application\/ld+json\" class=\"yoast-schema-graph\">{\"@context\":\"https:\\\/\\\/schema.org\",\"@graph\":[{\"@type\":\"Article\",\"@id\":\"https:\\\/\\\/kibrisdakik.com\\\/?p=70074#article\",\"isPartOf\":{\"@id\":\"https:\\\/\\\/kibrisdakik.com\\\/?p=70074\"},\"author\":{\"name\":\"admin\",\"@id\":\"https:\\\/\\\/kibrisdakik.com\\\/#\\\/schema\\\/person\\\/9cd9d437bbb44f72b73ba127e06d8e79\"},\"headline\":\"Polis Genel M\u00fcd\u00fcrl\u00fc\u011f\u00fc b\u00fct\u00e7esi komitede onayland\u0131\",\"datePublished\":\"2024-11-26T03:41:17+00:00\",\"mainEntityOfPage\":{\"@id\":\"https:\\\/\\\/kibrisdakik.com\\\/?p=70074\"},\"wordCount\":1263,\"commentCount\":0,\"image\":{\"@id\":\"https:\\\/\\\/kibrisdakik.com\\\/?p=70074#primaryimage\"},\"thumbnailUrl\":\"https:\\\/\\\/kibrisdakik.com\\\/wp-content\\\/uploads\\\/2023\\\/03\\\/pgm.jpg\",\"articleSection\":[\"K\u0131br\u0131s\"],\"inLanguage\":\"tr\",\"potentialAction\":[{\"@type\":\"CommentAction\",\"name\":\"Comment\",\"target\":[\"https:\\\/\\\/kibrisdakik.com\\\/?p=70074#respond\"]}]},{\"@type\":\"WebPage\",\"@id\":\"https:\\\/\\\/kibrisdakik.com\\\/?p=70074\",\"url\":\"https:\\\/\\\/kibrisdakik.com\\\/?p=70074\",\"name\":\"Polis Genel M\u00fcd\u00fcrl\u00fc\u011f\u00fc b\u00fct\u00e7esi komitede onayland\u0131 -\",\"isPartOf\":{\"@id\":\"https:\\\/\\\/kibrisdakik.com\\\/#website\"},\"primaryImageOfPage\":{\"@id\":\"https:\\\/\\\/kibrisdakik.com\\\/?p=70074#primaryimage\"},\"image\":{\"@id\":\"https:\\\/\\\/kibrisdakik.com\\\/?p=70074#primaryimage\"},\"thumbnailUrl\":\"https:\\\/\\\/kibrisdakik.com\\\/wp-content\\\/uploads\\\/2023\\\/03\\\/pgm.jpg\",\"datePublished\":\"2024-11-26T03:41:17+00:00\",\"author\":{\"@id\":\"https:\\\/\\\/kibrisdakik.com\\\/#\\\/schema\\\/person\\\/9cd9d437bbb44f72b73ba127e06d8e79\"},\"breadcrumb\":{\"@id\":\"https:\\\/\\\/kibrisdakik.com\\\/?p=70074#breadcrumb\"},\"inLanguage\":\"tr\",\"potentialAction\":[{\"@type\":\"ReadAction\",\"target\":[\"https:\\\/\\\/kibrisdakik.com\\\/?p=70074\"]}]},{\"@type\":\"ImageObject\",\"inLanguage\":\"tr\",\"@id\":\"https:\\\/\\\/kibrisdakik.com\\\/?p=70074#primaryimage\",\"url\":\"https:\\\/\\\/kibrisdakik.com\\\/wp-content\\\/uploads\\\/2023\\\/03\\\/pgm.jpg\",\"contentUrl\":\"https:\\\/\\\/kibrisdakik.com\\\/wp-content\\\/uploads\\\/2023\\\/03\\\/pgm.jpg\",\"width\":620,\"height\":350},{\"@type\":\"BreadcrumbList\",\"@id\":\"https:\\\/\\\/kibrisdakik.com\\\/?p=70074#breadcrumb\",\"itemListElement\":[{\"@type\":\"ListItem\",\"position\":1,\"name\":\"Home\",\"item\":\"https:\\\/\\\/kibrisdakik.com\\\/\"},{\"@type\":\"ListItem\",\"position\":2,\"name\":\"Polis Genel M\u00fcd\u00fcrl\u00fc\u011f\u00fc b\u00fct\u00e7esi komitede onayland\u0131\"}]},{\"@type\":\"WebSite\",\"@id\":\"https:\\\/\\\/kibrisdakik.com\\\/#website\",\"url\":\"https:\\\/\\\/kibrisdakik.com\\\/\",\"name\":\"\",\"description\":\"Tam vaktinde haber\",\"potentialAction\":[{\"@type\":\"SearchAction\",\"target\":{\"@type\":\"EntryPoint\",\"urlTemplate\":\"https:\\\/\\\/kibrisdakik.com\\\/?s={search_term_string}\"},\"query-input\":{\"@type\":\"PropertyValueSpecification\",\"valueRequired\":true,\"valueName\":\"search_term_string\"}}],\"inLanguage\":\"tr\"},{\"@type\":\"Person\",\"@id\":\"https:\\\/\\\/kibrisdakik.com\\\/#\\\/schema\\\/person\\\/9cd9d437bbb44f72b73ba127e06d8e79\",\"name\":\"admin\",\"image\":{\"@type\":\"ImageObject\",\"inLanguage\":\"tr\",\"@id\":\"https:\\\/\\\/secure.gravatar.com\\\/avatar\\\/ccc17943b9d660506c869530f897617f7cb1c21a4bf30023f252596d83e1f007?s=96&d=mm&r=g\",\"url\":\"https:\\\/\\\/secure.gravatar.com\\\/avatar\\\/ccc17943b9d660506c869530f897617f7cb1c21a4bf30023f252596d83e1f007?s=96&d=mm&r=g\",\"contentUrl\":\"https:\\\/\\\/secure.gravatar.com\\\/avatar\\\/ccc17943b9d660506c869530f897617f7cb1c21a4bf30023f252596d83e1f007?s=96&d=mm&r=g\",\"caption\":\"admin\"},\"sameAs\":[\"https:\\\/\\\/kibrisdakik.com\"],\"url\":\"https:\\\/\\\/kibrisdakik.com\\\/?author=1\"}]}<\/script>\n<!-- \/ Yoast SEO plugin. -->","yoast_head_json":{"title":"Polis Genel M\u00fcd\u00fcrl\u00fc\u011f\u00fc b\u00fct\u00e7esi komitede onayland\u0131 -","robots":{"index":"index","follow":"follow","max-snippet":"max-snippet:-1","max-image-preview":"max-image-preview:large","max-video-preview":"max-video-preview:-1"},"canonical":"https:\/\/kibrisdakik.com\/?p=70074","og_locale":"tr_TR","og_type":"article","og_title":"Polis Genel M\u00fcd\u00fcrl\u00fc\u011f\u00fc b\u00fct\u00e7esi komitede onayland\u0131 -","og_description":"Polis Genel M\u00fcd\u00fcrl\u00fc\u011f\u00fc b\u00fct\u00e7esi 6 milyar 298 milyon 900 bin TL olarak Cumhuriyet Meclisi Ekonomi, Maliye, B\u00fct\u00e7e ve Plan Komitesi\u2019nde oy birli\u011fiyle onayland\u0131. UBP Gazima\u011fusa Milletvekili Resmiye Ero\u011flu Canaltay ba\u015fkanl\u0131\u011f\u0131ndaki komite toplant\u0131s\u0131na kat\u0131lan Polis Genel M\u00fcd\u00fcr\u00fc Kas\u0131m Kuni, b\u00fct\u00e7e g\u00f6r\u00fc\u015fmesinde yapt\u0131\u011f\u0131 konu\u015fmada, 3 bin kadroya kar\u015f\u0131n 2 bin 313 personelle hizmet verdiklerini, 687 m\u00fcnhalin bulundu\u011funu","og_url":"https:\/\/kibrisdakik.com\/?p=70074","article_published_time":"2024-11-26T03:41:17+00:00","og_image":[{"width":620,"height":350,"url":"https:\/\/kibrisdakik.com\/wp-content\/uploads\/2023\/03\/pgm.jpg","type":"image\/jpeg"}],"author":"admin","twitter_card":"summary_large_image","twitter_misc":{"Yazan:":"admin","Tahmini okuma s\u00fcresi":"6 dakika"},"schema":{"@context":"https:\/\/schema.org","@graph":[{"@type":"Article","@id":"https:\/\/kibrisdakik.com\/?p=70074#article","isPartOf":{"@id":"https:\/\/kibrisdakik.com\/?p=70074"},"author":{"name":"admin","@id":"https:\/\/kibrisdakik.com\/#\/schema\/person\/9cd9d437bbb44f72b73ba127e06d8e79"},"headline":"Polis Genel M\u00fcd\u00fcrl\u00fc\u011f\u00fc b\u00fct\u00e7esi komitede onayland\u0131","datePublished":"2024-11-26T03:41:17+00:00","mainEntityOfPage":{"@id":"https:\/\/kibrisdakik.com\/?p=70074"},"wordCount":1263,"commentCount":0,"image":{"@id":"https:\/\/kibrisdakik.com\/?p=70074#primaryimage"},"thumbnailUrl":"https:\/\/kibrisdakik.com\/wp-content\/uploads\/2023\/03\/pgm.jpg","articleSection":["K\u0131br\u0131s"],"inLanguage":"tr","potentialAction":[{"@type":"CommentAction","name":"Comment","target":["https:\/\/kibrisdakik.com\/?p=70074#respond"]}]},{"@type":"WebPage","@id":"https:\/\/kibrisdakik.com\/?p=70074","url":"https:\/\/kibrisdakik.com\/?p=70074","name":"Polis Genel M\u00fcd\u00fcrl\u00fc\u011f\u00fc b\u00fct\u00e7esi komitede onayland\u0131 -","isPartOf":{"@id":"https:\/\/kibrisdakik.com\/#website"},"primaryImageOfPage":{"@id":"https:\/\/kibrisdakik.com\/?p=70074#primaryimage"},"image":{"@id":"https:\/\/kibrisdakik.com\/?p=70074#primaryimage"},"thumbnailUrl":"https:\/\/kibrisdakik.com\/wp-content\/uploads\/2023\/03\/pgm.jpg","datePublished":"2024-11-26T03:41:17+00:00","author":{"@id":"https:\/\/kibrisdakik.com\/#\/schema\/person\/9cd9d437bbb44f72b73ba127e06d8e79"},"breadcrumb":{"@id":"https:\/\/kibrisdakik.com\/?p=70074#breadcrumb"},"inLanguage":"tr","potentialAction":[{"@type":"ReadAction","target":["https:\/\/kibrisdakik.com\/?p=70074"]}]},{"@type":"ImageObject","inLanguage":"tr","@id":"https:\/\/kibrisdakik.com\/?p=70074#primaryimage","url":"https:\/\/kibrisdakik.com\/wp-content\/uploads\/2023\/03\/pgm.jpg","contentUrl":"https:\/\/kibrisdakik.com\/wp-content\/uploads\/2023\/03\/pgm.jpg","width":620,"height":350},{"@type":"BreadcrumbList","@id":"https:\/\/kibrisdakik.com\/?p=70074#breadcrumb","itemListElement":[{"@type":"ListItem","position":1,"name":"Home","item":"https:\/\/kibrisdakik.com\/"},{"@type":"ListItem","position":2,"name":"Polis Genel M\u00fcd\u00fcrl\u00fc\u011f\u00fc b\u00fct\u00e7esi komitede onayland\u0131"}]},{"@type":"WebSite","@id":"https:\/\/kibrisdakik.com\/#website","url":"https:\/\/kibrisdakik.com\/","name":"","description":"Tam vaktinde haber","potentialAction":[{"@type":"SearchAction","target":{"@type":"EntryPoint","urlTemplate":"https:\/\/kibrisdakik.com\/?s={search_term_string}"},"query-input":{"@type":"PropertyValueSpecification","valueRequired":true,"valueName":"search_term_string"}}],"inLanguage":"tr"},{"@type":"Person","@id":"https:\/\/kibrisdakik.com\/#\/schema\/person\/9cd9d437bbb44f72b73ba127e06d8e79","name":"admin","image":{"@type":"ImageObject","inLanguage":"tr","@id":"https:\/\/secure.gravatar.com\/avatar\/ccc17943b9d660506c869530f897617f7cb1c21a4bf30023f252596d83e1f007?s=96&d=mm&r=g","url":"https:\/\/secure.gravatar.com\/avatar\/ccc17943b9d660506c869530f897617f7cb1c21a4bf30023f252596d83e1f007?s=96&d=mm&r=g","contentUrl":"https:\/\/secure.gravatar.com\/avatar\/ccc17943b9d660506c869530f897617f7cb1c21a4bf30023f252596d83e1f007?s=96&d=mm&r=g","caption":"admin"},"sameAs":["https:\/\/kibrisdakik.com"],"url":"https:\/\/kibrisdakik.com\/?author=1"}]}},"_links":{"self":[{"href":"https:\/\/kibrisdakik.com\/index.php?rest_route=\/wp\/v2\/posts\/70074","targetHints":{"allow":["GET"]}}],"collection":[{"href":"https:\/\/kibrisdakik.com\/index.php?rest_route=\/wp\/v2\/posts"}],"about":[{"href":"https:\/\/kibrisdakik.com\/index.php?rest_route=\/wp\/v2\/types\/post"}],"author":[{"embeddable":true,"href":"https:\/\/kibrisdakik.com\/index.php?rest_route=\/wp\/v2\/users\/1"}],"replies":[{"embeddable":true,"href":"https:\/\/kibrisdakik.com\/index.php?rest_route=%2Fwp%2Fv2%2Fcomments&post=70074"}],"version-history":[{"count":0,"href":"https:\/\/kibrisdakik.com\/index.php?rest_route=\/wp\/v2\/posts\/70074\/revisions"}],"wp:featuredmedia":[{"embeddable":true,"href":"https:\/\/kibrisdakik.com\/index.php?rest_route=\/wp\/v2\/media\/2972"}],"wp:attachment":[{"href":"https:\/\/kibrisdakik.com\/index.php?rest_route=%2Fwp%2Fv2%2Fmedia&parent=70074"}],"wp:term":[{"taxonomy":"category","embeddable":true,"href":"https:\/\/kibrisdakik.com\/index.php?rest_route=%2Fwp%2Fv2%2Fcategories&post=70074"},{"taxonomy":"post_tag","embeddable":true,"href":"https:\/\/kibrisdakik.com\/index.php?rest_route=%2Fwp%2Fv2%2Ftags&post=70074"}],"curies":[{"name":"wp","href":"https:\/\/api.w.org\/{rel}","templated":true}]}}