{"id":7009,"date":"2023-05-15T22:33:11","date_gmt":"2023-05-15T22:33:11","guid":{"rendered":"https:\/\/kibrisdakik.com\/index.php\/2023\/05\/15\/mecliste-sayistay-yodak-ve-kisisel-verileri-koruma-kurulu-uyelikleri-icin-secim-yapildi\/"},"modified":"2023-05-15T22:33:11","modified_gmt":"2023-05-15T22:33:11","slug":"mecliste-sayistay-yodak-ve-kisisel-verileri-koruma-kurulu-uyelikleri-icin-secim-yapildi","status":"publish","type":"post","link":"https:\/\/kibrisdakik.com\/?p=7009","title":{"rendered":"Meclis\u2019te Say\u0131\u015ftay, Y\u00d6DAK ve Ki\u015fisel Verileri Koruma Kurulu \u00fcyelikleri i\u00e7in se\u00e7im yap\u0131ld\u0131"},"content":{"rendered":"<p><\/p>\n<div>\n<div class=\"mariselle-image-container center\">\n                <img width=\"1600\" height=\"1066\" class=\"lazy-image\" alt=\"\" decoding=\"async\" loading=\"lazy\" sizes=\"auto, (max-width: 1600px) 100vw, 1600px\" src=\"https:\/\/brtk.net\/wp-content\/uploads\/2023\/05\/15\/meclis-genel-kurulu49.jpg?ver=2fabd6688211852be9799a61cdb067d9\" srcset=\"https:\/\/brtk.net\/wp-content\/uploads\/2023\/05\/15\/meclis-genel-kurulu49.jpg?ver=2fabd6688211852be9799a61cdb067d9 1600w, https:\/\/brtk.net\/wp-content\/uploads\/2023\/05\/15\/meclis-genel-kurulu49-300x200.jpg?ver=c6cc03bec9d6f4a18f764c6cce74006c 300w, https:\/\/brtk.net\/wp-content\/uploads\/2023\/05\/15\/meclis-genel-kurulu49-1024x682.jpg?ver=c6cc03bec9d6f4a18f764c6cce74006c 1024w, https:\/\/brtk.net\/wp-content\/uploads\/2023\/05\/15\/meclis-genel-kurulu49-768x512.jpg?ver=c6cc03bec9d6f4a18f764c6cce74006c 768w, https:\/\/brtk.net\/wp-content\/uploads\/2023\/05\/15\/meclis-genel-kurulu49-1536x1023.jpg?ver=c01c6cadc6f2d1063be71a6be2fece08 1536w\"\/>                            <\/div>\n<p>Meclis\u2019te yap\u0131lan oylamada, Say\u0131\u015ftay \u00dcyeli\u011fine Ece \u00c7elikdal Alas, Y\u00d6DAK \u00dcyeli\u011fine Prof. Dr. Zafer A\u011fdelen, Ki\u015fisel Verileri Koruma Kurulu \u00dcyeli\u011fine Halide Koca  se\u00e7ildi. Ki\u015fisel Verileri Koruma Kurulu Ba\u015fkan\u0131 ise tek aday olan Kaan Kutlay oldu. <\/p>\n<p>Cumhuriyet Meclisi, Hukuk, Siyasi \u0130\u015fler ve D\u0131\u015fili\u015fkiler Komitesi\u2019nin; \u201cSay\u0131\u015ftay \u00dcyeli\u011fi Ba\u015fvurular\u0131n\u0131n De\u011ferlendirilmesine \u0130li\u015fkin Raporu, Y\u00fcksek\u00f6\u011fretim Planlama, Denetleme, Akreditasyon ve Koordinasyon Kurulu (Y\u00d6DAK) \u00dcyeli\u011fi Ba\u015fvurular\u0131n\u0131n De\u011ferlendirilmesine \u0130li\u015fkin Raporu, Ki\u015fisel Verileri Koruma Kurulu \u00dcyeli\u011fi Adaylar\u0131n\u0131n De\u011ferlendirilmesine \u0130li\u015fkin Raporu ve <a href=\"https:\/\/brtk.net\/\">KKTC<\/a> Cumhurba\u015fkan\u0131n\u0131n Say\u0131n Kaan Kutlay\u2019\u0131 Ki\u015fisel Verileri Koruma Kurulu Ba\u015fkan\u0131 Olarak Atamas\u0131na \u0130li\u015fkin Raporu okundu.<\/p>\n<p>Meclis Ba\u015fkan\u0131 Zorlu T\u00f6re ba\u015fkanl\u0131\u011f\u0131ndaki genel kurul toplant\u0131s\u0131nda, komitenin raporlar\u0131n\u0131, komite ba\u015fkan\u0131 <a href=\"https:\/\/brtk.net\/\">UBP<\/a> \u0130skele Milletvekili Yasemi \u00d6zt\u00fcrk sundu.<\/p>\n<p>Raporlar\u0131n kabul\u00fc sonras\u0131 Say\u0131\u015ftay, Y\u00d6DAK, Ki\u015fisel Verileri Koruma Kurulu \u00fcyelikleri i\u00e7in se\u00e7im yap\u0131ld\u0131.  <\/p>\n<p>Ki\u015fisel Verileri Koruma Kurulu \u00fcyeli\u011fine; aday olan Hasan Akyi\u011fit, Halide Koca, \u00dcmit Soyer ve Emre Ya\u011fmurlu\u2019nun oylamas\u0131nda 40 oy alan ile Halide Koca se\u00e7ildi. Ki\u015fisel verileri Koruma kurulunda ikinci \u00fcye i\u00e7in ise, yap\u0131lan \u00fc\u00e7 turun sonunda gerekli oyu alan aday olmamas\u0131 nedeniyle, gruplar aras\u0131 var\u0131lan mutrabakat sonucu oylama haftaya kald\u0131. <\/p>\n<p>Oylamada Ki\u015fisel Verileri Koruma Kurulu Ba\u015fkanl\u0131\u011f\u0131na tek aday olan Kaan Kutlay ise 39 kabul oyu ald\u0131.<\/p>\n<p>Say\u0131\u015ftay \u00dcyeli\u011fine de; Ece \u00c7elikdal Alas, Havva Akba\u015f, Ebru Akb\u0131\u00e7ak, Meliha Ekinci ve Feray T\u00fcrker Y\u00fcksekba\u015f aras\u0131ndan yap\u0131lan oylamada 23 oy alan Ece \u00c7elikdal Alas se\u00e7ildi.  <\/p>\n<p>Y\u00d6DAK \u00dcyeli\u011fine ise; Prof. Dr. Zafer A\u011fdelen, Prof. Dr. Yusuf Or\u00e7an ve Prof. Dr. Barlas Naim Ayta\u00e7o\u011flu aras\u0131ndan 31 oy alan Zafer A\u011fdelen se\u00e7ildi.<\/p>\n<p>TAK<\/p>\n<\/p><\/div>\n<p><script async\n                    defer\n                    crossorigin=\"anonymous\"\n                    src=\"https:\/\/connect.facebook.net\/tr_TR\/sdk.js#xfbml=1&#038;version=v3.3\"\n            ><\/script><\/p>\n","protected":false},"excerpt":{"rendered":"<p>Meclis\u2019te yap\u0131lan oylamada, Say\u0131\u015ftay \u00dcyeli\u011fine Ece \u00c7elikdal Alas, Y\u00d6DAK \u00dcyeli\u011fine Prof. Dr. Zafer A\u011fdelen, Ki\u015fisel Verileri Koruma Kurulu \u00dcyeli\u011fine Halide Koca se\u00e7ildi. Ki\u015fisel Verileri Koruma Kurulu Ba\u015fkan\u0131 ise tek aday olan Kaan Kutlay oldu. Cumhuriyet Meclisi, Hukuk, Siyasi \u0130\u015fler ve D\u0131\u015fili\u015fkiler Komitesi\u2019nin; \u201cSay\u0131\u015ftay \u00dcyeli\u011fi Ba\u015fvurular\u0131n\u0131n De\u011ferlendirilmesine \u0130li\u015fkin Raporu, Y\u00fcksek\u00f6\u011fretim Planlama, Denetleme, Akreditasyon ve Koordinasyon Kurulu<\/p>\n","protected":false},"author":1,"featured_media":7010,"comment_status":"open","ping_status":"open","sticky":false,"template":"","format":"standard","meta":{"footnotes":""},"categories":[1],"tags":[],"class_list":["post-7009","post","type-post","status-publish","format-standard","has-post-thumbnail","hentry","category-gundem"],"yoast_head":"<!-- This site is optimized with the Yoast SEO plugin v27.5 - https:\/\/yoast.com\/product\/yoast-seo-wordpress\/ -->\n<title>Meclis\u2019te Say\u0131\u015ftay, Y\u00d6DAK ve Ki\u015fisel Verileri Koruma Kurulu \u00fcyelikleri i\u00e7in se\u00e7im yap\u0131ld\u0131 -<\/title>\n<meta name=\"robots\" content=\"index, follow, max-snippet:-1, max-image-preview:large, max-video-preview:-1\" \/>\n<link rel=\"canonical\" href=\"https:\/\/kibrisdakik.com\/?p=7009\" \/>\n<meta property=\"og:locale\" content=\"tr_TR\" \/>\n<meta property=\"og:type\" content=\"article\" \/>\n<meta property=\"og:title\" content=\"Meclis\u2019te Say\u0131\u015ftay, Y\u00d6DAK ve Ki\u015fisel Verileri Koruma Kurulu \u00fcyelikleri i\u00e7in se\u00e7im yap\u0131ld\u0131 -\" \/>\n<meta property=\"og:description\" content=\"Meclis\u2019te yap\u0131lan oylamada, Say\u0131\u015ftay \u00dcyeli\u011fine Ece \u00c7elikdal Alas, Y\u00d6DAK \u00dcyeli\u011fine Prof. Dr. Zafer A\u011fdelen, Ki\u015fisel Verileri Koruma Kurulu \u00dcyeli\u011fine Halide Koca se\u00e7ildi. Ki\u015fisel Verileri Koruma Kurulu Ba\u015fkan\u0131 ise tek aday olan Kaan Kutlay oldu. Cumhuriyet Meclisi, Hukuk, Siyasi \u0130\u015fler ve D\u0131\u015fili\u015fkiler Komitesi\u2019nin; \u201cSay\u0131\u015ftay \u00dcyeli\u011fi Ba\u015fvurular\u0131n\u0131n De\u011ferlendirilmesine \u0130li\u015fkin Raporu, Y\u00fcksek\u00f6\u011fretim Planlama, Denetleme, Akreditasyon ve Koordinasyon Kurulu\" \/>\n<meta property=\"og:url\" content=\"https:\/\/kibrisdakik.com\/?p=7009\" \/>\n<meta property=\"article:published_time\" content=\"2023-05-15T22:33:11+00:00\" \/>\n<meta property=\"og:image\" content=\"https:\/\/kibrisdakik.com\/wp-content\/uploads\/2023\/05\/meclis-genel-kurulu49-740x420.jpg\" \/>\n\t<meta property=\"og:image:width\" content=\"1600\" \/>\n\t<meta property=\"og:image:height\" content=\"1066\" \/>\n\t<meta property=\"og:image:type\" content=\"image\/jpeg\" \/>\n<meta name=\"author\" content=\"admin\" \/>\n<meta name=\"twitter:card\" content=\"summary_large_image\" \/>\n<meta name=\"twitter:label1\" content=\"Yazan:\" \/>\n\t<meta name=\"twitter:data1\" content=\"admin\" \/>\n\t<meta name=\"twitter:label2\" content=\"Tahmini okuma s\u00fcresi\" \/>\n\t<meta name=\"twitter:data2\" content=\"2 dakika\" \/>\n<script type=\"application\/ld+json\" class=\"yoast-schema-graph\">{\"@context\":\"https:\\\/\\\/schema.org\",\"@graph\":[{\"@type\":\"Article\",\"@id\":\"https:\\\/\\\/kibrisdakik.com\\\/?p=7009#article\",\"isPartOf\":{\"@id\":\"https:\\\/\\\/kibrisdakik.com\\\/?p=7009\"},\"author\":{\"name\":\"admin\",\"@id\":\"https:\\\/\\\/kibrisdakik.com\\\/#\\\/schema\\\/person\\\/9cd9d437bbb44f72b73ba127e06d8e79\"},\"headline\":\"Meclis\u2019te Say\u0131\u015ftay, Y\u00d6DAK ve Ki\u015fisel Verileri Koruma Kurulu \u00fcyelikleri i\u00e7in se\u00e7im yap\u0131ld\u0131\",\"datePublished\":\"2023-05-15T22:33:11+00:00\",\"mainEntityOfPage\":{\"@id\":\"https:\\\/\\\/kibrisdakik.com\\\/?p=7009\"},\"wordCount\":340,\"commentCount\":0,\"image\":{\"@id\":\"https:\\\/\\\/kibrisdakik.com\\\/?p=7009#primaryimage\"},\"thumbnailUrl\":\"https:\\\/\\\/kibrisdakik.com\\\/wp-content\\\/uploads\\\/2023\\\/05\\\/meclis-genel-kurulu49-740x420.jpg\",\"articleSection\":[\"G\u00fcndem\"],\"inLanguage\":\"tr\",\"potentialAction\":[{\"@type\":\"CommentAction\",\"name\":\"Comment\",\"target\":[\"https:\\\/\\\/kibrisdakik.com\\\/?p=7009#respond\"]}]},{\"@type\":\"WebPage\",\"@id\":\"https:\\\/\\\/kibrisdakik.com\\\/?p=7009\",\"url\":\"https:\\\/\\\/kibrisdakik.com\\\/?p=7009\",\"name\":\"Meclis\u2019te Say\u0131\u015ftay, Y\u00d6DAK ve Ki\u015fisel Verileri Koruma Kurulu \u00fcyelikleri i\u00e7in se\u00e7im yap\u0131ld\u0131 -\",\"isPartOf\":{\"@id\":\"https:\\\/\\\/kibrisdakik.com\\\/#website\"},\"primaryImageOfPage\":{\"@id\":\"https:\\\/\\\/kibrisdakik.com\\\/?p=7009#primaryimage\"},\"image\":{\"@id\":\"https:\\\/\\\/kibrisdakik.com\\\/?p=7009#primaryimage\"},\"thumbnailUrl\":\"https:\\\/\\\/kibrisdakik.com\\\/wp-content\\\/uploads\\\/2023\\\/05\\\/meclis-genel-kurulu49-740x420.jpg\",\"datePublished\":\"2023-05-15T22:33:11+00:00\",\"author\":{\"@id\":\"https:\\\/\\\/kibrisdakik.com\\\/#\\\/schema\\\/person\\\/9cd9d437bbb44f72b73ba127e06d8e79\"},\"breadcrumb\":{\"@id\":\"https:\\\/\\\/kibrisdakik.com\\\/?p=7009#breadcrumb\"},\"inLanguage\":\"tr\",\"potentialAction\":[{\"@type\":\"ReadAction\",\"target\":[\"https:\\\/\\\/kibrisdakik.com\\\/?p=7009\"]}]},{\"@type\":\"ImageObject\",\"inLanguage\":\"tr\",\"@id\":\"https:\\\/\\\/kibrisdakik.com\\\/?p=7009#primaryimage\",\"url\":\"https:\\\/\\\/kibrisdakik.com\\\/wp-content\\\/uploads\\\/2023\\\/05\\\/meclis-genel-kurulu49-740x420.jpg\",\"contentUrl\":\"https:\\\/\\\/kibrisdakik.com\\\/wp-content\\\/uploads\\\/2023\\\/05\\\/meclis-genel-kurulu49-740x420.jpg\",\"width\":1600,\"height\":1066},{\"@type\":\"BreadcrumbList\",\"@id\":\"https:\\\/\\\/kibrisdakik.com\\\/?p=7009#breadcrumb\",\"itemListElement\":[{\"@type\":\"ListItem\",\"position\":1,\"name\":\"Home\",\"item\":\"https:\\\/\\\/kibrisdakik.com\\\/\"},{\"@type\":\"ListItem\",\"position\":2,\"name\":\"Meclis\u2019te Say\u0131\u015ftay, Y\u00d6DAK ve Ki\u015fisel Verileri Koruma Kurulu \u00fcyelikleri i\u00e7in se\u00e7im yap\u0131ld\u0131\"}]},{\"@type\":\"WebSite\",\"@id\":\"https:\\\/\\\/kibrisdakik.com\\\/#website\",\"url\":\"https:\\\/\\\/kibrisdakik.com\\\/\",\"name\":\"\",\"description\":\"Tam vaktinde haber\",\"potentialAction\":[{\"@type\":\"SearchAction\",\"target\":{\"@type\":\"EntryPoint\",\"urlTemplate\":\"https:\\\/\\\/kibrisdakik.com\\\/?s={search_term_string}\"},\"query-input\":{\"@type\":\"PropertyValueSpecification\",\"valueRequired\":true,\"valueName\":\"search_term_string\"}}],\"inLanguage\":\"tr\"},{\"@type\":\"Person\",\"@id\":\"https:\\\/\\\/kibrisdakik.com\\\/#\\\/schema\\\/person\\\/9cd9d437bbb44f72b73ba127e06d8e79\",\"name\":\"admin\",\"image\":{\"@type\":\"ImageObject\",\"inLanguage\":\"tr\",\"@id\":\"https:\\\/\\\/secure.gravatar.com\\\/avatar\\\/ccc17943b9d660506c869530f897617f7cb1c21a4bf30023f252596d83e1f007?s=96&d=mm&r=g\",\"url\":\"https:\\\/\\\/secure.gravatar.com\\\/avatar\\\/ccc17943b9d660506c869530f897617f7cb1c21a4bf30023f252596d83e1f007?s=96&d=mm&r=g\",\"contentUrl\":\"https:\\\/\\\/secure.gravatar.com\\\/avatar\\\/ccc17943b9d660506c869530f897617f7cb1c21a4bf30023f252596d83e1f007?s=96&d=mm&r=g\",\"caption\":\"admin\"},\"sameAs\":[\"https:\\\/\\\/kibrisdakik.com\"],\"url\":\"https:\\\/\\\/kibrisdakik.com\\\/?author=1\"}]}<\/script>\n<!-- \/ Yoast SEO plugin. -->","yoast_head_json":{"title":"Meclis\u2019te Say\u0131\u015ftay, Y\u00d6DAK ve Ki\u015fisel Verileri Koruma Kurulu \u00fcyelikleri i\u00e7in se\u00e7im yap\u0131ld\u0131 -","robots":{"index":"index","follow":"follow","max-snippet":"max-snippet:-1","max-image-preview":"max-image-preview:large","max-video-preview":"max-video-preview:-1"},"canonical":"https:\/\/kibrisdakik.com\/?p=7009","og_locale":"tr_TR","og_type":"article","og_title":"Meclis\u2019te Say\u0131\u015ftay, Y\u00d6DAK ve Ki\u015fisel Verileri Koruma Kurulu \u00fcyelikleri i\u00e7in se\u00e7im yap\u0131ld\u0131 -","og_description":"Meclis\u2019te yap\u0131lan oylamada, Say\u0131\u015ftay \u00dcyeli\u011fine Ece \u00c7elikdal Alas, Y\u00d6DAK \u00dcyeli\u011fine Prof. Dr. Zafer A\u011fdelen, Ki\u015fisel Verileri Koruma Kurulu \u00dcyeli\u011fine Halide Koca se\u00e7ildi. Ki\u015fisel Verileri Koruma Kurulu Ba\u015fkan\u0131 ise tek aday olan Kaan Kutlay oldu. Cumhuriyet Meclisi, Hukuk, Siyasi \u0130\u015fler ve D\u0131\u015fili\u015fkiler Komitesi\u2019nin; \u201cSay\u0131\u015ftay \u00dcyeli\u011fi Ba\u015fvurular\u0131n\u0131n De\u011ferlendirilmesine \u0130li\u015fkin Raporu, Y\u00fcksek\u00f6\u011fretim Planlama, Denetleme, Akreditasyon ve Koordinasyon Kurulu","og_url":"https:\/\/kibrisdakik.com\/?p=7009","article_published_time":"2023-05-15T22:33:11+00:00","og_image":[{"width":1600,"height":1066,"url":"https:\/\/kibrisdakik.com\/wp-content\/uploads\/2023\/05\/meclis-genel-kurulu49-740x420.jpg","type":"image\/jpeg"}],"author":"admin","twitter_card":"summary_large_image","twitter_misc":{"Yazan:":"admin","Tahmini okuma s\u00fcresi":"2 dakika"},"schema":{"@context":"https:\/\/schema.org","@graph":[{"@type":"Article","@id":"https:\/\/kibrisdakik.com\/?p=7009#article","isPartOf":{"@id":"https:\/\/kibrisdakik.com\/?p=7009"},"author":{"name":"admin","@id":"https:\/\/kibrisdakik.com\/#\/schema\/person\/9cd9d437bbb44f72b73ba127e06d8e79"},"headline":"Meclis\u2019te Say\u0131\u015ftay, Y\u00d6DAK ve Ki\u015fisel Verileri Koruma Kurulu \u00fcyelikleri i\u00e7in se\u00e7im yap\u0131ld\u0131","datePublished":"2023-05-15T22:33:11+00:00","mainEntityOfPage":{"@id":"https:\/\/kibrisdakik.com\/?p=7009"},"wordCount":340,"commentCount":0,"image":{"@id":"https:\/\/kibrisdakik.com\/?p=7009#primaryimage"},"thumbnailUrl":"https:\/\/kibrisdakik.com\/wp-content\/uploads\/2023\/05\/meclis-genel-kurulu49-740x420.jpg","articleSection":["G\u00fcndem"],"inLanguage":"tr","potentialAction":[{"@type":"CommentAction","name":"Comment","target":["https:\/\/kibrisdakik.com\/?p=7009#respond"]}]},{"@type":"WebPage","@id":"https:\/\/kibrisdakik.com\/?p=7009","url":"https:\/\/kibrisdakik.com\/?p=7009","name":"Meclis\u2019te Say\u0131\u015ftay, Y\u00d6DAK ve Ki\u015fisel Verileri Koruma Kurulu \u00fcyelikleri i\u00e7in se\u00e7im yap\u0131ld\u0131 -","isPartOf":{"@id":"https:\/\/kibrisdakik.com\/#website"},"primaryImageOfPage":{"@id":"https:\/\/kibrisdakik.com\/?p=7009#primaryimage"},"image":{"@id":"https:\/\/kibrisdakik.com\/?p=7009#primaryimage"},"thumbnailUrl":"https:\/\/kibrisdakik.com\/wp-content\/uploads\/2023\/05\/meclis-genel-kurulu49-740x420.jpg","datePublished":"2023-05-15T22:33:11+00:00","author":{"@id":"https:\/\/kibrisdakik.com\/#\/schema\/person\/9cd9d437bbb44f72b73ba127e06d8e79"},"breadcrumb":{"@id":"https:\/\/kibrisdakik.com\/?p=7009#breadcrumb"},"inLanguage":"tr","potentialAction":[{"@type":"ReadAction","target":["https:\/\/kibrisdakik.com\/?p=7009"]}]},{"@type":"ImageObject","inLanguage":"tr","@id":"https:\/\/kibrisdakik.com\/?p=7009#primaryimage","url":"https:\/\/kibrisdakik.com\/wp-content\/uploads\/2023\/05\/meclis-genel-kurulu49-740x420.jpg","contentUrl":"https:\/\/kibrisdakik.com\/wp-content\/uploads\/2023\/05\/meclis-genel-kurulu49-740x420.jpg","width":1600,"height":1066},{"@type":"BreadcrumbList","@id":"https:\/\/kibrisdakik.com\/?p=7009#breadcrumb","itemListElement":[{"@type":"ListItem","position":1,"name":"Home","item":"https:\/\/kibrisdakik.com\/"},{"@type":"ListItem","position":2,"name":"Meclis\u2019te Say\u0131\u015ftay, Y\u00d6DAK ve Ki\u015fisel Verileri Koruma Kurulu \u00fcyelikleri i\u00e7in se\u00e7im yap\u0131ld\u0131"}]},{"@type":"WebSite","@id":"https:\/\/kibrisdakik.com\/#website","url":"https:\/\/kibrisdakik.com\/","name":"","description":"Tam vaktinde haber","potentialAction":[{"@type":"SearchAction","target":{"@type":"EntryPoint","urlTemplate":"https:\/\/kibrisdakik.com\/?s={search_term_string}"},"query-input":{"@type":"PropertyValueSpecification","valueRequired":true,"valueName":"search_term_string"}}],"inLanguage":"tr"},{"@type":"Person","@id":"https:\/\/kibrisdakik.com\/#\/schema\/person\/9cd9d437bbb44f72b73ba127e06d8e79","name":"admin","image":{"@type":"ImageObject","inLanguage":"tr","@id":"https:\/\/secure.gravatar.com\/avatar\/ccc17943b9d660506c869530f897617f7cb1c21a4bf30023f252596d83e1f007?s=96&d=mm&r=g","url":"https:\/\/secure.gravatar.com\/avatar\/ccc17943b9d660506c869530f897617f7cb1c21a4bf30023f252596d83e1f007?s=96&d=mm&r=g","contentUrl":"https:\/\/secure.gravatar.com\/avatar\/ccc17943b9d660506c869530f897617f7cb1c21a4bf30023f252596d83e1f007?s=96&d=mm&r=g","caption":"admin"},"sameAs":["https:\/\/kibrisdakik.com"],"url":"https:\/\/kibrisdakik.com\/?author=1"}]}},"_links":{"self":[{"href":"https:\/\/kibrisdakik.com\/index.php?rest_route=\/wp\/v2\/posts\/7009","targetHints":{"allow":["GET"]}}],"collection":[{"href":"https:\/\/kibrisdakik.com\/index.php?rest_route=\/wp\/v2\/posts"}],"about":[{"href":"https:\/\/kibrisdakik.com\/index.php?rest_route=\/wp\/v2\/types\/post"}],"author":[{"embeddable":true,"href":"https:\/\/kibrisdakik.com\/index.php?rest_route=\/wp\/v2\/users\/1"}],"replies":[{"embeddable":true,"href":"https:\/\/kibrisdakik.com\/index.php?rest_route=%2Fwp%2Fv2%2Fcomments&post=7009"}],"version-history":[{"count":0,"href":"https:\/\/kibrisdakik.com\/index.php?rest_route=\/wp\/v2\/posts\/7009\/revisions"}],"wp:featuredmedia":[{"embeddable":true,"href":"https:\/\/kibrisdakik.com\/index.php?rest_route=\/wp\/v2\/media\/7010"}],"wp:attachment":[{"href":"https:\/\/kibrisdakik.com\/index.php?rest_route=%2Fwp%2Fv2%2Fmedia&parent=7009"}],"wp:term":[{"taxonomy":"category","embeddable":true,"href":"https:\/\/kibrisdakik.com\/index.php?rest_route=%2Fwp%2Fv2%2Fcategories&post=7009"},{"taxonomy":"post_tag","embeddable":true,"href":"https:\/\/kibrisdakik.com\/index.php?rest_route=%2Fwp%2Fv2%2Ftags&post=7009"}],"curies":[{"name":"wp","href":"https:\/\/api.w.org\/{rel}","templated":true}]}}