{"id":70115,"date":"2024-11-26T14:58:12","date_gmt":"2024-11-26T11:58:12","guid":{"rendered":"https:\/\/kibrisdakik.com\/index.php\/2024\/11\/26\/gazeteci-ali-kismirin-durusmasina-6-aralikta-devam-edilmesine-karar-verildi\/"},"modified":"2024-11-26T14:58:12","modified_gmt":"2024-11-26T11:58:12","slug":"gazeteci-ali-kismirin-durusmasina-6-aralikta-devam-edilmesine-karar-verildi","status":"publish","type":"post","link":"https:\/\/kibrisdakik.com\/?p=70115","title":{"rendered":"Gazeteci Ali Ki\u015fmir\u2019in duru\u015fmas\u0131na 6 Aral\u0131k\u2019ta devam edilmesine karar verildi"},"content":{"rendered":"<div>\n<div class=\"mariselle-image-container center\">\n                                            <\/div>\n<p>Sosyal medyada yay\u0131mlad\u0131\u011f\u0131 yaz\u0131 nedeniyle a\u00e7\u0131lan dava kapsam\u0131nda 10 y\u0131l hapis istemiyle yarg\u0131lanan ve bug\u00fcn yeniden mahkemeye \u00e7\u0131kar\u0131lan Bas\u0131n Emek\u00e7ileri Sendikas\u0131 (Bas\u0131n-Sen) Ba\u015fkan\u0131, gazeteci Ali Ki\u015fmir\u2019in duru\u015fmas\u0131na 6 Aral\u0131k\u2019ta devam edilmesine karar verildi.<\/p>\n<p>Lefko\u015fa Kaza Mahkemesi\u2019nde g\u00f6r\u00fc\u015f\u00fclen ve bir tan\u0131\u011f\u0131n dinlendi\u011fi davada, Ki\u015fmir\u2019i, K\u0131br\u0131s T\u00fcrk Barolar Birli\u011fi Ba\u015fkan\u0131 Hasan Esenda\u011fl\u0131 temsil etti.<\/p>\n<p>Ki\u015fmir\u2019in 2020 y\u0131l\u0131nda yazd\u0131\u011f\u0131 yaz\u0131 nedeniyle, G\u00fcvenlik Kuvvetleri Komutanl\u0131\u011f\u0131\u2019n\u0131n (GKK) manevi \u015fahsiyetini tahkir ve tezyif su\u00e7lamas\u0131yla 10 y\u0131la kadar hapis istemiyle yarg\u0131land\u0131\u011f\u0131 duru\u015fma s\u0131ras\u0131nda baz\u0131 CTP milletvekilleri, siyasi parti ve sendikalar\u0131n da aralar\u0131nda oldu\u011fu sivil toplum \u00f6rg\u00fctleri, Ki\u015fmir\u2019e destek vermek i\u00e7in Mahkeme \u00f6n\u00fcnde topland\u0131.<\/p>\n<p>Davada, \u015fu anda G\u00fcvenlik Kuvvetleri Komutanl\u0131\u011f\u0131\u2019nda Sosyal Tesisler M\u00fcd\u00fcr\u00fc olan, 2020 y\u0131l\u0131nda ise Beyaz Ev Askeri Gazino M\u00fcd\u00fcrl\u00fc\u011f\u00fc yapan ve Ali Ki\u015fmir\u2019den GKK\u2019y\u0131 toplum nazar\u0131nda itibars\u0131zla\u015ft\u0131rd\u0131\u011f\u0131 gerek\u00e7esiyle GKK ad\u0131na \u015fikayet\u00e7i olan Yarbay Cengiz Do\u011fan tan\u0131k olarak dinlendi.<\/p>\n<p>Davada, Ali Ki\u015fmir\u2019in duru\u015fmas\u0131na 6 Aral\u0131k\u2019ta devam edilmesine karar verildi.<\/p>\n<p>Davan\u0131n g\u00f6r\u00fc\u015f\u00fclmesinin ard\u0131ndan, Bas\u0131n-Sen avukat\u0131 Cansu N. Nazl\u0131, Bas\u0131n-Sen Genel Sekreteri Serkan Soyalan ve Ali Ki\u015fmir a\u00e7\u0131klama yapt\u0131.<\/p>\n<p>-Nazl\u0131<\/p>\n<p>Bas\u0131n-Sen avukat\u0131 Cansu N. Nazl\u0131, bu ceza davas\u0131n\u0131n getirildi\u011fi yasa maddesinin Anayasa\u2019ya, Avrupa \u0130nsan Haklar\u0131 S\u00f6zle\u015fmesi\u2019ne ve modern ceza hukukunun temel prensiplerine ayk\u0131r\u0131 oldu\u011fu g\u00f6r\u00fc\u015f\u00fcn\u00fc ortaya koyarak, bahse konu yasa maddesinin soyut yaz\u0131lm\u0131\u015f, mu\u011flak b\u0131rak\u0131lm\u0131\u015f oldu\u011funu savundu.  Nazl\u0131, bu yasa maddesinin Meclis taraf\u0131ndan kald\u0131r\u0131lmas\u0131 gerekti\u011fini de kaydetti.<\/p>\n<p>Nazl\u0131, bas\u0131n emek\u00e7ilerinin oto sans\u00fcr uygulamadan, \u00f6zg\u00fcr bi\u00e7imde yaz\u0131 yazabilece\u011fi \u015fekilde d\u00fczen olu\u015fturulana kadar m\u00fccadele etmeye devam edeceklerini de ekledi.<\/p>\n<p>-Soyalan<\/p>\n<p>Bas\u0131n-Sen Genel Sekreteri Serkan Soyalan, bu davan\u0131n sadece Ali Ki\u015fmir\u2019in davas\u0131 olmad\u0131\u011f\u0131n\u0131, ifade, d\u00fc\u015f\u00fcnce ve bas\u0131n \u00f6zg\u00fcrl\u00fc\u011f\u00fcne sahip \u00e7\u0131k\u0131labilmesinin davas\u0131 oldu\u011funu vurgulad\u0131.<\/p>\n<p>Bir ki\u015finin okudu\u011fundan ne anlad\u0131\u011f\u0131 ile ilgili bir dava ile kar\u015f\u0131 kar\u015f\u0131ya olduklar\u0131n\u0131 s\u00f6yleyen Soyalan, \u201cD\u00fc\u015f\u00fcncelerimizi ifade etmenin, hissettiklerimizi yaz\u0131ya d\u00f6kmenin su\u00e7 olmad\u0131\u011f\u0131n\u0131 d\u00fc\u015f\u00fcn\u00fcyoruz. Bu inan\u00e7la mesle\u011fimizi yap\u0131yoruz ve bunu normalle\u015ftirmemek ad\u0131na da bizlerle birlikte olan, bizlere destek veren t\u00fcm sendikalara, siyasi partilere ve ki\u015filere de ayr\u0131ca te\u015fekk\u00fcr ediyoruz.\u201d dedi.<\/p>\n<p>-Ki\u015fmir<\/p>\n<p>Bas\u0131n-Sen Ba\u015fkan\u0131 Ali Ki\u015fmir ise, Mahkeme \u00f6n\u00fcne gelerek ve sosyal medya \u00fczerinden destek veren herkese te\u015fekk\u00fcr etti. Ki\u015fmir, bu davan\u0131n K\u0131br\u0131s T\u00fcrk toplumunun \u00f6zg\u00fcrl\u00fckleri ile ilgili bir dava oldu\u011funu belirtti.<\/p>\n<\/p><\/div>\n<p><script async\n                    defer\n                    crossorigin=\"anonymous\"\n                    src=\"https:\/\/connect.facebook.net\/tr_TR\/sdk.js#xfbml=1&#038;version=v3.3\"\n            ><\/script><\/p>\n","protected":false},"excerpt":{"rendered":"<p>Sosyal medyada yay\u0131mlad\u0131\u011f\u0131 yaz\u0131 nedeniyle a\u00e7\u0131lan dava kapsam\u0131nda 10 y\u0131l hapis istemiyle yarg\u0131lanan ve bug\u00fcn yeniden mahkemeye \u00e7\u0131kar\u0131lan Bas\u0131n Emek\u00e7ileri Sendikas\u0131 (Bas\u0131n-Sen) Ba\u015fkan\u0131, gazeteci Ali Ki\u015fmir\u2019in duru\u015fmas\u0131na 6 Aral\u0131k\u2019ta devam edilmesine karar verildi. Lefko\u015fa Kaza Mahkemesi\u2019nde g\u00f6r\u00fc\u015f\u00fclen ve bir tan\u0131\u011f\u0131n dinlendi\u011fi davada, Ki\u015fmir\u2019i, K\u0131br\u0131s T\u00fcrk Barolar Birli\u011fi Ba\u015fkan\u0131 Hasan Esenda\u011fl\u0131 temsil etti. Ki\u015fmir\u2019in 2020 y\u0131l\u0131nda<\/p>\n","protected":false},"author":1,"featured_media":70116,"comment_status":"open","ping_status":"open","sticky":false,"template":"","format":"standard","meta":{"footnotes":""},"categories":[81],"tags":[],"class_list":["post-70115","post","type-post","status-publish","format-standard","has-post-thumbnail","hentry","category-kibris"],"yoast_head":"<!-- This site is optimized with the Yoast SEO plugin v27.4 - https:\/\/yoast.com\/product\/yoast-seo-wordpress\/ -->\n<title>Gazeteci Ali Ki\u015fmir\u2019in duru\u015fmas\u0131na 6 Aral\u0131k\u2019ta devam edilmesine karar verildi -<\/title>\n<meta name=\"robots\" content=\"index, follow, max-snippet:-1, max-image-preview:large, max-video-preview:-1\" \/>\n<link rel=\"canonical\" href=\"https:\/\/kibrisdakik.com\/?p=70115\" \/>\n<meta property=\"og:locale\" content=\"tr_TR\" \/>\n<meta property=\"og:type\" content=\"article\" \/>\n<meta property=\"og:title\" content=\"Gazeteci Ali Ki\u015fmir\u2019in duru\u015fmas\u0131na 6 Aral\u0131k\u2019ta devam edilmesine karar verildi -\" \/>\n<meta property=\"og:description\" content=\"Sosyal medyada yay\u0131mlad\u0131\u011f\u0131 yaz\u0131 nedeniyle a\u00e7\u0131lan dava kapsam\u0131nda 10 y\u0131l hapis istemiyle yarg\u0131lanan ve bug\u00fcn yeniden mahkemeye \u00e7\u0131kar\u0131lan Bas\u0131n Emek\u00e7ileri Sendikas\u0131 (Bas\u0131n-Sen) Ba\u015fkan\u0131, gazeteci Ali Ki\u015fmir\u2019in duru\u015fmas\u0131na 6 Aral\u0131k\u2019ta devam edilmesine karar verildi. Lefko\u015fa Kaza Mahkemesi\u2019nde g\u00f6r\u00fc\u015f\u00fclen ve bir tan\u0131\u011f\u0131n dinlendi\u011fi davada, Ki\u015fmir\u2019i, K\u0131br\u0131s T\u00fcrk Barolar Birli\u011fi Ba\u015fkan\u0131 Hasan Esenda\u011fl\u0131 temsil etti. Ki\u015fmir\u2019in 2020 y\u0131l\u0131nda\" \/>\n<meta property=\"og:url\" content=\"https:\/\/kibrisdakik.com\/?p=70115\" \/>\n<meta property=\"article:published_time\" content=\"2024-11-26T11:58:12+00:00\" \/>\n<meta property=\"og:image\" content=\"https:\/\/kibrisdakik.com\/wp-content\/uploads\/2024\/11\/1732622299_ak-740x420.jpg\" \/>\n\t<meta property=\"og:image:width\" content=\"1058\" \/>\n\t<meta property=\"og:image:height\" content=\"701\" \/>\n\t<meta property=\"og:image:type\" content=\"image\/jpeg\" \/>\n<meta name=\"author\" content=\"admin\" \/>\n<meta name=\"twitter:card\" content=\"summary_large_image\" \/>\n<meta name=\"twitter:label1\" content=\"Yazan:\" \/>\n\t<meta name=\"twitter:data1\" content=\"admin\" \/>\n\t<meta name=\"twitter:label2\" content=\"Tahmini okuma s\u00fcresi\" \/>\n\t<meta name=\"twitter:data2\" content=\"2 dakika\" \/>\n<script type=\"application\/ld+json\" class=\"yoast-schema-graph\">{\"@context\":\"https:\\\/\\\/schema.org\",\"@graph\":[{\"@type\":\"Article\",\"@id\":\"https:\\\/\\\/kibrisdakik.com\\\/?p=70115#article\",\"isPartOf\":{\"@id\":\"https:\\\/\\\/kibrisdakik.com\\\/?p=70115\"},\"author\":{\"name\":\"admin\",\"@id\":\"https:\\\/\\\/kibrisdakik.com\\\/#\\\/schema\\\/person\\\/9cd9d437bbb44f72b73ba127e06d8e79\"},\"headline\":\"Gazeteci Ali Ki\u015fmir\u2019in duru\u015fmas\u0131na 6 Aral\u0131k\u2019ta devam edilmesine karar verildi\",\"datePublished\":\"2024-11-26T11:58:12+00:00\",\"mainEntityOfPage\":{\"@id\":\"https:\\\/\\\/kibrisdakik.com\\\/?p=70115\"},\"wordCount\":506,\"commentCount\":0,\"image\":{\"@id\":\"https:\\\/\\\/kibrisdakik.com\\\/?p=70115#primaryimage\"},\"thumbnailUrl\":\"https:\\\/\\\/kibrisdakik.com\\\/wp-content\\\/uploads\\\/2024\\\/11\\\/1732622299_ak-740x420.jpg\",\"articleSection\":[\"K\u0131br\u0131s\"],\"inLanguage\":\"tr\",\"potentialAction\":[{\"@type\":\"CommentAction\",\"name\":\"Comment\",\"target\":[\"https:\\\/\\\/kibrisdakik.com\\\/?p=70115#respond\"]}]},{\"@type\":\"WebPage\",\"@id\":\"https:\\\/\\\/kibrisdakik.com\\\/?p=70115\",\"url\":\"https:\\\/\\\/kibrisdakik.com\\\/?p=70115\",\"name\":\"Gazeteci Ali Ki\u015fmir\u2019in duru\u015fmas\u0131na 6 Aral\u0131k\u2019ta devam edilmesine karar verildi -\",\"isPartOf\":{\"@id\":\"https:\\\/\\\/kibrisdakik.com\\\/#website\"},\"primaryImageOfPage\":{\"@id\":\"https:\\\/\\\/kibrisdakik.com\\\/?p=70115#primaryimage\"},\"image\":{\"@id\":\"https:\\\/\\\/kibrisdakik.com\\\/?p=70115#primaryimage\"},\"thumbnailUrl\":\"https:\\\/\\\/kibrisdakik.com\\\/wp-content\\\/uploads\\\/2024\\\/11\\\/1732622299_ak-740x420.jpg\",\"datePublished\":\"2024-11-26T11:58:12+00:00\",\"author\":{\"@id\":\"https:\\\/\\\/kibrisdakik.com\\\/#\\\/schema\\\/person\\\/9cd9d437bbb44f72b73ba127e06d8e79\"},\"breadcrumb\":{\"@id\":\"https:\\\/\\\/kibrisdakik.com\\\/?p=70115#breadcrumb\"},\"inLanguage\":\"tr\",\"potentialAction\":[{\"@type\":\"ReadAction\",\"target\":[\"https:\\\/\\\/kibrisdakik.com\\\/?p=70115\"]}]},{\"@type\":\"ImageObject\",\"inLanguage\":\"tr\",\"@id\":\"https:\\\/\\\/kibrisdakik.com\\\/?p=70115#primaryimage\",\"url\":\"https:\\\/\\\/kibrisdakik.com\\\/wp-content\\\/uploads\\\/2024\\\/11\\\/1732622299_ak-740x420.jpg\",\"contentUrl\":\"https:\\\/\\\/kibrisdakik.com\\\/wp-content\\\/uploads\\\/2024\\\/11\\\/1732622299_ak-740x420.jpg\",\"width\":1058,\"height\":701},{\"@type\":\"BreadcrumbList\",\"@id\":\"https:\\\/\\\/kibrisdakik.com\\\/?p=70115#breadcrumb\",\"itemListElement\":[{\"@type\":\"ListItem\",\"position\":1,\"name\":\"Home\",\"item\":\"https:\\\/\\\/kibrisdakik.com\\\/\"},{\"@type\":\"ListItem\",\"position\":2,\"name\":\"Gazeteci Ali Ki\u015fmir\u2019in duru\u015fmas\u0131na 6 Aral\u0131k\u2019ta devam edilmesine karar verildi\"}]},{\"@type\":\"WebSite\",\"@id\":\"https:\\\/\\\/kibrisdakik.com\\\/#website\",\"url\":\"https:\\\/\\\/kibrisdakik.com\\\/\",\"name\":\"\",\"description\":\"Tam vaktinde haber\",\"potentialAction\":[{\"@type\":\"SearchAction\",\"target\":{\"@type\":\"EntryPoint\",\"urlTemplate\":\"https:\\\/\\\/kibrisdakik.com\\\/?s={search_term_string}\"},\"query-input\":{\"@type\":\"PropertyValueSpecification\",\"valueRequired\":true,\"valueName\":\"search_term_string\"}}],\"inLanguage\":\"tr\"},{\"@type\":\"Person\",\"@id\":\"https:\\\/\\\/kibrisdakik.com\\\/#\\\/schema\\\/person\\\/9cd9d437bbb44f72b73ba127e06d8e79\",\"name\":\"admin\",\"image\":{\"@type\":\"ImageObject\",\"inLanguage\":\"tr\",\"@id\":\"https:\\\/\\\/secure.gravatar.com\\\/avatar\\\/ccc17943b9d660506c869530f897617f7cb1c21a4bf30023f252596d83e1f007?s=96&d=mm&r=g\",\"url\":\"https:\\\/\\\/secure.gravatar.com\\\/avatar\\\/ccc17943b9d660506c869530f897617f7cb1c21a4bf30023f252596d83e1f007?s=96&d=mm&r=g\",\"contentUrl\":\"https:\\\/\\\/secure.gravatar.com\\\/avatar\\\/ccc17943b9d660506c869530f897617f7cb1c21a4bf30023f252596d83e1f007?s=96&d=mm&r=g\",\"caption\":\"admin\"},\"sameAs\":[\"https:\\\/\\\/kibrisdakik.com\"],\"url\":\"https:\\\/\\\/kibrisdakik.com\\\/?author=1\"}]}<\/script>\n<!-- \/ Yoast SEO plugin. -->","yoast_head_json":{"title":"Gazeteci Ali Ki\u015fmir\u2019in duru\u015fmas\u0131na 6 Aral\u0131k\u2019ta devam edilmesine karar verildi -","robots":{"index":"index","follow":"follow","max-snippet":"max-snippet:-1","max-image-preview":"max-image-preview:large","max-video-preview":"max-video-preview:-1"},"canonical":"https:\/\/kibrisdakik.com\/?p=70115","og_locale":"tr_TR","og_type":"article","og_title":"Gazeteci Ali Ki\u015fmir\u2019in duru\u015fmas\u0131na 6 Aral\u0131k\u2019ta devam edilmesine karar verildi -","og_description":"Sosyal medyada yay\u0131mlad\u0131\u011f\u0131 yaz\u0131 nedeniyle a\u00e7\u0131lan dava kapsam\u0131nda 10 y\u0131l hapis istemiyle yarg\u0131lanan ve bug\u00fcn yeniden mahkemeye \u00e7\u0131kar\u0131lan Bas\u0131n Emek\u00e7ileri Sendikas\u0131 (Bas\u0131n-Sen) Ba\u015fkan\u0131, gazeteci Ali Ki\u015fmir\u2019in duru\u015fmas\u0131na 6 Aral\u0131k\u2019ta devam edilmesine karar verildi. Lefko\u015fa Kaza Mahkemesi\u2019nde g\u00f6r\u00fc\u015f\u00fclen ve bir tan\u0131\u011f\u0131n dinlendi\u011fi davada, Ki\u015fmir\u2019i, K\u0131br\u0131s T\u00fcrk Barolar Birli\u011fi Ba\u015fkan\u0131 Hasan Esenda\u011fl\u0131 temsil etti. Ki\u015fmir\u2019in 2020 y\u0131l\u0131nda","og_url":"https:\/\/kibrisdakik.com\/?p=70115","article_published_time":"2024-11-26T11:58:12+00:00","og_image":[{"width":1058,"height":701,"url":"https:\/\/kibrisdakik.com\/wp-content\/uploads\/2024\/11\/1732622299_ak-740x420.jpg","type":"image\/jpeg"}],"author":"admin","twitter_card":"summary_large_image","twitter_misc":{"Yazan:":"admin","Tahmini okuma s\u00fcresi":"2 dakika"},"schema":{"@context":"https:\/\/schema.org","@graph":[{"@type":"Article","@id":"https:\/\/kibrisdakik.com\/?p=70115#article","isPartOf":{"@id":"https:\/\/kibrisdakik.com\/?p=70115"},"author":{"name":"admin","@id":"https:\/\/kibrisdakik.com\/#\/schema\/person\/9cd9d437bbb44f72b73ba127e06d8e79"},"headline":"Gazeteci Ali Ki\u015fmir\u2019in duru\u015fmas\u0131na 6 Aral\u0131k\u2019ta devam edilmesine karar verildi","datePublished":"2024-11-26T11:58:12+00:00","mainEntityOfPage":{"@id":"https:\/\/kibrisdakik.com\/?p=70115"},"wordCount":506,"commentCount":0,"image":{"@id":"https:\/\/kibrisdakik.com\/?p=70115#primaryimage"},"thumbnailUrl":"https:\/\/kibrisdakik.com\/wp-content\/uploads\/2024\/11\/1732622299_ak-740x420.jpg","articleSection":["K\u0131br\u0131s"],"inLanguage":"tr","potentialAction":[{"@type":"CommentAction","name":"Comment","target":["https:\/\/kibrisdakik.com\/?p=70115#respond"]}]},{"@type":"WebPage","@id":"https:\/\/kibrisdakik.com\/?p=70115","url":"https:\/\/kibrisdakik.com\/?p=70115","name":"Gazeteci Ali Ki\u015fmir\u2019in duru\u015fmas\u0131na 6 Aral\u0131k\u2019ta devam edilmesine karar verildi -","isPartOf":{"@id":"https:\/\/kibrisdakik.com\/#website"},"primaryImageOfPage":{"@id":"https:\/\/kibrisdakik.com\/?p=70115#primaryimage"},"image":{"@id":"https:\/\/kibrisdakik.com\/?p=70115#primaryimage"},"thumbnailUrl":"https:\/\/kibrisdakik.com\/wp-content\/uploads\/2024\/11\/1732622299_ak-740x420.jpg","datePublished":"2024-11-26T11:58:12+00:00","author":{"@id":"https:\/\/kibrisdakik.com\/#\/schema\/person\/9cd9d437bbb44f72b73ba127e06d8e79"},"breadcrumb":{"@id":"https:\/\/kibrisdakik.com\/?p=70115#breadcrumb"},"inLanguage":"tr","potentialAction":[{"@type":"ReadAction","target":["https:\/\/kibrisdakik.com\/?p=70115"]}]},{"@type":"ImageObject","inLanguage":"tr","@id":"https:\/\/kibrisdakik.com\/?p=70115#primaryimage","url":"https:\/\/kibrisdakik.com\/wp-content\/uploads\/2024\/11\/1732622299_ak-740x420.jpg","contentUrl":"https:\/\/kibrisdakik.com\/wp-content\/uploads\/2024\/11\/1732622299_ak-740x420.jpg","width":1058,"height":701},{"@type":"BreadcrumbList","@id":"https:\/\/kibrisdakik.com\/?p=70115#breadcrumb","itemListElement":[{"@type":"ListItem","position":1,"name":"Home","item":"https:\/\/kibrisdakik.com\/"},{"@type":"ListItem","position":2,"name":"Gazeteci Ali Ki\u015fmir\u2019in duru\u015fmas\u0131na 6 Aral\u0131k\u2019ta devam edilmesine karar verildi"}]},{"@type":"WebSite","@id":"https:\/\/kibrisdakik.com\/#website","url":"https:\/\/kibrisdakik.com\/","name":"","description":"Tam vaktinde haber","potentialAction":[{"@type":"SearchAction","target":{"@type":"EntryPoint","urlTemplate":"https:\/\/kibrisdakik.com\/?s={search_term_string}"},"query-input":{"@type":"PropertyValueSpecification","valueRequired":true,"valueName":"search_term_string"}}],"inLanguage":"tr"},{"@type":"Person","@id":"https:\/\/kibrisdakik.com\/#\/schema\/person\/9cd9d437bbb44f72b73ba127e06d8e79","name":"admin","image":{"@type":"ImageObject","inLanguage":"tr","@id":"https:\/\/secure.gravatar.com\/avatar\/ccc17943b9d660506c869530f897617f7cb1c21a4bf30023f252596d83e1f007?s=96&d=mm&r=g","url":"https:\/\/secure.gravatar.com\/avatar\/ccc17943b9d660506c869530f897617f7cb1c21a4bf30023f252596d83e1f007?s=96&d=mm&r=g","contentUrl":"https:\/\/secure.gravatar.com\/avatar\/ccc17943b9d660506c869530f897617f7cb1c21a4bf30023f252596d83e1f007?s=96&d=mm&r=g","caption":"admin"},"sameAs":["https:\/\/kibrisdakik.com"],"url":"https:\/\/kibrisdakik.com\/?author=1"}]}},"_links":{"self":[{"href":"https:\/\/kibrisdakik.com\/index.php?rest_route=\/wp\/v2\/posts\/70115","targetHints":{"allow":["GET"]}}],"collection":[{"href":"https:\/\/kibrisdakik.com\/index.php?rest_route=\/wp\/v2\/posts"}],"about":[{"href":"https:\/\/kibrisdakik.com\/index.php?rest_route=\/wp\/v2\/types\/post"}],"author":[{"embeddable":true,"href":"https:\/\/kibrisdakik.com\/index.php?rest_route=\/wp\/v2\/users\/1"}],"replies":[{"embeddable":true,"href":"https:\/\/kibrisdakik.com\/index.php?rest_route=%2Fwp%2Fv2%2Fcomments&post=70115"}],"version-history":[{"count":0,"href":"https:\/\/kibrisdakik.com\/index.php?rest_route=\/wp\/v2\/posts\/70115\/revisions"}],"wp:featuredmedia":[{"embeddable":true,"href":"https:\/\/kibrisdakik.com\/index.php?rest_route=\/wp\/v2\/media\/70116"}],"wp:attachment":[{"href":"https:\/\/kibrisdakik.com\/index.php?rest_route=%2Fwp%2Fv2%2Fmedia&parent=70115"}],"wp:term":[{"taxonomy":"category","embeddable":true,"href":"https:\/\/kibrisdakik.com\/index.php?rest_route=%2Fwp%2Fv2%2Fcategories&post=70115"},{"taxonomy":"post_tag","embeddable":true,"href":"https:\/\/kibrisdakik.com\/index.php?rest_route=%2Fwp%2Fv2%2Ftags&post=70115"}],"curies":[{"name":"wp","href":"https:\/\/api.w.org\/{rel}","templated":true}]}}