{"id":70173,"date":"2024-11-26T22:13:33","date_gmt":"2024-11-26T19:13:33","guid":{"rendered":"https:\/\/kibrisdakik.com\/index.php\/2024\/11\/26\/187-milyon-250-bin-tllik-sutek-butcesi-oy-cokluguyla-kabul-edildi\/"},"modified":"2024-11-26T22:13:33","modified_gmt":"2024-11-26T19:13:33","slug":"187-milyon-250-bin-tllik-sutek-butcesi-oy-cokluguyla-kabul-edildi","status":"publish","type":"post","link":"https:\/\/kibrisdakik.com\/?p=70173","title":{"rendered":"187 milyon 250 bin TL\u2019lik S\u00dcTEK b\u00fct\u00e7esi oy \u00e7oklu\u011fuyla kabul edildi"},"content":{"rendered":"<div>\n<div class=\"mariselle-image-container center\">\n                                            <\/div>\n<p>Cumhuriyet Meclisi Ekonomi, Maliye, B\u00fct\u00e7e ve Plan Komitesi\u2019nde, 187 milyon 250 bin TL\u2019lik Tar\u0131m ve Do\u011fal Kaynaklar Bakanl\u0131\u011f\u0131\u2019na ba\u011fl\u0131 K\u0131br\u0131s T\u00fcrk S\u00fct End\u00fcstrisi Kurumu (S\u00dcTEK) b\u00fct\u00e7esi oy \u00e7oklu\u011fuyla kabul edildi.<\/p>\n<p>Konu\u015fmalar\u0131n ard\u0131ndan K\u0131br\u0131s T\u00fcrk S\u00fct End\u00fcstrisi Kurumu b\u00fct\u00e7esi oyland\u0131 ve oy \u00e7oklu\u011fuyla kabul edildi. <\/p>\n<p>-K\u00fcr\u015fat<\/p>\n<p>S\u00dcTEK b\u00fct\u00e7esi konusunda s\u00f6z alan Cumhuriyet\u00e7i T\u00fcrk Partisi Milletvekili Fide K\u00fcr\u015fat, litre ba\u015f\u0131na s\u00fct primi art\u0131\u015f\u0131n\u0131n hangi oranda yap\u0131laca\u011f\u0131n\u0131, gelirlerin neye g\u00f6re hesapland\u0131\u011f\u0131n\u0131 ve g\u00fcnl\u00fck s\u00fct miktar\u0131na y\u00f6nelik sorular sordu.<\/p>\n<p>B\u00fct\u00e7ede k\u0131dem tazminatlar\u0131n\u0131n 2025\u2019te s\u0131f\u0131rland\u0131\u011f\u0131n\u0131 bunun nedenini soran K\u00fcr\u015fat, kadrolarla ilgili d\u00fczenlemelerin hangi \u00e7er\u00e7evede yap\u0131laca\u011f\u0131na y\u00f6nelik sorular y\u00f6neltti ve yasada yer almayan kadrolara istihdam yap\u0131lamayaca\u011f\u0131n\u0131 an\u0131msatt\u0131.  <\/p>\n<p>K\u00fcr\u015fat, S\u00dcTEK b\u00fct\u00e7esine y\u00fczde 100\u2019\u00fcn \u00fczerinde art\u0131\u015f\u0131n nas\u0131l olabildi\u011fini, hangi \u00f6ng\u00f6r\u00fclere dayand\u0131\u011f\u0131n\u0131 sorarken, soruyu yan\u0131tlayan S\u00dcTEK Mali M\u00fc\u015faviri Ahmet \u015eeytan bunun S\u00dcTEK priminde g\u00f6r\u00fclen art\u0131\u015fla ilgili oldu\u011funu s\u00f6yledi.<\/p>\n<p>B\u00fct\u00e7e rakamlar\u0131n\u0131n bilimsel dayana\u011f\u0131 bulunmad\u0131\u011f\u0131n\u0131 savunan K\u00fcr\u015fat, bu rakamlarla b\u00fct\u00e7e ge\u00e7erse kurumun bataca\u011f\u0131n\u0131, b\u00fct\u00e7enin bu \u015fekilde ge\u00e7memesi. bekletilmesi gerekti\u011fini iddia etti.  <\/p>\n<p>-\u00c7avu\u015f<\/p>\n<p>Tar\u0131m ve Do\u011fal Kaynaklar Bakan\u0131 H\u00fcseyin \u00c7avu\u015f da, k\u00fc\u00e7\u00fckba\u015f hayvanlar\u0131n s\u00fct\u00fcn\u00fcn istikrarl\u0131 olarak topland\u0131\u011f\u0131n\u0131. bu nedenle art\u0131\u015f sa\u011fland\u0131\u011f\u0131n\u0131 dile getirerek, s\u00fct \u00fcretimine ili\u015fkin rakamlar\u0131 aktard\u0131.<\/p>\n<p>Bakan \u00c7avu\u015f, rakamlar\u0131n yeniden g\u00f6zden ge\u00e7irilece\u011fini ifade etti.<\/p>\n<p>Yeniden s\u00f6z alan Fide K\u00fcr\u015fat, a\u00e7\u0131lacak kadrolar\u0131n bug\u00fcn komiteye getirilmesi gerekti\u011fini ancak bunun yap\u0131lmad\u0131\u011f\u0131n\u0131 nas\u0131l bir d\u00fczenleme yap\u0131laca\u011f\u0131n\u0131 bilmediklerini s\u00f6yledi.<\/p>\n<p>S\u00dcTEK Mali M\u00fc\u015faviri Ahmet \u015eeytan, gelir ve giderlerdeki rakamlar\u0131n de\u011fi\u015fti\u011fini belirterek, bilgi verdi.<\/p>\n<p>Komitede daha sonra K\u0131br\u0131s T\u00fcrk S\u00fct End\u00fcstrisi Kurumu b\u00fct\u00e7esinin onaylanmas\u0131 ard\u0131ndan Toprak \u00dcr\u00fcnleri Kurumu b\u00fct\u00e7esinin g\u00f6r\u00fc\u015f\u00fclmesine ge\u00e7ildi.<\/p>\n<\/p><\/div>\n<p><script async\n                    defer\n                    crossorigin=\"anonymous\"\n                    src=\"https:\/\/connect.facebook.net\/tr_TR\/sdk.js#xfbml=1&#038;version=v3.3\"\n            ><\/script><\/p>\n","protected":false},"excerpt":{"rendered":"<p>Cumhuriyet Meclisi Ekonomi, Maliye, B\u00fct\u00e7e ve Plan Komitesi\u2019nde, 187 milyon 250 bin TL\u2019lik Tar\u0131m ve Do\u011fal Kaynaklar Bakanl\u0131\u011f\u0131\u2019na ba\u011fl\u0131 K\u0131br\u0131s T\u00fcrk S\u00fct End\u00fcstrisi Kurumu (S\u00dcTEK) b\u00fct\u00e7esi oy \u00e7oklu\u011fuyla kabul edildi. Konu\u015fmalar\u0131n ard\u0131ndan K\u0131br\u0131s T\u00fcrk S\u00fct End\u00fcstrisi Kurumu b\u00fct\u00e7esi oyland\u0131 ve oy \u00e7oklu\u011fuyla kabul edildi. -K\u00fcr\u015fat S\u00dcTEK b\u00fct\u00e7esi konusunda s\u00f6z alan Cumhuriyet\u00e7i T\u00fcrk Partisi Milletvekili Fide<\/p>\n","protected":false},"author":1,"featured_media":66460,"comment_status":"open","ping_status":"open","sticky":false,"template":"","format":"standard","meta":{"footnotes":""},"categories":[81],"tags":[],"class_list":["post-70173","post","type-post","status-publish","format-standard","has-post-thumbnail","hentry","category-kibris"],"yoast_head":"<!-- This site is optimized with the Yoast SEO plugin v27.5 - https:\/\/yoast.com\/product\/yoast-seo-wordpress\/ -->\n<title>187 milyon 250 bin TL\u2019lik S\u00dcTEK b\u00fct\u00e7esi oy \u00e7oklu\u011fuyla kabul edildi -<\/title>\n<meta name=\"robots\" content=\"index, follow, max-snippet:-1, max-image-preview:large, max-video-preview:-1\" \/>\n<link rel=\"canonical\" href=\"https:\/\/kibrisdakik.com\/?p=70173\" \/>\n<meta property=\"og:locale\" content=\"tr_TR\" \/>\n<meta property=\"og:type\" content=\"article\" \/>\n<meta property=\"og:title\" content=\"187 milyon 250 bin TL\u2019lik S\u00dcTEK b\u00fct\u00e7esi oy \u00e7oklu\u011fuyla kabul edildi -\" \/>\n<meta property=\"og:description\" content=\"Cumhuriyet Meclisi Ekonomi, Maliye, B\u00fct\u00e7e ve Plan Komitesi\u2019nde, 187 milyon 250 bin TL\u2019lik Tar\u0131m ve Do\u011fal Kaynaklar Bakanl\u0131\u011f\u0131\u2019na ba\u011fl\u0131 K\u0131br\u0131s T\u00fcrk S\u00fct End\u00fcstrisi Kurumu (S\u00dcTEK) b\u00fct\u00e7esi oy \u00e7oklu\u011fuyla kabul edildi. Konu\u015fmalar\u0131n ard\u0131ndan K\u0131br\u0131s T\u00fcrk S\u00fct End\u00fcstrisi Kurumu b\u00fct\u00e7esi oyland\u0131 ve oy \u00e7oklu\u011fuyla kabul edildi. -K\u00fcr\u015fat S\u00dcTEK b\u00fct\u00e7esi konusunda s\u00f6z alan Cumhuriyet\u00e7i T\u00fcrk Partisi Milletvekili Fide\" \/>\n<meta property=\"og:url\" content=\"https:\/\/kibrisdakik.com\/?p=70173\" \/>\n<meta property=\"article:published_time\" content=\"2024-11-26T19:13:33+00:00\" \/>\n<meta property=\"og:image\" content=\"https:\/\/kibrisdakik.com\/wp-content\/uploads\/2024\/10\/sutek-son1-scaled-740x420.jpg\" \/>\n\t<meta property=\"og:image:width\" content=\"2560\" \/>\n\t<meta property=\"og:image:height\" content=\"995\" \/>\n\t<meta property=\"og:image:type\" content=\"image\/jpeg\" \/>\n<meta name=\"author\" content=\"admin\" \/>\n<meta name=\"twitter:card\" content=\"summary_large_image\" \/>\n<meta name=\"twitter:label1\" content=\"Yazan:\" \/>\n\t<meta name=\"twitter:data1\" content=\"admin\" \/>\n\t<meta name=\"twitter:label2\" content=\"Tahmini okuma s\u00fcresi\" \/>\n\t<meta name=\"twitter:data2\" content=\"2 dakika\" \/>\n<script type=\"application\/ld+json\" class=\"yoast-schema-graph\">{\"@context\":\"https:\\\/\\\/schema.org\",\"@graph\":[{\"@type\":\"Article\",\"@id\":\"https:\\\/\\\/kibrisdakik.com\\\/?p=70173#article\",\"isPartOf\":{\"@id\":\"https:\\\/\\\/kibrisdakik.com\\\/?p=70173\"},\"author\":{\"name\":\"admin\",\"@id\":\"https:\\\/\\\/kibrisdakik.com\\\/#\\\/schema\\\/person\\\/9cd9d437bbb44f72b73ba127e06d8e79\"},\"headline\":\"187 milyon 250 bin TL\u2019lik S\u00dcTEK b\u00fct\u00e7esi oy \u00e7oklu\u011fuyla kabul edildi\",\"datePublished\":\"2024-11-26T19:13:33+00:00\",\"mainEntityOfPage\":{\"@id\":\"https:\\\/\\\/kibrisdakik.com\\\/?p=70173\"},\"wordCount\":404,\"commentCount\":0,\"image\":{\"@id\":\"https:\\\/\\\/kibrisdakik.com\\\/?p=70173#primaryimage\"},\"thumbnailUrl\":\"https:\\\/\\\/kibrisdakik.com\\\/wp-content\\\/uploads\\\/2024\\\/10\\\/sutek-son1-scaled-740x420.jpg\",\"articleSection\":[\"K\u0131br\u0131s\"],\"inLanguage\":\"tr\",\"potentialAction\":[{\"@type\":\"CommentAction\",\"name\":\"Comment\",\"target\":[\"https:\\\/\\\/kibrisdakik.com\\\/?p=70173#respond\"]}]},{\"@type\":\"WebPage\",\"@id\":\"https:\\\/\\\/kibrisdakik.com\\\/?p=70173\",\"url\":\"https:\\\/\\\/kibrisdakik.com\\\/?p=70173\",\"name\":\"187 milyon 250 bin TL\u2019lik S\u00dcTEK b\u00fct\u00e7esi oy \u00e7oklu\u011fuyla kabul edildi -\",\"isPartOf\":{\"@id\":\"https:\\\/\\\/kibrisdakik.com\\\/#website\"},\"primaryImageOfPage\":{\"@id\":\"https:\\\/\\\/kibrisdakik.com\\\/?p=70173#primaryimage\"},\"image\":{\"@id\":\"https:\\\/\\\/kibrisdakik.com\\\/?p=70173#primaryimage\"},\"thumbnailUrl\":\"https:\\\/\\\/kibrisdakik.com\\\/wp-content\\\/uploads\\\/2024\\\/10\\\/sutek-son1-scaled-740x420.jpg\",\"datePublished\":\"2024-11-26T19:13:33+00:00\",\"author\":{\"@id\":\"https:\\\/\\\/kibrisdakik.com\\\/#\\\/schema\\\/person\\\/9cd9d437bbb44f72b73ba127e06d8e79\"},\"breadcrumb\":{\"@id\":\"https:\\\/\\\/kibrisdakik.com\\\/?p=70173#breadcrumb\"},\"inLanguage\":\"tr\",\"potentialAction\":[{\"@type\":\"ReadAction\",\"target\":[\"https:\\\/\\\/kibrisdakik.com\\\/?p=70173\"]}]},{\"@type\":\"ImageObject\",\"inLanguage\":\"tr\",\"@id\":\"https:\\\/\\\/kibrisdakik.com\\\/?p=70173#primaryimage\",\"url\":\"https:\\\/\\\/kibrisdakik.com\\\/wp-content\\\/uploads\\\/2024\\\/10\\\/sutek-son1-scaled-740x420.jpg\",\"contentUrl\":\"https:\\\/\\\/kibrisdakik.com\\\/wp-content\\\/uploads\\\/2024\\\/10\\\/sutek-son1-scaled-740x420.jpg\",\"width\":2560,\"height\":995},{\"@type\":\"BreadcrumbList\",\"@id\":\"https:\\\/\\\/kibrisdakik.com\\\/?p=70173#breadcrumb\",\"itemListElement\":[{\"@type\":\"ListItem\",\"position\":1,\"name\":\"Home\",\"item\":\"https:\\\/\\\/kibrisdakik.com\\\/\"},{\"@type\":\"ListItem\",\"position\":2,\"name\":\"187 milyon 250 bin TL\u2019lik S\u00dcTEK b\u00fct\u00e7esi oy \u00e7oklu\u011fuyla kabul edildi\"}]},{\"@type\":\"WebSite\",\"@id\":\"https:\\\/\\\/kibrisdakik.com\\\/#website\",\"url\":\"https:\\\/\\\/kibrisdakik.com\\\/\",\"name\":\"\",\"description\":\"Tam vaktinde haber\",\"potentialAction\":[{\"@type\":\"SearchAction\",\"target\":{\"@type\":\"EntryPoint\",\"urlTemplate\":\"https:\\\/\\\/kibrisdakik.com\\\/?s={search_term_string}\"},\"query-input\":{\"@type\":\"PropertyValueSpecification\",\"valueRequired\":true,\"valueName\":\"search_term_string\"}}],\"inLanguage\":\"tr\"},{\"@type\":\"Person\",\"@id\":\"https:\\\/\\\/kibrisdakik.com\\\/#\\\/schema\\\/person\\\/9cd9d437bbb44f72b73ba127e06d8e79\",\"name\":\"admin\",\"image\":{\"@type\":\"ImageObject\",\"inLanguage\":\"tr\",\"@id\":\"https:\\\/\\\/secure.gravatar.com\\\/avatar\\\/ccc17943b9d660506c869530f897617f7cb1c21a4bf30023f252596d83e1f007?s=96&d=mm&r=g\",\"url\":\"https:\\\/\\\/secure.gravatar.com\\\/avatar\\\/ccc17943b9d660506c869530f897617f7cb1c21a4bf30023f252596d83e1f007?s=96&d=mm&r=g\",\"contentUrl\":\"https:\\\/\\\/secure.gravatar.com\\\/avatar\\\/ccc17943b9d660506c869530f897617f7cb1c21a4bf30023f252596d83e1f007?s=96&d=mm&r=g\",\"caption\":\"admin\"},\"sameAs\":[\"https:\\\/\\\/kibrisdakik.com\"],\"url\":\"https:\\\/\\\/kibrisdakik.com\\\/?author=1\"}]}<\/script>\n<!-- \/ Yoast SEO plugin. -->","yoast_head_json":{"title":"187 milyon 250 bin TL\u2019lik S\u00dcTEK b\u00fct\u00e7esi oy \u00e7oklu\u011fuyla kabul edildi -","robots":{"index":"index","follow":"follow","max-snippet":"max-snippet:-1","max-image-preview":"max-image-preview:large","max-video-preview":"max-video-preview:-1"},"canonical":"https:\/\/kibrisdakik.com\/?p=70173","og_locale":"tr_TR","og_type":"article","og_title":"187 milyon 250 bin TL\u2019lik S\u00dcTEK b\u00fct\u00e7esi oy \u00e7oklu\u011fuyla kabul edildi -","og_description":"Cumhuriyet Meclisi Ekonomi, Maliye, B\u00fct\u00e7e ve Plan Komitesi\u2019nde, 187 milyon 250 bin TL\u2019lik Tar\u0131m ve Do\u011fal Kaynaklar Bakanl\u0131\u011f\u0131\u2019na ba\u011fl\u0131 K\u0131br\u0131s T\u00fcrk S\u00fct End\u00fcstrisi Kurumu (S\u00dcTEK) b\u00fct\u00e7esi oy \u00e7oklu\u011fuyla kabul edildi. Konu\u015fmalar\u0131n ard\u0131ndan K\u0131br\u0131s T\u00fcrk S\u00fct End\u00fcstrisi Kurumu b\u00fct\u00e7esi oyland\u0131 ve oy \u00e7oklu\u011fuyla kabul edildi. -K\u00fcr\u015fat S\u00dcTEK b\u00fct\u00e7esi konusunda s\u00f6z alan Cumhuriyet\u00e7i T\u00fcrk Partisi Milletvekili Fide","og_url":"https:\/\/kibrisdakik.com\/?p=70173","article_published_time":"2024-11-26T19:13:33+00:00","og_image":[{"width":2560,"height":995,"url":"https:\/\/kibrisdakik.com\/wp-content\/uploads\/2024\/10\/sutek-son1-scaled-740x420.jpg","type":"image\/jpeg"}],"author":"admin","twitter_card":"summary_large_image","twitter_misc":{"Yazan:":"admin","Tahmini okuma s\u00fcresi":"2 dakika"},"schema":{"@context":"https:\/\/schema.org","@graph":[{"@type":"Article","@id":"https:\/\/kibrisdakik.com\/?p=70173#article","isPartOf":{"@id":"https:\/\/kibrisdakik.com\/?p=70173"},"author":{"name":"admin","@id":"https:\/\/kibrisdakik.com\/#\/schema\/person\/9cd9d437bbb44f72b73ba127e06d8e79"},"headline":"187 milyon 250 bin TL\u2019lik S\u00dcTEK b\u00fct\u00e7esi oy \u00e7oklu\u011fuyla kabul edildi","datePublished":"2024-11-26T19:13:33+00:00","mainEntityOfPage":{"@id":"https:\/\/kibrisdakik.com\/?p=70173"},"wordCount":404,"commentCount":0,"image":{"@id":"https:\/\/kibrisdakik.com\/?p=70173#primaryimage"},"thumbnailUrl":"https:\/\/kibrisdakik.com\/wp-content\/uploads\/2024\/10\/sutek-son1-scaled-740x420.jpg","articleSection":["K\u0131br\u0131s"],"inLanguage":"tr","potentialAction":[{"@type":"CommentAction","name":"Comment","target":["https:\/\/kibrisdakik.com\/?p=70173#respond"]}]},{"@type":"WebPage","@id":"https:\/\/kibrisdakik.com\/?p=70173","url":"https:\/\/kibrisdakik.com\/?p=70173","name":"187 milyon 250 bin TL\u2019lik S\u00dcTEK b\u00fct\u00e7esi oy \u00e7oklu\u011fuyla kabul edildi -","isPartOf":{"@id":"https:\/\/kibrisdakik.com\/#website"},"primaryImageOfPage":{"@id":"https:\/\/kibrisdakik.com\/?p=70173#primaryimage"},"image":{"@id":"https:\/\/kibrisdakik.com\/?p=70173#primaryimage"},"thumbnailUrl":"https:\/\/kibrisdakik.com\/wp-content\/uploads\/2024\/10\/sutek-son1-scaled-740x420.jpg","datePublished":"2024-11-26T19:13:33+00:00","author":{"@id":"https:\/\/kibrisdakik.com\/#\/schema\/person\/9cd9d437bbb44f72b73ba127e06d8e79"},"breadcrumb":{"@id":"https:\/\/kibrisdakik.com\/?p=70173#breadcrumb"},"inLanguage":"tr","potentialAction":[{"@type":"ReadAction","target":["https:\/\/kibrisdakik.com\/?p=70173"]}]},{"@type":"ImageObject","inLanguage":"tr","@id":"https:\/\/kibrisdakik.com\/?p=70173#primaryimage","url":"https:\/\/kibrisdakik.com\/wp-content\/uploads\/2024\/10\/sutek-son1-scaled-740x420.jpg","contentUrl":"https:\/\/kibrisdakik.com\/wp-content\/uploads\/2024\/10\/sutek-son1-scaled-740x420.jpg","width":2560,"height":995},{"@type":"BreadcrumbList","@id":"https:\/\/kibrisdakik.com\/?p=70173#breadcrumb","itemListElement":[{"@type":"ListItem","position":1,"name":"Home","item":"https:\/\/kibrisdakik.com\/"},{"@type":"ListItem","position":2,"name":"187 milyon 250 bin TL\u2019lik S\u00dcTEK b\u00fct\u00e7esi oy \u00e7oklu\u011fuyla kabul edildi"}]},{"@type":"WebSite","@id":"https:\/\/kibrisdakik.com\/#website","url":"https:\/\/kibrisdakik.com\/","name":"","description":"Tam vaktinde haber","potentialAction":[{"@type":"SearchAction","target":{"@type":"EntryPoint","urlTemplate":"https:\/\/kibrisdakik.com\/?s={search_term_string}"},"query-input":{"@type":"PropertyValueSpecification","valueRequired":true,"valueName":"search_term_string"}}],"inLanguage":"tr"},{"@type":"Person","@id":"https:\/\/kibrisdakik.com\/#\/schema\/person\/9cd9d437bbb44f72b73ba127e06d8e79","name":"admin","image":{"@type":"ImageObject","inLanguage":"tr","@id":"https:\/\/secure.gravatar.com\/avatar\/ccc17943b9d660506c869530f897617f7cb1c21a4bf30023f252596d83e1f007?s=96&d=mm&r=g","url":"https:\/\/secure.gravatar.com\/avatar\/ccc17943b9d660506c869530f897617f7cb1c21a4bf30023f252596d83e1f007?s=96&d=mm&r=g","contentUrl":"https:\/\/secure.gravatar.com\/avatar\/ccc17943b9d660506c869530f897617f7cb1c21a4bf30023f252596d83e1f007?s=96&d=mm&r=g","caption":"admin"},"sameAs":["https:\/\/kibrisdakik.com"],"url":"https:\/\/kibrisdakik.com\/?author=1"}]}},"_links":{"self":[{"href":"https:\/\/kibrisdakik.com\/index.php?rest_route=\/wp\/v2\/posts\/70173","targetHints":{"allow":["GET"]}}],"collection":[{"href":"https:\/\/kibrisdakik.com\/index.php?rest_route=\/wp\/v2\/posts"}],"about":[{"href":"https:\/\/kibrisdakik.com\/index.php?rest_route=\/wp\/v2\/types\/post"}],"author":[{"embeddable":true,"href":"https:\/\/kibrisdakik.com\/index.php?rest_route=\/wp\/v2\/users\/1"}],"replies":[{"embeddable":true,"href":"https:\/\/kibrisdakik.com\/index.php?rest_route=%2Fwp%2Fv2%2Fcomments&post=70173"}],"version-history":[{"count":0,"href":"https:\/\/kibrisdakik.com\/index.php?rest_route=\/wp\/v2\/posts\/70173\/revisions"}],"wp:featuredmedia":[{"embeddable":true,"href":"https:\/\/kibrisdakik.com\/index.php?rest_route=\/wp\/v2\/media\/66460"}],"wp:attachment":[{"href":"https:\/\/kibrisdakik.com\/index.php?rest_route=%2Fwp%2Fv2%2Fmedia&parent=70173"}],"wp:term":[{"taxonomy":"category","embeddable":true,"href":"https:\/\/kibrisdakik.com\/index.php?rest_route=%2Fwp%2Fv2%2Fcategories&post=70173"},{"taxonomy":"post_tag","embeddable":true,"href":"https:\/\/kibrisdakik.com\/index.php?rest_route=%2Fwp%2Fv2%2Ftags&post=70173"}],"curies":[{"name":"wp","href":"https:\/\/api.w.org\/{rel}","templated":true}]}}