{"id":70188,"date":"2024-11-27T06:44:50","date_gmt":"2024-11-27T03:44:50","guid":{"rendered":"https:\/\/kibrisdakik.com\/index.php\/2024\/11\/27\/komitede-saglik-bakanligi-butcesi-gorusuluyor-2\/"},"modified":"2024-11-27T06:44:50","modified_gmt":"2024-11-27T03:44:50","slug":"komitede-saglik-bakanligi-butcesi-gorusuluyor-2","status":"publish","type":"post","link":"https:\/\/kibrisdakik.com\/?p=70188","title":{"rendered":"Komitede Sa\u011fl\u0131k Bakanl\u0131\u011f\u0131 b\u00fct\u00e7esi g\u00f6r\u00fc\u015f\u00fcl\u00fcyor"},"content":{"rendered":"<div>\n<div class=\"mariselle-image-container center\">\n                                            <\/div>\n<p>Cumhuriyet Meclisi Ekonomi, Maliye, B\u00fct\u00e7e ve Plan Komitesi\u2019nde 12 milyar 859 milyon 721 bin TL\u2019lik Sa\u011fl\u0131k Bakanl\u0131\u011f\u0131 b\u00fct\u00e7esi ele al\u0131nmaya ba\u015flad\u0131. <\/p>\n<p>Komite toplant\u0131s\u0131nda, Sa\u011fl\u0131k Bakan\u0131 Hakan Din\u00e7y\u00fcrek ve bakanl\u0131k b\u00fcrokratlar\u0131yla, komite \u00fcyeleri ve baz\u0131 milletvekilleri yer al\u0131yor.<\/p>\n<p>\u2013 Besim: \u201cThalassemia binas\u0131 d\u00f6k\u00fcl\u00fcyor\u201d<\/p>\n<p>Sa\u011fl\u0131k Bakanl\u0131\u011f\u0131 B\u00fct\u00e7esinde ilk s\u00f6z\u00fc alan Cumhuriyet\u00e7i T\u00fcrk Partisi (CTP) Milletvekili Filiz Besim, b\u00fct\u00e7edeki rakamlar konusuna de\u011findi, b\u00fct\u00e7enin ne kadar\u0131n\u0131n do\u011fru kullan\u0131ld\u0131\u011f\u0131n\u0131 sordu.<\/p>\n<p>\u00dclkede bir n\u00fcfus politikas\u0131 olmad\u0131\u011f\u0131n\u0131 belirten Besim, toplumun en \u00e7ok etkilendi\u011fi konunun sa\u011fl\u0131k ve e\u011fitim oldu\u011funa dikkat \u00e7ekti.<\/p>\n<p>\u201cGer\u00e7ek\u00e7i n\u00fcfus say\u0131m\u0131na ihtiyac\u0131m\u0131z var.\u201d diyen Besim, olas\u0131 bir depremde kamu sa\u011fl\u0131k kurulu\u015flar\u0131n\u0131n ciddi anlamda riskli oldu\u011funa dair ge\u00e7mi\u015fte ciddi veriler elde edildi\u011fini kaydetti.<\/p>\n<p>Thalassemia binas\u0131n\u0131n d\u00f6k\u00fcld\u00fc\u011f\u00fcne dikkat \u00e7eken Besim, baz\u0131 sorular y\u00f6nelterek bilgi istedi.<\/p>\n<p>Riski binalara de\u011finen Besim, bu binalar i\u00e7in nas\u0131l bir yol haritas\u0131n\u0131n belirlendi\u011fini sordu.<\/p>\n<p>\u201cYeni Girne Hastanesi y\u0131lan hikayesine d\u00f6nd\u00fc.\u201d  diyen Besim, hastanenin ne zaman bitece\u011fiyle ilgili bilgi istedi.<\/p>\n<p>Be\u015f y\u0131lda \u00fc\u00e7te ikisi biten Yeni Girne Hastanesi\u2019nin bir t\u00fcrl\u00fc bitirilemedi\u011fini ifade eden Besim, yeni G\u00fczelyurt Hastanesi konusunda da sorular y\u00f6neltti.<\/p>\n<p>Alkol ve Uyu\u015fturucu Madde Ba\u011f\u0131ml\u0131lar\u0131 Tedavi ve Ara\u015ft\u0131rma Merkezi (AMATEM) konusuna de\u011finerek baz\u0131 sorular y\u00f6nelten Besim, yeni sa\u011fl\u0131k merkezlerinin ne zaman tamamlanaca\u011f\u0131n\u0131 sordu.<\/p>\n<p>\u2013 \u201cHem\u015fireleri gerekli yerlerde do\u011fru \u015fekilde kullanabiliyor muyuz?\u201d<\/p>\n<p>Alt yap\u0131 yat\u0131r\u0131mlar\u0131yla ilgili b\u00fct\u00e7edeki rakamlara da dikkat \u00e7eken Besim, Lefko\u015fa Dr. Burhan Nalbanto\u011flu Devlet Hastanesi\u2019nde ya\u015fanan sorunlara vurgu yapt\u0131.<\/p>\n<p>Ta\u015feronla\u015fma konusuna de\u011finen Besim, hem\u015fire eksikliklerine de dikkat \u00e7ekti.<\/p>\n<p>\u201cHem\u015fireleri alanda do\u011fru kullanmak zorunday\u0131z.\u201d diye konu\u015fan Besim, \u201cHem\u015fireleri gerekli yerlerde do\u011fru \u015fekilde kullanabiliyor muyuz?\u201d diye sordu.<\/p>\n<p>Acil servislerdeki yo\u011funlu\u011fa dikkat \u00e7eken Besim, acil servislerde bir iyile\u015fmenin olmad\u0131\u011f\u0131n\u0131 s\u00f6yledi.<\/p>\n<p>Yo\u011fun bak\u0131m kapasitesi ve hasta bak\u0131c\u0131 kadrolar\u0131 konusunda bilgi isteyen Besim, \u201cLefko\u015fa Dr. Burhan Nalbanto\u011flu Devlet Hastanesi\u2019ne \u2018PET\u2019 cihaz\u0131 almay\u0131 d\u00fc\u015f\u00fcn\u00fcyor musunuz?\u201d diye sordu.<\/p>\n<p>Hasta sevkleri i\u00e7in \u00e7ok b\u00fcy\u00fck paralar harcand\u0131\u011f\u0131n\u0131 dile getiren Besim, hastalar\u0131n \u00f6zele teslim edildi\u011fini ifade etti.<\/p>\n<p>Ma\u011fusa Devlet Hastanesi\u2019ndeki sorunlara de\u011finen Besim, \u201cBurada \u00e7ok ciddi hekim s\u0131k\u0131nt\u0131m\u0131z vard\u0131r.\u201d diyerek ele\u015ftirilerde bulundu.<\/p>\n<p>Besim, Ma\u011fusa Devlet Hastanesi\u2019ndeki Mamografi cihaz\u0131n\u0131n alt\u0131 ayd\u0131r ar\u0131zal\u0131 oldu\u011funu belirtti.<\/p>\n<p>\u0130la\u00e7 konusunda ya\u015fanan s\u0131k\u0131nt\u0131lara dikkat \u00e7eken Besim, \u0130la\u00e7 Takip Sistemi\u2019nin hala kurulamad\u0131\u011f\u0131n\u0131 s\u00f6yledi.<\/p>\n<p>Besim, A\u015f\u0131 Takip Sistemi\u2019nin de iki bu\u00e7uk senede kurulamad\u0131\u011f\u0131n\u0131 dile getirerek Sa\u011fl\u0131k Bakan\u0131\u2019n\u0131 ele\u015ftirdi.<\/p>\n<p>Sa\u011fl\u0131k Bakanl\u0131\u011f\u0131\u2019n\u0131n ciddi bir bakanl\u0131k oldu\u011funa vurgu yapan Besim, \u0130la\u00e7 ve Eczac\u0131l\u0131k Dairesi ile ilgili yap\u0131lmas\u0131 gerekenlere  de\u011findi.<\/p>\n<p>D\u00fcnyada ve T\u00fcrkiye\u2019de ciddi ila\u00e7 s\u0131k\u0131ntlar\u0131n\u0131n ya\u015fand\u0131\u011f\u0131n\u0131 belirten Besim, \u00fclkede nas\u0131l bir \u00f6nlem al\u0131nd\u0131\u011f\u0131n\u0131 sordu, \u201c\u0130la\u00e7 egemenli\u011fimizi sa\u011flamak zorunday\u0131z.\u201d dedi.<\/p>\n<p>Yenido\u011fan \u00dcnitesi\u2019nde ya\u015fanan olaya de\u011finen Besim, \u201cY\u00f6netilemeyen bir sa\u011fl\u0131k organizasyonunun hastayla ilgili ne kadar ciddi sonu\u00e7lar verebilece\u011fini biz hekimler \u00e7ok iyi biliyoruz.\u201d ifadesini kulland\u0131.<\/p>\n<p>Besim, \u201c6 saat boyunca ailelere hi\u00e7bir \u015fey s\u00f6ylemediniz. Neyi gizlediniz? Orada ya\u015fananlar bizi \u00e7ok \u00fczd\u00fc.\u201d \u015feklinde konu\u015ftu.<\/p>\n<p>Acil Durum Hastanesi\u2019nin neden Te\u015fkilat Yasas\u0131\u2019n\u0131n olmad\u0131\u011f\u0131n\u0131 soran Besim, sa\u011fl\u0131kta n\u00fcfus politikas\u0131 olmadan, ka\u00e7ak \u00e7al\u0131\u015fma hayat\u0131n\u0131 denetim alt\u0131na almadan d\u00fczg\u00fcn bir sa\u011fl\u0131k sisteminin kurulamayaca\u011f\u0131n\u0131 s\u00f6yledi.<\/p>\n<p>\u2013 \u0130ncirli: \u201cSa\u011fl\u0131\u011f\u0131 \u00fcst\u00fcnk\u00f6r\u00fc halden kurtarmak zorunday\u0131z\u201d<\/p>\n<p>Cumhuriyet\u00e7i T\u00fcrk Partisi (CTP) Milletvekili S\u0131la Usar \u0130ncirli de, \u201cPerspektifimizi derinle\u015ftirmek zorunday\u0131z. Sa\u011fl\u0131\u011f\u0131 \u00fcst\u00fcnk\u00f6r\u00fc halden kurtarmak zorunday\u0131z.\u201d dedi.<\/p>\n<p>Yeni Girne Hastanesi ve hasta sevkleri konular\u0131na de\u011finen \u0130ncirli, \u201cBiz sa\u011fl\u0131k hizmetinin kalitesindeki eksikliklerden dolay\u0131 gen\u00e7 ya\u015fta insanlar\u0131 kaybediyoruz.\u201d diye konu\u015ftu.<\/p>\n<p>\u0130statistiki bilgilere ula\u015f\u0131m konusunda ele\u015ftirilerde bulunan \u0130ncirli, hastanelerdeki yo\u011funluklara de\u011findi.<\/p>\n<p>\u00d6l\u00fcm oranlar\u0131ndaki baz\u0131 rakamlar\u0131 payla\u015fan \u0130ncirli, g\u00fc\u00e7l\u00fc bir sa\u011fl\u0131k sistemi konusuna dikkat \u00e7ekti.<\/p>\n<p>\u201cHer bir insan\u0131n hayat\u0131 \u00e7ok \u00f6nemlidir.\u201d diyen \u0130ncirli, hastane g\u00fcvenli\u011fi konusunda zafiyet oldu\u011funu belirtti.<\/p>\n<p>Yenido\u011fan \u00dcnitesi\u2019nde ya\u015fanan olaya da de\u011finen \u0130ncirli, g\u00fcvenli bir sa\u011fl\u0131k hizmeti i\u00e7in yap\u0131lmas\u0131 gereken i\u015flerin oldu\u011funu s\u00f6yledi.<\/p>\n<p>Sa\u011fl\u0131k Bakan\u0131\u2019na baz\u0131 sorular y\u00f6nelterek bilgi isteyen \u0130ncirli, Yatakl\u0131 Tedavi Kurumlar\u0131\u2019nda ya\u015fanan hadiselere i\u015faret etti, burada verilen hizmetlerin kalitesinin \u00e7ok \u00f6nemli oldu\u011funu kaydetti.<\/p>\n<p>\u201cEtkili sa\u011fl\u0131k hizmeti nas\u0131l verilir?\u201d diye soran \u0130ncirli, zaman\u0131nda verilen sa\u011fl\u0131k hizmetinin k\u0131ymetli oldu\u011funu dile getirdi.<\/p>\n<p>Acil servislerdeki yo\u011funlu\u011fa ve sorunlara de\u011finen \u0130ncirli, sa\u011fl\u0131kta ciddi bir g\u00fcven erozyonunun oldu\u011funu belirtti.<\/p>\n<\/p><\/div>\n<p><script async\n                    defer\n                    crossorigin=\"anonymous\"\n                    src=\"https:\/\/connect.facebook.net\/tr_TR\/sdk.js#xfbml=1&#038;version=v3.3\"\n            ><\/script><\/p>\n","protected":false},"excerpt":{"rendered":"<p>Cumhuriyet Meclisi Ekonomi, Maliye, B\u00fct\u00e7e ve Plan Komitesi\u2019nde 12 milyar 859 milyon 721 bin TL\u2019lik Sa\u011fl\u0131k Bakanl\u0131\u011f\u0131 b\u00fct\u00e7esi ele al\u0131nmaya ba\u015flad\u0131. Komite toplant\u0131s\u0131nda, Sa\u011fl\u0131k Bakan\u0131 Hakan Din\u00e7y\u00fcrek ve bakanl\u0131k b\u00fcrokratlar\u0131yla, komite \u00fcyeleri ve baz\u0131 milletvekilleri yer al\u0131yor. \u2013 Besim: \u201cThalassemia binas\u0131 d\u00f6k\u00fcl\u00fcyor\u201d Sa\u011fl\u0131k Bakanl\u0131\u011f\u0131 B\u00fct\u00e7esinde ilk s\u00f6z\u00fc alan Cumhuriyet\u00e7i T\u00fcrk Partisi (CTP) Milletvekili Filiz Besim,<\/p>\n","protected":false},"author":1,"featured_media":1887,"comment_status":"open","ping_status":"open","sticky":false,"template":"","format":"standard","meta":{"footnotes":""},"categories":[81],"tags":[],"class_list":["post-70188","post","type-post","status-publish","format-standard","has-post-thumbnail","hentry","category-kibris"],"yoast_head":"<!-- This site is optimized with the Yoast SEO plugin v27.5 - https:\/\/yoast.com\/product\/yoast-seo-wordpress\/ -->\n<title>Komitede Sa\u011fl\u0131k Bakanl\u0131\u011f\u0131 b\u00fct\u00e7esi g\u00f6r\u00fc\u015f\u00fcl\u00fcyor -<\/title>\n<meta name=\"robots\" content=\"index, follow, max-snippet:-1, max-image-preview:large, max-video-preview:-1\" \/>\n<link rel=\"canonical\" href=\"https:\/\/kibrisdakik.com\/?p=70188\" \/>\n<meta property=\"og:locale\" content=\"tr_TR\" \/>\n<meta property=\"og:type\" content=\"article\" \/>\n<meta property=\"og:title\" content=\"Komitede Sa\u011fl\u0131k Bakanl\u0131\u011f\u0131 b\u00fct\u00e7esi g\u00f6r\u00fc\u015f\u00fcl\u00fcyor -\" \/>\n<meta property=\"og:description\" content=\"Cumhuriyet Meclisi Ekonomi, Maliye, B\u00fct\u00e7e ve Plan Komitesi\u2019nde 12 milyar 859 milyon 721 bin TL\u2019lik Sa\u011fl\u0131k Bakanl\u0131\u011f\u0131 b\u00fct\u00e7esi ele al\u0131nmaya ba\u015flad\u0131. Komite toplant\u0131s\u0131nda, Sa\u011fl\u0131k Bakan\u0131 Hakan Din\u00e7y\u00fcrek ve bakanl\u0131k b\u00fcrokratlar\u0131yla, komite \u00fcyeleri ve baz\u0131 milletvekilleri yer al\u0131yor. \u2013 Besim: \u201cThalassemia binas\u0131 d\u00f6k\u00fcl\u00fcyor\u201d Sa\u011fl\u0131k Bakanl\u0131\u011f\u0131 B\u00fct\u00e7esinde ilk s\u00f6z\u00fc alan Cumhuriyet\u00e7i T\u00fcrk Partisi (CTP) Milletvekili Filiz Besim,\" \/>\n<meta property=\"og:url\" content=\"https:\/\/kibrisdakik.com\/?p=70188\" \/>\n<meta property=\"article:published_time\" content=\"2024-11-27T03:44:50+00:00\" \/>\n<meta property=\"og:image\" content=\"https:\/\/kibrisdakik.com\/wp-content\/uploads\/2023\/02\/saglik-bakanligi-4-740x390.jpg\" \/>\n\t<meta property=\"og:image:width\" content=\"930\" \/>\n\t<meta property=\"og:image:height\" content=\"390\" \/>\n\t<meta property=\"og:image:type\" content=\"image\/jpeg\" \/>\n<meta name=\"author\" content=\"admin\" \/>\n<meta name=\"twitter:card\" content=\"summary_large_image\" \/>\n<meta name=\"twitter:label1\" content=\"Yazan:\" \/>\n\t<meta name=\"twitter:data1\" content=\"admin\" \/>\n\t<meta name=\"twitter:label2\" content=\"Tahmini okuma s\u00fcresi\" \/>\n\t<meta name=\"twitter:data2\" content=\"4 dakika\" \/>\n<script type=\"application\/ld+json\" class=\"yoast-schema-graph\">{\"@context\":\"https:\\\/\\\/schema.org\",\"@graph\":[{\"@type\":\"Article\",\"@id\":\"https:\\\/\\\/kibrisdakik.com\\\/?p=70188#article\",\"isPartOf\":{\"@id\":\"https:\\\/\\\/kibrisdakik.com\\\/?p=70188\"},\"author\":{\"name\":\"admin\",\"@id\":\"https:\\\/\\\/kibrisdakik.com\\\/#\\\/schema\\\/person\\\/9cd9d437bbb44f72b73ba127e06d8e79\"},\"headline\":\"Komitede Sa\u011fl\u0131k Bakanl\u0131\u011f\u0131 b\u00fct\u00e7esi g\u00f6r\u00fc\u015f\u00fcl\u00fcyor\",\"datePublished\":\"2024-11-27T03:44:50+00:00\",\"mainEntityOfPage\":{\"@id\":\"https:\\\/\\\/kibrisdakik.com\\\/?p=70188\"},\"wordCount\":899,\"commentCount\":0,\"image\":{\"@id\":\"https:\\\/\\\/kibrisdakik.com\\\/?p=70188#primaryimage\"},\"thumbnailUrl\":\"https:\\\/\\\/kibrisdakik.com\\\/wp-content\\\/uploads\\\/2023\\\/02\\\/saglik-bakanligi-4-740x390.jpg\",\"articleSection\":[\"K\u0131br\u0131s\"],\"inLanguage\":\"tr\",\"potentialAction\":[{\"@type\":\"CommentAction\",\"name\":\"Comment\",\"target\":[\"https:\\\/\\\/kibrisdakik.com\\\/?p=70188#respond\"]}]},{\"@type\":\"WebPage\",\"@id\":\"https:\\\/\\\/kibrisdakik.com\\\/?p=70188\",\"url\":\"https:\\\/\\\/kibrisdakik.com\\\/?p=70188\",\"name\":\"Komitede Sa\u011fl\u0131k Bakanl\u0131\u011f\u0131 b\u00fct\u00e7esi g\u00f6r\u00fc\u015f\u00fcl\u00fcyor -\",\"isPartOf\":{\"@id\":\"https:\\\/\\\/kibrisdakik.com\\\/#website\"},\"primaryImageOfPage\":{\"@id\":\"https:\\\/\\\/kibrisdakik.com\\\/?p=70188#primaryimage\"},\"image\":{\"@id\":\"https:\\\/\\\/kibrisdakik.com\\\/?p=70188#primaryimage\"},\"thumbnailUrl\":\"https:\\\/\\\/kibrisdakik.com\\\/wp-content\\\/uploads\\\/2023\\\/02\\\/saglik-bakanligi-4-740x390.jpg\",\"datePublished\":\"2024-11-27T03:44:50+00:00\",\"author\":{\"@id\":\"https:\\\/\\\/kibrisdakik.com\\\/#\\\/schema\\\/person\\\/9cd9d437bbb44f72b73ba127e06d8e79\"},\"breadcrumb\":{\"@id\":\"https:\\\/\\\/kibrisdakik.com\\\/?p=70188#breadcrumb\"},\"inLanguage\":\"tr\",\"potentialAction\":[{\"@type\":\"ReadAction\",\"target\":[\"https:\\\/\\\/kibrisdakik.com\\\/?p=70188\"]}]},{\"@type\":\"ImageObject\",\"inLanguage\":\"tr\",\"@id\":\"https:\\\/\\\/kibrisdakik.com\\\/?p=70188#primaryimage\",\"url\":\"https:\\\/\\\/kibrisdakik.com\\\/wp-content\\\/uploads\\\/2023\\\/02\\\/saglik-bakanligi-4-740x390.jpg\",\"contentUrl\":\"https:\\\/\\\/kibrisdakik.com\\\/wp-content\\\/uploads\\\/2023\\\/02\\\/saglik-bakanligi-4-740x390.jpg\",\"width\":930,\"height\":390},{\"@type\":\"BreadcrumbList\",\"@id\":\"https:\\\/\\\/kibrisdakik.com\\\/?p=70188#breadcrumb\",\"itemListElement\":[{\"@type\":\"ListItem\",\"position\":1,\"name\":\"Home\",\"item\":\"https:\\\/\\\/kibrisdakik.com\\\/\"},{\"@type\":\"ListItem\",\"position\":2,\"name\":\"Komitede Sa\u011fl\u0131k Bakanl\u0131\u011f\u0131 b\u00fct\u00e7esi g\u00f6r\u00fc\u015f\u00fcl\u00fcyor\"}]},{\"@type\":\"WebSite\",\"@id\":\"https:\\\/\\\/kibrisdakik.com\\\/#website\",\"url\":\"https:\\\/\\\/kibrisdakik.com\\\/\",\"name\":\"\",\"description\":\"Tam vaktinde haber\",\"potentialAction\":[{\"@type\":\"SearchAction\",\"target\":{\"@type\":\"EntryPoint\",\"urlTemplate\":\"https:\\\/\\\/kibrisdakik.com\\\/?s={search_term_string}\"},\"query-input\":{\"@type\":\"PropertyValueSpecification\",\"valueRequired\":true,\"valueName\":\"search_term_string\"}}],\"inLanguage\":\"tr\"},{\"@type\":\"Person\",\"@id\":\"https:\\\/\\\/kibrisdakik.com\\\/#\\\/schema\\\/person\\\/9cd9d437bbb44f72b73ba127e06d8e79\",\"name\":\"admin\",\"image\":{\"@type\":\"ImageObject\",\"inLanguage\":\"tr\",\"@id\":\"https:\\\/\\\/secure.gravatar.com\\\/avatar\\\/ccc17943b9d660506c869530f897617f7cb1c21a4bf30023f252596d83e1f007?s=96&d=mm&r=g\",\"url\":\"https:\\\/\\\/secure.gravatar.com\\\/avatar\\\/ccc17943b9d660506c869530f897617f7cb1c21a4bf30023f252596d83e1f007?s=96&d=mm&r=g\",\"contentUrl\":\"https:\\\/\\\/secure.gravatar.com\\\/avatar\\\/ccc17943b9d660506c869530f897617f7cb1c21a4bf30023f252596d83e1f007?s=96&d=mm&r=g\",\"caption\":\"admin\"},\"sameAs\":[\"https:\\\/\\\/kibrisdakik.com\"],\"url\":\"https:\\\/\\\/kibrisdakik.com\\\/?author=1\"}]}<\/script>\n<!-- \/ Yoast SEO plugin. -->","yoast_head_json":{"title":"Komitede Sa\u011fl\u0131k Bakanl\u0131\u011f\u0131 b\u00fct\u00e7esi g\u00f6r\u00fc\u015f\u00fcl\u00fcyor -","robots":{"index":"index","follow":"follow","max-snippet":"max-snippet:-1","max-image-preview":"max-image-preview:large","max-video-preview":"max-video-preview:-1"},"canonical":"https:\/\/kibrisdakik.com\/?p=70188","og_locale":"tr_TR","og_type":"article","og_title":"Komitede Sa\u011fl\u0131k Bakanl\u0131\u011f\u0131 b\u00fct\u00e7esi g\u00f6r\u00fc\u015f\u00fcl\u00fcyor -","og_description":"Cumhuriyet Meclisi Ekonomi, Maliye, B\u00fct\u00e7e ve Plan Komitesi\u2019nde 12 milyar 859 milyon 721 bin TL\u2019lik Sa\u011fl\u0131k Bakanl\u0131\u011f\u0131 b\u00fct\u00e7esi ele al\u0131nmaya ba\u015flad\u0131. Komite toplant\u0131s\u0131nda, Sa\u011fl\u0131k Bakan\u0131 Hakan Din\u00e7y\u00fcrek ve bakanl\u0131k b\u00fcrokratlar\u0131yla, komite \u00fcyeleri ve baz\u0131 milletvekilleri yer al\u0131yor. \u2013 Besim: \u201cThalassemia binas\u0131 d\u00f6k\u00fcl\u00fcyor\u201d Sa\u011fl\u0131k Bakanl\u0131\u011f\u0131 B\u00fct\u00e7esinde ilk s\u00f6z\u00fc alan Cumhuriyet\u00e7i T\u00fcrk Partisi (CTP) Milletvekili Filiz Besim,","og_url":"https:\/\/kibrisdakik.com\/?p=70188","article_published_time":"2024-11-27T03:44:50+00:00","og_image":[{"width":930,"height":390,"url":"https:\/\/kibrisdakik.com\/wp-content\/uploads\/2023\/02\/saglik-bakanligi-4-740x390.jpg","type":"image\/jpeg"}],"author":"admin","twitter_card":"summary_large_image","twitter_misc":{"Yazan:":"admin","Tahmini okuma s\u00fcresi":"4 dakika"},"schema":{"@context":"https:\/\/schema.org","@graph":[{"@type":"Article","@id":"https:\/\/kibrisdakik.com\/?p=70188#article","isPartOf":{"@id":"https:\/\/kibrisdakik.com\/?p=70188"},"author":{"name":"admin","@id":"https:\/\/kibrisdakik.com\/#\/schema\/person\/9cd9d437bbb44f72b73ba127e06d8e79"},"headline":"Komitede Sa\u011fl\u0131k Bakanl\u0131\u011f\u0131 b\u00fct\u00e7esi g\u00f6r\u00fc\u015f\u00fcl\u00fcyor","datePublished":"2024-11-27T03:44:50+00:00","mainEntityOfPage":{"@id":"https:\/\/kibrisdakik.com\/?p=70188"},"wordCount":899,"commentCount":0,"image":{"@id":"https:\/\/kibrisdakik.com\/?p=70188#primaryimage"},"thumbnailUrl":"https:\/\/kibrisdakik.com\/wp-content\/uploads\/2023\/02\/saglik-bakanligi-4-740x390.jpg","articleSection":["K\u0131br\u0131s"],"inLanguage":"tr","potentialAction":[{"@type":"CommentAction","name":"Comment","target":["https:\/\/kibrisdakik.com\/?p=70188#respond"]}]},{"@type":"WebPage","@id":"https:\/\/kibrisdakik.com\/?p=70188","url":"https:\/\/kibrisdakik.com\/?p=70188","name":"Komitede Sa\u011fl\u0131k Bakanl\u0131\u011f\u0131 b\u00fct\u00e7esi g\u00f6r\u00fc\u015f\u00fcl\u00fcyor -","isPartOf":{"@id":"https:\/\/kibrisdakik.com\/#website"},"primaryImageOfPage":{"@id":"https:\/\/kibrisdakik.com\/?p=70188#primaryimage"},"image":{"@id":"https:\/\/kibrisdakik.com\/?p=70188#primaryimage"},"thumbnailUrl":"https:\/\/kibrisdakik.com\/wp-content\/uploads\/2023\/02\/saglik-bakanligi-4-740x390.jpg","datePublished":"2024-11-27T03:44:50+00:00","author":{"@id":"https:\/\/kibrisdakik.com\/#\/schema\/person\/9cd9d437bbb44f72b73ba127e06d8e79"},"breadcrumb":{"@id":"https:\/\/kibrisdakik.com\/?p=70188#breadcrumb"},"inLanguage":"tr","potentialAction":[{"@type":"ReadAction","target":["https:\/\/kibrisdakik.com\/?p=70188"]}]},{"@type":"ImageObject","inLanguage":"tr","@id":"https:\/\/kibrisdakik.com\/?p=70188#primaryimage","url":"https:\/\/kibrisdakik.com\/wp-content\/uploads\/2023\/02\/saglik-bakanligi-4-740x390.jpg","contentUrl":"https:\/\/kibrisdakik.com\/wp-content\/uploads\/2023\/02\/saglik-bakanligi-4-740x390.jpg","width":930,"height":390},{"@type":"BreadcrumbList","@id":"https:\/\/kibrisdakik.com\/?p=70188#breadcrumb","itemListElement":[{"@type":"ListItem","position":1,"name":"Home","item":"https:\/\/kibrisdakik.com\/"},{"@type":"ListItem","position":2,"name":"Komitede Sa\u011fl\u0131k Bakanl\u0131\u011f\u0131 b\u00fct\u00e7esi g\u00f6r\u00fc\u015f\u00fcl\u00fcyor"}]},{"@type":"WebSite","@id":"https:\/\/kibrisdakik.com\/#website","url":"https:\/\/kibrisdakik.com\/","name":"","description":"Tam vaktinde haber","potentialAction":[{"@type":"SearchAction","target":{"@type":"EntryPoint","urlTemplate":"https:\/\/kibrisdakik.com\/?s={search_term_string}"},"query-input":{"@type":"PropertyValueSpecification","valueRequired":true,"valueName":"search_term_string"}}],"inLanguage":"tr"},{"@type":"Person","@id":"https:\/\/kibrisdakik.com\/#\/schema\/person\/9cd9d437bbb44f72b73ba127e06d8e79","name":"admin","image":{"@type":"ImageObject","inLanguage":"tr","@id":"https:\/\/secure.gravatar.com\/avatar\/ccc17943b9d660506c869530f897617f7cb1c21a4bf30023f252596d83e1f007?s=96&d=mm&r=g","url":"https:\/\/secure.gravatar.com\/avatar\/ccc17943b9d660506c869530f897617f7cb1c21a4bf30023f252596d83e1f007?s=96&d=mm&r=g","contentUrl":"https:\/\/secure.gravatar.com\/avatar\/ccc17943b9d660506c869530f897617f7cb1c21a4bf30023f252596d83e1f007?s=96&d=mm&r=g","caption":"admin"},"sameAs":["https:\/\/kibrisdakik.com"],"url":"https:\/\/kibrisdakik.com\/?author=1"}]}},"_links":{"self":[{"href":"https:\/\/kibrisdakik.com\/index.php?rest_route=\/wp\/v2\/posts\/70188","targetHints":{"allow":["GET"]}}],"collection":[{"href":"https:\/\/kibrisdakik.com\/index.php?rest_route=\/wp\/v2\/posts"}],"about":[{"href":"https:\/\/kibrisdakik.com\/index.php?rest_route=\/wp\/v2\/types\/post"}],"author":[{"embeddable":true,"href":"https:\/\/kibrisdakik.com\/index.php?rest_route=\/wp\/v2\/users\/1"}],"replies":[{"embeddable":true,"href":"https:\/\/kibrisdakik.com\/index.php?rest_route=%2Fwp%2Fv2%2Fcomments&post=70188"}],"version-history":[{"count":0,"href":"https:\/\/kibrisdakik.com\/index.php?rest_route=\/wp\/v2\/posts\/70188\/revisions"}],"wp:featuredmedia":[{"embeddable":true,"href":"https:\/\/kibrisdakik.com\/index.php?rest_route=\/wp\/v2\/media\/1887"}],"wp:attachment":[{"href":"https:\/\/kibrisdakik.com\/index.php?rest_route=%2Fwp%2Fv2%2Fmedia&parent=70188"}],"wp:term":[{"taxonomy":"category","embeddable":true,"href":"https:\/\/kibrisdakik.com\/index.php?rest_route=%2Fwp%2Fv2%2Fcategories&post=70188"},{"taxonomy":"post_tag","embeddable":true,"href":"https:\/\/kibrisdakik.com\/index.php?rest_route=%2Fwp%2Fv2%2Ftags&post=70188"}],"curies":[{"name":"wp","href":"https:\/\/api.w.org\/{rel}","templated":true}]}}