{"id":70203,"date":"2024-11-27T13:23:39","date_gmt":"2024-11-27T10:23:39","guid":{"rendered":"https:\/\/kibrisdakik.com\/index.php\/2024\/11\/27\/erhurman-brtde-katildigi-programda-degerlendirmelerde-bulundu-bu-ulkeyi-yonetmeye-talibiz\/"},"modified":"2024-11-27T13:23:39","modified_gmt":"2024-11-27T10:23:39","slug":"erhurman-brtde-katildigi-programda-degerlendirmelerde-bulundu-bu-ulkeyi-yonetmeye-talibiz","status":"publish","type":"post","link":"https:\/\/kibrisdakik.com\/?p=70203","title":{"rendered":"Erh\u00fcrman BRT\u2019de kat\u0131ld\u0131\u011f\u0131 programda de\u011ferlendirmelerde bulundu: \u201cBu \u00fclkeyi y\u00f6netmeye talibiz\u201d"},"content":{"rendered":"<div>\n<div class=\"mariselle-image-container center\">\n                                            <\/div>\n<p>\tCumhuriyet\u00e7i T\u00fcrk Partisi Genel Ba\u015fkan\u0131 Tufan Erh\u00fcrman, BRT\u2019de yay\u0131nlanan Man\u015fet+ program\u0131na kat\u0131larak erken se\u00e7im \u00e7a\u011fr\u0131lar\u0131na ve \u00fclkenin genel durumuna dair de\u011ferlendirmelerde bulundu.<\/p>\n<p>Erh\u00fcrman, Yeniden Do\u011fu\u015f Partisi Genel Ba\u015fkan\u0131 Erhan Ar\u0131kl\u0131\u2019n\u0131n erken se\u00e7im \u00e7a\u011fr\u0131s\u0131na dikkat \u00e7ekerek, \u201cBu \u00fclkede \u00e7ok koalisyon h\u00fck\u00fcmeti g\u00f6rd\u00fck. Ama ilk kez bir koalisyon orta\u011f\u0131, a\u00e7\u0131k\u00e7a erken se\u00e7im talep ediyor\u201d dedi.<\/p>\n<p>\tErh\u00fcrman, YDP Genel Ba\u015fkan\u0131, Bay\u0131nd\u0131rl\u0131k ve Ula\u015ft\u0131rma Bakan\u0131 Erhan Ar\u0131kl\u0131\u2019n\u0131n 2025\u2019e yeni bir h\u00fck\u00fcmetle girilmesi gerekti\u011fini s\u00f6yledi\u011fini, ancak UBP\u2019den hi\u00e7bir tepki gelmedi\u011fini belirterek, Meclis\u2019te ya\u015fananlar\u0131n, h\u00fck\u00fcmetin kendi i\u00e7indeki krizin bir foto\u011fraf\u0131 oldu\u011funu \u00f6ne s\u00fcrd\u00fc.<\/p>\n<p>\tCTP\u2019nin erken se\u00e7im talebi ve ivedilik taleplerinin net oldu\u011funu vurgulayan Erh\u00fcrman, \u201cBu \u00fclkeyi y\u00f6netmeye talibiz. CTP, tek ba\u015f\u0131na iktidar hedefiyle yoldad\u0131r ve bu \u00fclkeyi y\u00f6netece\u011fi kesindir\u201d diye konu\u015ftu. <\/p>\n<p>\t\u00dclke ekonomisindeki s\u0131k\u0131nt\u0131lara da de\u011finen Erh\u00fcrman, \u00f6zellikle in\u015faat, turizm ve y\u00fcksek\u00f6\u011fretim sekt\u00f6rlerinde gerileme ya\u015fand\u0131\u011f\u0131n\u0131 belirtti ve mevcut h\u00fck\u00fcmetin sorunlar\u0131 \u00e7\u00f6zmekten uzak oldu\u011funu iddia etti.<\/p>\n<p>Erh\u00fcrman \u201c29 milletvekili deste\u011fi oldu\u011funu iddia eden bir yap\u0131 var. \u00dclkeyi y\u00f6netemeyen bir yap\u0131 var. Uzatmalara oynuyorlar ama bu uzatmalar halk\u0131n zaman\u0131n\u0131 \u00e7almaktan ba\u015fka bir i\u015fe yaram\u0131yor. 2025 b\u00fct\u00e7esi bu \u015fekilde s\u00fcrd\u00fcr\u00fclemez. N\u00fcfus say\u0131m\u0131 ve n\u00fcfus politikas\u0131 konusunda da 3 y\u0131ld\u0131r ad\u0131m atmayan bu \u201ch\u00fck\u00fcmet\u201d, art\u0131k \u00fclkenin yakas\u0131ndan d\u00fc\u015fmelidir.\u201d diye konu\u015ftu.<\/p>\n<p>K\u0131br\u0131s konusuna da de\u011finen Erh\u00fcrman, \u00e7ok tarafl\u0131 g\u00f6r\u00fc\u015fmelerin olumlu bir ad\u0131m oldu\u011funu ancak K\u0131br\u0131s T\u00fcrk halk\u0131n\u0131n \u00f6zne olma kapasitesini kaybetmekte oldu\u011funu ifade etti.<\/p>\n<p>CTP olarak masaya oturmaya haz\u0131r olduklar\u0131n\u0131 ancak bu kez stat\u00fckoya d\u00f6n\u00fc\u015f olmayaca\u011f\u0131n\u0131 s\u00f6yleyen Erh\u00fcrman, \u201cSiyasi e\u015fitli\u011fi \u00f6nceden kabul edeceksiniz, takvimli oturaca\u011f\u0131z ve senelerce s\u00fcr\u00fcnmeyece\u011fiz. Yine kar\u015f\u0131 taraf\u0131n ayak s\u00fcr\u00fcmesiyle masa devrilirse, bu stat\u00fckoya d\u00f6n\u00fc\u015f\u00fc kabul etmiyoruz.\u201d<\/p>\n<\/p><\/div>\n<p><script async\n                    defer\n                    crossorigin=\"anonymous\"\n                    src=\"https:\/\/connect.facebook.net\/tr_TR\/sdk.js#xfbml=1&#038;version=v3.3\"\n            ><\/script><\/p>\n","protected":false},"excerpt":{"rendered":"<p>Cumhuriyet\u00e7i T\u00fcrk Partisi Genel Ba\u015fkan\u0131 Tufan Erh\u00fcrman, BRT\u2019de yay\u0131nlanan Man\u015fet+ program\u0131na kat\u0131larak erken se\u00e7im \u00e7a\u011fr\u0131lar\u0131na ve \u00fclkenin genel durumuna dair de\u011ferlendirmelerde bulundu. Erh\u00fcrman, Yeniden Do\u011fu\u015f Partisi Genel Ba\u015fkan\u0131 Erhan Ar\u0131kl\u0131\u2019n\u0131n erken se\u00e7im \u00e7a\u011fr\u0131s\u0131na dikkat \u00e7ekerek, \u201cBu \u00fclkede \u00e7ok koalisyon h\u00fck\u00fcmeti g\u00f6rd\u00fck. Ama ilk kez bir koalisyon orta\u011f\u0131, a\u00e7\u0131k\u00e7a erken se\u00e7im talep ediyor\u201d dedi. Erh\u00fcrman, YDP<\/p>\n","protected":false},"author":1,"featured_media":70204,"comment_status":"open","ping_status":"open","sticky":false,"template":"","format":"standard","meta":{"footnotes":""},"categories":[81],"tags":[],"class_list":["post-70203","post","type-post","status-publish","format-standard","has-post-thumbnail","hentry","category-kibris"],"yoast_head":"<!-- This site is optimized with the Yoast SEO plugin v27.4 - https:\/\/yoast.com\/product\/yoast-seo-wordpress\/ -->\n<title>Erh\u00fcrman BRT\u2019de kat\u0131ld\u0131\u011f\u0131 programda de\u011ferlendirmelerde bulundu: \u201cBu \u00fclkeyi y\u00f6netmeye talibiz\u201d -<\/title>\n<meta name=\"robots\" content=\"index, follow, max-snippet:-1, max-image-preview:large, max-video-preview:-1\" \/>\n<link rel=\"canonical\" href=\"https:\/\/kibrisdakik.com\/?p=70203\" \/>\n<meta property=\"og:locale\" content=\"tr_TR\" \/>\n<meta property=\"og:type\" content=\"article\" \/>\n<meta property=\"og:title\" content=\"Erh\u00fcrman BRT\u2019de kat\u0131ld\u0131\u011f\u0131 programda de\u011ferlendirmelerde bulundu: \u201cBu \u00fclkeyi y\u00f6netmeye talibiz\u201d -\" \/>\n<meta property=\"og:description\" content=\"Cumhuriyet\u00e7i T\u00fcrk Partisi Genel Ba\u015fkan\u0131 Tufan Erh\u00fcrman, BRT\u2019de yay\u0131nlanan Man\u015fet+ program\u0131na kat\u0131larak erken se\u00e7im \u00e7a\u011fr\u0131lar\u0131na ve \u00fclkenin genel durumuna dair de\u011ferlendirmelerde bulundu. Erh\u00fcrman, Yeniden Do\u011fu\u015f Partisi Genel Ba\u015fkan\u0131 Erhan Ar\u0131kl\u0131\u2019n\u0131n erken se\u00e7im \u00e7a\u011fr\u0131s\u0131na dikkat \u00e7ekerek, \u201cBu \u00fclkede \u00e7ok koalisyon h\u00fck\u00fcmeti g\u00f6rd\u00fck. Ama ilk kez bir koalisyon orta\u011f\u0131, a\u00e7\u0131k\u00e7a erken se\u00e7im talep ediyor\u201d dedi. Erh\u00fcrman, YDP\" \/>\n<meta property=\"og:url\" content=\"https:\/\/kibrisdakik.com\/?p=70203\" \/>\n<meta property=\"article:published_time\" content=\"2024-11-27T10:23:39+00:00\" \/>\n<meta property=\"og:image\" content=\"https:\/\/kibrisdakik.com\/wp-content\/uploads\/2024\/11\/Screenshot_20241127_123011_YouTube-740x420.jpg\" \/>\n\t<meta property=\"og:image:width\" content=\"1080\" \/>\n\t<meta property=\"og:image:height\" content=\"459\" \/>\n\t<meta property=\"og:image:type\" content=\"image\/jpeg\" \/>\n<meta name=\"author\" content=\"admin\" \/>\n<meta name=\"twitter:card\" content=\"summary_large_image\" \/>\n<meta name=\"twitter:label1\" content=\"Yazan:\" \/>\n\t<meta name=\"twitter:data1\" content=\"admin\" \/>\n\t<meta name=\"twitter:label2\" content=\"Tahmini okuma s\u00fcresi\" \/>\n\t<meta name=\"twitter:data2\" content=\"2 dakika\" \/>\n<script type=\"application\/ld+json\" class=\"yoast-schema-graph\">{\"@context\":\"https:\\\/\\\/schema.org\",\"@graph\":[{\"@type\":\"Article\",\"@id\":\"https:\\\/\\\/kibrisdakik.com\\\/?p=70203#article\",\"isPartOf\":{\"@id\":\"https:\\\/\\\/kibrisdakik.com\\\/?p=70203\"},\"author\":{\"name\":\"admin\",\"@id\":\"https:\\\/\\\/kibrisdakik.com\\\/#\\\/schema\\\/person\\\/9cd9d437bbb44f72b73ba127e06d8e79\"},\"headline\":\"Erh\u00fcrman BRT\u2019de kat\u0131ld\u0131\u011f\u0131 programda de\u011ferlendirmelerde bulundu: \u201cBu \u00fclkeyi y\u00f6netmeye talibiz\u201d\",\"datePublished\":\"2024-11-27T10:23:39+00:00\",\"mainEntityOfPage\":{\"@id\":\"https:\\\/\\\/kibrisdakik.com\\\/?p=70203\"},\"wordCount\":401,\"commentCount\":0,\"image\":{\"@id\":\"https:\\\/\\\/kibrisdakik.com\\\/?p=70203#primaryimage\"},\"thumbnailUrl\":\"https:\\\/\\\/kibrisdakik.com\\\/wp-content\\\/uploads\\\/2024\\\/11\\\/Screenshot_20241127_123011_YouTube-740x420.jpg\",\"articleSection\":[\"K\u0131br\u0131s\"],\"inLanguage\":\"tr\",\"potentialAction\":[{\"@type\":\"CommentAction\",\"name\":\"Comment\",\"target\":[\"https:\\\/\\\/kibrisdakik.com\\\/?p=70203#respond\"]}]},{\"@type\":\"WebPage\",\"@id\":\"https:\\\/\\\/kibrisdakik.com\\\/?p=70203\",\"url\":\"https:\\\/\\\/kibrisdakik.com\\\/?p=70203\",\"name\":\"Erh\u00fcrman BRT\u2019de kat\u0131ld\u0131\u011f\u0131 programda de\u011ferlendirmelerde bulundu: \u201cBu \u00fclkeyi y\u00f6netmeye talibiz\u201d -\",\"isPartOf\":{\"@id\":\"https:\\\/\\\/kibrisdakik.com\\\/#website\"},\"primaryImageOfPage\":{\"@id\":\"https:\\\/\\\/kibrisdakik.com\\\/?p=70203#primaryimage\"},\"image\":{\"@id\":\"https:\\\/\\\/kibrisdakik.com\\\/?p=70203#primaryimage\"},\"thumbnailUrl\":\"https:\\\/\\\/kibrisdakik.com\\\/wp-content\\\/uploads\\\/2024\\\/11\\\/Screenshot_20241127_123011_YouTube-740x420.jpg\",\"datePublished\":\"2024-11-27T10:23:39+00:00\",\"author\":{\"@id\":\"https:\\\/\\\/kibrisdakik.com\\\/#\\\/schema\\\/person\\\/9cd9d437bbb44f72b73ba127e06d8e79\"},\"breadcrumb\":{\"@id\":\"https:\\\/\\\/kibrisdakik.com\\\/?p=70203#breadcrumb\"},\"inLanguage\":\"tr\",\"potentialAction\":[{\"@type\":\"ReadAction\",\"target\":[\"https:\\\/\\\/kibrisdakik.com\\\/?p=70203\"]}]},{\"@type\":\"ImageObject\",\"inLanguage\":\"tr\",\"@id\":\"https:\\\/\\\/kibrisdakik.com\\\/?p=70203#primaryimage\",\"url\":\"https:\\\/\\\/kibrisdakik.com\\\/wp-content\\\/uploads\\\/2024\\\/11\\\/Screenshot_20241127_123011_YouTube-740x420.jpg\",\"contentUrl\":\"https:\\\/\\\/kibrisdakik.com\\\/wp-content\\\/uploads\\\/2024\\\/11\\\/Screenshot_20241127_123011_YouTube-740x420.jpg\",\"width\":1080,\"height\":459},{\"@type\":\"BreadcrumbList\",\"@id\":\"https:\\\/\\\/kibrisdakik.com\\\/?p=70203#breadcrumb\",\"itemListElement\":[{\"@type\":\"ListItem\",\"position\":1,\"name\":\"Home\",\"item\":\"https:\\\/\\\/kibrisdakik.com\\\/\"},{\"@type\":\"ListItem\",\"position\":2,\"name\":\"Erh\u00fcrman BRT\u2019de kat\u0131ld\u0131\u011f\u0131 programda de\u011ferlendirmelerde bulundu: \u201cBu \u00fclkeyi y\u00f6netmeye talibiz\u201d\"}]},{\"@type\":\"WebSite\",\"@id\":\"https:\\\/\\\/kibrisdakik.com\\\/#website\",\"url\":\"https:\\\/\\\/kibrisdakik.com\\\/\",\"name\":\"\",\"description\":\"Tam vaktinde haber\",\"potentialAction\":[{\"@type\":\"SearchAction\",\"target\":{\"@type\":\"EntryPoint\",\"urlTemplate\":\"https:\\\/\\\/kibrisdakik.com\\\/?s={search_term_string}\"},\"query-input\":{\"@type\":\"PropertyValueSpecification\",\"valueRequired\":true,\"valueName\":\"search_term_string\"}}],\"inLanguage\":\"tr\"},{\"@type\":\"Person\",\"@id\":\"https:\\\/\\\/kibrisdakik.com\\\/#\\\/schema\\\/person\\\/9cd9d437bbb44f72b73ba127e06d8e79\",\"name\":\"admin\",\"image\":{\"@type\":\"ImageObject\",\"inLanguage\":\"tr\",\"@id\":\"https:\\\/\\\/secure.gravatar.com\\\/avatar\\\/ccc17943b9d660506c869530f897617f7cb1c21a4bf30023f252596d83e1f007?s=96&d=mm&r=g\",\"url\":\"https:\\\/\\\/secure.gravatar.com\\\/avatar\\\/ccc17943b9d660506c869530f897617f7cb1c21a4bf30023f252596d83e1f007?s=96&d=mm&r=g\",\"contentUrl\":\"https:\\\/\\\/secure.gravatar.com\\\/avatar\\\/ccc17943b9d660506c869530f897617f7cb1c21a4bf30023f252596d83e1f007?s=96&d=mm&r=g\",\"caption\":\"admin\"},\"sameAs\":[\"https:\\\/\\\/kibrisdakik.com\"],\"url\":\"https:\\\/\\\/kibrisdakik.com\\\/?author=1\"}]}<\/script>\n<!-- \/ Yoast SEO plugin. -->","yoast_head_json":{"title":"Erh\u00fcrman BRT\u2019de kat\u0131ld\u0131\u011f\u0131 programda de\u011ferlendirmelerde bulundu: \u201cBu \u00fclkeyi y\u00f6netmeye talibiz\u201d -","robots":{"index":"index","follow":"follow","max-snippet":"max-snippet:-1","max-image-preview":"max-image-preview:large","max-video-preview":"max-video-preview:-1"},"canonical":"https:\/\/kibrisdakik.com\/?p=70203","og_locale":"tr_TR","og_type":"article","og_title":"Erh\u00fcrman BRT\u2019de kat\u0131ld\u0131\u011f\u0131 programda de\u011ferlendirmelerde bulundu: \u201cBu \u00fclkeyi y\u00f6netmeye talibiz\u201d -","og_description":"Cumhuriyet\u00e7i T\u00fcrk Partisi Genel Ba\u015fkan\u0131 Tufan Erh\u00fcrman, BRT\u2019de yay\u0131nlanan Man\u015fet+ program\u0131na kat\u0131larak erken se\u00e7im \u00e7a\u011fr\u0131lar\u0131na ve \u00fclkenin genel durumuna dair de\u011ferlendirmelerde bulundu. Erh\u00fcrman, Yeniden Do\u011fu\u015f Partisi Genel Ba\u015fkan\u0131 Erhan Ar\u0131kl\u0131\u2019n\u0131n erken se\u00e7im \u00e7a\u011fr\u0131s\u0131na dikkat \u00e7ekerek, \u201cBu \u00fclkede \u00e7ok koalisyon h\u00fck\u00fcmeti g\u00f6rd\u00fck. Ama ilk kez bir koalisyon orta\u011f\u0131, a\u00e7\u0131k\u00e7a erken se\u00e7im talep ediyor\u201d dedi. Erh\u00fcrman, YDP","og_url":"https:\/\/kibrisdakik.com\/?p=70203","article_published_time":"2024-11-27T10:23:39+00:00","og_image":[{"width":1080,"height":459,"url":"https:\/\/kibrisdakik.com\/wp-content\/uploads\/2024\/11\/Screenshot_20241127_123011_YouTube-740x420.jpg","type":"image\/jpeg"}],"author":"admin","twitter_card":"summary_large_image","twitter_misc":{"Yazan:":"admin","Tahmini okuma s\u00fcresi":"2 dakika"},"schema":{"@context":"https:\/\/schema.org","@graph":[{"@type":"Article","@id":"https:\/\/kibrisdakik.com\/?p=70203#article","isPartOf":{"@id":"https:\/\/kibrisdakik.com\/?p=70203"},"author":{"name":"admin","@id":"https:\/\/kibrisdakik.com\/#\/schema\/person\/9cd9d437bbb44f72b73ba127e06d8e79"},"headline":"Erh\u00fcrman BRT\u2019de kat\u0131ld\u0131\u011f\u0131 programda de\u011ferlendirmelerde bulundu: \u201cBu \u00fclkeyi y\u00f6netmeye talibiz\u201d","datePublished":"2024-11-27T10:23:39+00:00","mainEntityOfPage":{"@id":"https:\/\/kibrisdakik.com\/?p=70203"},"wordCount":401,"commentCount":0,"image":{"@id":"https:\/\/kibrisdakik.com\/?p=70203#primaryimage"},"thumbnailUrl":"https:\/\/kibrisdakik.com\/wp-content\/uploads\/2024\/11\/Screenshot_20241127_123011_YouTube-740x420.jpg","articleSection":["K\u0131br\u0131s"],"inLanguage":"tr","potentialAction":[{"@type":"CommentAction","name":"Comment","target":["https:\/\/kibrisdakik.com\/?p=70203#respond"]}]},{"@type":"WebPage","@id":"https:\/\/kibrisdakik.com\/?p=70203","url":"https:\/\/kibrisdakik.com\/?p=70203","name":"Erh\u00fcrman BRT\u2019de kat\u0131ld\u0131\u011f\u0131 programda de\u011ferlendirmelerde bulundu: \u201cBu \u00fclkeyi y\u00f6netmeye talibiz\u201d -","isPartOf":{"@id":"https:\/\/kibrisdakik.com\/#website"},"primaryImageOfPage":{"@id":"https:\/\/kibrisdakik.com\/?p=70203#primaryimage"},"image":{"@id":"https:\/\/kibrisdakik.com\/?p=70203#primaryimage"},"thumbnailUrl":"https:\/\/kibrisdakik.com\/wp-content\/uploads\/2024\/11\/Screenshot_20241127_123011_YouTube-740x420.jpg","datePublished":"2024-11-27T10:23:39+00:00","author":{"@id":"https:\/\/kibrisdakik.com\/#\/schema\/person\/9cd9d437bbb44f72b73ba127e06d8e79"},"breadcrumb":{"@id":"https:\/\/kibrisdakik.com\/?p=70203#breadcrumb"},"inLanguage":"tr","potentialAction":[{"@type":"ReadAction","target":["https:\/\/kibrisdakik.com\/?p=70203"]}]},{"@type":"ImageObject","inLanguage":"tr","@id":"https:\/\/kibrisdakik.com\/?p=70203#primaryimage","url":"https:\/\/kibrisdakik.com\/wp-content\/uploads\/2024\/11\/Screenshot_20241127_123011_YouTube-740x420.jpg","contentUrl":"https:\/\/kibrisdakik.com\/wp-content\/uploads\/2024\/11\/Screenshot_20241127_123011_YouTube-740x420.jpg","width":1080,"height":459},{"@type":"BreadcrumbList","@id":"https:\/\/kibrisdakik.com\/?p=70203#breadcrumb","itemListElement":[{"@type":"ListItem","position":1,"name":"Home","item":"https:\/\/kibrisdakik.com\/"},{"@type":"ListItem","position":2,"name":"Erh\u00fcrman BRT\u2019de kat\u0131ld\u0131\u011f\u0131 programda de\u011ferlendirmelerde bulundu: \u201cBu \u00fclkeyi y\u00f6netmeye talibiz\u201d"}]},{"@type":"WebSite","@id":"https:\/\/kibrisdakik.com\/#website","url":"https:\/\/kibrisdakik.com\/","name":"","description":"Tam vaktinde haber","potentialAction":[{"@type":"SearchAction","target":{"@type":"EntryPoint","urlTemplate":"https:\/\/kibrisdakik.com\/?s={search_term_string}"},"query-input":{"@type":"PropertyValueSpecification","valueRequired":true,"valueName":"search_term_string"}}],"inLanguage":"tr"},{"@type":"Person","@id":"https:\/\/kibrisdakik.com\/#\/schema\/person\/9cd9d437bbb44f72b73ba127e06d8e79","name":"admin","image":{"@type":"ImageObject","inLanguage":"tr","@id":"https:\/\/secure.gravatar.com\/avatar\/ccc17943b9d660506c869530f897617f7cb1c21a4bf30023f252596d83e1f007?s=96&d=mm&r=g","url":"https:\/\/secure.gravatar.com\/avatar\/ccc17943b9d660506c869530f897617f7cb1c21a4bf30023f252596d83e1f007?s=96&d=mm&r=g","contentUrl":"https:\/\/secure.gravatar.com\/avatar\/ccc17943b9d660506c869530f897617f7cb1c21a4bf30023f252596d83e1f007?s=96&d=mm&r=g","caption":"admin"},"sameAs":["https:\/\/kibrisdakik.com"],"url":"https:\/\/kibrisdakik.com\/?author=1"}]}},"_links":{"self":[{"href":"https:\/\/kibrisdakik.com\/index.php?rest_route=\/wp\/v2\/posts\/70203","targetHints":{"allow":["GET"]}}],"collection":[{"href":"https:\/\/kibrisdakik.com\/index.php?rest_route=\/wp\/v2\/posts"}],"about":[{"href":"https:\/\/kibrisdakik.com\/index.php?rest_route=\/wp\/v2\/types\/post"}],"author":[{"embeddable":true,"href":"https:\/\/kibrisdakik.com\/index.php?rest_route=\/wp\/v2\/users\/1"}],"replies":[{"embeddable":true,"href":"https:\/\/kibrisdakik.com\/index.php?rest_route=%2Fwp%2Fv2%2Fcomments&post=70203"}],"version-history":[{"count":0,"href":"https:\/\/kibrisdakik.com\/index.php?rest_route=\/wp\/v2\/posts\/70203\/revisions"}],"wp:featuredmedia":[{"embeddable":true,"href":"https:\/\/kibrisdakik.com\/index.php?rest_route=\/wp\/v2\/media\/70204"}],"wp:attachment":[{"href":"https:\/\/kibrisdakik.com\/index.php?rest_route=%2Fwp%2Fv2%2Fmedia&parent=70203"}],"wp:term":[{"taxonomy":"category","embeddable":true,"href":"https:\/\/kibrisdakik.com\/index.php?rest_route=%2Fwp%2Fv2%2Fcategories&post=70203"},{"taxonomy":"post_tag","embeddable":true,"href":"https:\/\/kibrisdakik.com\/index.php?rest_route=%2Fwp%2Fv2%2Ftags&post=70203"}],"curies":[{"name":"wp","href":"https:\/\/api.w.org\/{rel}","templated":true}]}}