{"id":70210,"date":"2024-11-27T14:23:04","date_gmt":"2024-11-27T11:23:04","guid":{"rendered":"https:\/\/kibrisdakik.com\/index.php\/2024\/11\/27\/ctp-genclik-orgutu-lefkosa-ilcesinin-federasyon-sohbetleri-etkinligi-yapildi\/"},"modified":"2024-11-27T14:23:04","modified_gmt":"2024-11-27T11:23:04","slug":"ctp-genclik-orgutu-lefkosa-ilcesinin-federasyon-sohbetleri-etkinligi-yapildi","status":"publish","type":"post","link":"https:\/\/kibrisdakik.com\/?p=70210","title":{"rendered":"CTP Gen\u00e7lik \u00d6rg\u00fct\u00fc Lefko\u015fa \u0130l\u00e7esi\u2019nin \u201cFederasyon Sohbetleri\u201d etkinli\u011fi yap\u0131ld\u0131"},"content":{"rendered":"<div>\n<div class=\"mariselle-image-container center\">\n                                            <\/div>\n<p>\nCumhuriyet\u00e7i T\u00fcrk Partisi (CTP) Gen\u00e7lik \u00d6rg\u00fct\u00fc Lefko\u015fa \u0130l\u00e7esi taraf\u0131ndan d\u00fczenlenen \u201cFederasyon Sohbetleri\u201d etkinli\u011fi, d\u00fcn Naci Talat Vakf\u0131\u2019nda yap\u0131ld\u0131.<\/p>\n<p>Partiden yap\u0131lan a\u00e7\u0131klamaya g\u00f6re CTP Genel Ba\u015fkan\u0131 Tufan Erh\u00fcrman\u2019\u0131n konu\u015fmac\u0131 oldu\u011fu etkinlikte, kat\u0131l\u0131mc\u0131lar\u0131n K\u0131br\u0131s sorununun \u00e7\u00f6z\u00fcm\u00fcnde federasyon modeline dair bilgiler edinme ve s\u00fcre\u00e7le ilgili sorular\u0131n\u0131 y\u00f6neltme f\u0131rsat\u0131 buldu\u011fu belirtildi.<\/p>\n<p>CTP Gen\u00e7lik \u00d6rg\u00fct\u00fc\u2019n\u00fcn, K\u0131br\u0131s\u2019ta \u00e7\u00f6z\u00fcm konusundaki fark\u0131ndal\u0131\u011f\u0131 art\u0131rmaya y\u00f6nelik etkinliklerinin devam edece\u011fi de kaydedildi.<\/p>\n<\/p><\/div>\n<p><script async\n                    defer\n                    crossorigin=\"anonymous\"\n                    src=\"https:\/\/connect.facebook.net\/tr_TR\/sdk.js#xfbml=1&#038;version=v3.3\"\n            ><\/script><\/p>\n","protected":false},"excerpt":{"rendered":"<p>Cumhuriyet\u00e7i T\u00fcrk Partisi (CTP) Gen\u00e7lik \u00d6rg\u00fct\u00fc Lefko\u015fa \u0130l\u00e7esi taraf\u0131ndan d\u00fczenlenen \u201cFederasyon Sohbetleri\u201d etkinli\u011fi, d\u00fcn Naci Talat Vakf\u0131\u2019nda yap\u0131ld\u0131. Partiden yap\u0131lan a\u00e7\u0131klamaya g\u00f6re CTP Genel Ba\u015fkan\u0131 Tufan Erh\u00fcrman\u2019\u0131n konu\u015fmac\u0131 oldu\u011fu etkinlikte, kat\u0131l\u0131mc\u0131lar\u0131n K\u0131br\u0131s sorununun \u00e7\u00f6z\u00fcm\u00fcnde federasyon modeline dair bilgiler edinme ve s\u00fcre\u00e7le ilgili sorular\u0131n\u0131 y\u00f6neltme f\u0131rsat\u0131 buldu\u011fu belirtildi. CTP Gen\u00e7lik \u00d6rg\u00fct\u00fc\u2019n\u00fcn, K\u0131br\u0131s\u2019ta \u00e7\u00f6z\u00fcm konusundaki fark\u0131ndal\u0131\u011f\u0131 art\u0131rmaya<\/p>\n","protected":false},"author":1,"featured_media":70211,"comment_status":"open","ping_status":"open","sticky":false,"template":"","format":"standard","meta":{"footnotes":""},"categories":[81],"tags":[],"class_list":["post-70210","post","type-post","status-publish","format-standard","has-post-thumbnail","hentry","category-kibris"],"yoast_head":"<!-- This site is optimized with the Yoast SEO plugin v27.5 - https:\/\/yoast.com\/product\/yoast-seo-wordpress\/ -->\n<title>CTP Gen\u00e7lik \u00d6rg\u00fct\u00fc Lefko\u015fa \u0130l\u00e7esi\u2019nin \u201cFederasyon Sohbetleri\u201d etkinli\u011fi yap\u0131ld\u0131 -<\/title>\n<meta name=\"robots\" content=\"index, follow, max-snippet:-1, max-image-preview:large, max-video-preview:-1\" \/>\n<link rel=\"canonical\" href=\"https:\/\/kibrisdakik.com\/?p=70210\" \/>\n<meta property=\"og:locale\" content=\"tr_TR\" \/>\n<meta property=\"og:type\" content=\"article\" \/>\n<meta property=\"og:title\" content=\"CTP Gen\u00e7lik \u00d6rg\u00fct\u00fc Lefko\u015fa \u0130l\u00e7esi\u2019nin \u201cFederasyon Sohbetleri\u201d etkinli\u011fi yap\u0131ld\u0131 -\" \/>\n<meta property=\"og:description\" content=\"Cumhuriyet\u00e7i T\u00fcrk Partisi (CTP) Gen\u00e7lik \u00d6rg\u00fct\u00fc Lefko\u015fa \u0130l\u00e7esi taraf\u0131ndan d\u00fczenlenen \u201cFederasyon Sohbetleri\u201d etkinli\u011fi, d\u00fcn Naci Talat Vakf\u0131\u2019nda yap\u0131ld\u0131. Partiden yap\u0131lan a\u00e7\u0131klamaya g\u00f6re CTP Genel Ba\u015fkan\u0131 Tufan Erh\u00fcrman\u2019\u0131n konu\u015fmac\u0131 oldu\u011fu etkinlikte, kat\u0131l\u0131mc\u0131lar\u0131n K\u0131br\u0131s sorununun \u00e7\u00f6z\u00fcm\u00fcnde federasyon modeline dair bilgiler edinme ve s\u00fcre\u00e7le ilgili sorular\u0131n\u0131 y\u00f6neltme f\u0131rsat\u0131 buldu\u011fu belirtildi. CTP Gen\u00e7lik \u00d6rg\u00fct\u00fc\u2019n\u00fcn, K\u0131br\u0131s\u2019ta \u00e7\u00f6z\u00fcm konusundaki fark\u0131ndal\u0131\u011f\u0131 art\u0131rmaya\" \/>\n<meta property=\"og:url\" content=\"https:\/\/kibrisdakik.com\/?p=70210\" \/>\n<meta property=\"article:published_time\" content=\"2024-11-27T11:23:04+00:00\" \/>\n<meta property=\"og:image\" content=\"https:\/\/kibrisdakik.com\/wp-content\/uploads\/2024\/11\/aga-scaled-740x420.jpg\" \/>\n\t<meta property=\"og:image:width\" content=\"2560\" \/>\n\t<meta property=\"og:image:height\" content=\"1707\" \/>\n\t<meta property=\"og:image:type\" content=\"image\/jpeg\" \/>\n<meta name=\"author\" content=\"admin\" \/>\n<meta name=\"twitter:card\" content=\"summary_large_image\" \/>\n<meta name=\"twitter:label1\" content=\"Yazan:\" \/>\n\t<meta name=\"twitter:data1\" content=\"admin\" \/>\n\t<meta name=\"twitter:label2\" content=\"Tahmini okuma s\u00fcresi\" \/>\n\t<meta name=\"twitter:data2\" content=\"1 dakika\" \/>\n<script type=\"application\/ld+json\" class=\"yoast-schema-graph\">{\"@context\":\"https:\\\/\\\/schema.org\",\"@graph\":[{\"@type\":\"Article\",\"@id\":\"https:\\\/\\\/kibrisdakik.com\\\/?p=70210#article\",\"isPartOf\":{\"@id\":\"https:\\\/\\\/kibrisdakik.com\\\/?p=70210\"},\"author\":{\"name\":\"admin\",\"@id\":\"https:\\\/\\\/kibrisdakik.com\\\/#\\\/schema\\\/person\\\/9cd9d437bbb44f72b73ba127e06d8e79\"},\"headline\":\"CTP Gen\u00e7lik \u00d6rg\u00fct\u00fc Lefko\u015fa \u0130l\u00e7esi\u2019nin \u201cFederasyon Sohbetleri\u201d etkinli\u011fi yap\u0131ld\u0131\",\"datePublished\":\"2024-11-27T11:23:04+00:00\",\"mainEntityOfPage\":{\"@id\":\"https:\\\/\\\/kibrisdakik.com\\\/?p=70210\"},\"wordCount\":123,\"commentCount\":0,\"image\":{\"@id\":\"https:\\\/\\\/kibrisdakik.com\\\/?p=70210#primaryimage\"},\"thumbnailUrl\":\"https:\\\/\\\/kibrisdakik.com\\\/wp-content\\\/uploads\\\/2024\\\/11\\\/aga-scaled-740x420.jpg\",\"articleSection\":[\"K\u0131br\u0131s\"],\"inLanguage\":\"tr\",\"potentialAction\":[{\"@type\":\"CommentAction\",\"name\":\"Comment\",\"target\":[\"https:\\\/\\\/kibrisdakik.com\\\/?p=70210#respond\"]}]},{\"@type\":\"WebPage\",\"@id\":\"https:\\\/\\\/kibrisdakik.com\\\/?p=70210\",\"url\":\"https:\\\/\\\/kibrisdakik.com\\\/?p=70210\",\"name\":\"CTP Gen\u00e7lik \u00d6rg\u00fct\u00fc Lefko\u015fa \u0130l\u00e7esi\u2019nin \u201cFederasyon Sohbetleri\u201d etkinli\u011fi yap\u0131ld\u0131 -\",\"isPartOf\":{\"@id\":\"https:\\\/\\\/kibrisdakik.com\\\/#website\"},\"primaryImageOfPage\":{\"@id\":\"https:\\\/\\\/kibrisdakik.com\\\/?p=70210#primaryimage\"},\"image\":{\"@id\":\"https:\\\/\\\/kibrisdakik.com\\\/?p=70210#primaryimage\"},\"thumbnailUrl\":\"https:\\\/\\\/kibrisdakik.com\\\/wp-content\\\/uploads\\\/2024\\\/11\\\/aga-scaled-740x420.jpg\",\"datePublished\":\"2024-11-27T11:23:04+00:00\",\"author\":{\"@id\":\"https:\\\/\\\/kibrisdakik.com\\\/#\\\/schema\\\/person\\\/9cd9d437bbb44f72b73ba127e06d8e79\"},\"breadcrumb\":{\"@id\":\"https:\\\/\\\/kibrisdakik.com\\\/?p=70210#breadcrumb\"},\"inLanguage\":\"tr\",\"potentialAction\":[{\"@type\":\"ReadAction\",\"target\":[\"https:\\\/\\\/kibrisdakik.com\\\/?p=70210\"]}]},{\"@type\":\"ImageObject\",\"inLanguage\":\"tr\",\"@id\":\"https:\\\/\\\/kibrisdakik.com\\\/?p=70210#primaryimage\",\"url\":\"https:\\\/\\\/kibrisdakik.com\\\/wp-content\\\/uploads\\\/2024\\\/11\\\/aga-scaled-740x420.jpg\",\"contentUrl\":\"https:\\\/\\\/kibrisdakik.com\\\/wp-content\\\/uploads\\\/2024\\\/11\\\/aga-scaled-740x420.jpg\",\"width\":2560,\"height\":1707},{\"@type\":\"BreadcrumbList\",\"@id\":\"https:\\\/\\\/kibrisdakik.com\\\/?p=70210#breadcrumb\",\"itemListElement\":[{\"@type\":\"ListItem\",\"position\":1,\"name\":\"Home\",\"item\":\"https:\\\/\\\/kibrisdakik.com\\\/\"},{\"@type\":\"ListItem\",\"position\":2,\"name\":\"CTP Gen\u00e7lik \u00d6rg\u00fct\u00fc Lefko\u015fa \u0130l\u00e7esi\u2019nin \u201cFederasyon Sohbetleri\u201d etkinli\u011fi yap\u0131ld\u0131\"}]},{\"@type\":\"WebSite\",\"@id\":\"https:\\\/\\\/kibrisdakik.com\\\/#website\",\"url\":\"https:\\\/\\\/kibrisdakik.com\\\/\",\"name\":\"\",\"description\":\"Tam vaktinde haber\",\"potentialAction\":[{\"@type\":\"SearchAction\",\"target\":{\"@type\":\"EntryPoint\",\"urlTemplate\":\"https:\\\/\\\/kibrisdakik.com\\\/?s={search_term_string}\"},\"query-input\":{\"@type\":\"PropertyValueSpecification\",\"valueRequired\":true,\"valueName\":\"search_term_string\"}}],\"inLanguage\":\"tr\"},{\"@type\":\"Person\",\"@id\":\"https:\\\/\\\/kibrisdakik.com\\\/#\\\/schema\\\/person\\\/9cd9d437bbb44f72b73ba127e06d8e79\",\"name\":\"admin\",\"image\":{\"@type\":\"ImageObject\",\"inLanguage\":\"tr\",\"@id\":\"https:\\\/\\\/secure.gravatar.com\\\/avatar\\\/ccc17943b9d660506c869530f897617f7cb1c21a4bf30023f252596d83e1f007?s=96&d=mm&r=g\",\"url\":\"https:\\\/\\\/secure.gravatar.com\\\/avatar\\\/ccc17943b9d660506c869530f897617f7cb1c21a4bf30023f252596d83e1f007?s=96&d=mm&r=g\",\"contentUrl\":\"https:\\\/\\\/secure.gravatar.com\\\/avatar\\\/ccc17943b9d660506c869530f897617f7cb1c21a4bf30023f252596d83e1f007?s=96&d=mm&r=g\",\"caption\":\"admin\"},\"sameAs\":[\"https:\\\/\\\/kibrisdakik.com\"],\"url\":\"https:\\\/\\\/kibrisdakik.com\\\/?author=1\"}]}<\/script>\n<!-- \/ Yoast SEO plugin. -->","yoast_head_json":{"title":"CTP Gen\u00e7lik \u00d6rg\u00fct\u00fc Lefko\u015fa \u0130l\u00e7esi\u2019nin \u201cFederasyon Sohbetleri\u201d etkinli\u011fi yap\u0131ld\u0131 -","robots":{"index":"index","follow":"follow","max-snippet":"max-snippet:-1","max-image-preview":"max-image-preview:large","max-video-preview":"max-video-preview:-1"},"canonical":"https:\/\/kibrisdakik.com\/?p=70210","og_locale":"tr_TR","og_type":"article","og_title":"CTP Gen\u00e7lik \u00d6rg\u00fct\u00fc Lefko\u015fa \u0130l\u00e7esi\u2019nin \u201cFederasyon Sohbetleri\u201d etkinli\u011fi yap\u0131ld\u0131 -","og_description":"Cumhuriyet\u00e7i T\u00fcrk Partisi (CTP) Gen\u00e7lik \u00d6rg\u00fct\u00fc Lefko\u015fa \u0130l\u00e7esi taraf\u0131ndan d\u00fczenlenen \u201cFederasyon Sohbetleri\u201d etkinli\u011fi, d\u00fcn Naci Talat Vakf\u0131\u2019nda yap\u0131ld\u0131. Partiden yap\u0131lan a\u00e7\u0131klamaya g\u00f6re CTP Genel Ba\u015fkan\u0131 Tufan Erh\u00fcrman\u2019\u0131n konu\u015fmac\u0131 oldu\u011fu etkinlikte, kat\u0131l\u0131mc\u0131lar\u0131n K\u0131br\u0131s sorununun \u00e7\u00f6z\u00fcm\u00fcnde federasyon modeline dair bilgiler edinme ve s\u00fcre\u00e7le ilgili sorular\u0131n\u0131 y\u00f6neltme f\u0131rsat\u0131 buldu\u011fu belirtildi. CTP Gen\u00e7lik \u00d6rg\u00fct\u00fc\u2019n\u00fcn, K\u0131br\u0131s\u2019ta \u00e7\u00f6z\u00fcm konusundaki fark\u0131ndal\u0131\u011f\u0131 art\u0131rmaya","og_url":"https:\/\/kibrisdakik.com\/?p=70210","article_published_time":"2024-11-27T11:23:04+00:00","og_image":[{"width":2560,"height":1707,"url":"https:\/\/kibrisdakik.com\/wp-content\/uploads\/2024\/11\/aga-scaled-740x420.jpg","type":"image\/jpeg"}],"author":"admin","twitter_card":"summary_large_image","twitter_misc":{"Yazan:":"admin","Tahmini okuma s\u00fcresi":"1 dakika"},"schema":{"@context":"https:\/\/schema.org","@graph":[{"@type":"Article","@id":"https:\/\/kibrisdakik.com\/?p=70210#article","isPartOf":{"@id":"https:\/\/kibrisdakik.com\/?p=70210"},"author":{"name":"admin","@id":"https:\/\/kibrisdakik.com\/#\/schema\/person\/9cd9d437bbb44f72b73ba127e06d8e79"},"headline":"CTP Gen\u00e7lik \u00d6rg\u00fct\u00fc Lefko\u015fa \u0130l\u00e7esi\u2019nin \u201cFederasyon Sohbetleri\u201d etkinli\u011fi yap\u0131ld\u0131","datePublished":"2024-11-27T11:23:04+00:00","mainEntityOfPage":{"@id":"https:\/\/kibrisdakik.com\/?p=70210"},"wordCount":123,"commentCount":0,"image":{"@id":"https:\/\/kibrisdakik.com\/?p=70210#primaryimage"},"thumbnailUrl":"https:\/\/kibrisdakik.com\/wp-content\/uploads\/2024\/11\/aga-scaled-740x420.jpg","articleSection":["K\u0131br\u0131s"],"inLanguage":"tr","potentialAction":[{"@type":"CommentAction","name":"Comment","target":["https:\/\/kibrisdakik.com\/?p=70210#respond"]}]},{"@type":"WebPage","@id":"https:\/\/kibrisdakik.com\/?p=70210","url":"https:\/\/kibrisdakik.com\/?p=70210","name":"CTP Gen\u00e7lik \u00d6rg\u00fct\u00fc Lefko\u015fa \u0130l\u00e7esi\u2019nin \u201cFederasyon Sohbetleri\u201d etkinli\u011fi yap\u0131ld\u0131 -","isPartOf":{"@id":"https:\/\/kibrisdakik.com\/#website"},"primaryImageOfPage":{"@id":"https:\/\/kibrisdakik.com\/?p=70210#primaryimage"},"image":{"@id":"https:\/\/kibrisdakik.com\/?p=70210#primaryimage"},"thumbnailUrl":"https:\/\/kibrisdakik.com\/wp-content\/uploads\/2024\/11\/aga-scaled-740x420.jpg","datePublished":"2024-11-27T11:23:04+00:00","author":{"@id":"https:\/\/kibrisdakik.com\/#\/schema\/person\/9cd9d437bbb44f72b73ba127e06d8e79"},"breadcrumb":{"@id":"https:\/\/kibrisdakik.com\/?p=70210#breadcrumb"},"inLanguage":"tr","potentialAction":[{"@type":"ReadAction","target":["https:\/\/kibrisdakik.com\/?p=70210"]}]},{"@type":"ImageObject","inLanguage":"tr","@id":"https:\/\/kibrisdakik.com\/?p=70210#primaryimage","url":"https:\/\/kibrisdakik.com\/wp-content\/uploads\/2024\/11\/aga-scaled-740x420.jpg","contentUrl":"https:\/\/kibrisdakik.com\/wp-content\/uploads\/2024\/11\/aga-scaled-740x420.jpg","width":2560,"height":1707},{"@type":"BreadcrumbList","@id":"https:\/\/kibrisdakik.com\/?p=70210#breadcrumb","itemListElement":[{"@type":"ListItem","position":1,"name":"Home","item":"https:\/\/kibrisdakik.com\/"},{"@type":"ListItem","position":2,"name":"CTP Gen\u00e7lik \u00d6rg\u00fct\u00fc Lefko\u015fa \u0130l\u00e7esi\u2019nin \u201cFederasyon Sohbetleri\u201d etkinli\u011fi yap\u0131ld\u0131"}]},{"@type":"WebSite","@id":"https:\/\/kibrisdakik.com\/#website","url":"https:\/\/kibrisdakik.com\/","name":"","description":"Tam vaktinde haber","potentialAction":[{"@type":"SearchAction","target":{"@type":"EntryPoint","urlTemplate":"https:\/\/kibrisdakik.com\/?s={search_term_string}"},"query-input":{"@type":"PropertyValueSpecification","valueRequired":true,"valueName":"search_term_string"}}],"inLanguage":"tr"},{"@type":"Person","@id":"https:\/\/kibrisdakik.com\/#\/schema\/person\/9cd9d437bbb44f72b73ba127e06d8e79","name":"admin","image":{"@type":"ImageObject","inLanguage":"tr","@id":"https:\/\/secure.gravatar.com\/avatar\/ccc17943b9d660506c869530f897617f7cb1c21a4bf30023f252596d83e1f007?s=96&d=mm&r=g","url":"https:\/\/secure.gravatar.com\/avatar\/ccc17943b9d660506c869530f897617f7cb1c21a4bf30023f252596d83e1f007?s=96&d=mm&r=g","contentUrl":"https:\/\/secure.gravatar.com\/avatar\/ccc17943b9d660506c869530f897617f7cb1c21a4bf30023f252596d83e1f007?s=96&d=mm&r=g","caption":"admin"},"sameAs":["https:\/\/kibrisdakik.com"],"url":"https:\/\/kibrisdakik.com\/?author=1"}]}},"_links":{"self":[{"href":"https:\/\/kibrisdakik.com\/index.php?rest_route=\/wp\/v2\/posts\/70210","targetHints":{"allow":["GET"]}}],"collection":[{"href":"https:\/\/kibrisdakik.com\/index.php?rest_route=\/wp\/v2\/posts"}],"about":[{"href":"https:\/\/kibrisdakik.com\/index.php?rest_route=\/wp\/v2\/types\/post"}],"author":[{"embeddable":true,"href":"https:\/\/kibrisdakik.com\/index.php?rest_route=\/wp\/v2\/users\/1"}],"replies":[{"embeddable":true,"href":"https:\/\/kibrisdakik.com\/index.php?rest_route=%2Fwp%2Fv2%2Fcomments&post=70210"}],"version-history":[{"count":0,"href":"https:\/\/kibrisdakik.com\/index.php?rest_route=\/wp\/v2\/posts\/70210\/revisions"}],"wp:featuredmedia":[{"embeddable":true,"href":"https:\/\/kibrisdakik.com\/index.php?rest_route=\/wp\/v2\/media\/70211"}],"wp:attachment":[{"href":"https:\/\/kibrisdakik.com\/index.php?rest_route=%2Fwp%2Fv2%2Fmedia&parent=70210"}],"wp:term":[{"taxonomy":"category","embeddable":true,"href":"https:\/\/kibrisdakik.com\/index.php?rest_route=%2Fwp%2Fv2%2Fcategories&post=70210"},{"taxonomy":"post_tag","embeddable":true,"href":"https:\/\/kibrisdakik.com\/index.php?rest_route=%2Fwp%2Fv2%2Ftags&post=70210"}],"curies":[{"name":"wp","href":"https:\/\/api.w.org\/{rel}","templated":true}]}}