{"id":70252,"date":"2024-11-27T20:21:49","date_gmt":"2024-11-27T17:21:49","guid":{"rendered":"https:\/\/kibrisdakik.com\/index.php\/2024\/11\/27\/ozturkler-tosunoglu-mecliste-bagimsiz-milletvekili-olarak-gorevine-devam-edecek\/"},"modified":"2024-11-27T20:21:49","modified_gmt":"2024-11-27T17:21:49","slug":"ozturkler-tosunoglu-mecliste-bagimsiz-milletvekili-olarak-gorevine-devam-edecek","status":"publish","type":"post","link":"https:\/\/kibrisdakik.com\/?p=70252","title":{"rendered":"\u00d6zt\u00fcrkler: Tosuno\u011flu Meclis\u2019te ba\u011f\u0131ms\u0131z milletvekili olarak g\u00f6revine devam edecek"},"content":{"rendered":"<div>\n<div class=\"mariselle-image-container center\">\n                                            <\/div>\n<p>\tCumhuriyet Meclisi Ba\u015fkan\u0131 Ziya \u00d6zt\u00fcrkler, Milletvekili Hasan Tosuno\u011flu\u2019nun istifa dilek\u00e7esini Genel Kurul\u2019a iletti\u011fini s\u00f6yledi.<br \/>BRT\u2019ye konu ile ilgili de\u011ferlendirmede bulunan \u00d6zt\u00fcrkler, her milletvekilinin bu y\u00f6nde karar vermeye hakk\u0131 oldu\u011funu kaydetti.<br \/>\u00d6zt\u00fcrkler, Tosuno\u011flu\u2019nun Meclis\u2019te ba\u011f\u0131ms\u0131z milletvekili olarak g\u00f6revine devam edece\u011fini belirtti.  <\/p>\n<p><iframe loading=\"lazy\" title=\"18  Saat 27 11 2024\" width=\"960\" height=\"540\" src=\"https:\/\/www.youtube.com\/embed\/_QtEmT5j1Qo?feature=oembed\" frameborder=\"0\" allow=\"accelerometer; autoplay; clipboard-write; encrypted-media; gyroscope; picture-in-picture; web-share\" referrerpolicy=\"strict-origin-when-cross-origin\" allowfullscreen><\/iframe><\/p>\n<\/p><\/div>\n<p><script async\n                    defer\n                    crossorigin=\"anonymous\"\n                    src=\"https:\/\/connect.facebook.net\/tr_TR\/sdk.js#xfbml=1&#038;version=v3.3\"\n            ><\/script><\/p>\n","protected":false},"excerpt":{"rendered":"<p>Cumhuriyet Meclisi Ba\u015fkan\u0131 Ziya \u00d6zt\u00fcrkler, Milletvekili Hasan Tosuno\u011flu\u2019nun istifa dilek\u00e7esini Genel Kurul\u2019a iletti\u011fini s\u00f6yledi.BRT\u2019ye konu ile ilgili de\u011ferlendirmede bulunan \u00d6zt\u00fcrkler, her milletvekilinin bu y\u00f6nde karar vermeye hakk\u0131 oldu\u011funu kaydetti.\u00d6zt\u00fcrkler, Tosuno\u011flu\u2019nun Meclis\u2019te ba\u011f\u0131ms\u0131z milletvekili olarak g\u00f6revine devam edece\u011fini belirtti.<\/p>\n","protected":false},"author":1,"featured_media":70254,"comment_status":"open","ping_status":"open","sticky":false,"template":"","format":"standard","meta":{"footnotes":""},"categories":[81],"tags":[],"class_list":["post-70252","post","type-post","status-publish","format-standard","has-post-thumbnail","hentry","category-kibris"],"yoast_head":"<!-- This site is optimized with the Yoast SEO plugin v27.5 - https:\/\/yoast.com\/product\/yoast-seo-wordpress\/ -->\n<title>\u00d6zt\u00fcrkler: Tosuno\u011flu Meclis\u2019te ba\u011f\u0131ms\u0131z milletvekili olarak g\u00f6revine devam edecek -<\/title>\n<meta name=\"robots\" content=\"index, follow, max-snippet:-1, max-image-preview:large, max-video-preview:-1\" \/>\n<link rel=\"canonical\" href=\"https:\/\/kibrisdakik.com\/?p=70252\" \/>\n<meta property=\"og:locale\" content=\"tr_TR\" \/>\n<meta property=\"og:type\" content=\"article\" \/>\n<meta property=\"og:title\" content=\"\u00d6zt\u00fcrkler: Tosuno\u011flu Meclis\u2019te ba\u011f\u0131ms\u0131z milletvekili olarak g\u00f6revine devam edecek -\" \/>\n<meta property=\"og:description\" content=\"Cumhuriyet Meclisi Ba\u015fkan\u0131 Ziya \u00d6zt\u00fcrkler, Milletvekili Hasan Tosuno\u011flu\u2019nun istifa dilek\u00e7esini Genel Kurul\u2019a iletti\u011fini s\u00f6yledi.BRT\u2019ye konu ile ilgili de\u011ferlendirmede bulunan \u00d6zt\u00fcrkler, her milletvekilinin bu y\u00f6nde karar vermeye hakk\u0131 oldu\u011funu kaydetti.\u00d6zt\u00fcrkler, Tosuno\u011flu\u2019nun Meclis\u2019te ba\u011f\u0131ms\u0131z milletvekili olarak g\u00f6revine devam edece\u011fini belirtti.\" \/>\n<meta property=\"og:url\" content=\"https:\/\/kibrisdakik.com\/?p=70252\" \/>\n<meta property=\"article:published_time\" content=\"2024-11-27T17:21:49+00:00\" \/>\n<meta property=\"og:image\" content=\"https:\/\/kibrisdakik.com\/wp-content\/uploads\/2024\/11\/ziya-ozturkler-meclis-baskani-1-740x420.jpeg\" \/>\n\t<meta property=\"og:image:width\" content=\"1600\" \/>\n\t<meta property=\"og:image:height\" content=\"1005\" \/>\n\t<meta property=\"og:image:type\" content=\"image\/jpeg\" \/>\n<meta name=\"author\" content=\"admin\" \/>\n<meta name=\"twitter:card\" content=\"summary_large_image\" \/>\n<meta name=\"twitter:label1\" content=\"Yazan:\" \/>\n\t<meta name=\"twitter:data1\" content=\"admin\" \/>\n<script type=\"application\/ld+json\" class=\"yoast-schema-graph\">{\"@context\":\"https:\\\/\\\/schema.org\",\"@graph\":[{\"@type\":\"Article\",\"@id\":\"https:\\\/\\\/kibrisdakik.com\\\/?p=70252#article\",\"isPartOf\":{\"@id\":\"https:\\\/\\\/kibrisdakik.com\\\/?p=70252\"},\"author\":{\"name\":\"admin\",\"@id\":\"https:\\\/\\\/kibrisdakik.com\\\/#\\\/schema\\\/person\\\/9cd9d437bbb44f72b73ba127e06d8e79\"},\"headline\":\"\u00d6zt\u00fcrkler: Tosuno\u011flu Meclis\u2019te ba\u011f\u0131ms\u0131z milletvekili olarak g\u00f6revine devam edecek\",\"datePublished\":\"2024-11-27T17:21:49+00:00\",\"mainEntityOfPage\":{\"@id\":\"https:\\\/\\\/kibrisdakik.com\\\/?p=70252\"},\"wordCount\":87,\"commentCount\":0,\"image\":{\"@id\":\"https:\\\/\\\/kibrisdakik.com\\\/?p=70252#primaryimage\"},\"thumbnailUrl\":\"https:\\\/\\\/kibrisdakik.com\\\/wp-content\\\/uploads\\\/2024\\\/11\\\/ziya-ozturkler-meclis-baskani-1-740x420.jpeg\",\"articleSection\":[\"K\u0131br\u0131s\"],\"inLanguage\":\"tr\",\"potentialAction\":[{\"@type\":\"CommentAction\",\"name\":\"Comment\",\"target\":[\"https:\\\/\\\/kibrisdakik.com\\\/?p=70252#respond\"]}]},{\"@type\":\"WebPage\",\"@id\":\"https:\\\/\\\/kibrisdakik.com\\\/?p=70252\",\"url\":\"https:\\\/\\\/kibrisdakik.com\\\/?p=70252\",\"name\":\"\u00d6zt\u00fcrkler: Tosuno\u011flu Meclis\u2019te ba\u011f\u0131ms\u0131z milletvekili olarak g\u00f6revine devam edecek -\",\"isPartOf\":{\"@id\":\"https:\\\/\\\/kibrisdakik.com\\\/#website\"},\"primaryImageOfPage\":{\"@id\":\"https:\\\/\\\/kibrisdakik.com\\\/?p=70252#primaryimage\"},\"image\":{\"@id\":\"https:\\\/\\\/kibrisdakik.com\\\/?p=70252#primaryimage\"},\"thumbnailUrl\":\"https:\\\/\\\/kibrisdakik.com\\\/wp-content\\\/uploads\\\/2024\\\/11\\\/ziya-ozturkler-meclis-baskani-1-740x420.jpeg\",\"datePublished\":\"2024-11-27T17:21:49+00:00\",\"author\":{\"@id\":\"https:\\\/\\\/kibrisdakik.com\\\/#\\\/schema\\\/person\\\/9cd9d437bbb44f72b73ba127e06d8e79\"},\"breadcrumb\":{\"@id\":\"https:\\\/\\\/kibrisdakik.com\\\/?p=70252#breadcrumb\"},\"inLanguage\":\"tr\",\"potentialAction\":[{\"@type\":\"ReadAction\",\"target\":[\"https:\\\/\\\/kibrisdakik.com\\\/?p=70252\"]}]},{\"@type\":\"ImageObject\",\"inLanguage\":\"tr\",\"@id\":\"https:\\\/\\\/kibrisdakik.com\\\/?p=70252#primaryimage\",\"url\":\"https:\\\/\\\/kibrisdakik.com\\\/wp-content\\\/uploads\\\/2024\\\/11\\\/ziya-ozturkler-meclis-baskani-1-740x420.jpeg\",\"contentUrl\":\"https:\\\/\\\/kibrisdakik.com\\\/wp-content\\\/uploads\\\/2024\\\/11\\\/ziya-ozturkler-meclis-baskani-1-740x420.jpeg\",\"width\":1600,\"height\":1005},{\"@type\":\"BreadcrumbList\",\"@id\":\"https:\\\/\\\/kibrisdakik.com\\\/?p=70252#breadcrumb\",\"itemListElement\":[{\"@type\":\"ListItem\",\"position\":1,\"name\":\"Home\",\"item\":\"https:\\\/\\\/kibrisdakik.com\\\/\"},{\"@type\":\"ListItem\",\"position\":2,\"name\":\"\u00d6zt\u00fcrkler: Tosuno\u011flu Meclis\u2019te ba\u011f\u0131ms\u0131z milletvekili olarak g\u00f6revine devam edecek\"}]},{\"@type\":\"WebSite\",\"@id\":\"https:\\\/\\\/kibrisdakik.com\\\/#website\",\"url\":\"https:\\\/\\\/kibrisdakik.com\\\/\",\"name\":\"\",\"description\":\"Tam vaktinde haber\",\"potentialAction\":[{\"@type\":\"SearchAction\",\"target\":{\"@type\":\"EntryPoint\",\"urlTemplate\":\"https:\\\/\\\/kibrisdakik.com\\\/?s={search_term_string}\"},\"query-input\":{\"@type\":\"PropertyValueSpecification\",\"valueRequired\":true,\"valueName\":\"search_term_string\"}}],\"inLanguage\":\"tr\"},{\"@type\":\"Person\",\"@id\":\"https:\\\/\\\/kibrisdakik.com\\\/#\\\/schema\\\/person\\\/9cd9d437bbb44f72b73ba127e06d8e79\",\"name\":\"admin\",\"image\":{\"@type\":\"ImageObject\",\"inLanguage\":\"tr\",\"@id\":\"https:\\\/\\\/secure.gravatar.com\\\/avatar\\\/ccc17943b9d660506c869530f897617f7cb1c21a4bf30023f252596d83e1f007?s=96&d=mm&r=g\",\"url\":\"https:\\\/\\\/secure.gravatar.com\\\/avatar\\\/ccc17943b9d660506c869530f897617f7cb1c21a4bf30023f252596d83e1f007?s=96&d=mm&r=g\",\"contentUrl\":\"https:\\\/\\\/secure.gravatar.com\\\/avatar\\\/ccc17943b9d660506c869530f897617f7cb1c21a4bf30023f252596d83e1f007?s=96&d=mm&r=g\",\"caption\":\"admin\"},\"sameAs\":[\"https:\\\/\\\/kibrisdakik.com\"],\"url\":\"https:\\\/\\\/kibrisdakik.com\\\/?author=1\"}]}<\/script>\n<!-- \/ Yoast SEO plugin. -->","yoast_head_json":{"title":"\u00d6zt\u00fcrkler: Tosuno\u011flu Meclis\u2019te ba\u011f\u0131ms\u0131z milletvekili olarak g\u00f6revine devam edecek -","robots":{"index":"index","follow":"follow","max-snippet":"max-snippet:-1","max-image-preview":"max-image-preview:large","max-video-preview":"max-video-preview:-1"},"canonical":"https:\/\/kibrisdakik.com\/?p=70252","og_locale":"tr_TR","og_type":"article","og_title":"\u00d6zt\u00fcrkler: Tosuno\u011flu Meclis\u2019te ba\u011f\u0131ms\u0131z milletvekili olarak g\u00f6revine devam edecek -","og_description":"Cumhuriyet Meclisi Ba\u015fkan\u0131 Ziya \u00d6zt\u00fcrkler, Milletvekili Hasan Tosuno\u011flu\u2019nun istifa dilek\u00e7esini Genel Kurul\u2019a iletti\u011fini s\u00f6yledi.BRT\u2019ye konu ile ilgili de\u011ferlendirmede bulunan \u00d6zt\u00fcrkler, her milletvekilinin bu y\u00f6nde karar vermeye hakk\u0131 oldu\u011funu kaydetti.\u00d6zt\u00fcrkler, Tosuno\u011flu\u2019nun Meclis\u2019te ba\u011f\u0131ms\u0131z milletvekili olarak g\u00f6revine devam edece\u011fini belirtti.","og_url":"https:\/\/kibrisdakik.com\/?p=70252","article_published_time":"2024-11-27T17:21:49+00:00","og_image":[{"width":1600,"height":1005,"url":"https:\/\/kibrisdakik.com\/wp-content\/uploads\/2024\/11\/ziya-ozturkler-meclis-baskani-1-740x420.jpeg","type":"image\/jpeg"}],"author":"admin","twitter_card":"summary_large_image","twitter_misc":{"Yazan:":"admin"},"schema":{"@context":"https:\/\/schema.org","@graph":[{"@type":"Article","@id":"https:\/\/kibrisdakik.com\/?p=70252#article","isPartOf":{"@id":"https:\/\/kibrisdakik.com\/?p=70252"},"author":{"name":"admin","@id":"https:\/\/kibrisdakik.com\/#\/schema\/person\/9cd9d437bbb44f72b73ba127e06d8e79"},"headline":"\u00d6zt\u00fcrkler: Tosuno\u011flu Meclis\u2019te ba\u011f\u0131ms\u0131z milletvekili olarak g\u00f6revine devam edecek","datePublished":"2024-11-27T17:21:49+00:00","mainEntityOfPage":{"@id":"https:\/\/kibrisdakik.com\/?p=70252"},"wordCount":87,"commentCount":0,"image":{"@id":"https:\/\/kibrisdakik.com\/?p=70252#primaryimage"},"thumbnailUrl":"https:\/\/kibrisdakik.com\/wp-content\/uploads\/2024\/11\/ziya-ozturkler-meclis-baskani-1-740x420.jpeg","articleSection":["K\u0131br\u0131s"],"inLanguage":"tr","potentialAction":[{"@type":"CommentAction","name":"Comment","target":["https:\/\/kibrisdakik.com\/?p=70252#respond"]}]},{"@type":"WebPage","@id":"https:\/\/kibrisdakik.com\/?p=70252","url":"https:\/\/kibrisdakik.com\/?p=70252","name":"\u00d6zt\u00fcrkler: Tosuno\u011flu Meclis\u2019te ba\u011f\u0131ms\u0131z milletvekili olarak g\u00f6revine devam edecek -","isPartOf":{"@id":"https:\/\/kibrisdakik.com\/#website"},"primaryImageOfPage":{"@id":"https:\/\/kibrisdakik.com\/?p=70252#primaryimage"},"image":{"@id":"https:\/\/kibrisdakik.com\/?p=70252#primaryimage"},"thumbnailUrl":"https:\/\/kibrisdakik.com\/wp-content\/uploads\/2024\/11\/ziya-ozturkler-meclis-baskani-1-740x420.jpeg","datePublished":"2024-11-27T17:21:49+00:00","author":{"@id":"https:\/\/kibrisdakik.com\/#\/schema\/person\/9cd9d437bbb44f72b73ba127e06d8e79"},"breadcrumb":{"@id":"https:\/\/kibrisdakik.com\/?p=70252#breadcrumb"},"inLanguage":"tr","potentialAction":[{"@type":"ReadAction","target":["https:\/\/kibrisdakik.com\/?p=70252"]}]},{"@type":"ImageObject","inLanguage":"tr","@id":"https:\/\/kibrisdakik.com\/?p=70252#primaryimage","url":"https:\/\/kibrisdakik.com\/wp-content\/uploads\/2024\/11\/ziya-ozturkler-meclis-baskani-1-740x420.jpeg","contentUrl":"https:\/\/kibrisdakik.com\/wp-content\/uploads\/2024\/11\/ziya-ozturkler-meclis-baskani-1-740x420.jpeg","width":1600,"height":1005},{"@type":"BreadcrumbList","@id":"https:\/\/kibrisdakik.com\/?p=70252#breadcrumb","itemListElement":[{"@type":"ListItem","position":1,"name":"Home","item":"https:\/\/kibrisdakik.com\/"},{"@type":"ListItem","position":2,"name":"\u00d6zt\u00fcrkler: Tosuno\u011flu Meclis\u2019te ba\u011f\u0131ms\u0131z milletvekili olarak g\u00f6revine devam edecek"}]},{"@type":"WebSite","@id":"https:\/\/kibrisdakik.com\/#website","url":"https:\/\/kibrisdakik.com\/","name":"","description":"Tam vaktinde haber","potentialAction":[{"@type":"SearchAction","target":{"@type":"EntryPoint","urlTemplate":"https:\/\/kibrisdakik.com\/?s={search_term_string}"},"query-input":{"@type":"PropertyValueSpecification","valueRequired":true,"valueName":"search_term_string"}}],"inLanguage":"tr"},{"@type":"Person","@id":"https:\/\/kibrisdakik.com\/#\/schema\/person\/9cd9d437bbb44f72b73ba127e06d8e79","name":"admin","image":{"@type":"ImageObject","inLanguage":"tr","@id":"https:\/\/secure.gravatar.com\/avatar\/ccc17943b9d660506c869530f897617f7cb1c21a4bf30023f252596d83e1f007?s=96&d=mm&r=g","url":"https:\/\/secure.gravatar.com\/avatar\/ccc17943b9d660506c869530f897617f7cb1c21a4bf30023f252596d83e1f007?s=96&d=mm&r=g","contentUrl":"https:\/\/secure.gravatar.com\/avatar\/ccc17943b9d660506c869530f897617f7cb1c21a4bf30023f252596d83e1f007?s=96&d=mm&r=g","caption":"admin"},"sameAs":["https:\/\/kibrisdakik.com"],"url":"https:\/\/kibrisdakik.com\/?author=1"}]}},"_links":{"self":[{"href":"https:\/\/kibrisdakik.com\/index.php?rest_route=\/wp\/v2\/posts\/70252","targetHints":{"allow":["GET"]}}],"collection":[{"href":"https:\/\/kibrisdakik.com\/index.php?rest_route=\/wp\/v2\/posts"}],"about":[{"href":"https:\/\/kibrisdakik.com\/index.php?rest_route=\/wp\/v2\/types\/post"}],"author":[{"embeddable":true,"href":"https:\/\/kibrisdakik.com\/index.php?rest_route=\/wp\/v2\/users\/1"}],"replies":[{"embeddable":true,"href":"https:\/\/kibrisdakik.com\/index.php?rest_route=%2Fwp%2Fv2%2Fcomments&post=70252"}],"version-history":[{"count":0,"href":"https:\/\/kibrisdakik.com\/index.php?rest_route=\/wp\/v2\/posts\/70252\/revisions"}],"wp:featuredmedia":[{"embeddable":true,"href":"https:\/\/kibrisdakik.com\/index.php?rest_route=\/wp\/v2\/media\/70254"}],"wp:attachment":[{"href":"https:\/\/kibrisdakik.com\/index.php?rest_route=%2Fwp%2Fv2%2Fmedia&parent=70252"}],"wp:term":[{"taxonomy":"category","embeddable":true,"href":"https:\/\/kibrisdakik.com\/index.php?rest_route=%2Fwp%2Fv2%2Fcategories&post=70252"},{"taxonomy":"post_tag","embeddable":true,"href":"https:\/\/kibrisdakik.com\/index.php?rest_route=%2Fwp%2Fv2%2Ftags&post=70252"}],"curies":[{"name":"wp","href":"https:\/\/api.w.org\/{rel}","templated":true}]}}